{"id":7163,"date":"2018-08-08T00:00:00","date_gmt":"2018-08-08T00:00:00","guid":{"rendered":"https:\/\/www.garciafaura.com\/fermetures-climatiques-pour-le-complexe-residentiel-cite-blanche-a-paris\/"},"modified":"2019-06-03T18:00:14","modified_gmt":"2019-06-03T18:00:14","slug":"fermetures-climatiques-pour-le-complexe-residentiel-cite-blanche-a-paris","status":"publish","type":"post","link":"https:\/\/www.garciafaura.com\/fr\/fermetures-climatiques-pour-le-complexe-residentiel-cite-blanche-a-paris\/","title":{"rendered":"Fermetures \u00ab climatiques \u00bb pour un ensemble r\u00e9sidentiel \u00e0 Paris"},"content":{"rendered":"<p style=\"text-align: justify;\">Cet organisme public a \u00e9tabli un programme de travaux dont le but est de satisfaire les besoins des locataires et de corriger les dysfonctionnements du b\u00e2timent. Ainsi, les travaux porteront aussi bien sur l\u2019int\u00e9rieur que sur l\u2019ext\u00e9rieur, pour que l\u2019immeuble soit conforme au Plan Climatique approuv\u00e9 par la Mairie de Paris dans le but d\u2019am\u00e9liorer l\u2019isolation des b\u00e2timents Cependant, les travaux se centreront \u00e9galement sur l\u2019esth\u00e9tique du b\u00e2timent et le design int\u00e9rieur des appartements.<\/p>\n<p style=\"text-align: justify;\">L\u2019intervention de <strong>GARCIA FAURA<\/strong>, qui a d\u00e9but\u00e9 en mai, consiste \u00e0 fabriquer, fournir et installer 273 unit\u00e9s de fermetures \u00e0 syst\u00e8me coulissant escamotable avec du verre tremp\u00e9 transparent de 10 millim\u00e8tres sur 2 300 m\u00e8tres carr\u00e9s. Les travaux devraient \u00eatre r\u00e9alis\u00e9s au courant de l\u2019ann\u00e9e 2018 et achev\u00e9s d\u00e9but 2019.<\/p>\n","protected":false},"excerpt":{"rendered":"<p>GARCIA FAURA est \u00e9galement impliqu\u00e9e dans d\u2019autres travaux en France, notamment \u00e0 Paris. Il s\u2019agit de la r\u00e9novation d\u2019un complexe de b\u00e2timents form\u00e9 par plus de 600 logements et d\u00e9nomm\u00e9 Cit\u00e9 Blanche, dans la banlieue de la capitale fran\u00e7aise. Les travaux reposent sur un investissement de 30 millions d\u2019euros \u00e9manant de Paris Habitat, une fondation form\u00e9e par le gouvernement fran\u00e7ais et la Mairie de Paris.<\/p>\n","protected":false},"author":3,"featured_media":7145,"comment_status":"open","ping_status":"open","sticky":false,"template":"","format":"standard","meta":{"footnotes":""},"categories":[2],"tags":[],"post_series":[],"class_list":["post-7163","post","type-post","status-publish","format-standard","has-post-thumbnail","hentry","category-actualite","entry","has-media"],"yoast_head":"<!-- This site is optimized with the Yoast SEO plugin v26.7 - https:\/\/yoast.com\/wordpress\/plugins\/seo\/ -->\n<title>Fermetures \u00ab climatiques \u00bb pour un ensemble r\u00e9sidentiel \u00e0 Paris - GARCIA FAURA<\/title>\n<meta name=\"description\" content=\"Arquitectura en Alumini, Inox, Ferro i Vidre\" \/>\n<meta name=\"robots\" content=\"index, follow, max-snippet:-1, max-image-preview:large, max-video-preview:-1\" \/>\n<link rel=\"canonical\" href=\"https:\/\/www.garciafaura.com\/fr\/fermetures-climatiques-pour-le-complexe-residentiel-cite-blanche-a-paris\/\" \/>\n<meta property=\"og:locale\" content=\"fr_FR\" \/>\n<meta property=\"og:type\" content=\"article\" \/>\n<meta property=\"og:title\" content=\"Fermetures \u00ab climatiques \u00bb pour un ensemble r\u00e9sidentiel \u00e0 Paris - GARCIA FAURA\" \/>\n<meta property=\"og:description\" content=\"Arquitectura en Alumini, Inox, Ferro i Vidre\" \/>\n<meta property=\"og:url\" content=\"https:\/\/www.garciafaura.com\/fr\/fermetures-climatiques-pour-le-complexe-residentiel-cite-blanche-a-paris\/\" \/>\n<meta property=\"og:site_name\" content=\"GARCIA FAURA\" \/>\n<meta property=\"article:published_time\" content=\"2018-08-08T00:00:00+00:00\" \/>\n<meta property=\"article:modified_time\" content=\"2019-06-03T18:00:14+00:00\" \/>\n<meta property=\"og:image\" content=\"https:\/\/www.garciafaura.com\/wp-content\/uploads\/2018\/11\/cite_blanche_001.jpg\" \/>\n\t<meta property=\"og:image:width\" content=\"1\" \/>\n\t<meta property=\"og:image:height\" content=\"1\" \/>\n\t<meta property=\"og:image:type\" content=\"image\/jpeg\" \/>\n<meta name=\"author\" content=\"David Achell\" \/>\n<meta name=\"twitter:card\" content=\"summary_large_image\" \/>\n<meta name=\"twitter:label1\" content=\"\u00c9crit par\" \/>\n\t<meta name=\"twitter:data1\" content=\"David Achell\" \/>\n\t<meta name=\"twitter:label2\" content=\"Dur\u00e9e de lecture estim\u00e9e\" \/>\n\t<meta name=\"twitter:data2\" content=\"1 minute\" \/>\n<script type=\"application\/ld+json\" class=\"yoast-schema-graph\">{\"@context\":\"https:\/\/schema.org\",\"@graph\":[{\"@type\":\"Article\",\"@id\":\"https:\/\/www.garciafaura.com\/fr\/fermetures-climatiques-pour-le-complexe-residentiel-cite-blanche-a-paris\/#article\",\"isPartOf\":{\"@id\":\"https:\/\/www.garciafaura.com\/fr\/fermetures-climatiques-pour-le-complexe-residentiel-cite-blanche-a-paris\/\"},\"author\":{\"name\":\"David Achell\",\"@id\":\"https:\/\/www.garciafaura.com\/fr\/#\/schema\/person\/b4b75e69b33fac3446071909bec106b0\"},\"headline\":\"Fermetures \u00ab climatiques \u00bb pour un ensemble r\u00e9sidentiel \u00e0 Paris\",\"datePublished\":\"2018-08-08T00:00:00+00:00\",\"dateModified\":\"2019-06-03T18:00:14+00:00\",\"mainEntityOfPage\":{\"@id\":\"https:\/\/www.garciafaura.com\/fr\/fermetures-climatiques-pour-le-complexe-residentiel-cite-blanche-a-paris\/\"},\"wordCount\":151,\"commentCount\":0,\"publisher\":{\"@id\":\"https:\/\/www.garciafaura.com\/fr\/#organization\"},\"image\":{\"@id\":\"https:\/\/www.garciafaura.com\/fr\/fermetures-climatiques-pour-le-complexe-residentiel-cite-blanche-a-paris\/#primaryimage\"},\"thumbnailUrl\":\"https:\/\/www.garciafaura.com\/wp-content\/uploads\/2018\/11\/cite_blanche_001.jpg\",\"articleSection\":[\"Actualit\u00e9\"],\"inLanguage\":\"fr-FR\",\"potentialAction\":[{\"@type\":\"CommentAction\",\"name\":\"Comment\",\"target\":[\"https:\/\/www.garciafaura.com\/fr\/fermetures-climatiques-pour-le-complexe-residentiel-cite-blanche-a-paris\/#respond\"]}]},{\"@type\":\"WebPage\",\"@id\":\"https:\/\/www.garciafaura.com\/fr\/fermetures-climatiques-pour-le-complexe-residentiel-cite-blanche-a-paris\/\",\"url\":\"https:\/\/www.garciafaura.com\/fr\/fermetures-climatiques-pour-le-complexe-residentiel-cite-blanche-a-paris\/\",\"name\":\"Fermetures \u00ab climatiques \u00bb pour un ensemble r\u00e9sidentiel \u00e0 Paris - GARCIA FAURA\",\"isPartOf\":{\"@id\":\"https:\/\/www.garciafaura.com\/fr\/#website\"},\"primaryImageOfPage\":{\"@id\":\"https:\/\/www.garciafaura.com\/fr\/fermetures-climatiques-pour-le-complexe-residentiel-cite-blanche-a-paris\/#primaryimage\"},\"image\":{\"@id\":\"https:\/\/www.garciafaura.com\/fr\/fermetures-climatiques-pour-le-complexe-residentiel-cite-blanche-a-paris\/#primaryimage\"},\"thumbnailUrl\":\"https:\/\/www.garciafaura.com\/wp-content\/uploads\/2018\/11\/cite_blanche_001.jpg\",\"datePublished\":\"2018-08-08T00:00:00+00:00\",\"dateModified\":\"2019-06-03T18:00:14+00:00\",\"description\":\"Arquitectura en Alumini, Inox, Ferro i Vidre\",\"breadcrumb\":{\"@id\":\"https:\/\/www.garciafaura.com\/fr\/fermetures-climatiques-pour-le-complexe-residentiel-cite-blanche-a-paris\/#breadcrumb\"},\"inLanguage\":\"fr-FR\",\"potentialAction\":[{\"@type\":\"ReadAction\",\"target\":[\"https:\/\/www.garciafaura.com\/fr\/fermetures-climatiques-pour-le-complexe-residentiel-cite-blanche-a-paris\/\"]}]},{\"@type\":\"ImageObject\",\"inLanguage\":\"fr-FR\",\"@id\":\"https:\/\/www.garciafaura.com\/fr\/fermetures-climatiques-pour-le-complexe-residentiel-cite-blanche-a-paris\/#primaryimage\",\"url\":\"https:\/\/www.garciafaura.com\/wp-content\/uploads\/2018\/11\/cite_blanche_001.jpg\",\"contentUrl\":\"https:\/\/www.garciafaura.com\/wp-content\/uploads\/2018\/11\/cite_blanche_001.jpg\"},{\"@type\":\"BreadcrumbList\",\"@id\":\"https:\/\/www.garciafaura.com\/fr\/fermetures-climatiques-pour-le-complexe-residentiel-cite-blanche-a-paris\/#breadcrumb\",\"itemListElement\":[{\"@type\":\"ListItem\",\"position\":1,\"name\":\"Inici\",\"item\":\"https:\/\/www.garciafaura.com\/fr\/\"},{\"@type\":\"ListItem\",\"position\":2,\"name\":\"Fermetures \u00ab climatiques \u00bb pour un ensemble r\u00e9sidentiel \u00e0 Paris\"}]},{\"@type\":\"WebSite\",\"@id\":\"https:\/\/www.garciafaura.com\/fr\/#website\",\"url\":\"https:\/\/www.garciafaura.com\/fr\/\",\"name\":\"GARCIA FAURA\",\"description\":\"Arquitectura en Alumini, Inox, Ferro i Vidre\",\"publisher\":{\"@id\":\"https:\/\/www.garciafaura.com\/fr\/#organization\"},\"potentialAction\":[{\"@type\":\"SearchAction\",\"target\":{\"@type\":\"EntryPoint\",\"urlTemplate\":\"https:\/\/www.garciafaura.com\/fr\/?s={search_term_string}\"},\"query-input\":{\"@type\":\"PropertyValueSpecification\",\"valueRequired\":true,\"valueName\":\"search_term_string\"}}],\"inLanguage\":\"fr-FR\"},{\"@type\":\"Organization\",\"@id\":\"https:\/\/www.garciafaura.com\/fr\/#organization\",\"name\":\"GARCIA FAURA\",\"url\":\"https:\/\/www.garciafaura.com\/fr\/\",\"logo\":{\"@type\":\"ImageObject\",\"inLanguage\":\"fr-FR\",\"@id\":\"https:\/\/www.garciafaura.com\/fr\/#\/schema\/logo\/image\/\",\"url\":\"https:\/\/www.garciafaura.com\/wp-content\/uploads\/2018\/09\/Garcia-Faura.png\",\"contentUrl\":\"https:\/\/www.garciafaura.com\/wp-content\/uploads\/2018\/09\/Garcia-Faura.png\",\"width\":512,\"height\":512,\"caption\":\"GARCIA FAURA\"},\"image\":{\"@id\":\"https:\/\/www.garciafaura.com\/fr\/#\/schema\/logo\/image\/\"},\"sameAs\":[\"https:\/\/www.youtube.com\/user\/GARCIAFAURA\"]},{\"@type\":\"Person\",\"@id\":\"https:\/\/www.garciafaura.com\/fr\/#\/schema\/person\/b4b75e69b33fac3446071909bec106b0\",\"name\":\"David Achell\",\"image\":{\"@type\":\"ImageObject\",\"inLanguage\":\"fr-FR\",\"@id\":\"https:\/\/www.garciafaura.com\/fr\/#\/schema\/person\/image\/\",\"url\":\"https:\/\/secure.gravatar.com\/avatar\/03900210afc1f61bce737bcb4a79c02e2c997f171e3eca839b5a4cbe03846c90?s=96&d=blank&r=g\",\"contentUrl\":\"https:\/\/secure.gravatar.com\/avatar\/03900210afc1f61bce737bcb4a79c02e2c997f171e3eca839b5a4cbe03846c90?s=96&d=blank&r=g\",\"caption\":\"David Achell\"}}]}<\/script>\n<!-- \/ Yoast SEO plugin. -->","yoast_head_json":{"title":"Fermetures \u00ab climatiques \u00bb pour un ensemble r\u00e9sidentiel \u00e0 Paris - GARCIA FAURA","description":"Arquitectura en Alumini, Inox, Ferro i Vidre","robots":{"index":"index","follow":"follow","max-snippet":"max-snippet:-1","max-image-preview":"max-image-preview:large","max-video-preview":"max-video-preview:-1"},"canonical":"https:\/\/www.garciafaura.com\/fr\/fermetures-climatiques-pour-le-complexe-residentiel-cite-blanche-a-paris\/","og_locale":"fr_FR","og_type":"article","og_title":"Fermetures \u00ab climatiques \u00bb pour un ensemble r\u00e9sidentiel \u00e0 Paris - GARCIA FAURA","og_description":"Arquitectura en Alumini, Inox, Ferro i Vidre","og_url":"https:\/\/www.garciafaura.com\/fr\/fermetures-climatiques-pour-le-complexe-residentiel-cite-blanche-a-paris\/","og_site_name":"GARCIA FAURA","article_published_time":"2018-08-08T00:00:00+00:00","article_modified_time":"2019-06-03T18:00:14+00:00","og_image":[{"url":"https:\/\/www.garciafaura.com\/wp-content\/uploads\/2018\/11\/cite_blanche_001.jpg","width":1,"height":1,"type":"image\/jpeg"}],"author":"David Achell","twitter_card":"summary_large_image","twitter_misc":{"\u00c9crit par":"David Achell","Dur\u00e9e de lecture estim\u00e9e":"1 minute"},"schema":{"@context":"https:\/\/schema.org","@graph":[{"@type":"Article","@id":"https:\/\/www.garciafaura.com\/fr\/fermetures-climatiques-pour-le-complexe-residentiel-cite-blanche-a-paris\/#article","isPartOf":{"@id":"https:\/\/www.garciafaura.com\/fr\/fermetures-climatiques-pour-le-complexe-residentiel-cite-blanche-a-paris\/"},"author":{"name":"David Achell","@id":"https:\/\/www.garciafaura.com\/fr\/#\/schema\/person\/b4b75e69b33fac3446071909bec106b0"},"headline":"Fermetures \u00ab climatiques \u00bb pour un ensemble r\u00e9sidentiel \u00e0 Paris","datePublished":"2018-08-08T00:00:00+00:00","dateModified":"2019-06-03T18:00:14+00:00","mainEntityOfPage":{"@id":"https:\/\/www.garciafaura.com\/fr\/fermetures-climatiques-pour-le-complexe-residentiel-cite-blanche-a-paris\/"},"wordCount":151,"commentCount":0,"publisher":{"@id":"https:\/\/www.garciafaura.com\/fr\/#organization"},"image":{"@id":"https:\/\/www.garciafaura.com\/fr\/fermetures-climatiques-pour-le-complexe-residentiel-cite-blanche-a-paris\/#primaryimage"},"thumbnailUrl":"https:\/\/www.garciafaura.com\/wp-content\/uploads\/2018\/11\/cite_blanche_001.jpg","articleSection":["Actualit\u00e9"],"inLanguage":"fr-FR","potentialAction":[{"@type":"CommentAction","name":"Comment","target":["https:\/\/www.garciafaura.com\/fr\/fermetures-climatiques-pour-le-complexe-residentiel-cite-blanche-a-paris\/#respond"]}]},{"@type":"WebPage","@id":"https:\/\/www.garciafaura.com\/fr\/fermetures-climatiques-pour-le-complexe-residentiel-cite-blanche-a-paris\/","url":"https:\/\/www.garciafaura.com\/fr\/fermetures-climatiques-pour-le-complexe-residentiel-cite-blanche-a-paris\/","name":"Fermetures \u00ab climatiques \u00bb pour un ensemble r\u00e9sidentiel \u00e0 Paris - GARCIA FAURA","isPartOf":{"@id":"https:\/\/www.garciafaura.com\/fr\/#website"},"primaryImageOfPage":{"@id":"https:\/\/www.garciafaura.com\/fr\/fermetures-climatiques-pour-le-complexe-residentiel-cite-blanche-a-paris\/#primaryimage"},"image":{"@id":"https:\/\/www.garciafaura.com\/fr\/fermetures-climatiques-pour-le-complexe-residentiel-cite-blanche-a-paris\/#primaryimage"},"thumbnailUrl":"https:\/\/www.garciafaura.com\/wp-content\/uploads\/2018\/11\/cite_blanche_001.jpg","datePublished":"2018-08-08T00:00:00+00:00","dateModified":"2019-06-03T18:00:14+00:00","description":"Arquitectura en Alumini, Inox, Ferro i Vidre","breadcrumb":{"@id":"https:\/\/www.garciafaura.com\/fr\/fermetures-climatiques-pour-le-complexe-residentiel-cite-blanche-a-paris\/#breadcrumb"},"inLanguage":"fr-FR","potentialAction":[{"@type":"ReadAction","target":["https:\/\/www.garciafaura.com\/fr\/fermetures-climatiques-pour-le-complexe-residentiel-cite-blanche-a-paris\/"]}]},{"@type":"ImageObject","inLanguage":"fr-FR","@id":"https:\/\/www.garciafaura.com\/fr\/fermetures-climatiques-pour-le-complexe-residentiel-cite-blanche-a-paris\/#primaryimage","url":"https:\/\/www.garciafaura.com\/wp-content\/uploads\/2018\/11\/cite_blanche_001.jpg","contentUrl":"https:\/\/www.garciafaura.com\/wp-content\/uploads\/2018\/11\/cite_blanche_001.jpg"},{"@type":"BreadcrumbList","@id":"https:\/\/www.garciafaura.com\/fr\/fermetures-climatiques-pour-le-complexe-residentiel-cite-blanche-a-paris\/#breadcrumb","itemListElement":[{"@type":"ListItem","position":1,"name":"Inici","item":"https:\/\/www.garciafaura.com\/fr\/"},{"@type":"ListItem","position":2,"name":"Fermetures \u00ab climatiques \u00bb pour un ensemble r\u00e9sidentiel \u00e0 Paris"}]},{"@type":"WebSite","@id":"https:\/\/www.garciafaura.com\/fr\/#website","url":"https:\/\/www.garciafaura.com\/fr\/","name":"GARCIA FAURA","description":"Arquitectura en Alumini, Inox, Ferro i Vidre","publisher":{"@id":"https:\/\/www.garciafaura.com\/fr\/#organization"},"potentialAction":[{"@type":"SearchAction","target":{"@type":"EntryPoint","urlTemplate":"https:\/\/www.garciafaura.com\/fr\/?s={search_term_string}"},"query-input":{"@type":"PropertyValueSpecification","valueRequired":true,"valueName":"search_term_string"}}],"inLanguage":"fr-FR"},{"@type":"Organization","@id":"https:\/\/www.garciafaura.com\/fr\/#organization","name":"GARCIA FAURA","url":"https:\/\/www.garciafaura.com\/fr\/","logo":{"@type":"ImageObject","inLanguage":"fr-FR","@id":"https:\/\/www.garciafaura.com\/fr\/#\/schema\/logo\/image\/","url":"https:\/\/www.garciafaura.com\/wp-content\/uploads\/2018\/09\/Garcia-Faura.png","contentUrl":"https:\/\/www.garciafaura.com\/wp-content\/uploads\/2018\/09\/Garcia-Faura.png","width":512,"height":512,"caption":"GARCIA FAURA"},"image":{"@id":"https:\/\/www.garciafaura.com\/fr\/#\/schema\/logo\/image\/"},"sameAs":["https:\/\/www.youtube.com\/user\/GARCIAFAURA"]},{"@type":"Person","@id":"https:\/\/www.garciafaura.com\/fr\/#\/schema\/person\/b4b75e69b33fac3446071909bec106b0","name":"David Achell","image":{"@type":"ImageObject","inLanguage":"fr-FR","@id":"https:\/\/www.garciafaura.com\/fr\/#\/schema\/person\/image\/","url":"https:\/\/secure.gravatar.com\/avatar\/03900210afc1f61bce737bcb4a79c02e2c997f171e3eca839b5a4cbe03846c90?s=96&d=blank&r=g","contentUrl":"https:\/\/secure.gravatar.com\/avatar\/03900210afc1f61bce737bcb4a79c02e2c997f171e3eca839b5a4cbe03846c90?s=96&d=blank&r=g","caption":"David Achell"}}]}},"_links":{"self":[{"href":"https:\/\/www.garciafaura.com\/fr\/wp-json\/wp\/v2\/posts\/7163","targetHints":{"allow":["GET"]}}],"collection":[{"href":"https:\/\/www.garciafaura.com\/fr\/wp-json\/wp\/v2\/posts"}],"about":[{"href":"https:\/\/www.garciafaura.com\/fr\/wp-json\/wp\/v2\/types\/post"}],"author":[{"embeddable":true,"href":"https:\/\/www.garciafaura.com\/fr\/wp-json\/wp\/v2\/users\/3"}],"replies":[{"embeddable":true,"href":"https:\/\/www.garciafaura.com\/fr\/wp-json\/wp\/v2\/comments?post=7163"}],"version-history":[{"count":2,"href":"https:\/\/www.garciafaura.com\/fr\/wp-json\/wp\/v2\/posts\/7163\/revisions"}],"predecessor-version":[{"id":21781,"href":"https:\/\/www.garciafaura.com\/fr\/wp-json\/wp\/v2\/posts\/7163\/revisions\/21781"}],"wp:featuredmedia":[{"embeddable":true,"href":"https:\/\/www.garciafaura.com\/fr\/wp-json\/wp\/v2\/media\/7145"}],"wp:attachment":[{"href":"https:\/\/www.garciafaura.com\/fr\/wp-json\/wp\/v2\/media?parent=7163"}],"wp:term":[{"taxonomy":"category","embeddable":true,"href":"https:\/\/www.garciafaura.com\/fr\/wp-json\/wp\/v2\/categories?post=7163"},{"taxonomy":"post_tag","embeddable":true,"href":"https:\/\/www.garciafaura.com\/fr\/wp-json\/wp\/v2\/tags?post=7163"},{"taxonomy":"post_series","embeddable":true,"href":"https:\/\/www.garciafaura.com\/fr\/wp-json\/wp\/v2\/post_series?post=7163"}],"curies":[{"name":"wp","href":"https:\/\/api.w.org\/{rel}","templated":true}]}}