{"id":7143,"date":"2018-07-19T00:00:00","date_gmt":"2018-07-19T00:00:00","guid":{"rendered":"https:\/\/www.garciafaura.com\/fermetures-et-verre-avec-coupure-thermique-pour-les-etudiants\/"},"modified":"2019-06-03T18:00:31","modified_gmt":"2019-06-03T18:00:31","slug":"fermetures-et-verre-avec-coupure-thermique-pour-les-etudiants","status":"publish","type":"post","link":"https:\/\/www.garciafaura.com\/fr\/fermetures-et-verre-avec-coupure-thermique-pour-les-etudiants\/","title":{"rendered":"La nouvelle r\u00e9sidence d\u2019\u00e9tudiants de Barcelone portera notre empreinte"},"content":{"rendered":"<p style=\"text-align: justify;\">La conception de la r\u00e9sidence, qui sera situ\u00e9e dans les environs de la gare de Sants, est \u00e0 la charge de Blanch y Cuenca Arquitectura et a \u00e9t\u00e9 effectu\u00e9e \u00e0 l\u2019aide de la m\u00e9thode Building Information Modeling (BIM), un syst\u00e8me de travail collaboratif pour la gestion de projets de construction \u00e0 travers une maquette num\u00e9rique.<\/p>\n<p style=\"text-align: justify;\">Cette maquette num\u00e9rique comprend une grande base de donn\u00e9es qui permet de g\u00e9rer les \u00e9l\u00e9ments faisant partie de l\u2019infrastructure tout au long du cycle de vie de cette derni\u00e8re. Ceci permet de construire de mani\u00e8re plus efficace, de r\u00e9duire les co\u00fbts et de travailler en collaboration.<\/p>\n<p style=\"text-align: justify;\">Pour cette r\u00e9sidence pour \u00e9tudiants, <strong>GARCIA FAURA<\/strong> r\u00e9alisera 980 m\u00e8tres carr\u00e9s de fermetures en aluminium et en verre avec rupture de pont thermique, ce qui garantira l\u2019\u00e9tanch\u00e9it\u00e9 et l\u2019isolement du b\u00e2timent. Une situation id\u00e9ale pour des \u00e9quipements qui n\u00e9cessitent silence et confort.<\/p>\n","protected":false},"excerpt":{"rendered":"<p>GARCIA FAURA participera \u00e0 la construction d\u2019une nouvelle r\u00e9sidence universitaire \u00e0 la rue Viriato de Barcelone. Il s\u2019agira d\u2019un b\u00e2timent de 54 m\u00e8tres de hauteur sur 16 \u00e9tages comprenant des chambres, des salles de services et des salles communes, et deux \u00e9tages suppl\u00e9mentaires de sous-sol pour le parking. Le b\u00e2timent aura une surface totale de 13 300 m\u00e8tres carr\u00e9s.<\/p>\n","protected":false},"author":3,"featured_media":7125,"comment_status":"open","ping_status":"open","sticky":false,"template":"","format":"standard","meta":{"footnotes":""},"categories":[2],"tags":[],"post_series":[],"class_list":["post-7143","post","type-post","status-publish","format-standard","has-post-thumbnail","hentry","category-actualite","entry","has-media"],"yoast_head":"<!-- This site is optimized with the Yoast SEO plugin v26.7 - https:\/\/yoast.com\/wordpress\/plugins\/seo\/ -->\n<title>La nouvelle r\u00e9sidence d\u2019\u00e9tudiants de Barcelone portera notre empreinte - GARCIA FAURA<\/title>\n<meta name=\"description\" content=\"Arquitectura en Alumini, Inox, Ferro i Vidre\" \/>\n<meta name=\"robots\" content=\"index, follow, max-snippet:-1, max-image-preview:large, max-video-preview:-1\" \/>\n<link rel=\"canonical\" href=\"https:\/\/www.garciafaura.com\/fr\/fermetures-et-verre-avec-coupure-thermique-pour-les-etudiants\/\" \/>\n<meta property=\"og:locale\" content=\"fr_FR\" \/>\n<meta property=\"og:type\" content=\"article\" \/>\n<meta property=\"og:title\" content=\"La nouvelle r\u00e9sidence d\u2019\u00e9tudiants de Barcelone portera notre empreinte - GARCIA FAURA\" \/>\n<meta property=\"og:description\" content=\"Arquitectura en Alumini, Inox, Ferro i Vidre\" \/>\n<meta property=\"og:url\" content=\"https:\/\/www.garciafaura.com\/fr\/fermetures-et-verre-avec-coupure-thermique-pour-les-etudiants\/\" \/>\n<meta property=\"og:site_name\" content=\"GARCIA FAURA\" \/>\n<meta property=\"article:published_time\" content=\"2018-07-19T00:00:00+00:00\" \/>\n<meta property=\"article:modified_time\" content=\"2019-06-03T18:00:31+00:00\" \/>\n<meta property=\"og:image\" content=\"https:\/\/www.garciafaura.com\/wp-content\/uploads\/2018\/11\/residenciaviriat01.jpg\" \/>\n\t<meta property=\"og:image:width\" content=\"1\" \/>\n\t<meta property=\"og:image:height\" content=\"1\" \/>\n\t<meta property=\"og:image:type\" content=\"image\/jpeg\" \/>\n<meta name=\"author\" content=\"David Achell\" \/>\n<meta name=\"twitter:card\" content=\"summary_large_image\" \/>\n<meta name=\"twitter:label1\" content=\"\u00c9crit par\" \/>\n\t<meta name=\"twitter:data1\" content=\"David Achell\" \/>\n\t<meta name=\"twitter:label2\" content=\"Dur\u00e9e de lecture estim\u00e9e\" \/>\n\t<meta name=\"twitter:data2\" content=\"1 minute\" \/>\n<script type=\"application\/ld+json\" class=\"yoast-schema-graph\">{\"@context\":\"https:\/\/schema.org\",\"@graph\":[{\"@type\":\"Article\",\"@id\":\"https:\/\/www.garciafaura.com\/fr\/fermetures-et-verre-avec-coupure-thermique-pour-les-etudiants\/#article\",\"isPartOf\":{\"@id\":\"https:\/\/www.garciafaura.com\/fr\/fermetures-et-verre-avec-coupure-thermique-pour-les-etudiants\/\"},\"author\":{\"name\":\"David Achell\",\"@id\":\"https:\/\/www.garciafaura.com\/fr\/#\/schema\/person\/b4b75e69b33fac3446071909bec106b0\"},\"headline\":\"La nouvelle r\u00e9sidence d\u2019\u00e9tudiants de Barcelone portera notre empreinte\",\"datePublished\":\"2018-07-19T00:00:00+00:00\",\"dateModified\":\"2019-06-03T18:00:31+00:00\",\"mainEntityOfPage\":{\"@id\":\"https:\/\/www.garciafaura.com\/fr\/fermetures-et-verre-avec-coupure-thermique-pour-les-etudiants\/\"},\"wordCount\":176,\"commentCount\":0,\"publisher\":{\"@id\":\"https:\/\/www.garciafaura.com\/fr\/#organization\"},\"image\":{\"@id\":\"https:\/\/www.garciafaura.com\/fr\/fermetures-et-verre-avec-coupure-thermique-pour-les-etudiants\/#primaryimage\"},\"thumbnailUrl\":\"https:\/\/www.garciafaura.com\/wp-content\/uploads\/2018\/11\/residenciaviriat01.jpg\",\"articleSection\":[\"Actualit\u00e9\"],\"inLanguage\":\"fr-FR\",\"potentialAction\":[{\"@type\":\"CommentAction\",\"name\":\"Comment\",\"target\":[\"https:\/\/www.garciafaura.com\/fr\/fermetures-et-verre-avec-coupure-thermique-pour-les-etudiants\/#respond\"]}]},{\"@type\":\"WebPage\",\"@id\":\"https:\/\/www.garciafaura.com\/fr\/fermetures-et-verre-avec-coupure-thermique-pour-les-etudiants\/\",\"url\":\"https:\/\/www.garciafaura.com\/fr\/fermetures-et-verre-avec-coupure-thermique-pour-les-etudiants\/\",\"name\":\"La nouvelle r\u00e9sidence d\u2019\u00e9tudiants de Barcelone portera notre empreinte - GARCIA FAURA\",\"isPartOf\":{\"@id\":\"https:\/\/www.garciafaura.com\/fr\/#website\"},\"primaryImageOfPage\":{\"@id\":\"https:\/\/www.garciafaura.com\/fr\/fermetures-et-verre-avec-coupure-thermique-pour-les-etudiants\/#primaryimage\"},\"image\":{\"@id\":\"https:\/\/www.garciafaura.com\/fr\/fermetures-et-verre-avec-coupure-thermique-pour-les-etudiants\/#primaryimage\"},\"thumbnailUrl\":\"https:\/\/www.garciafaura.com\/wp-content\/uploads\/2018\/11\/residenciaviriat01.jpg\",\"datePublished\":\"2018-07-19T00:00:00+00:00\",\"dateModified\":\"2019-06-03T18:00:31+00:00\",\"description\":\"Arquitectura en Alumini, Inox, Ferro i Vidre\",\"breadcrumb\":{\"@id\":\"https:\/\/www.garciafaura.com\/fr\/fermetures-et-verre-avec-coupure-thermique-pour-les-etudiants\/#breadcrumb\"},\"inLanguage\":\"fr-FR\",\"potentialAction\":[{\"@type\":\"ReadAction\",\"target\":[\"https:\/\/www.garciafaura.com\/fr\/fermetures-et-verre-avec-coupure-thermique-pour-les-etudiants\/\"]}]},{\"@type\":\"ImageObject\",\"inLanguage\":\"fr-FR\",\"@id\":\"https:\/\/www.garciafaura.com\/fr\/fermetures-et-verre-avec-coupure-thermique-pour-les-etudiants\/#primaryimage\",\"url\":\"https:\/\/www.garciafaura.com\/wp-content\/uploads\/2018\/11\/residenciaviriat01.jpg\",\"contentUrl\":\"https:\/\/www.garciafaura.com\/wp-content\/uploads\/2018\/11\/residenciaviriat01.jpg\"},{\"@type\":\"BreadcrumbList\",\"@id\":\"https:\/\/www.garciafaura.com\/fr\/fermetures-et-verre-avec-coupure-thermique-pour-les-etudiants\/#breadcrumb\",\"itemListElement\":[{\"@type\":\"ListItem\",\"position\":1,\"name\":\"Inici\",\"item\":\"https:\/\/www.garciafaura.com\/fr\/\"},{\"@type\":\"ListItem\",\"position\":2,\"name\":\"La nouvelle r\u00e9sidence d\u2019\u00e9tudiants de Barcelone portera notre empreinte\"}]},{\"@type\":\"WebSite\",\"@id\":\"https:\/\/www.garciafaura.com\/fr\/#website\",\"url\":\"https:\/\/www.garciafaura.com\/fr\/\",\"name\":\"GARCIA FAURA\",\"description\":\"Arquitectura en Alumini, Inox, Ferro i Vidre\",\"publisher\":{\"@id\":\"https:\/\/www.garciafaura.com\/fr\/#organization\"},\"potentialAction\":[{\"@type\":\"SearchAction\",\"target\":{\"@type\":\"EntryPoint\",\"urlTemplate\":\"https:\/\/www.garciafaura.com\/fr\/?s={search_term_string}\"},\"query-input\":{\"@type\":\"PropertyValueSpecification\",\"valueRequired\":true,\"valueName\":\"search_term_string\"}}],\"inLanguage\":\"fr-FR\"},{\"@type\":\"Organization\",\"@id\":\"https:\/\/www.garciafaura.com\/fr\/#organization\",\"name\":\"GARCIA FAURA\",\"url\":\"https:\/\/www.garciafaura.com\/fr\/\",\"logo\":{\"@type\":\"ImageObject\",\"inLanguage\":\"fr-FR\",\"@id\":\"https:\/\/www.garciafaura.com\/fr\/#\/schema\/logo\/image\/\",\"url\":\"https:\/\/www.garciafaura.com\/wp-content\/uploads\/2018\/09\/Garcia-Faura.png\",\"contentUrl\":\"https:\/\/www.garciafaura.com\/wp-content\/uploads\/2018\/09\/Garcia-Faura.png\",\"width\":512,\"height\":512,\"caption\":\"GARCIA FAURA\"},\"image\":{\"@id\":\"https:\/\/www.garciafaura.com\/fr\/#\/schema\/logo\/image\/\"},\"sameAs\":[\"https:\/\/www.youtube.com\/user\/GARCIAFAURA\"]},{\"@type\":\"Person\",\"@id\":\"https:\/\/www.garciafaura.com\/fr\/#\/schema\/person\/b4b75e69b33fac3446071909bec106b0\",\"name\":\"David Achell\",\"image\":{\"@type\":\"ImageObject\",\"inLanguage\":\"fr-FR\",\"@id\":\"https:\/\/www.garciafaura.com\/fr\/#\/schema\/person\/image\/\",\"url\":\"https:\/\/secure.gravatar.com\/avatar\/03900210afc1f61bce737bcb4a79c02e2c997f171e3eca839b5a4cbe03846c90?s=96&d=blank&r=g\",\"contentUrl\":\"https:\/\/secure.gravatar.com\/avatar\/03900210afc1f61bce737bcb4a79c02e2c997f171e3eca839b5a4cbe03846c90?s=96&d=blank&r=g\",\"caption\":\"David Achell\"}}]}<\/script>\n<!-- \/ Yoast SEO plugin. -->","yoast_head_json":{"title":"La nouvelle r\u00e9sidence d\u2019\u00e9tudiants de Barcelone portera notre empreinte - GARCIA FAURA","description":"Arquitectura en Alumini, Inox, Ferro i Vidre","robots":{"index":"index","follow":"follow","max-snippet":"max-snippet:-1","max-image-preview":"max-image-preview:large","max-video-preview":"max-video-preview:-1"},"canonical":"https:\/\/www.garciafaura.com\/fr\/fermetures-et-verre-avec-coupure-thermique-pour-les-etudiants\/","og_locale":"fr_FR","og_type":"article","og_title":"La nouvelle r\u00e9sidence d\u2019\u00e9tudiants de Barcelone portera notre empreinte - GARCIA FAURA","og_description":"Arquitectura en Alumini, Inox, Ferro i Vidre","og_url":"https:\/\/www.garciafaura.com\/fr\/fermetures-et-verre-avec-coupure-thermique-pour-les-etudiants\/","og_site_name":"GARCIA FAURA","article_published_time":"2018-07-19T00:00:00+00:00","article_modified_time":"2019-06-03T18:00:31+00:00","og_image":[{"url":"https:\/\/www.garciafaura.com\/wp-content\/uploads\/2018\/11\/residenciaviriat01.jpg","width":1,"height":1,"type":"image\/jpeg"}],"author":"David Achell","twitter_card":"summary_large_image","twitter_misc":{"\u00c9crit par":"David Achell","Dur\u00e9e de lecture estim\u00e9e":"1 minute"},"schema":{"@context":"https:\/\/schema.org","@graph":[{"@type":"Article","@id":"https:\/\/www.garciafaura.com\/fr\/fermetures-et-verre-avec-coupure-thermique-pour-les-etudiants\/#article","isPartOf":{"@id":"https:\/\/www.garciafaura.com\/fr\/fermetures-et-verre-avec-coupure-thermique-pour-les-etudiants\/"},"author":{"name":"David Achell","@id":"https:\/\/www.garciafaura.com\/fr\/#\/schema\/person\/b4b75e69b33fac3446071909bec106b0"},"headline":"La nouvelle r\u00e9sidence d\u2019\u00e9tudiants de Barcelone portera notre empreinte","datePublished":"2018-07-19T00:00:00+00:00","dateModified":"2019-06-03T18:00:31+00:00","mainEntityOfPage":{"@id":"https:\/\/www.garciafaura.com\/fr\/fermetures-et-verre-avec-coupure-thermique-pour-les-etudiants\/"},"wordCount":176,"commentCount":0,"publisher":{"@id":"https:\/\/www.garciafaura.com\/fr\/#organization"},"image":{"@id":"https:\/\/www.garciafaura.com\/fr\/fermetures-et-verre-avec-coupure-thermique-pour-les-etudiants\/#primaryimage"},"thumbnailUrl":"https:\/\/www.garciafaura.com\/wp-content\/uploads\/2018\/11\/residenciaviriat01.jpg","articleSection":["Actualit\u00e9"],"inLanguage":"fr-FR","potentialAction":[{"@type":"CommentAction","name":"Comment","target":["https:\/\/www.garciafaura.com\/fr\/fermetures-et-verre-avec-coupure-thermique-pour-les-etudiants\/#respond"]}]},{"@type":"WebPage","@id":"https:\/\/www.garciafaura.com\/fr\/fermetures-et-verre-avec-coupure-thermique-pour-les-etudiants\/","url":"https:\/\/www.garciafaura.com\/fr\/fermetures-et-verre-avec-coupure-thermique-pour-les-etudiants\/","name":"La nouvelle r\u00e9sidence d\u2019\u00e9tudiants de Barcelone portera notre empreinte - GARCIA FAURA","isPartOf":{"@id":"https:\/\/www.garciafaura.com\/fr\/#website"},"primaryImageOfPage":{"@id":"https:\/\/www.garciafaura.com\/fr\/fermetures-et-verre-avec-coupure-thermique-pour-les-etudiants\/#primaryimage"},"image":{"@id":"https:\/\/www.garciafaura.com\/fr\/fermetures-et-verre-avec-coupure-thermique-pour-les-etudiants\/#primaryimage"},"thumbnailUrl":"https:\/\/www.garciafaura.com\/wp-content\/uploads\/2018\/11\/residenciaviriat01.jpg","datePublished":"2018-07-19T00:00:00+00:00","dateModified":"2019-06-03T18:00:31+00:00","description":"Arquitectura en Alumini, Inox, Ferro i Vidre","breadcrumb":{"@id":"https:\/\/www.garciafaura.com\/fr\/fermetures-et-verre-avec-coupure-thermique-pour-les-etudiants\/#breadcrumb"},"inLanguage":"fr-FR","potentialAction":[{"@type":"ReadAction","target":["https:\/\/www.garciafaura.com\/fr\/fermetures-et-verre-avec-coupure-thermique-pour-les-etudiants\/"]}]},{"@type":"ImageObject","inLanguage":"fr-FR","@id":"https:\/\/www.garciafaura.com\/fr\/fermetures-et-verre-avec-coupure-thermique-pour-les-etudiants\/#primaryimage","url":"https:\/\/www.garciafaura.com\/wp-content\/uploads\/2018\/11\/residenciaviriat01.jpg","contentUrl":"https:\/\/www.garciafaura.com\/wp-content\/uploads\/2018\/11\/residenciaviriat01.jpg"},{"@type":"BreadcrumbList","@id":"https:\/\/www.garciafaura.com\/fr\/fermetures-et-verre-avec-coupure-thermique-pour-les-etudiants\/#breadcrumb","itemListElement":[{"@type":"ListItem","position":1,"name":"Inici","item":"https:\/\/www.garciafaura.com\/fr\/"},{"@type":"ListItem","position":2,"name":"La nouvelle r\u00e9sidence d\u2019\u00e9tudiants de Barcelone portera notre empreinte"}]},{"@type":"WebSite","@id":"https:\/\/www.garciafaura.com\/fr\/#website","url":"https:\/\/www.garciafaura.com\/fr\/","name":"GARCIA FAURA","description":"Arquitectura en Alumini, Inox, Ferro i Vidre","publisher":{"@id":"https:\/\/www.garciafaura.com\/fr\/#organization"},"potentialAction":[{"@type":"SearchAction","target":{"@type":"EntryPoint","urlTemplate":"https:\/\/www.garciafaura.com\/fr\/?s={search_term_string}"},"query-input":{"@type":"PropertyValueSpecification","valueRequired":true,"valueName":"search_term_string"}}],"inLanguage":"fr-FR"},{"@type":"Organization","@id":"https:\/\/www.garciafaura.com\/fr\/#organization","name":"GARCIA FAURA","url":"https:\/\/www.garciafaura.com\/fr\/","logo":{"@type":"ImageObject","inLanguage":"fr-FR","@id":"https:\/\/www.garciafaura.com\/fr\/#\/schema\/logo\/image\/","url":"https:\/\/www.garciafaura.com\/wp-content\/uploads\/2018\/09\/Garcia-Faura.png","contentUrl":"https:\/\/www.garciafaura.com\/wp-content\/uploads\/2018\/09\/Garcia-Faura.png","width":512,"height":512,"caption":"GARCIA FAURA"},"image":{"@id":"https:\/\/www.garciafaura.com\/fr\/#\/schema\/logo\/image\/"},"sameAs":["https:\/\/www.youtube.com\/user\/GARCIAFAURA"]},{"@type":"Person","@id":"https:\/\/www.garciafaura.com\/fr\/#\/schema\/person\/b4b75e69b33fac3446071909bec106b0","name":"David Achell","image":{"@type":"ImageObject","inLanguage":"fr-FR","@id":"https:\/\/www.garciafaura.com\/fr\/#\/schema\/person\/image\/","url":"https:\/\/secure.gravatar.com\/avatar\/03900210afc1f61bce737bcb4a79c02e2c997f171e3eca839b5a4cbe03846c90?s=96&d=blank&r=g","contentUrl":"https:\/\/secure.gravatar.com\/avatar\/03900210afc1f61bce737bcb4a79c02e2c997f171e3eca839b5a4cbe03846c90?s=96&d=blank&r=g","caption":"David Achell"}}]}},"_links":{"self":[{"href":"https:\/\/www.garciafaura.com\/fr\/wp-json\/wp\/v2\/posts\/7143","targetHints":{"allow":["GET"]}}],"collection":[{"href":"https:\/\/www.garciafaura.com\/fr\/wp-json\/wp\/v2\/posts"}],"about":[{"href":"https:\/\/www.garciafaura.com\/fr\/wp-json\/wp\/v2\/types\/post"}],"author":[{"embeddable":true,"href":"https:\/\/www.garciafaura.com\/fr\/wp-json\/wp\/v2\/users\/3"}],"replies":[{"embeddable":true,"href":"https:\/\/www.garciafaura.com\/fr\/wp-json\/wp\/v2\/comments?post=7143"}],"version-history":[{"count":2,"href":"https:\/\/www.garciafaura.com\/fr\/wp-json\/wp\/v2\/posts\/7143\/revisions"}],"predecessor-version":[{"id":21782,"href":"https:\/\/www.garciafaura.com\/fr\/wp-json\/wp\/v2\/posts\/7143\/revisions\/21782"}],"wp:featuredmedia":[{"embeddable":true,"href":"https:\/\/www.garciafaura.com\/fr\/wp-json\/wp\/v2\/media\/7125"}],"wp:attachment":[{"href":"https:\/\/www.garciafaura.com\/fr\/wp-json\/wp\/v2\/media?parent=7143"}],"wp:term":[{"taxonomy":"category","embeddable":true,"href":"https:\/\/www.garciafaura.com\/fr\/wp-json\/wp\/v2\/categories?post=7143"},{"taxonomy":"post_tag","embeddable":true,"href":"https:\/\/www.garciafaura.com\/fr\/wp-json\/wp\/v2\/tags?post=7143"},{"taxonomy":"post_series","embeddable":true,"href":"https:\/\/www.garciafaura.com\/fr\/wp-json\/wp\/v2\/post_series?post=7143"}],"curies":[{"name":"wp","href":"https:\/\/api.w.org\/{rel}","templated":true}]}}