{"id":7111,"date":"2018-06-19T00:00:00","date_gmt":"2018-06-19T00:00:00","guid":{"rendered":"https:\/\/www.garciafaura.com\/les-travaux-de-remodelage-de-loceanarium-de-lisbonne-avec-la-participation-de-garcia-faura-sont-termines\/"},"modified":"2019-06-03T18:01:04","modified_gmt":"2019-06-03T18:01:04","slug":"les-travaux-de-remodelage-de-loceanarium-de-lisbonne-avec-la-participation-de-garcia-faura-sont-termines","status":"publish","type":"post","link":"https:\/\/www.garciafaura.com\/fr\/les-travaux-de-remodelage-de-loceanarium-de-lisbonne-avec-la-participation-de-garcia-faura-sont-termines\/","title":{"rendered":"Les travaux de r\u00e9am\u00e9nagement de l\u2019Oc\u00e9anarium de Lisbonne auxquels participe GARCIA FAURA sont termin\u00e9s"},"content":{"rendered":"<p style=\"text-align: justify;\">Pour ces travaux, les d\u00e9partements Technique et de Dessin et Calcul de <strong>GARCIA FAURA<\/strong> ont intensivement travaill\u00e9 sur une solution optimale \u00e0 partir des piliers en acier ou b\u00e9ton existants.<\/p>\n<p style=\"text-align: justify;\">En outre, <strong>GARCIA FAURA<\/strong> a install\u00e9 60 m\u00e8tres carr\u00e9s de fermetures munies de lames de ventilation sur la partie sup\u00e9rieure du mur du b\u00e2timent et a plac\u00e9 quatre portes automatiques et un panier guid\u00e9 pour le nettoyage ext\u00e9rieur du b\u00e2timent.<\/p>\n<p style=\"text-align: justify;\">L\u2019Oc\u00e9anarium de Lisbonne a \u00e9t\u00e9 inaugur\u00e9 en 1998, dans le cadre de l\u2019Exposition Universelle. Il se trouve dans le quartier du Parc des Nations, l&rsquo;une des zones les plus futuristes de la capitale portugaise.<\/p>\n<p style=\"text-align: justify;\">\u00c0 l&rsquo;int\u00e9rieur, r\u00e9partis sur deux \u00e9tages, on peut admirer 15\u00a0000 animaux vivants de plus de 450 esp\u00e8ces diff\u00e9rentes, provenant des oc\u00e9ans Atlantique, Indien, Pacifique et de l&rsquo;Antarctique.<\/p>\n","protected":false},"excerpt":{"rendered":"<p>GARCIA FAURA a particip\u00e9 au r\u00e9am\u00e9nagement de l\u2019Oc\u00e9anarium de Lisbonne, le second plus grand aquarium d\u2019Europe. L&rsquo;entreprise a r\u00e9alis\u00e9 une fermeture de fa\u00e7ade en forme de U et install\u00e9 une fa\u00e7ade en verre agraf\u00e9 d&rsquo;une surface de 882 m\u00e8tres carr\u00e9s.<\/p>\n","protected":false},"author":3,"featured_media":7081,"comment_status":"open","ping_status":"open","sticky":false,"template":"","format":"standard","meta":{"footnotes":""},"categories":[2],"tags":[],"post_series":[],"class_list":["post-7111","post","type-post","status-publish","format-standard","has-post-thumbnail","hentry","category-actualite","entry","has-media"],"yoast_head":"<!-- This site is optimized with the Yoast SEO plugin v26.7 - https:\/\/yoast.com\/wordpress\/plugins\/seo\/ -->\n<title>Les travaux de r\u00e9am\u00e9nagement de l\u2019Oc\u00e9anarium de Lisbonne auxquels participe GARCIA FAURA sont termin\u00e9s - GARCIA FAURA<\/title>\n<meta name=\"description\" content=\"Arquitectura en Alumini, Inox, Ferro i Vidre\" \/>\n<meta name=\"robots\" content=\"index, follow, max-snippet:-1, max-image-preview:large, max-video-preview:-1\" \/>\n<link rel=\"canonical\" href=\"https:\/\/www.garciafaura.com\/fr\/les-travaux-de-remodelage-de-loceanarium-de-lisbonne-avec-la-participation-de-garcia-faura-sont-termines\/\" \/>\n<meta property=\"og:locale\" content=\"fr_FR\" \/>\n<meta property=\"og:type\" content=\"article\" \/>\n<meta property=\"og:title\" content=\"Les travaux de r\u00e9am\u00e9nagement de l\u2019Oc\u00e9anarium de Lisbonne auxquels participe GARCIA FAURA sont termin\u00e9s - GARCIA FAURA\" \/>\n<meta property=\"og:description\" content=\"Arquitectura en Alumini, Inox, Ferro i Vidre\" \/>\n<meta property=\"og:url\" content=\"https:\/\/www.garciafaura.com\/fr\/les-travaux-de-remodelage-de-loceanarium-de-lisbonne-avec-la-participation-de-garcia-faura-sont-termines\/\" \/>\n<meta property=\"og:site_name\" content=\"GARCIA FAURA\" \/>\n<meta property=\"article:published_time\" content=\"2018-06-19T00:00:00+00:00\" \/>\n<meta property=\"article:modified_time\" content=\"2019-06-03T18:01:04+00:00\" \/>\n<meta property=\"og:image\" content=\"https:\/\/www.garciafaura.com\/wp-content\/uploads\/2018\/11\/250-01.jpg\" \/>\n\t<meta property=\"og:image:width\" content=\"1\" \/>\n\t<meta property=\"og:image:height\" content=\"1\" \/>\n\t<meta property=\"og:image:type\" content=\"image\/jpeg\" \/>\n<meta name=\"author\" content=\"David Achell\" \/>\n<meta name=\"twitter:card\" content=\"summary_large_image\" \/>\n<meta name=\"twitter:label1\" content=\"\u00c9crit par\" \/>\n\t<meta name=\"twitter:data1\" content=\"David Achell\" \/>\n\t<meta name=\"twitter:label2\" content=\"Dur\u00e9e de lecture estim\u00e9e\" \/>\n\t<meta name=\"twitter:data2\" content=\"1 minute\" \/>\n<script type=\"application\/ld+json\" class=\"yoast-schema-graph\">{\"@context\":\"https:\/\/schema.org\",\"@graph\":[{\"@type\":\"Article\",\"@id\":\"https:\/\/www.garciafaura.com\/fr\/les-travaux-de-remodelage-de-loceanarium-de-lisbonne-avec-la-participation-de-garcia-faura-sont-termines\/#article\",\"isPartOf\":{\"@id\":\"https:\/\/www.garciafaura.com\/fr\/les-travaux-de-remodelage-de-loceanarium-de-lisbonne-avec-la-participation-de-garcia-faura-sont-termines\/\"},\"author\":{\"name\":\"David Achell\",\"@id\":\"https:\/\/www.garciafaura.com\/fr\/#\/schema\/person\/b4b75e69b33fac3446071909bec106b0\"},\"headline\":\"Les travaux de r\u00e9am\u00e9nagement de l\u2019Oc\u00e9anarium de Lisbonne auxquels participe GARCIA FAURA sont termin\u00e9s\",\"datePublished\":\"2018-06-19T00:00:00+00:00\",\"dateModified\":\"2019-06-03T18:01:04+00:00\",\"mainEntityOfPage\":{\"@id\":\"https:\/\/www.garciafaura.com\/fr\/les-travaux-de-remodelage-de-loceanarium-de-lisbonne-avec-la-participation-de-garcia-faura-sont-termines\/\"},\"wordCount\":163,\"commentCount\":0,\"publisher\":{\"@id\":\"https:\/\/www.garciafaura.com\/fr\/#organization\"},\"image\":{\"@id\":\"https:\/\/www.garciafaura.com\/fr\/les-travaux-de-remodelage-de-loceanarium-de-lisbonne-avec-la-participation-de-garcia-faura-sont-termines\/#primaryimage\"},\"thumbnailUrl\":\"https:\/\/www.garciafaura.com\/wp-content\/uploads\/2018\/11\/250-01.jpg\",\"articleSection\":[\"Actualit\u00e9\"],\"inLanguage\":\"fr-FR\",\"potentialAction\":[{\"@type\":\"CommentAction\",\"name\":\"Comment\",\"target\":[\"https:\/\/www.garciafaura.com\/fr\/les-travaux-de-remodelage-de-loceanarium-de-lisbonne-avec-la-participation-de-garcia-faura-sont-termines\/#respond\"]}]},{\"@type\":\"WebPage\",\"@id\":\"https:\/\/www.garciafaura.com\/fr\/les-travaux-de-remodelage-de-loceanarium-de-lisbonne-avec-la-participation-de-garcia-faura-sont-termines\/\",\"url\":\"https:\/\/www.garciafaura.com\/fr\/les-travaux-de-remodelage-de-loceanarium-de-lisbonne-avec-la-participation-de-garcia-faura-sont-termines\/\",\"name\":\"Les travaux de r\u00e9am\u00e9nagement de l\u2019Oc\u00e9anarium de Lisbonne auxquels participe GARCIA FAURA sont termin\u00e9s - GARCIA FAURA\",\"isPartOf\":{\"@id\":\"https:\/\/www.garciafaura.com\/fr\/#website\"},\"primaryImageOfPage\":{\"@id\":\"https:\/\/www.garciafaura.com\/fr\/les-travaux-de-remodelage-de-loceanarium-de-lisbonne-avec-la-participation-de-garcia-faura-sont-termines\/#primaryimage\"},\"image\":{\"@id\":\"https:\/\/www.garciafaura.com\/fr\/les-travaux-de-remodelage-de-loceanarium-de-lisbonne-avec-la-participation-de-garcia-faura-sont-termines\/#primaryimage\"},\"thumbnailUrl\":\"https:\/\/www.garciafaura.com\/wp-content\/uploads\/2018\/11\/250-01.jpg\",\"datePublished\":\"2018-06-19T00:00:00+00:00\",\"dateModified\":\"2019-06-03T18:01:04+00:00\",\"description\":\"Arquitectura en Alumini, Inox, Ferro i Vidre\",\"breadcrumb\":{\"@id\":\"https:\/\/www.garciafaura.com\/fr\/les-travaux-de-remodelage-de-loceanarium-de-lisbonne-avec-la-participation-de-garcia-faura-sont-termines\/#breadcrumb\"},\"inLanguage\":\"fr-FR\",\"potentialAction\":[{\"@type\":\"ReadAction\",\"target\":[\"https:\/\/www.garciafaura.com\/fr\/les-travaux-de-remodelage-de-loceanarium-de-lisbonne-avec-la-participation-de-garcia-faura-sont-termines\/\"]}]},{\"@type\":\"ImageObject\",\"inLanguage\":\"fr-FR\",\"@id\":\"https:\/\/www.garciafaura.com\/fr\/les-travaux-de-remodelage-de-loceanarium-de-lisbonne-avec-la-participation-de-garcia-faura-sont-termines\/#primaryimage\",\"url\":\"https:\/\/www.garciafaura.com\/wp-content\/uploads\/2018\/11\/250-01.jpg\",\"contentUrl\":\"https:\/\/www.garciafaura.com\/wp-content\/uploads\/2018\/11\/250-01.jpg\"},{\"@type\":\"BreadcrumbList\",\"@id\":\"https:\/\/www.garciafaura.com\/fr\/les-travaux-de-remodelage-de-loceanarium-de-lisbonne-avec-la-participation-de-garcia-faura-sont-termines\/#breadcrumb\",\"itemListElement\":[{\"@type\":\"ListItem\",\"position\":1,\"name\":\"Inici\",\"item\":\"https:\/\/www.garciafaura.com\/fr\/\"},{\"@type\":\"ListItem\",\"position\":2,\"name\":\"Les travaux de r\u00e9am\u00e9nagement de l\u2019Oc\u00e9anarium de Lisbonne auxquels participe GARCIA FAURA sont termin\u00e9s\"}]},{\"@type\":\"WebSite\",\"@id\":\"https:\/\/www.garciafaura.com\/fr\/#website\",\"url\":\"https:\/\/www.garciafaura.com\/fr\/\",\"name\":\"GARCIA FAURA\",\"description\":\"Arquitectura en Alumini, Inox, Ferro i Vidre\",\"publisher\":{\"@id\":\"https:\/\/www.garciafaura.com\/fr\/#organization\"},\"potentialAction\":[{\"@type\":\"SearchAction\",\"target\":{\"@type\":\"EntryPoint\",\"urlTemplate\":\"https:\/\/www.garciafaura.com\/fr\/?s={search_term_string}\"},\"query-input\":{\"@type\":\"PropertyValueSpecification\",\"valueRequired\":true,\"valueName\":\"search_term_string\"}}],\"inLanguage\":\"fr-FR\"},{\"@type\":\"Organization\",\"@id\":\"https:\/\/www.garciafaura.com\/fr\/#organization\",\"name\":\"GARCIA FAURA\",\"url\":\"https:\/\/www.garciafaura.com\/fr\/\",\"logo\":{\"@type\":\"ImageObject\",\"inLanguage\":\"fr-FR\",\"@id\":\"https:\/\/www.garciafaura.com\/fr\/#\/schema\/logo\/image\/\",\"url\":\"https:\/\/www.garciafaura.com\/wp-content\/uploads\/2018\/09\/Garcia-Faura.png\",\"contentUrl\":\"https:\/\/www.garciafaura.com\/wp-content\/uploads\/2018\/09\/Garcia-Faura.png\",\"width\":512,\"height\":512,\"caption\":\"GARCIA FAURA\"},\"image\":{\"@id\":\"https:\/\/www.garciafaura.com\/fr\/#\/schema\/logo\/image\/\"},\"sameAs\":[\"https:\/\/www.youtube.com\/user\/GARCIAFAURA\"]},{\"@type\":\"Person\",\"@id\":\"https:\/\/www.garciafaura.com\/fr\/#\/schema\/person\/b4b75e69b33fac3446071909bec106b0\",\"name\":\"David Achell\",\"image\":{\"@type\":\"ImageObject\",\"inLanguage\":\"fr-FR\",\"@id\":\"https:\/\/www.garciafaura.com\/fr\/#\/schema\/person\/image\/\",\"url\":\"https:\/\/secure.gravatar.com\/avatar\/03900210afc1f61bce737bcb4a79c02e2c997f171e3eca839b5a4cbe03846c90?s=96&d=blank&r=g\",\"contentUrl\":\"https:\/\/secure.gravatar.com\/avatar\/03900210afc1f61bce737bcb4a79c02e2c997f171e3eca839b5a4cbe03846c90?s=96&d=blank&r=g\",\"caption\":\"David Achell\"}}]}<\/script>\n<!-- \/ Yoast SEO plugin. -->","yoast_head_json":{"title":"Les travaux de r\u00e9am\u00e9nagement de l\u2019Oc\u00e9anarium de Lisbonne auxquels participe GARCIA FAURA sont termin\u00e9s - GARCIA FAURA","description":"Arquitectura en Alumini, Inox, Ferro i Vidre","robots":{"index":"index","follow":"follow","max-snippet":"max-snippet:-1","max-image-preview":"max-image-preview:large","max-video-preview":"max-video-preview:-1"},"canonical":"https:\/\/www.garciafaura.com\/fr\/les-travaux-de-remodelage-de-loceanarium-de-lisbonne-avec-la-participation-de-garcia-faura-sont-termines\/","og_locale":"fr_FR","og_type":"article","og_title":"Les travaux de r\u00e9am\u00e9nagement de l\u2019Oc\u00e9anarium de Lisbonne auxquels participe GARCIA FAURA sont termin\u00e9s - GARCIA FAURA","og_description":"Arquitectura en Alumini, Inox, Ferro i Vidre","og_url":"https:\/\/www.garciafaura.com\/fr\/les-travaux-de-remodelage-de-loceanarium-de-lisbonne-avec-la-participation-de-garcia-faura-sont-termines\/","og_site_name":"GARCIA FAURA","article_published_time":"2018-06-19T00:00:00+00:00","article_modified_time":"2019-06-03T18:01:04+00:00","og_image":[{"url":"https:\/\/www.garciafaura.com\/wp-content\/uploads\/2018\/11\/250-01.jpg","width":1,"height":1,"type":"image\/jpeg"}],"author":"David Achell","twitter_card":"summary_large_image","twitter_misc":{"\u00c9crit par":"David Achell","Dur\u00e9e de lecture estim\u00e9e":"1 minute"},"schema":{"@context":"https:\/\/schema.org","@graph":[{"@type":"Article","@id":"https:\/\/www.garciafaura.com\/fr\/les-travaux-de-remodelage-de-loceanarium-de-lisbonne-avec-la-participation-de-garcia-faura-sont-termines\/#article","isPartOf":{"@id":"https:\/\/www.garciafaura.com\/fr\/les-travaux-de-remodelage-de-loceanarium-de-lisbonne-avec-la-participation-de-garcia-faura-sont-termines\/"},"author":{"name":"David Achell","@id":"https:\/\/www.garciafaura.com\/fr\/#\/schema\/person\/b4b75e69b33fac3446071909bec106b0"},"headline":"Les travaux de r\u00e9am\u00e9nagement de l\u2019Oc\u00e9anarium de Lisbonne auxquels participe GARCIA FAURA sont termin\u00e9s","datePublished":"2018-06-19T00:00:00+00:00","dateModified":"2019-06-03T18:01:04+00:00","mainEntityOfPage":{"@id":"https:\/\/www.garciafaura.com\/fr\/les-travaux-de-remodelage-de-loceanarium-de-lisbonne-avec-la-participation-de-garcia-faura-sont-termines\/"},"wordCount":163,"commentCount":0,"publisher":{"@id":"https:\/\/www.garciafaura.com\/fr\/#organization"},"image":{"@id":"https:\/\/www.garciafaura.com\/fr\/les-travaux-de-remodelage-de-loceanarium-de-lisbonne-avec-la-participation-de-garcia-faura-sont-termines\/#primaryimage"},"thumbnailUrl":"https:\/\/www.garciafaura.com\/wp-content\/uploads\/2018\/11\/250-01.jpg","articleSection":["Actualit\u00e9"],"inLanguage":"fr-FR","potentialAction":[{"@type":"CommentAction","name":"Comment","target":["https:\/\/www.garciafaura.com\/fr\/les-travaux-de-remodelage-de-loceanarium-de-lisbonne-avec-la-participation-de-garcia-faura-sont-termines\/#respond"]}]},{"@type":"WebPage","@id":"https:\/\/www.garciafaura.com\/fr\/les-travaux-de-remodelage-de-loceanarium-de-lisbonne-avec-la-participation-de-garcia-faura-sont-termines\/","url":"https:\/\/www.garciafaura.com\/fr\/les-travaux-de-remodelage-de-loceanarium-de-lisbonne-avec-la-participation-de-garcia-faura-sont-termines\/","name":"Les travaux de r\u00e9am\u00e9nagement de l\u2019Oc\u00e9anarium de Lisbonne auxquels participe GARCIA FAURA sont termin\u00e9s - GARCIA FAURA","isPartOf":{"@id":"https:\/\/www.garciafaura.com\/fr\/#website"},"primaryImageOfPage":{"@id":"https:\/\/www.garciafaura.com\/fr\/les-travaux-de-remodelage-de-loceanarium-de-lisbonne-avec-la-participation-de-garcia-faura-sont-termines\/#primaryimage"},"image":{"@id":"https:\/\/www.garciafaura.com\/fr\/les-travaux-de-remodelage-de-loceanarium-de-lisbonne-avec-la-participation-de-garcia-faura-sont-termines\/#primaryimage"},"thumbnailUrl":"https:\/\/www.garciafaura.com\/wp-content\/uploads\/2018\/11\/250-01.jpg","datePublished":"2018-06-19T00:00:00+00:00","dateModified":"2019-06-03T18:01:04+00:00","description":"Arquitectura en Alumini, Inox, Ferro i Vidre","breadcrumb":{"@id":"https:\/\/www.garciafaura.com\/fr\/les-travaux-de-remodelage-de-loceanarium-de-lisbonne-avec-la-participation-de-garcia-faura-sont-termines\/#breadcrumb"},"inLanguage":"fr-FR","potentialAction":[{"@type":"ReadAction","target":["https:\/\/www.garciafaura.com\/fr\/les-travaux-de-remodelage-de-loceanarium-de-lisbonne-avec-la-participation-de-garcia-faura-sont-termines\/"]}]},{"@type":"ImageObject","inLanguage":"fr-FR","@id":"https:\/\/www.garciafaura.com\/fr\/les-travaux-de-remodelage-de-loceanarium-de-lisbonne-avec-la-participation-de-garcia-faura-sont-termines\/#primaryimage","url":"https:\/\/www.garciafaura.com\/wp-content\/uploads\/2018\/11\/250-01.jpg","contentUrl":"https:\/\/www.garciafaura.com\/wp-content\/uploads\/2018\/11\/250-01.jpg"},{"@type":"BreadcrumbList","@id":"https:\/\/www.garciafaura.com\/fr\/les-travaux-de-remodelage-de-loceanarium-de-lisbonne-avec-la-participation-de-garcia-faura-sont-termines\/#breadcrumb","itemListElement":[{"@type":"ListItem","position":1,"name":"Inici","item":"https:\/\/www.garciafaura.com\/fr\/"},{"@type":"ListItem","position":2,"name":"Les travaux de r\u00e9am\u00e9nagement de l\u2019Oc\u00e9anarium de Lisbonne auxquels participe GARCIA FAURA sont termin\u00e9s"}]},{"@type":"WebSite","@id":"https:\/\/www.garciafaura.com\/fr\/#website","url":"https:\/\/www.garciafaura.com\/fr\/","name":"GARCIA FAURA","description":"Arquitectura en Alumini, Inox, Ferro i Vidre","publisher":{"@id":"https:\/\/www.garciafaura.com\/fr\/#organization"},"potentialAction":[{"@type":"SearchAction","target":{"@type":"EntryPoint","urlTemplate":"https:\/\/www.garciafaura.com\/fr\/?s={search_term_string}"},"query-input":{"@type":"PropertyValueSpecification","valueRequired":true,"valueName":"search_term_string"}}],"inLanguage":"fr-FR"},{"@type":"Organization","@id":"https:\/\/www.garciafaura.com\/fr\/#organization","name":"GARCIA FAURA","url":"https:\/\/www.garciafaura.com\/fr\/","logo":{"@type":"ImageObject","inLanguage":"fr-FR","@id":"https:\/\/www.garciafaura.com\/fr\/#\/schema\/logo\/image\/","url":"https:\/\/www.garciafaura.com\/wp-content\/uploads\/2018\/09\/Garcia-Faura.png","contentUrl":"https:\/\/www.garciafaura.com\/wp-content\/uploads\/2018\/09\/Garcia-Faura.png","width":512,"height":512,"caption":"GARCIA FAURA"},"image":{"@id":"https:\/\/www.garciafaura.com\/fr\/#\/schema\/logo\/image\/"},"sameAs":["https:\/\/www.youtube.com\/user\/GARCIAFAURA"]},{"@type":"Person","@id":"https:\/\/www.garciafaura.com\/fr\/#\/schema\/person\/b4b75e69b33fac3446071909bec106b0","name":"David Achell","image":{"@type":"ImageObject","inLanguage":"fr-FR","@id":"https:\/\/www.garciafaura.com\/fr\/#\/schema\/person\/image\/","url":"https:\/\/secure.gravatar.com\/avatar\/03900210afc1f61bce737bcb4a79c02e2c997f171e3eca839b5a4cbe03846c90?s=96&d=blank&r=g","contentUrl":"https:\/\/secure.gravatar.com\/avatar\/03900210afc1f61bce737bcb4a79c02e2c997f171e3eca839b5a4cbe03846c90?s=96&d=blank&r=g","caption":"David Achell"}}]}},"_links":{"self":[{"href":"https:\/\/www.garciafaura.com\/fr\/wp-json\/wp\/v2\/posts\/7111","targetHints":{"allow":["GET"]}}],"collection":[{"href":"https:\/\/www.garciafaura.com\/fr\/wp-json\/wp\/v2\/posts"}],"about":[{"href":"https:\/\/www.garciafaura.com\/fr\/wp-json\/wp\/v2\/types\/post"}],"author":[{"embeddable":true,"href":"https:\/\/www.garciafaura.com\/fr\/wp-json\/wp\/v2\/users\/3"}],"replies":[{"embeddable":true,"href":"https:\/\/www.garciafaura.com\/fr\/wp-json\/wp\/v2\/comments?post=7111"}],"version-history":[{"count":2,"href":"https:\/\/www.garciafaura.com\/fr\/wp-json\/wp\/v2\/posts\/7111\/revisions"}],"predecessor-version":[{"id":21784,"href":"https:\/\/www.garciafaura.com\/fr\/wp-json\/wp\/v2\/posts\/7111\/revisions\/21784"}],"wp:featuredmedia":[{"embeddable":true,"href":"https:\/\/www.garciafaura.com\/fr\/wp-json\/wp\/v2\/media\/7081"}],"wp:attachment":[{"href":"https:\/\/www.garciafaura.com\/fr\/wp-json\/wp\/v2\/media?parent=7111"}],"wp:term":[{"taxonomy":"category","embeddable":true,"href":"https:\/\/www.garciafaura.com\/fr\/wp-json\/wp\/v2\/categories?post=7111"},{"taxonomy":"post_tag","embeddable":true,"href":"https:\/\/www.garciafaura.com\/fr\/wp-json\/wp\/v2\/tags?post=7111"},{"taxonomy":"post_series","embeddable":true,"href":"https:\/\/www.garciafaura.com\/fr\/wp-json\/wp\/v2\/post_series?post=7111"}],"curies":[{"name":"wp","href":"https:\/\/api.w.org\/{rel}","templated":true}]}}