{"id":7079,"date":"2018-05-29T00:00:00","date_gmt":"2018-05-29T00:00:00","guid":{"rendered":"https:\/\/www.garciafaura.com\/fenetres-de-securite-de-garcia-faura-pour-le-nouveau-lycee-can-roca-terrassa-barcelone\/"},"modified":"2019-06-03T18:01:19","modified_gmt":"2019-06-03T18:01:19","slug":"fenetres-de-securite-de-garcia-faura-pour-le-nouveau-lycee-can-roca-terrassa-barcelone","status":"publish","type":"post","link":"https:\/\/www.garciafaura.com\/fr\/fenetres-de-securite-de-garcia-faura-pour-le-nouveau-lycee-can-roca-terrassa-barcelone\/","title":{"rendered":"Fen\u00eatres de s\u00e9curit\u00e9 de GARCIA FAURA pour le nouvel Institut Can Roca (Terrassa)"},"content":{"rendered":"<p style=\"text-align: justify;\">En particulier, <strong>GARCIA FAURA<\/strong> installera 870 m\u00e8tres carr\u00e9s de fermetures, dont des portes d\u2019acc\u00e8s, des portes int\u00e9rieures et des fen\u00eatres praticables et coulissantes, toutes munies d\u2019une rupture de pont thermique.<\/p>\n<p style=\"text-align: justify;\">En outre, \u00e0 l\u2019Institut seront \u00e9galement install\u00e9es des fen\u00eatres munies d\u2019un syst\u00e8me de ventilation \u00e0 haute performance offrant d\u2019excellents r\u00e9sultats en termes d\u2019\u00e9tanch\u00e9it\u00e9, ce qui garantit une utilisation s\u00fbre par les \u00e9l\u00e8ves.<\/p>\n<p style=\"text-align: justify;\">Le nouveau b\u00e2timent de l\u2019Institut Can Roca sera situ\u00e9 entre la rue F\u00e1tima et la place Rosa Turu. Il sera compos\u00e9 d\u2019un rez-de-chauss\u00e9e et de deux \u00e9tages, o\u00f9 se trouveront les salles de classe, les bureaux, la biblioth\u00e8que, le local de l\u2019AMPA, le r\u00e9fectoire et la cuisine, en plus d\u2019un gymnase \u00e9quip\u00e9 d&rsquo;un vestiaire, une cour et un terrain de sport.<\/p>\n","protected":false},"excerpt":{"rendered":"<p>Le nouveau b\u00e2timent de l\u2019Institut Can Roca \u00e0 Terrassa sera \u00e9quip\u00e9 des fermetures de GARCIA FAURA, synonyme de haute qualit\u00e9 et s\u00e9curit\u00e9. La construction de l\u2019\u00e9quipement d\u00e9butera en \u00e9t\u00e9 et la dur\u00e9e pr\u00e9vue des travaux est de 18 mois. Le centre ouvrira ses portes \u00e0 la prochaine rentr\u00e9e scolaire.<\/p>\n","protected":false},"author":3,"featured_media":7071,"comment_status":"open","ping_status":"open","sticky":false,"template":"","format":"standard","meta":{"footnotes":""},"categories":[2],"tags":[],"post_series":[],"class_list":["post-7079","post","type-post","status-publish","format-standard","has-post-thumbnail","hentry","category-actualite","entry","has-media"],"yoast_head":"<!-- This site is optimized with the Yoast SEO plugin v26.7 - https:\/\/yoast.com\/wordpress\/plugins\/seo\/ -->\n<title>Fen\u00eatres de s\u00e9curit\u00e9 de GARCIA FAURA pour le nouvel Institut Can Roca (Terrassa) - GARCIA FAURA<\/title>\n<meta name=\"description\" content=\"Arquitectura en Alumini, Inox, Ferro i Vidre\" \/>\n<meta name=\"robots\" content=\"index, follow, max-snippet:-1, max-image-preview:large, max-video-preview:-1\" \/>\n<link rel=\"canonical\" href=\"https:\/\/www.garciafaura.com\/fr\/fenetres-de-securite-de-garcia-faura-pour-le-nouveau-lycee-can-roca-terrassa-barcelone\/\" \/>\n<meta property=\"og:locale\" content=\"fr_FR\" \/>\n<meta property=\"og:type\" content=\"article\" \/>\n<meta property=\"og:title\" content=\"Fen\u00eatres de s\u00e9curit\u00e9 de GARCIA FAURA pour le nouvel Institut Can Roca (Terrassa) - GARCIA FAURA\" \/>\n<meta property=\"og:description\" content=\"Arquitectura en Alumini, Inox, Ferro i Vidre\" \/>\n<meta property=\"og:url\" content=\"https:\/\/www.garciafaura.com\/fr\/fenetres-de-securite-de-garcia-faura-pour-le-nouveau-lycee-can-roca-terrassa-barcelone\/\" \/>\n<meta property=\"og:site_name\" content=\"GARCIA FAURA\" \/>\n<meta property=\"article:published_time\" content=\"2018-05-29T00:00:00+00:00\" \/>\n<meta property=\"article:modified_time\" content=\"2019-06-03T18:01:19+00:00\" \/>\n<meta property=\"og:image\" content=\"https:\/\/www.garciafaura.com\/wp-content\/uploads\/2018\/11\/ies_can_roca.jpg\" \/>\n\t<meta property=\"og:image:width\" content=\"1\" \/>\n\t<meta property=\"og:image:height\" content=\"1\" \/>\n\t<meta property=\"og:image:type\" content=\"image\/jpeg\" \/>\n<meta name=\"author\" content=\"David Achell\" \/>\n<meta name=\"twitter:card\" content=\"summary_large_image\" \/>\n<meta name=\"twitter:label1\" content=\"\u00c9crit par\" \/>\n\t<meta name=\"twitter:data1\" content=\"David Achell\" \/>\n\t<meta name=\"twitter:label2\" content=\"Dur\u00e9e de lecture estim\u00e9e\" \/>\n\t<meta name=\"twitter:data2\" content=\"1 minute\" \/>\n<script type=\"application\/ld+json\" class=\"yoast-schema-graph\">{\"@context\":\"https:\/\/schema.org\",\"@graph\":[{\"@type\":\"Article\",\"@id\":\"https:\/\/www.garciafaura.com\/fr\/fenetres-de-securite-de-garcia-faura-pour-le-nouveau-lycee-can-roca-terrassa-barcelone\/#article\",\"isPartOf\":{\"@id\":\"https:\/\/www.garciafaura.com\/fr\/fenetres-de-securite-de-garcia-faura-pour-le-nouveau-lycee-can-roca-terrassa-barcelone\/\"},\"author\":{\"name\":\"David Achell\",\"@id\":\"https:\/\/www.garciafaura.com\/fr\/#\/schema\/person\/b4b75e69b33fac3446071909bec106b0\"},\"headline\":\"Fen\u00eatres de s\u00e9curit\u00e9 de GARCIA FAURA pour le nouvel Institut Can Roca (Terrassa)\",\"datePublished\":\"2018-05-29T00:00:00+00:00\",\"dateModified\":\"2019-06-03T18:01:19+00:00\",\"mainEntityOfPage\":{\"@id\":\"https:\/\/www.garciafaura.com\/fr\/fenetres-de-securite-de-garcia-faura-pour-le-nouveau-lycee-can-roca-terrassa-barcelone\/\"},\"wordCount\":163,\"commentCount\":0,\"publisher\":{\"@id\":\"https:\/\/www.garciafaura.com\/fr\/#organization\"},\"image\":{\"@id\":\"https:\/\/www.garciafaura.com\/fr\/fenetres-de-securite-de-garcia-faura-pour-le-nouveau-lycee-can-roca-terrassa-barcelone\/#primaryimage\"},\"thumbnailUrl\":\"https:\/\/www.garciafaura.com\/wp-content\/uploads\/2018\/11\/ies_can_roca.jpg\",\"articleSection\":[\"Actualit\u00e9\"],\"inLanguage\":\"fr-FR\",\"potentialAction\":[{\"@type\":\"CommentAction\",\"name\":\"Comment\",\"target\":[\"https:\/\/www.garciafaura.com\/fr\/fenetres-de-securite-de-garcia-faura-pour-le-nouveau-lycee-can-roca-terrassa-barcelone\/#respond\"]}]},{\"@type\":\"WebPage\",\"@id\":\"https:\/\/www.garciafaura.com\/fr\/fenetres-de-securite-de-garcia-faura-pour-le-nouveau-lycee-can-roca-terrassa-barcelone\/\",\"url\":\"https:\/\/www.garciafaura.com\/fr\/fenetres-de-securite-de-garcia-faura-pour-le-nouveau-lycee-can-roca-terrassa-barcelone\/\",\"name\":\"Fen\u00eatres de s\u00e9curit\u00e9 de GARCIA FAURA pour le nouvel Institut Can Roca (Terrassa) - GARCIA FAURA\",\"isPartOf\":{\"@id\":\"https:\/\/www.garciafaura.com\/fr\/#website\"},\"primaryImageOfPage\":{\"@id\":\"https:\/\/www.garciafaura.com\/fr\/fenetres-de-securite-de-garcia-faura-pour-le-nouveau-lycee-can-roca-terrassa-barcelone\/#primaryimage\"},\"image\":{\"@id\":\"https:\/\/www.garciafaura.com\/fr\/fenetres-de-securite-de-garcia-faura-pour-le-nouveau-lycee-can-roca-terrassa-barcelone\/#primaryimage\"},\"thumbnailUrl\":\"https:\/\/www.garciafaura.com\/wp-content\/uploads\/2018\/11\/ies_can_roca.jpg\",\"datePublished\":\"2018-05-29T00:00:00+00:00\",\"dateModified\":\"2019-06-03T18:01:19+00:00\",\"description\":\"Arquitectura en Alumini, Inox, Ferro i Vidre\",\"breadcrumb\":{\"@id\":\"https:\/\/www.garciafaura.com\/fr\/fenetres-de-securite-de-garcia-faura-pour-le-nouveau-lycee-can-roca-terrassa-barcelone\/#breadcrumb\"},\"inLanguage\":\"fr-FR\",\"potentialAction\":[{\"@type\":\"ReadAction\",\"target\":[\"https:\/\/www.garciafaura.com\/fr\/fenetres-de-securite-de-garcia-faura-pour-le-nouveau-lycee-can-roca-terrassa-barcelone\/\"]}]},{\"@type\":\"ImageObject\",\"inLanguage\":\"fr-FR\",\"@id\":\"https:\/\/www.garciafaura.com\/fr\/fenetres-de-securite-de-garcia-faura-pour-le-nouveau-lycee-can-roca-terrassa-barcelone\/#primaryimage\",\"url\":\"https:\/\/www.garciafaura.com\/wp-content\/uploads\/2018\/11\/ies_can_roca.jpg\",\"contentUrl\":\"https:\/\/www.garciafaura.com\/wp-content\/uploads\/2018\/11\/ies_can_roca.jpg\"},{\"@type\":\"BreadcrumbList\",\"@id\":\"https:\/\/www.garciafaura.com\/fr\/fenetres-de-securite-de-garcia-faura-pour-le-nouveau-lycee-can-roca-terrassa-barcelone\/#breadcrumb\",\"itemListElement\":[{\"@type\":\"ListItem\",\"position\":1,\"name\":\"Inici\",\"item\":\"https:\/\/www.garciafaura.com\/fr\/\"},{\"@type\":\"ListItem\",\"position\":2,\"name\":\"Fen\u00eatres de s\u00e9curit\u00e9 de GARCIA FAURA pour le nouvel Institut Can Roca (Terrassa)\"}]},{\"@type\":\"WebSite\",\"@id\":\"https:\/\/www.garciafaura.com\/fr\/#website\",\"url\":\"https:\/\/www.garciafaura.com\/fr\/\",\"name\":\"GARCIA FAURA\",\"description\":\"Arquitectura en Alumini, Inox, Ferro i Vidre\",\"publisher\":{\"@id\":\"https:\/\/www.garciafaura.com\/fr\/#organization\"},\"potentialAction\":[{\"@type\":\"SearchAction\",\"target\":{\"@type\":\"EntryPoint\",\"urlTemplate\":\"https:\/\/www.garciafaura.com\/fr\/?s={search_term_string}\"},\"query-input\":{\"@type\":\"PropertyValueSpecification\",\"valueRequired\":true,\"valueName\":\"search_term_string\"}}],\"inLanguage\":\"fr-FR\"},{\"@type\":\"Organization\",\"@id\":\"https:\/\/www.garciafaura.com\/fr\/#organization\",\"name\":\"GARCIA FAURA\",\"url\":\"https:\/\/www.garciafaura.com\/fr\/\",\"logo\":{\"@type\":\"ImageObject\",\"inLanguage\":\"fr-FR\",\"@id\":\"https:\/\/www.garciafaura.com\/fr\/#\/schema\/logo\/image\/\",\"url\":\"https:\/\/www.garciafaura.com\/wp-content\/uploads\/2018\/09\/Garcia-Faura.png\",\"contentUrl\":\"https:\/\/www.garciafaura.com\/wp-content\/uploads\/2018\/09\/Garcia-Faura.png\",\"width\":512,\"height\":512,\"caption\":\"GARCIA FAURA\"},\"image\":{\"@id\":\"https:\/\/www.garciafaura.com\/fr\/#\/schema\/logo\/image\/\"},\"sameAs\":[\"https:\/\/www.youtube.com\/user\/GARCIAFAURA\"]},{\"@type\":\"Person\",\"@id\":\"https:\/\/www.garciafaura.com\/fr\/#\/schema\/person\/b4b75e69b33fac3446071909bec106b0\",\"name\":\"David Achell\",\"image\":{\"@type\":\"ImageObject\",\"inLanguage\":\"fr-FR\",\"@id\":\"https:\/\/www.garciafaura.com\/fr\/#\/schema\/person\/image\/\",\"url\":\"https:\/\/secure.gravatar.com\/avatar\/03900210afc1f61bce737bcb4a79c02e2c997f171e3eca839b5a4cbe03846c90?s=96&d=blank&r=g\",\"contentUrl\":\"https:\/\/secure.gravatar.com\/avatar\/03900210afc1f61bce737bcb4a79c02e2c997f171e3eca839b5a4cbe03846c90?s=96&d=blank&r=g\",\"caption\":\"David Achell\"}}]}<\/script>\n<!-- \/ Yoast SEO plugin. -->","yoast_head_json":{"title":"Fen\u00eatres de s\u00e9curit\u00e9 de GARCIA FAURA pour le nouvel Institut Can Roca (Terrassa) - GARCIA FAURA","description":"Arquitectura en Alumini, Inox, Ferro i Vidre","robots":{"index":"index","follow":"follow","max-snippet":"max-snippet:-1","max-image-preview":"max-image-preview:large","max-video-preview":"max-video-preview:-1"},"canonical":"https:\/\/www.garciafaura.com\/fr\/fenetres-de-securite-de-garcia-faura-pour-le-nouveau-lycee-can-roca-terrassa-barcelone\/","og_locale":"fr_FR","og_type":"article","og_title":"Fen\u00eatres de s\u00e9curit\u00e9 de GARCIA FAURA pour le nouvel Institut Can Roca (Terrassa) - GARCIA FAURA","og_description":"Arquitectura en Alumini, Inox, Ferro i Vidre","og_url":"https:\/\/www.garciafaura.com\/fr\/fenetres-de-securite-de-garcia-faura-pour-le-nouveau-lycee-can-roca-terrassa-barcelone\/","og_site_name":"GARCIA FAURA","article_published_time":"2018-05-29T00:00:00+00:00","article_modified_time":"2019-06-03T18:01:19+00:00","og_image":[{"url":"https:\/\/www.garciafaura.com\/wp-content\/uploads\/2018\/11\/ies_can_roca.jpg","width":1,"height":1,"type":"image\/jpeg"}],"author":"David Achell","twitter_card":"summary_large_image","twitter_misc":{"\u00c9crit par":"David Achell","Dur\u00e9e de lecture estim\u00e9e":"1 minute"},"schema":{"@context":"https:\/\/schema.org","@graph":[{"@type":"Article","@id":"https:\/\/www.garciafaura.com\/fr\/fenetres-de-securite-de-garcia-faura-pour-le-nouveau-lycee-can-roca-terrassa-barcelone\/#article","isPartOf":{"@id":"https:\/\/www.garciafaura.com\/fr\/fenetres-de-securite-de-garcia-faura-pour-le-nouveau-lycee-can-roca-terrassa-barcelone\/"},"author":{"name":"David Achell","@id":"https:\/\/www.garciafaura.com\/fr\/#\/schema\/person\/b4b75e69b33fac3446071909bec106b0"},"headline":"Fen\u00eatres de s\u00e9curit\u00e9 de GARCIA FAURA pour le nouvel Institut Can Roca (Terrassa)","datePublished":"2018-05-29T00:00:00+00:00","dateModified":"2019-06-03T18:01:19+00:00","mainEntityOfPage":{"@id":"https:\/\/www.garciafaura.com\/fr\/fenetres-de-securite-de-garcia-faura-pour-le-nouveau-lycee-can-roca-terrassa-barcelone\/"},"wordCount":163,"commentCount":0,"publisher":{"@id":"https:\/\/www.garciafaura.com\/fr\/#organization"},"image":{"@id":"https:\/\/www.garciafaura.com\/fr\/fenetres-de-securite-de-garcia-faura-pour-le-nouveau-lycee-can-roca-terrassa-barcelone\/#primaryimage"},"thumbnailUrl":"https:\/\/www.garciafaura.com\/wp-content\/uploads\/2018\/11\/ies_can_roca.jpg","articleSection":["Actualit\u00e9"],"inLanguage":"fr-FR","potentialAction":[{"@type":"CommentAction","name":"Comment","target":["https:\/\/www.garciafaura.com\/fr\/fenetres-de-securite-de-garcia-faura-pour-le-nouveau-lycee-can-roca-terrassa-barcelone\/#respond"]}]},{"@type":"WebPage","@id":"https:\/\/www.garciafaura.com\/fr\/fenetres-de-securite-de-garcia-faura-pour-le-nouveau-lycee-can-roca-terrassa-barcelone\/","url":"https:\/\/www.garciafaura.com\/fr\/fenetres-de-securite-de-garcia-faura-pour-le-nouveau-lycee-can-roca-terrassa-barcelone\/","name":"Fen\u00eatres de s\u00e9curit\u00e9 de GARCIA FAURA pour le nouvel Institut Can Roca (Terrassa) - GARCIA FAURA","isPartOf":{"@id":"https:\/\/www.garciafaura.com\/fr\/#website"},"primaryImageOfPage":{"@id":"https:\/\/www.garciafaura.com\/fr\/fenetres-de-securite-de-garcia-faura-pour-le-nouveau-lycee-can-roca-terrassa-barcelone\/#primaryimage"},"image":{"@id":"https:\/\/www.garciafaura.com\/fr\/fenetres-de-securite-de-garcia-faura-pour-le-nouveau-lycee-can-roca-terrassa-barcelone\/#primaryimage"},"thumbnailUrl":"https:\/\/www.garciafaura.com\/wp-content\/uploads\/2018\/11\/ies_can_roca.jpg","datePublished":"2018-05-29T00:00:00+00:00","dateModified":"2019-06-03T18:01:19+00:00","description":"Arquitectura en Alumini, Inox, Ferro i Vidre","breadcrumb":{"@id":"https:\/\/www.garciafaura.com\/fr\/fenetres-de-securite-de-garcia-faura-pour-le-nouveau-lycee-can-roca-terrassa-barcelone\/#breadcrumb"},"inLanguage":"fr-FR","potentialAction":[{"@type":"ReadAction","target":["https:\/\/www.garciafaura.com\/fr\/fenetres-de-securite-de-garcia-faura-pour-le-nouveau-lycee-can-roca-terrassa-barcelone\/"]}]},{"@type":"ImageObject","inLanguage":"fr-FR","@id":"https:\/\/www.garciafaura.com\/fr\/fenetres-de-securite-de-garcia-faura-pour-le-nouveau-lycee-can-roca-terrassa-barcelone\/#primaryimage","url":"https:\/\/www.garciafaura.com\/wp-content\/uploads\/2018\/11\/ies_can_roca.jpg","contentUrl":"https:\/\/www.garciafaura.com\/wp-content\/uploads\/2018\/11\/ies_can_roca.jpg"},{"@type":"BreadcrumbList","@id":"https:\/\/www.garciafaura.com\/fr\/fenetres-de-securite-de-garcia-faura-pour-le-nouveau-lycee-can-roca-terrassa-barcelone\/#breadcrumb","itemListElement":[{"@type":"ListItem","position":1,"name":"Inici","item":"https:\/\/www.garciafaura.com\/fr\/"},{"@type":"ListItem","position":2,"name":"Fen\u00eatres de s\u00e9curit\u00e9 de GARCIA FAURA pour le nouvel Institut Can Roca (Terrassa)"}]},{"@type":"WebSite","@id":"https:\/\/www.garciafaura.com\/fr\/#website","url":"https:\/\/www.garciafaura.com\/fr\/","name":"GARCIA FAURA","description":"Arquitectura en Alumini, Inox, Ferro i Vidre","publisher":{"@id":"https:\/\/www.garciafaura.com\/fr\/#organization"},"potentialAction":[{"@type":"SearchAction","target":{"@type":"EntryPoint","urlTemplate":"https:\/\/www.garciafaura.com\/fr\/?s={search_term_string}"},"query-input":{"@type":"PropertyValueSpecification","valueRequired":true,"valueName":"search_term_string"}}],"inLanguage":"fr-FR"},{"@type":"Organization","@id":"https:\/\/www.garciafaura.com\/fr\/#organization","name":"GARCIA FAURA","url":"https:\/\/www.garciafaura.com\/fr\/","logo":{"@type":"ImageObject","inLanguage":"fr-FR","@id":"https:\/\/www.garciafaura.com\/fr\/#\/schema\/logo\/image\/","url":"https:\/\/www.garciafaura.com\/wp-content\/uploads\/2018\/09\/Garcia-Faura.png","contentUrl":"https:\/\/www.garciafaura.com\/wp-content\/uploads\/2018\/09\/Garcia-Faura.png","width":512,"height":512,"caption":"GARCIA FAURA"},"image":{"@id":"https:\/\/www.garciafaura.com\/fr\/#\/schema\/logo\/image\/"},"sameAs":["https:\/\/www.youtube.com\/user\/GARCIAFAURA"]},{"@type":"Person","@id":"https:\/\/www.garciafaura.com\/fr\/#\/schema\/person\/b4b75e69b33fac3446071909bec106b0","name":"David Achell","image":{"@type":"ImageObject","inLanguage":"fr-FR","@id":"https:\/\/www.garciafaura.com\/fr\/#\/schema\/person\/image\/","url":"https:\/\/secure.gravatar.com\/avatar\/03900210afc1f61bce737bcb4a79c02e2c997f171e3eca839b5a4cbe03846c90?s=96&d=blank&r=g","contentUrl":"https:\/\/secure.gravatar.com\/avatar\/03900210afc1f61bce737bcb4a79c02e2c997f171e3eca839b5a4cbe03846c90?s=96&d=blank&r=g","caption":"David Achell"}}]}},"_links":{"self":[{"href":"https:\/\/www.garciafaura.com\/fr\/wp-json\/wp\/v2\/posts\/7079","targetHints":{"allow":["GET"]}}],"collection":[{"href":"https:\/\/www.garciafaura.com\/fr\/wp-json\/wp\/v2\/posts"}],"about":[{"href":"https:\/\/www.garciafaura.com\/fr\/wp-json\/wp\/v2\/types\/post"}],"author":[{"embeddable":true,"href":"https:\/\/www.garciafaura.com\/fr\/wp-json\/wp\/v2\/users\/3"}],"replies":[{"embeddable":true,"href":"https:\/\/www.garciafaura.com\/fr\/wp-json\/wp\/v2\/comments?post=7079"}],"version-history":[{"count":2,"href":"https:\/\/www.garciafaura.com\/fr\/wp-json\/wp\/v2\/posts\/7079\/revisions"}],"predecessor-version":[{"id":21785,"href":"https:\/\/www.garciafaura.com\/fr\/wp-json\/wp\/v2\/posts\/7079\/revisions\/21785"}],"wp:featuredmedia":[{"embeddable":true,"href":"https:\/\/www.garciafaura.com\/fr\/wp-json\/wp\/v2\/media\/7071"}],"wp:attachment":[{"href":"https:\/\/www.garciafaura.com\/fr\/wp-json\/wp\/v2\/media?parent=7079"}],"wp:term":[{"taxonomy":"category","embeddable":true,"href":"https:\/\/www.garciafaura.com\/fr\/wp-json\/wp\/v2\/categories?post=7079"},{"taxonomy":"post_tag","embeddable":true,"href":"https:\/\/www.garciafaura.com\/fr\/wp-json\/wp\/v2\/tags?post=7079"},{"taxonomy":"post_series","embeddable":true,"href":"https:\/\/www.garciafaura.com\/fr\/wp-json\/wp\/v2\/post_series?post=7079"}],"curies":[{"name":"wp","href":"https:\/\/api.w.org\/{rel}","templated":true}]}}