{"id":6607,"date":"2016-09-28T00:00:00","date_gmt":"2016-09-28T00:00:00","guid":{"rendered":"https:\/\/www.garciafaura.com\/les-nouvelles-gares-de-sabadell-sont-deja-termines\/"},"modified":"2019-06-03T18:09:41","modified_gmt":"2019-06-03T18:09:41","slug":"les-nouvelles-gares-de-sabadell-sont-deja-termines","status":"publish","type":"post","link":"https:\/\/www.garciafaura.com\/fr\/les-nouvelles-gares-de-sabadell-sont-deja-termines\/","title":{"rendered":"Les nouvelles gares de Sabadell sont d\u00e9j\u00e0 termin\u00e9s."},"content":{"rendered":"<p>&nbsp;<\/p>\n<p>Les nouvelles stations pr\u00e9vues par Pere Roda et David Viaplana sont entr\u00e9s en op\u00e9ration en Septembre. Pour ces deux stations <strong>GARCIA FAURA<\/strong> a apport\u00e9 sa exp\u00e9rience dans les murs de rev\u00eatement, des escaliers, des poutres et des colonnes couvrant un total de plus de 1900m\u00b2 avec panneau composite et 2200m\u00b2 avec t\u00f4le aluminium damier.<\/p>\n","protected":false},"excerpt":{"rendered":"<p>Les nouvelles stations pr\u00e9vues par Pere Roda et David Viaplana sont entr\u00e9s en op\u00e9ration en Septembre. Pour ces deux stations GARCIA FAURA a apport\u00e9 sa exp\u00e9rience dans les murs de rev\u00eatement, des escaliers, des poutres et des colonnes couvrant un total de plus de 1900m\u00b2 avec panneau composite et 2200m\u00b2 avec t\u00f4le aluminium damier.<\/p>\n","protected":false},"author":3,"featured_media":6589,"comment_status":"open","ping_status":"open","sticky":false,"template":"","format":"standard","meta":{"footnotes":""},"categories":[2],"tags":[],"post_series":[],"class_list":["post-6607","post","type-post","status-publish","format-standard","has-post-thumbnail","hentry","category-actualite","entry","has-media"],"yoast_head":"<!-- This site is optimized with the Yoast SEO plugin v26.7 - https:\/\/yoast.com\/wordpress\/plugins\/seo\/ -->\n<title>Les nouvelles gares de Sabadell sont d\u00e9j\u00e0 termin\u00e9s. - GARCIA FAURA<\/title>\n<meta name=\"description\" content=\"Arquitectura en Alumini, Inox, Ferro i Vidre\" \/>\n<meta name=\"robots\" content=\"index, follow, max-snippet:-1, max-image-preview:large, max-video-preview:-1\" \/>\n<link rel=\"canonical\" href=\"https:\/\/www.garciafaura.com\/fr\/les-nouvelles-gares-de-sabadell-sont-deja-termines\/\" \/>\n<meta property=\"og:locale\" content=\"fr_FR\" \/>\n<meta property=\"og:type\" content=\"article\" \/>\n<meta property=\"og:title\" content=\"Les nouvelles gares de Sabadell sont d\u00e9j\u00e0 termin\u00e9s. - GARCIA FAURA\" \/>\n<meta property=\"og:description\" content=\"Arquitectura en Alumini, Inox, Ferro i Vidre\" \/>\n<meta property=\"og:url\" content=\"https:\/\/www.garciafaura.com\/fr\/les-nouvelles-gares-de-sabadell-sont-deja-termines\/\" \/>\n<meta property=\"og:site_name\" content=\"GARCIA FAURA\" \/>\n<meta property=\"article:published_time\" content=\"2016-09-28T00:00:00+00:00\" \/>\n<meta property=\"article:modified_time\" content=\"2019-06-03T18:09:41+00:00\" \/>\n<meta property=\"og:image\" content=\"https:\/\/www.garciafaura.com\/wp-content\/uploads\/2018\/11\/dsc_0049.jpg\" \/>\n\t<meta property=\"og:image:width\" content=\"1\" \/>\n\t<meta property=\"og:image:height\" content=\"1\" \/>\n\t<meta property=\"og:image:type\" content=\"image\/jpeg\" \/>\n<meta name=\"author\" content=\"David Achell\" \/>\n<meta name=\"twitter:card\" content=\"summary_large_image\" \/>\n<meta name=\"twitter:label1\" content=\"\u00c9crit par\" \/>\n\t<meta name=\"twitter:data1\" content=\"David Achell\" \/>\n<script type=\"application\/ld+json\" class=\"yoast-schema-graph\">{\"@context\":\"https:\/\/schema.org\",\"@graph\":[{\"@type\":\"Article\",\"@id\":\"https:\/\/www.garciafaura.com\/fr\/les-nouvelles-gares-de-sabadell-sont-deja-termines\/#article\",\"isPartOf\":{\"@id\":\"https:\/\/www.garciafaura.com\/fr\/les-nouvelles-gares-de-sabadell-sont-deja-termines\/\"},\"author\":{\"name\":\"David Achell\",\"@id\":\"https:\/\/www.garciafaura.com\/fr\/#\/schema\/person\/b4b75e69b33fac3446071909bec106b0\"},\"headline\":\"Les nouvelles gares de Sabadell sont d\u00e9j\u00e0 termin\u00e9s.\",\"datePublished\":\"2016-09-28T00:00:00+00:00\",\"dateModified\":\"2019-06-03T18:09:41+00:00\",\"mainEntityOfPage\":{\"@id\":\"https:\/\/www.garciafaura.com\/fr\/les-nouvelles-gares-de-sabadell-sont-deja-termines\/\"},\"wordCount\":71,\"commentCount\":0,\"publisher\":{\"@id\":\"https:\/\/www.garciafaura.com\/fr\/#organization\"},\"image\":{\"@id\":\"https:\/\/www.garciafaura.com\/fr\/les-nouvelles-gares-de-sabadell-sont-deja-termines\/#primaryimage\"},\"thumbnailUrl\":\"https:\/\/www.garciafaura.com\/wp-content\/uploads\/2018\/11\/dsc_0049.jpg\",\"articleSection\":[\"Actualit\u00e9\"],\"inLanguage\":\"fr-FR\",\"potentialAction\":[{\"@type\":\"CommentAction\",\"name\":\"Comment\",\"target\":[\"https:\/\/www.garciafaura.com\/fr\/les-nouvelles-gares-de-sabadell-sont-deja-termines\/#respond\"]}]},{\"@type\":\"WebPage\",\"@id\":\"https:\/\/www.garciafaura.com\/fr\/les-nouvelles-gares-de-sabadell-sont-deja-termines\/\",\"url\":\"https:\/\/www.garciafaura.com\/fr\/les-nouvelles-gares-de-sabadell-sont-deja-termines\/\",\"name\":\"Les nouvelles gares de Sabadell sont d\u00e9j\u00e0 termin\u00e9s. - GARCIA FAURA\",\"isPartOf\":{\"@id\":\"https:\/\/www.garciafaura.com\/fr\/#website\"},\"primaryImageOfPage\":{\"@id\":\"https:\/\/www.garciafaura.com\/fr\/les-nouvelles-gares-de-sabadell-sont-deja-termines\/#primaryimage\"},\"image\":{\"@id\":\"https:\/\/www.garciafaura.com\/fr\/les-nouvelles-gares-de-sabadell-sont-deja-termines\/#primaryimage\"},\"thumbnailUrl\":\"https:\/\/www.garciafaura.com\/wp-content\/uploads\/2018\/11\/dsc_0049.jpg\",\"datePublished\":\"2016-09-28T00:00:00+00:00\",\"dateModified\":\"2019-06-03T18:09:41+00:00\",\"description\":\"Arquitectura en Alumini, Inox, Ferro i Vidre\",\"breadcrumb\":{\"@id\":\"https:\/\/www.garciafaura.com\/fr\/les-nouvelles-gares-de-sabadell-sont-deja-termines\/#breadcrumb\"},\"inLanguage\":\"fr-FR\",\"potentialAction\":[{\"@type\":\"ReadAction\",\"target\":[\"https:\/\/www.garciafaura.com\/fr\/les-nouvelles-gares-de-sabadell-sont-deja-termines\/\"]}]},{\"@type\":\"ImageObject\",\"inLanguage\":\"fr-FR\",\"@id\":\"https:\/\/www.garciafaura.com\/fr\/les-nouvelles-gares-de-sabadell-sont-deja-termines\/#primaryimage\",\"url\":\"https:\/\/www.garciafaura.com\/wp-content\/uploads\/2018\/11\/dsc_0049.jpg\",\"contentUrl\":\"https:\/\/www.garciafaura.com\/wp-content\/uploads\/2018\/11\/dsc_0049.jpg\"},{\"@type\":\"BreadcrumbList\",\"@id\":\"https:\/\/www.garciafaura.com\/fr\/les-nouvelles-gares-de-sabadell-sont-deja-termines\/#breadcrumb\",\"itemListElement\":[{\"@type\":\"ListItem\",\"position\":1,\"name\":\"Inici\",\"item\":\"https:\/\/www.garciafaura.com\/fr\/\"},{\"@type\":\"ListItem\",\"position\":2,\"name\":\"Les nouvelles gares de Sabadell sont d\u00e9j\u00e0 termin\u00e9s.\"}]},{\"@type\":\"WebSite\",\"@id\":\"https:\/\/www.garciafaura.com\/fr\/#website\",\"url\":\"https:\/\/www.garciafaura.com\/fr\/\",\"name\":\"GARCIA FAURA\",\"description\":\"Arquitectura en Alumini, Inox, Ferro i Vidre\",\"publisher\":{\"@id\":\"https:\/\/www.garciafaura.com\/fr\/#organization\"},\"potentialAction\":[{\"@type\":\"SearchAction\",\"target\":{\"@type\":\"EntryPoint\",\"urlTemplate\":\"https:\/\/www.garciafaura.com\/fr\/?s={search_term_string}\"},\"query-input\":{\"@type\":\"PropertyValueSpecification\",\"valueRequired\":true,\"valueName\":\"search_term_string\"}}],\"inLanguage\":\"fr-FR\"},{\"@type\":\"Organization\",\"@id\":\"https:\/\/www.garciafaura.com\/fr\/#organization\",\"name\":\"GARCIA FAURA\",\"url\":\"https:\/\/www.garciafaura.com\/fr\/\",\"logo\":{\"@type\":\"ImageObject\",\"inLanguage\":\"fr-FR\",\"@id\":\"https:\/\/www.garciafaura.com\/fr\/#\/schema\/logo\/image\/\",\"url\":\"https:\/\/www.garciafaura.com\/wp-content\/uploads\/2018\/09\/Garcia-Faura.png\",\"contentUrl\":\"https:\/\/www.garciafaura.com\/wp-content\/uploads\/2018\/09\/Garcia-Faura.png\",\"width\":512,\"height\":512,\"caption\":\"GARCIA FAURA\"},\"image\":{\"@id\":\"https:\/\/www.garciafaura.com\/fr\/#\/schema\/logo\/image\/\"},\"sameAs\":[\"https:\/\/www.youtube.com\/user\/GARCIAFAURA\"]},{\"@type\":\"Person\",\"@id\":\"https:\/\/www.garciafaura.com\/fr\/#\/schema\/person\/b4b75e69b33fac3446071909bec106b0\",\"name\":\"David Achell\",\"image\":{\"@type\":\"ImageObject\",\"inLanguage\":\"fr-FR\",\"@id\":\"https:\/\/www.garciafaura.com\/fr\/#\/schema\/person\/image\/\",\"url\":\"https:\/\/secure.gravatar.com\/avatar\/03900210afc1f61bce737bcb4a79c02e2c997f171e3eca839b5a4cbe03846c90?s=96&d=blank&r=g\",\"contentUrl\":\"https:\/\/secure.gravatar.com\/avatar\/03900210afc1f61bce737bcb4a79c02e2c997f171e3eca839b5a4cbe03846c90?s=96&d=blank&r=g\",\"caption\":\"David Achell\"}}]}<\/script>\n<!-- \/ Yoast SEO plugin. -->","yoast_head_json":{"title":"Les nouvelles gares de Sabadell sont d\u00e9j\u00e0 termin\u00e9s. - GARCIA FAURA","description":"Arquitectura en Alumini, Inox, Ferro i Vidre","robots":{"index":"index","follow":"follow","max-snippet":"max-snippet:-1","max-image-preview":"max-image-preview:large","max-video-preview":"max-video-preview:-1"},"canonical":"https:\/\/www.garciafaura.com\/fr\/les-nouvelles-gares-de-sabadell-sont-deja-termines\/","og_locale":"fr_FR","og_type":"article","og_title":"Les nouvelles gares de Sabadell sont d\u00e9j\u00e0 termin\u00e9s. - GARCIA FAURA","og_description":"Arquitectura en Alumini, Inox, Ferro i Vidre","og_url":"https:\/\/www.garciafaura.com\/fr\/les-nouvelles-gares-de-sabadell-sont-deja-termines\/","og_site_name":"GARCIA FAURA","article_published_time":"2016-09-28T00:00:00+00:00","article_modified_time":"2019-06-03T18:09:41+00:00","og_image":[{"url":"https:\/\/www.garciafaura.com\/wp-content\/uploads\/2018\/11\/dsc_0049.jpg","width":1,"height":1,"type":"image\/jpeg"}],"author":"David Achell","twitter_card":"summary_large_image","twitter_misc":{"\u00c9crit par":"David Achell"},"schema":{"@context":"https:\/\/schema.org","@graph":[{"@type":"Article","@id":"https:\/\/www.garciafaura.com\/fr\/les-nouvelles-gares-de-sabadell-sont-deja-termines\/#article","isPartOf":{"@id":"https:\/\/www.garciafaura.com\/fr\/les-nouvelles-gares-de-sabadell-sont-deja-termines\/"},"author":{"name":"David Achell","@id":"https:\/\/www.garciafaura.com\/fr\/#\/schema\/person\/b4b75e69b33fac3446071909bec106b0"},"headline":"Les nouvelles gares de Sabadell sont d\u00e9j\u00e0 termin\u00e9s.","datePublished":"2016-09-28T00:00:00+00:00","dateModified":"2019-06-03T18:09:41+00:00","mainEntityOfPage":{"@id":"https:\/\/www.garciafaura.com\/fr\/les-nouvelles-gares-de-sabadell-sont-deja-termines\/"},"wordCount":71,"commentCount":0,"publisher":{"@id":"https:\/\/www.garciafaura.com\/fr\/#organization"},"image":{"@id":"https:\/\/www.garciafaura.com\/fr\/les-nouvelles-gares-de-sabadell-sont-deja-termines\/#primaryimage"},"thumbnailUrl":"https:\/\/www.garciafaura.com\/wp-content\/uploads\/2018\/11\/dsc_0049.jpg","articleSection":["Actualit\u00e9"],"inLanguage":"fr-FR","potentialAction":[{"@type":"CommentAction","name":"Comment","target":["https:\/\/www.garciafaura.com\/fr\/les-nouvelles-gares-de-sabadell-sont-deja-termines\/#respond"]}]},{"@type":"WebPage","@id":"https:\/\/www.garciafaura.com\/fr\/les-nouvelles-gares-de-sabadell-sont-deja-termines\/","url":"https:\/\/www.garciafaura.com\/fr\/les-nouvelles-gares-de-sabadell-sont-deja-termines\/","name":"Les nouvelles gares de Sabadell sont d\u00e9j\u00e0 termin\u00e9s. - GARCIA FAURA","isPartOf":{"@id":"https:\/\/www.garciafaura.com\/fr\/#website"},"primaryImageOfPage":{"@id":"https:\/\/www.garciafaura.com\/fr\/les-nouvelles-gares-de-sabadell-sont-deja-termines\/#primaryimage"},"image":{"@id":"https:\/\/www.garciafaura.com\/fr\/les-nouvelles-gares-de-sabadell-sont-deja-termines\/#primaryimage"},"thumbnailUrl":"https:\/\/www.garciafaura.com\/wp-content\/uploads\/2018\/11\/dsc_0049.jpg","datePublished":"2016-09-28T00:00:00+00:00","dateModified":"2019-06-03T18:09:41+00:00","description":"Arquitectura en Alumini, Inox, Ferro i Vidre","breadcrumb":{"@id":"https:\/\/www.garciafaura.com\/fr\/les-nouvelles-gares-de-sabadell-sont-deja-termines\/#breadcrumb"},"inLanguage":"fr-FR","potentialAction":[{"@type":"ReadAction","target":["https:\/\/www.garciafaura.com\/fr\/les-nouvelles-gares-de-sabadell-sont-deja-termines\/"]}]},{"@type":"ImageObject","inLanguage":"fr-FR","@id":"https:\/\/www.garciafaura.com\/fr\/les-nouvelles-gares-de-sabadell-sont-deja-termines\/#primaryimage","url":"https:\/\/www.garciafaura.com\/wp-content\/uploads\/2018\/11\/dsc_0049.jpg","contentUrl":"https:\/\/www.garciafaura.com\/wp-content\/uploads\/2018\/11\/dsc_0049.jpg"},{"@type":"BreadcrumbList","@id":"https:\/\/www.garciafaura.com\/fr\/les-nouvelles-gares-de-sabadell-sont-deja-termines\/#breadcrumb","itemListElement":[{"@type":"ListItem","position":1,"name":"Inici","item":"https:\/\/www.garciafaura.com\/fr\/"},{"@type":"ListItem","position":2,"name":"Les nouvelles gares de Sabadell sont d\u00e9j\u00e0 termin\u00e9s."}]},{"@type":"WebSite","@id":"https:\/\/www.garciafaura.com\/fr\/#website","url":"https:\/\/www.garciafaura.com\/fr\/","name":"GARCIA FAURA","description":"Arquitectura en Alumini, Inox, Ferro i Vidre","publisher":{"@id":"https:\/\/www.garciafaura.com\/fr\/#organization"},"potentialAction":[{"@type":"SearchAction","target":{"@type":"EntryPoint","urlTemplate":"https:\/\/www.garciafaura.com\/fr\/?s={search_term_string}"},"query-input":{"@type":"PropertyValueSpecification","valueRequired":true,"valueName":"search_term_string"}}],"inLanguage":"fr-FR"},{"@type":"Organization","@id":"https:\/\/www.garciafaura.com\/fr\/#organization","name":"GARCIA FAURA","url":"https:\/\/www.garciafaura.com\/fr\/","logo":{"@type":"ImageObject","inLanguage":"fr-FR","@id":"https:\/\/www.garciafaura.com\/fr\/#\/schema\/logo\/image\/","url":"https:\/\/www.garciafaura.com\/wp-content\/uploads\/2018\/09\/Garcia-Faura.png","contentUrl":"https:\/\/www.garciafaura.com\/wp-content\/uploads\/2018\/09\/Garcia-Faura.png","width":512,"height":512,"caption":"GARCIA FAURA"},"image":{"@id":"https:\/\/www.garciafaura.com\/fr\/#\/schema\/logo\/image\/"},"sameAs":["https:\/\/www.youtube.com\/user\/GARCIAFAURA"]},{"@type":"Person","@id":"https:\/\/www.garciafaura.com\/fr\/#\/schema\/person\/b4b75e69b33fac3446071909bec106b0","name":"David Achell","image":{"@type":"ImageObject","inLanguage":"fr-FR","@id":"https:\/\/www.garciafaura.com\/fr\/#\/schema\/person\/image\/","url":"https:\/\/secure.gravatar.com\/avatar\/03900210afc1f61bce737bcb4a79c02e2c997f171e3eca839b5a4cbe03846c90?s=96&d=blank&r=g","contentUrl":"https:\/\/secure.gravatar.com\/avatar\/03900210afc1f61bce737bcb4a79c02e2c997f171e3eca839b5a4cbe03846c90?s=96&d=blank&r=g","caption":"David Achell"}}]}},"_links":{"self":[{"href":"https:\/\/www.garciafaura.com\/fr\/wp-json\/wp\/v2\/posts\/6607","targetHints":{"allow":["GET"]}}],"collection":[{"href":"https:\/\/www.garciafaura.com\/fr\/wp-json\/wp\/v2\/posts"}],"about":[{"href":"https:\/\/www.garciafaura.com\/fr\/wp-json\/wp\/v2\/types\/post"}],"author":[{"embeddable":true,"href":"https:\/\/www.garciafaura.com\/fr\/wp-json\/wp\/v2\/users\/3"}],"replies":[{"embeddable":true,"href":"https:\/\/www.garciafaura.com\/fr\/wp-json\/wp\/v2\/comments?post=6607"}],"version-history":[{"count":1,"href":"https:\/\/www.garciafaura.com\/fr\/wp-json\/wp\/v2\/posts\/6607\/revisions"}],"predecessor-version":[{"id":21816,"href":"https:\/\/www.garciafaura.com\/fr\/wp-json\/wp\/v2\/posts\/6607\/revisions\/21816"}],"wp:featuredmedia":[{"embeddable":true,"href":"https:\/\/www.garciafaura.com\/fr\/wp-json\/wp\/v2\/media\/6589"}],"wp:attachment":[{"href":"https:\/\/www.garciafaura.com\/fr\/wp-json\/wp\/v2\/media?parent=6607"}],"wp:term":[{"taxonomy":"category","embeddable":true,"href":"https:\/\/www.garciafaura.com\/fr\/wp-json\/wp\/v2\/categories?post=6607"},{"taxonomy":"post_tag","embeddable":true,"href":"https:\/\/www.garciafaura.com\/fr\/wp-json\/wp\/v2\/tags?post=6607"},{"taxonomy":"post_series","embeddable":true,"href":"https:\/\/www.garciafaura.com\/fr\/wp-json\/wp\/v2\/post_series?post=6607"}],"curies":[{"name":"wp","href":"https:\/\/api.w.org\/{rel}","templated":true}]}}