{"id":6491,"date":"2016-03-14T00:00:00","date_gmt":"2016-03-14T00:00:00","guid":{"rendered":"https:\/\/www.garciafaura.com\/facades-et-fermetures-de-garcia-faura-dans-le-nouveau-batiment-de-la-massana\/"},"modified":"2019-06-03T18:11:02","modified_gmt":"2019-06-03T18:11:02","slug":"facades-et-fermetures-de-garcia-faura-dans-le-nouveau-batiment-de-la-massana","status":"publish","type":"post","link":"https:\/\/www.garciafaura.com\/fr\/facades-et-fermetures-de-garcia-faura-dans-le-nouveau-batiment-de-la-massana\/","title":{"rendered":"Fa\u00e7ades et fermetures de GARCIA FAURA dans le nouveau b\u00e2timent de La Massana"},"content":{"rendered":"<p>&nbsp;<\/p>\n<p>Le Centre d&rsquo;Art et Design \u00e0 Barcelone inaugure le nouveau si\u00e8ge prochaines ann\u00e9e scolaire. Il est un b\u00e2timent con\u00e7u par Carme Pin\u00f3s et situ\u00e9 dans la Plaza de la Gardunya tr\u00e8s proche du b\u00e2timent de l&rsquo;\u00e9cole actuelle. 11.000 m\u00e8tres carr\u00e9s sur deux corps reli\u00e9s aux espaces ext\u00e9rieurs travers les diff\u00e9rents entr\u00e9es et les zones d&rsquo;usage public. <strong>GARCIA FAURA<\/strong> effectue des travaux de fa\u00e7ade en verre, \u00e9crans solaires et fermetures en aluminium.<\/p>\n","protected":false},"excerpt":{"rendered":"<p>Le Centre d&rsquo;Art et Design \u00e0 Barcelone inaugure le nouveau si\u00e8ge prochaines ann\u00e9e scolaire. Il est un b\u00e2timent con\u00e7u par Carme Pin\u00f3s et situ\u00e9 dans la Plaza de la Gardunya tr\u00e8s proche du b\u00e2timent de l&rsquo;\u00e9cole actuelle. 11.000 m\u00e8tres carr\u00e9s sur deux corps reli\u00e9s aux espaces ext\u00e9rieurs travers les diff\u00e9rents entr\u00e9es et les zones d&rsquo;usage public. GARCIA FAURA effectue des travaux de fa\u00e7ade en verre, \u00e9crans solaires et fermetures en aluminium.<\/p>\n","protected":false},"author":3,"featured_media":6461,"comment_status":"open","ping_status":"open","sticky":false,"template":"","format":"standard","meta":{"footnotes":""},"categories":[2],"tags":[],"post_series":[],"class_list":["post-6491","post","type-post","status-publish","format-standard","has-post-thumbnail","hentry","category-actualite","entry","has-media"],"yoast_head":"<!-- This site is optimized with the Yoast SEO plugin v26.7 - https:\/\/yoast.com\/wordpress\/plugins\/seo\/ -->\n<title>Fa\u00e7ades et fermetures de GARCIA FAURA dans le nouveau b\u00e2timent de La Massana - GARCIA FAURA<\/title>\n<meta name=\"description\" content=\"Arquitectura en Alumini, Inox, Ferro i Vidre\" \/>\n<meta name=\"robots\" content=\"index, follow, max-snippet:-1, max-image-preview:large, max-video-preview:-1\" \/>\n<link rel=\"canonical\" href=\"https:\/\/www.garciafaura.com\/fr\/facades-et-fermetures-de-garcia-faura-dans-le-nouveau-batiment-de-la-massana\/\" \/>\n<meta property=\"og:locale\" content=\"fr_FR\" \/>\n<meta property=\"og:type\" content=\"article\" \/>\n<meta property=\"og:title\" content=\"Fa\u00e7ades et fermetures de GARCIA FAURA dans le nouveau b\u00e2timent de La Massana - GARCIA FAURA\" \/>\n<meta property=\"og:description\" content=\"Arquitectura en Alumini, Inox, Ferro i Vidre\" \/>\n<meta property=\"og:url\" content=\"https:\/\/www.garciafaura.com\/fr\/facades-et-fermetures-de-garcia-faura-dans-le-nouveau-batiment-de-la-massana\/\" \/>\n<meta property=\"og:site_name\" content=\"GARCIA FAURA\" \/>\n<meta property=\"article:published_time\" content=\"2016-03-14T00:00:00+00:00\" \/>\n<meta property=\"article:modified_time\" content=\"2019-06-03T18:11:02+00:00\" \/>\n<meta property=\"og:image\" content=\"https:\/\/www.garciafaura.com\/wp-content\/uploads\/2018\/11\/massana_00.jpg\" \/>\n\t<meta property=\"og:image:width\" content=\"1\" \/>\n\t<meta property=\"og:image:height\" content=\"1\" \/>\n\t<meta property=\"og:image:type\" content=\"image\/jpeg\" \/>\n<meta name=\"author\" content=\"David Achell\" \/>\n<meta name=\"twitter:card\" content=\"summary_large_image\" \/>\n<meta name=\"twitter:label1\" content=\"\u00c9crit par\" \/>\n\t<meta name=\"twitter:data1\" content=\"David Achell\" \/>\n<script type=\"application\/ld+json\" class=\"yoast-schema-graph\">{\"@context\":\"https:\/\/schema.org\",\"@graph\":[{\"@type\":\"Article\",\"@id\":\"https:\/\/www.garciafaura.com\/fr\/facades-et-fermetures-de-garcia-faura-dans-le-nouveau-batiment-de-la-massana\/#article\",\"isPartOf\":{\"@id\":\"https:\/\/www.garciafaura.com\/fr\/facades-et-fermetures-de-garcia-faura-dans-le-nouveau-batiment-de-la-massana\/\"},\"author\":{\"name\":\"David Achell\",\"@id\":\"https:\/\/www.garciafaura.com\/fr\/#\/schema\/person\/b4b75e69b33fac3446071909bec106b0\"},\"headline\":\"Fa\u00e7ades et fermetures de GARCIA FAURA dans le nouveau b\u00e2timent de La Massana\",\"datePublished\":\"2016-03-14T00:00:00+00:00\",\"dateModified\":\"2019-06-03T18:11:02+00:00\",\"mainEntityOfPage\":{\"@id\":\"https:\/\/www.garciafaura.com\/fr\/facades-et-fermetures-de-garcia-faura-dans-le-nouveau-batiment-de-la-massana\/\"},\"wordCount\":102,\"commentCount\":0,\"publisher\":{\"@id\":\"https:\/\/www.garciafaura.com\/fr\/#organization\"},\"image\":{\"@id\":\"https:\/\/www.garciafaura.com\/fr\/facades-et-fermetures-de-garcia-faura-dans-le-nouveau-batiment-de-la-massana\/#primaryimage\"},\"thumbnailUrl\":\"https:\/\/www.garciafaura.com\/wp-content\/uploads\/2018\/11\/massana_00.jpg\",\"articleSection\":[\"Actualit\u00e9\"],\"inLanguage\":\"fr-FR\",\"potentialAction\":[{\"@type\":\"CommentAction\",\"name\":\"Comment\",\"target\":[\"https:\/\/www.garciafaura.com\/fr\/facades-et-fermetures-de-garcia-faura-dans-le-nouveau-batiment-de-la-massana\/#respond\"]}]},{\"@type\":\"WebPage\",\"@id\":\"https:\/\/www.garciafaura.com\/fr\/facades-et-fermetures-de-garcia-faura-dans-le-nouveau-batiment-de-la-massana\/\",\"url\":\"https:\/\/www.garciafaura.com\/fr\/facades-et-fermetures-de-garcia-faura-dans-le-nouveau-batiment-de-la-massana\/\",\"name\":\"Fa\u00e7ades et fermetures de GARCIA FAURA dans le nouveau b\u00e2timent de La Massana - GARCIA FAURA\",\"isPartOf\":{\"@id\":\"https:\/\/www.garciafaura.com\/fr\/#website\"},\"primaryImageOfPage\":{\"@id\":\"https:\/\/www.garciafaura.com\/fr\/facades-et-fermetures-de-garcia-faura-dans-le-nouveau-batiment-de-la-massana\/#primaryimage\"},\"image\":{\"@id\":\"https:\/\/www.garciafaura.com\/fr\/facades-et-fermetures-de-garcia-faura-dans-le-nouveau-batiment-de-la-massana\/#primaryimage\"},\"thumbnailUrl\":\"https:\/\/www.garciafaura.com\/wp-content\/uploads\/2018\/11\/massana_00.jpg\",\"datePublished\":\"2016-03-14T00:00:00+00:00\",\"dateModified\":\"2019-06-03T18:11:02+00:00\",\"description\":\"Arquitectura en Alumini, Inox, Ferro i Vidre\",\"breadcrumb\":{\"@id\":\"https:\/\/www.garciafaura.com\/fr\/facades-et-fermetures-de-garcia-faura-dans-le-nouveau-batiment-de-la-massana\/#breadcrumb\"},\"inLanguage\":\"fr-FR\",\"potentialAction\":[{\"@type\":\"ReadAction\",\"target\":[\"https:\/\/www.garciafaura.com\/fr\/facades-et-fermetures-de-garcia-faura-dans-le-nouveau-batiment-de-la-massana\/\"]}]},{\"@type\":\"ImageObject\",\"inLanguage\":\"fr-FR\",\"@id\":\"https:\/\/www.garciafaura.com\/fr\/facades-et-fermetures-de-garcia-faura-dans-le-nouveau-batiment-de-la-massana\/#primaryimage\",\"url\":\"https:\/\/www.garciafaura.com\/wp-content\/uploads\/2018\/11\/massana_00.jpg\",\"contentUrl\":\"https:\/\/www.garciafaura.com\/wp-content\/uploads\/2018\/11\/massana_00.jpg\"},{\"@type\":\"BreadcrumbList\",\"@id\":\"https:\/\/www.garciafaura.com\/fr\/facades-et-fermetures-de-garcia-faura-dans-le-nouveau-batiment-de-la-massana\/#breadcrumb\",\"itemListElement\":[{\"@type\":\"ListItem\",\"position\":1,\"name\":\"Inici\",\"item\":\"https:\/\/www.garciafaura.com\/fr\/\"},{\"@type\":\"ListItem\",\"position\":2,\"name\":\"Fa\u00e7ades et fermetures de GARCIA FAURA dans le nouveau b\u00e2timent de La Massana\"}]},{\"@type\":\"WebSite\",\"@id\":\"https:\/\/www.garciafaura.com\/fr\/#website\",\"url\":\"https:\/\/www.garciafaura.com\/fr\/\",\"name\":\"GARCIA FAURA\",\"description\":\"Arquitectura en Alumini, Inox, Ferro i Vidre\",\"publisher\":{\"@id\":\"https:\/\/www.garciafaura.com\/fr\/#organization\"},\"potentialAction\":[{\"@type\":\"SearchAction\",\"target\":{\"@type\":\"EntryPoint\",\"urlTemplate\":\"https:\/\/www.garciafaura.com\/fr\/?s={search_term_string}\"},\"query-input\":{\"@type\":\"PropertyValueSpecification\",\"valueRequired\":true,\"valueName\":\"search_term_string\"}}],\"inLanguage\":\"fr-FR\"},{\"@type\":\"Organization\",\"@id\":\"https:\/\/www.garciafaura.com\/fr\/#organization\",\"name\":\"GARCIA FAURA\",\"url\":\"https:\/\/www.garciafaura.com\/fr\/\",\"logo\":{\"@type\":\"ImageObject\",\"inLanguage\":\"fr-FR\",\"@id\":\"https:\/\/www.garciafaura.com\/fr\/#\/schema\/logo\/image\/\",\"url\":\"https:\/\/www.garciafaura.com\/wp-content\/uploads\/2018\/09\/Garcia-Faura.png\",\"contentUrl\":\"https:\/\/www.garciafaura.com\/wp-content\/uploads\/2018\/09\/Garcia-Faura.png\",\"width\":512,\"height\":512,\"caption\":\"GARCIA FAURA\"},\"image\":{\"@id\":\"https:\/\/www.garciafaura.com\/fr\/#\/schema\/logo\/image\/\"},\"sameAs\":[\"https:\/\/www.youtube.com\/user\/GARCIAFAURA\"]},{\"@type\":\"Person\",\"@id\":\"https:\/\/www.garciafaura.com\/fr\/#\/schema\/person\/b4b75e69b33fac3446071909bec106b0\",\"name\":\"David Achell\",\"image\":{\"@type\":\"ImageObject\",\"inLanguage\":\"fr-FR\",\"@id\":\"https:\/\/www.garciafaura.com\/fr\/#\/schema\/person\/image\/\",\"url\":\"https:\/\/secure.gravatar.com\/avatar\/03900210afc1f61bce737bcb4a79c02e2c997f171e3eca839b5a4cbe03846c90?s=96&d=blank&r=g\",\"contentUrl\":\"https:\/\/secure.gravatar.com\/avatar\/03900210afc1f61bce737bcb4a79c02e2c997f171e3eca839b5a4cbe03846c90?s=96&d=blank&r=g\",\"caption\":\"David Achell\"}}]}<\/script>\n<!-- \/ Yoast SEO plugin. -->","yoast_head_json":{"title":"Fa\u00e7ades et fermetures de GARCIA FAURA dans le nouveau b\u00e2timent de La Massana - GARCIA FAURA","description":"Arquitectura en Alumini, Inox, Ferro i Vidre","robots":{"index":"index","follow":"follow","max-snippet":"max-snippet:-1","max-image-preview":"max-image-preview:large","max-video-preview":"max-video-preview:-1"},"canonical":"https:\/\/www.garciafaura.com\/fr\/facades-et-fermetures-de-garcia-faura-dans-le-nouveau-batiment-de-la-massana\/","og_locale":"fr_FR","og_type":"article","og_title":"Fa\u00e7ades et fermetures de GARCIA FAURA dans le nouveau b\u00e2timent de La Massana - GARCIA FAURA","og_description":"Arquitectura en Alumini, Inox, Ferro i Vidre","og_url":"https:\/\/www.garciafaura.com\/fr\/facades-et-fermetures-de-garcia-faura-dans-le-nouveau-batiment-de-la-massana\/","og_site_name":"GARCIA FAURA","article_published_time":"2016-03-14T00:00:00+00:00","article_modified_time":"2019-06-03T18:11:02+00:00","og_image":[{"url":"https:\/\/www.garciafaura.com\/wp-content\/uploads\/2018\/11\/massana_00.jpg","width":1,"height":1,"type":"image\/jpeg"}],"author":"David Achell","twitter_card":"summary_large_image","twitter_misc":{"\u00c9crit par":"David Achell"},"schema":{"@context":"https:\/\/schema.org","@graph":[{"@type":"Article","@id":"https:\/\/www.garciafaura.com\/fr\/facades-et-fermetures-de-garcia-faura-dans-le-nouveau-batiment-de-la-massana\/#article","isPartOf":{"@id":"https:\/\/www.garciafaura.com\/fr\/facades-et-fermetures-de-garcia-faura-dans-le-nouveau-batiment-de-la-massana\/"},"author":{"name":"David Achell","@id":"https:\/\/www.garciafaura.com\/fr\/#\/schema\/person\/b4b75e69b33fac3446071909bec106b0"},"headline":"Fa\u00e7ades et fermetures de GARCIA FAURA dans le nouveau b\u00e2timent de La Massana","datePublished":"2016-03-14T00:00:00+00:00","dateModified":"2019-06-03T18:11:02+00:00","mainEntityOfPage":{"@id":"https:\/\/www.garciafaura.com\/fr\/facades-et-fermetures-de-garcia-faura-dans-le-nouveau-batiment-de-la-massana\/"},"wordCount":102,"commentCount":0,"publisher":{"@id":"https:\/\/www.garciafaura.com\/fr\/#organization"},"image":{"@id":"https:\/\/www.garciafaura.com\/fr\/facades-et-fermetures-de-garcia-faura-dans-le-nouveau-batiment-de-la-massana\/#primaryimage"},"thumbnailUrl":"https:\/\/www.garciafaura.com\/wp-content\/uploads\/2018\/11\/massana_00.jpg","articleSection":["Actualit\u00e9"],"inLanguage":"fr-FR","potentialAction":[{"@type":"CommentAction","name":"Comment","target":["https:\/\/www.garciafaura.com\/fr\/facades-et-fermetures-de-garcia-faura-dans-le-nouveau-batiment-de-la-massana\/#respond"]}]},{"@type":"WebPage","@id":"https:\/\/www.garciafaura.com\/fr\/facades-et-fermetures-de-garcia-faura-dans-le-nouveau-batiment-de-la-massana\/","url":"https:\/\/www.garciafaura.com\/fr\/facades-et-fermetures-de-garcia-faura-dans-le-nouveau-batiment-de-la-massana\/","name":"Fa\u00e7ades et fermetures de GARCIA FAURA dans le nouveau b\u00e2timent de La Massana - GARCIA FAURA","isPartOf":{"@id":"https:\/\/www.garciafaura.com\/fr\/#website"},"primaryImageOfPage":{"@id":"https:\/\/www.garciafaura.com\/fr\/facades-et-fermetures-de-garcia-faura-dans-le-nouveau-batiment-de-la-massana\/#primaryimage"},"image":{"@id":"https:\/\/www.garciafaura.com\/fr\/facades-et-fermetures-de-garcia-faura-dans-le-nouveau-batiment-de-la-massana\/#primaryimage"},"thumbnailUrl":"https:\/\/www.garciafaura.com\/wp-content\/uploads\/2018\/11\/massana_00.jpg","datePublished":"2016-03-14T00:00:00+00:00","dateModified":"2019-06-03T18:11:02+00:00","description":"Arquitectura en Alumini, Inox, Ferro i Vidre","breadcrumb":{"@id":"https:\/\/www.garciafaura.com\/fr\/facades-et-fermetures-de-garcia-faura-dans-le-nouveau-batiment-de-la-massana\/#breadcrumb"},"inLanguage":"fr-FR","potentialAction":[{"@type":"ReadAction","target":["https:\/\/www.garciafaura.com\/fr\/facades-et-fermetures-de-garcia-faura-dans-le-nouveau-batiment-de-la-massana\/"]}]},{"@type":"ImageObject","inLanguage":"fr-FR","@id":"https:\/\/www.garciafaura.com\/fr\/facades-et-fermetures-de-garcia-faura-dans-le-nouveau-batiment-de-la-massana\/#primaryimage","url":"https:\/\/www.garciafaura.com\/wp-content\/uploads\/2018\/11\/massana_00.jpg","contentUrl":"https:\/\/www.garciafaura.com\/wp-content\/uploads\/2018\/11\/massana_00.jpg"},{"@type":"BreadcrumbList","@id":"https:\/\/www.garciafaura.com\/fr\/facades-et-fermetures-de-garcia-faura-dans-le-nouveau-batiment-de-la-massana\/#breadcrumb","itemListElement":[{"@type":"ListItem","position":1,"name":"Inici","item":"https:\/\/www.garciafaura.com\/fr\/"},{"@type":"ListItem","position":2,"name":"Fa\u00e7ades et fermetures de GARCIA FAURA dans le nouveau b\u00e2timent de La Massana"}]},{"@type":"WebSite","@id":"https:\/\/www.garciafaura.com\/fr\/#website","url":"https:\/\/www.garciafaura.com\/fr\/","name":"GARCIA FAURA","description":"Arquitectura en Alumini, Inox, Ferro i Vidre","publisher":{"@id":"https:\/\/www.garciafaura.com\/fr\/#organization"},"potentialAction":[{"@type":"SearchAction","target":{"@type":"EntryPoint","urlTemplate":"https:\/\/www.garciafaura.com\/fr\/?s={search_term_string}"},"query-input":{"@type":"PropertyValueSpecification","valueRequired":true,"valueName":"search_term_string"}}],"inLanguage":"fr-FR"},{"@type":"Organization","@id":"https:\/\/www.garciafaura.com\/fr\/#organization","name":"GARCIA FAURA","url":"https:\/\/www.garciafaura.com\/fr\/","logo":{"@type":"ImageObject","inLanguage":"fr-FR","@id":"https:\/\/www.garciafaura.com\/fr\/#\/schema\/logo\/image\/","url":"https:\/\/www.garciafaura.com\/wp-content\/uploads\/2018\/09\/Garcia-Faura.png","contentUrl":"https:\/\/www.garciafaura.com\/wp-content\/uploads\/2018\/09\/Garcia-Faura.png","width":512,"height":512,"caption":"GARCIA FAURA"},"image":{"@id":"https:\/\/www.garciafaura.com\/fr\/#\/schema\/logo\/image\/"},"sameAs":["https:\/\/www.youtube.com\/user\/GARCIAFAURA"]},{"@type":"Person","@id":"https:\/\/www.garciafaura.com\/fr\/#\/schema\/person\/b4b75e69b33fac3446071909bec106b0","name":"David Achell","image":{"@type":"ImageObject","inLanguage":"fr-FR","@id":"https:\/\/www.garciafaura.com\/fr\/#\/schema\/person\/image\/","url":"https:\/\/secure.gravatar.com\/avatar\/03900210afc1f61bce737bcb4a79c02e2c997f171e3eca839b5a4cbe03846c90?s=96&d=blank&r=g","contentUrl":"https:\/\/secure.gravatar.com\/avatar\/03900210afc1f61bce737bcb4a79c02e2c997f171e3eca839b5a4cbe03846c90?s=96&d=blank&r=g","caption":"David Achell"}}]}},"_links":{"self":[{"href":"https:\/\/www.garciafaura.com\/fr\/wp-json\/wp\/v2\/posts\/6491","targetHints":{"allow":["GET"]}}],"collection":[{"href":"https:\/\/www.garciafaura.com\/fr\/wp-json\/wp\/v2\/posts"}],"about":[{"href":"https:\/\/www.garciafaura.com\/fr\/wp-json\/wp\/v2\/types\/post"}],"author":[{"embeddable":true,"href":"https:\/\/www.garciafaura.com\/fr\/wp-json\/wp\/v2\/users\/3"}],"replies":[{"embeddable":true,"href":"https:\/\/www.garciafaura.com\/fr\/wp-json\/wp\/v2\/comments?post=6491"}],"version-history":[{"count":1,"href":"https:\/\/www.garciafaura.com\/fr\/wp-json\/wp\/v2\/posts\/6491\/revisions"}],"predecessor-version":[{"id":21822,"href":"https:\/\/www.garciafaura.com\/fr\/wp-json\/wp\/v2\/posts\/6491\/revisions\/21822"}],"wp:featuredmedia":[{"embeddable":true,"href":"https:\/\/www.garciafaura.com\/fr\/wp-json\/wp\/v2\/media\/6461"}],"wp:attachment":[{"href":"https:\/\/www.garciafaura.com\/fr\/wp-json\/wp\/v2\/media?parent=6491"}],"wp:term":[{"taxonomy":"category","embeddable":true,"href":"https:\/\/www.garciafaura.com\/fr\/wp-json\/wp\/v2\/categories?post=6491"},{"taxonomy":"post_tag","embeddable":true,"href":"https:\/\/www.garciafaura.com\/fr\/wp-json\/wp\/v2\/tags?post=6491"},{"taxonomy":"post_series","embeddable":true,"href":"https:\/\/www.garciafaura.com\/fr\/wp-json\/wp\/v2\/post_series?post=6491"}],"curies":[{"name":"wp","href":"https:\/\/api.w.org\/{rel}","templated":true}]}}