{"id":6379,"date":"2015-09-09T00:00:00","date_gmt":"2015-09-09T00:00:00","guid":{"rendered":"https:\/\/www.garciafaura.com\/les-cloture-de-garcia-faura-pour-le-nouveau-marche-de-gava\/"},"modified":"2019-06-03T18:12:16","modified_gmt":"2019-06-03T18:12:16","slug":"les-cloture-de-garcia-faura-pour-le-nouveau-marche-de-gava","status":"publish","type":"post","link":"https:\/\/www.garciafaura.com\/fr\/les-cloture-de-garcia-faura-pour-le-nouveau-marche-de-gava\/","title":{"rendered":"Les cl\u00f4ture de GARCIA FAURA pour le nouveau march\u00e9 de Gav\u00e0."},"content":{"rendered":"<p>&nbsp;<\/p>\n<p>L\u2019entreprise c\u2019est vu adjuger des travaux d\u2019acc\u00e8s automatiques et des cl\u00f4tures ext\u00e9rieures du nouveau march\u00e9 principal de Gav\u00e0. Le nouvel \u00e9difice, qui remplace donc l\u2019ancien si\u00e8ge du march\u00e9 au nord de la ville, est d\u00e9velopp\u00e9 par l\u2019\u00e9tude Ona Architecte. \u00c7a conception architecturale projette une meilleure continuit\u00e9 entre les espaces int\u00e9rieures et ext\u00e9rieures, \u00e0 travers de l\u2019ensemble des fermetures en aluminium et en verre, qui seront fabriqu\u00e9s et install\u00e9s par <strong>GARCIA FAURA<\/strong>.<\/p>\n","protected":false},"excerpt":{"rendered":"<p>L\u2019entreprise c\u2019est vu adjuger des travaux d\u2019acc\u00e8s automatiques et des cl\u00f4tures ext\u00e9rieures du nouveau march\u00e9 principal de Gav\u00e1. Le nouvel \u00e9difice, qui remplace donc l\u2019ancien si\u00e8ge du march\u00e9 au nord de la ville, est d\u00e9velopp\u00e9 par l\u2019\u00e9tude Ona Architecte. \u00c7a conception architecturale projette une meilleure continuit\u00e9 entre les espaces int\u00e9rieures et ext\u00e9rieures, \u00e0 travers de l\u2019ensemble des fermetures en aluminium et en verre, qui seront fabriqu\u00e9s et install\u00e9s par GARCIA FAURA.<\/p>\n","protected":false},"author":3,"featured_media":6361,"comment_status":"open","ping_status":"open","sticky":false,"template":"","format":"standard","meta":{"footnotes":""},"categories":[2],"tags":[],"post_series":[],"class_list":["post-6379","post","type-post","status-publish","format-standard","has-post-thumbnail","hentry","category-actualite","entry","has-media"],"yoast_head":"<!-- This site is optimized with the Yoast SEO plugin v26.7 - https:\/\/yoast.com\/wordpress\/plugins\/seo\/ -->\n<title>Les cl\u00f4ture de GARCIA FAURA pour le nouveau march\u00e9 de Gav\u00e0. - GARCIA FAURA<\/title>\n<meta name=\"description\" content=\"Arquitectura en Alumini, Inox, Ferro i Vidre\" \/>\n<meta name=\"robots\" content=\"index, follow, max-snippet:-1, max-image-preview:large, max-video-preview:-1\" \/>\n<link rel=\"canonical\" href=\"https:\/\/www.garciafaura.com\/fr\/les-cloture-de-garcia-faura-pour-le-nouveau-marche-de-gava\/\" \/>\n<meta property=\"og:locale\" content=\"fr_FR\" \/>\n<meta property=\"og:type\" content=\"article\" \/>\n<meta property=\"og:title\" content=\"Les cl\u00f4ture de GARCIA FAURA pour le nouveau march\u00e9 de Gav\u00e0. - GARCIA FAURA\" \/>\n<meta property=\"og:description\" content=\"Arquitectura en Alumini, Inox, Ferro i Vidre\" \/>\n<meta property=\"og:url\" content=\"https:\/\/www.garciafaura.com\/fr\/les-cloture-de-garcia-faura-pour-le-nouveau-marche-de-gava\/\" \/>\n<meta property=\"og:site_name\" content=\"GARCIA FAURA\" \/>\n<meta property=\"article:published_time\" content=\"2015-09-09T00:00:00+00:00\" \/>\n<meta property=\"article:modified_time\" content=\"2019-06-03T18:12:16+00:00\" \/>\n<meta property=\"og:image\" content=\"https:\/\/www.garciafaura.com\/wp-content\/uploads\/2018\/11\/mercagava_01.jpg\" \/>\n\t<meta property=\"og:image:width\" content=\"1\" \/>\n\t<meta property=\"og:image:height\" content=\"1\" \/>\n\t<meta property=\"og:image:type\" content=\"image\/jpeg\" \/>\n<meta name=\"author\" content=\"David Achell\" \/>\n<meta name=\"twitter:card\" content=\"summary_large_image\" \/>\n<meta name=\"twitter:label1\" content=\"\u00c9crit par\" \/>\n\t<meta name=\"twitter:data1\" content=\"David Achell\" \/>\n<script type=\"application\/ld+json\" class=\"yoast-schema-graph\">{\"@context\":\"https:\/\/schema.org\",\"@graph\":[{\"@type\":\"Article\",\"@id\":\"https:\/\/www.garciafaura.com\/fr\/les-cloture-de-garcia-faura-pour-le-nouveau-marche-de-gava\/#article\",\"isPartOf\":{\"@id\":\"https:\/\/www.garciafaura.com\/fr\/les-cloture-de-garcia-faura-pour-le-nouveau-marche-de-gava\/\"},\"author\":{\"name\":\"David Achell\",\"@id\":\"https:\/\/www.garciafaura.com\/fr\/#\/schema\/person\/b4b75e69b33fac3446071909bec106b0\"},\"headline\":\"Les cl\u00f4ture de GARCIA FAURA pour le nouveau march\u00e9 de Gav\u00e0.\",\"datePublished\":\"2015-09-09T00:00:00+00:00\",\"dateModified\":\"2019-06-03T18:12:16+00:00\",\"mainEntityOfPage\":{\"@id\":\"https:\/\/www.garciafaura.com\/fr\/les-cloture-de-garcia-faura-pour-le-nouveau-marche-de-gava\/\"},\"wordCount\":98,\"commentCount\":0,\"publisher\":{\"@id\":\"https:\/\/www.garciafaura.com\/fr\/#organization\"},\"image\":{\"@id\":\"https:\/\/www.garciafaura.com\/fr\/les-cloture-de-garcia-faura-pour-le-nouveau-marche-de-gava\/#primaryimage\"},\"thumbnailUrl\":\"https:\/\/www.garciafaura.com\/wp-content\/uploads\/2018\/11\/mercagava_01.jpg\",\"articleSection\":[\"Actualit\u00e9\"],\"inLanguage\":\"fr-FR\",\"potentialAction\":[{\"@type\":\"CommentAction\",\"name\":\"Comment\",\"target\":[\"https:\/\/www.garciafaura.com\/fr\/les-cloture-de-garcia-faura-pour-le-nouveau-marche-de-gava\/#respond\"]}]},{\"@type\":\"WebPage\",\"@id\":\"https:\/\/www.garciafaura.com\/fr\/les-cloture-de-garcia-faura-pour-le-nouveau-marche-de-gava\/\",\"url\":\"https:\/\/www.garciafaura.com\/fr\/les-cloture-de-garcia-faura-pour-le-nouveau-marche-de-gava\/\",\"name\":\"Les cl\u00f4ture de GARCIA FAURA pour le nouveau march\u00e9 de Gav\u00e0. - GARCIA FAURA\",\"isPartOf\":{\"@id\":\"https:\/\/www.garciafaura.com\/fr\/#website\"},\"primaryImageOfPage\":{\"@id\":\"https:\/\/www.garciafaura.com\/fr\/les-cloture-de-garcia-faura-pour-le-nouveau-marche-de-gava\/#primaryimage\"},\"image\":{\"@id\":\"https:\/\/www.garciafaura.com\/fr\/les-cloture-de-garcia-faura-pour-le-nouveau-marche-de-gava\/#primaryimage\"},\"thumbnailUrl\":\"https:\/\/www.garciafaura.com\/wp-content\/uploads\/2018\/11\/mercagava_01.jpg\",\"datePublished\":\"2015-09-09T00:00:00+00:00\",\"dateModified\":\"2019-06-03T18:12:16+00:00\",\"description\":\"Arquitectura en Alumini, Inox, Ferro i Vidre\",\"breadcrumb\":{\"@id\":\"https:\/\/www.garciafaura.com\/fr\/les-cloture-de-garcia-faura-pour-le-nouveau-marche-de-gava\/#breadcrumb\"},\"inLanguage\":\"fr-FR\",\"potentialAction\":[{\"@type\":\"ReadAction\",\"target\":[\"https:\/\/www.garciafaura.com\/fr\/les-cloture-de-garcia-faura-pour-le-nouveau-marche-de-gava\/\"]}]},{\"@type\":\"ImageObject\",\"inLanguage\":\"fr-FR\",\"@id\":\"https:\/\/www.garciafaura.com\/fr\/les-cloture-de-garcia-faura-pour-le-nouveau-marche-de-gava\/#primaryimage\",\"url\":\"https:\/\/www.garciafaura.com\/wp-content\/uploads\/2018\/11\/mercagava_01.jpg\",\"contentUrl\":\"https:\/\/www.garciafaura.com\/wp-content\/uploads\/2018\/11\/mercagava_01.jpg\"},{\"@type\":\"BreadcrumbList\",\"@id\":\"https:\/\/www.garciafaura.com\/fr\/les-cloture-de-garcia-faura-pour-le-nouveau-marche-de-gava\/#breadcrumb\",\"itemListElement\":[{\"@type\":\"ListItem\",\"position\":1,\"name\":\"Inici\",\"item\":\"https:\/\/www.garciafaura.com\/fr\/\"},{\"@type\":\"ListItem\",\"position\":2,\"name\":\"Les cl\u00f4ture de GARCIA FAURA pour le nouveau march\u00e9 de Gav\u00e0.\"}]},{\"@type\":\"WebSite\",\"@id\":\"https:\/\/www.garciafaura.com\/fr\/#website\",\"url\":\"https:\/\/www.garciafaura.com\/fr\/\",\"name\":\"GARCIA FAURA\",\"description\":\"Arquitectura en Alumini, Inox, Ferro i Vidre\",\"publisher\":{\"@id\":\"https:\/\/www.garciafaura.com\/fr\/#organization\"},\"potentialAction\":[{\"@type\":\"SearchAction\",\"target\":{\"@type\":\"EntryPoint\",\"urlTemplate\":\"https:\/\/www.garciafaura.com\/fr\/?s={search_term_string}\"},\"query-input\":{\"@type\":\"PropertyValueSpecification\",\"valueRequired\":true,\"valueName\":\"search_term_string\"}}],\"inLanguage\":\"fr-FR\"},{\"@type\":\"Organization\",\"@id\":\"https:\/\/www.garciafaura.com\/fr\/#organization\",\"name\":\"GARCIA FAURA\",\"url\":\"https:\/\/www.garciafaura.com\/fr\/\",\"logo\":{\"@type\":\"ImageObject\",\"inLanguage\":\"fr-FR\",\"@id\":\"https:\/\/www.garciafaura.com\/fr\/#\/schema\/logo\/image\/\",\"url\":\"https:\/\/www.garciafaura.com\/wp-content\/uploads\/2018\/09\/Garcia-Faura.png\",\"contentUrl\":\"https:\/\/www.garciafaura.com\/wp-content\/uploads\/2018\/09\/Garcia-Faura.png\",\"width\":512,\"height\":512,\"caption\":\"GARCIA FAURA\"},\"image\":{\"@id\":\"https:\/\/www.garciafaura.com\/fr\/#\/schema\/logo\/image\/\"},\"sameAs\":[\"https:\/\/www.youtube.com\/user\/GARCIAFAURA\"]},{\"@type\":\"Person\",\"@id\":\"https:\/\/www.garciafaura.com\/fr\/#\/schema\/person\/b4b75e69b33fac3446071909bec106b0\",\"name\":\"David Achell\",\"image\":{\"@type\":\"ImageObject\",\"inLanguage\":\"fr-FR\",\"@id\":\"https:\/\/www.garciafaura.com\/fr\/#\/schema\/person\/image\/\",\"url\":\"https:\/\/secure.gravatar.com\/avatar\/03900210afc1f61bce737bcb4a79c02e2c997f171e3eca839b5a4cbe03846c90?s=96&d=blank&r=g\",\"contentUrl\":\"https:\/\/secure.gravatar.com\/avatar\/03900210afc1f61bce737bcb4a79c02e2c997f171e3eca839b5a4cbe03846c90?s=96&d=blank&r=g\",\"caption\":\"David Achell\"}}]}<\/script>\n<!-- \/ Yoast SEO plugin. -->","yoast_head_json":{"title":"Les cl\u00f4ture de GARCIA FAURA pour le nouveau march\u00e9 de Gav\u00e0. - GARCIA FAURA","description":"Arquitectura en Alumini, Inox, Ferro i Vidre","robots":{"index":"index","follow":"follow","max-snippet":"max-snippet:-1","max-image-preview":"max-image-preview:large","max-video-preview":"max-video-preview:-1"},"canonical":"https:\/\/www.garciafaura.com\/fr\/les-cloture-de-garcia-faura-pour-le-nouveau-marche-de-gava\/","og_locale":"fr_FR","og_type":"article","og_title":"Les cl\u00f4ture de GARCIA FAURA pour le nouveau march\u00e9 de Gav\u00e0. - GARCIA FAURA","og_description":"Arquitectura en Alumini, Inox, Ferro i Vidre","og_url":"https:\/\/www.garciafaura.com\/fr\/les-cloture-de-garcia-faura-pour-le-nouveau-marche-de-gava\/","og_site_name":"GARCIA FAURA","article_published_time":"2015-09-09T00:00:00+00:00","article_modified_time":"2019-06-03T18:12:16+00:00","og_image":[{"url":"https:\/\/www.garciafaura.com\/wp-content\/uploads\/2018\/11\/mercagava_01.jpg","width":1,"height":1,"type":"image\/jpeg"}],"author":"David Achell","twitter_card":"summary_large_image","twitter_misc":{"\u00c9crit par":"David Achell"},"schema":{"@context":"https:\/\/schema.org","@graph":[{"@type":"Article","@id":"https:\/\/www.garciafaura.com\/fr\/les-cloture-de-garcia-faura-pour-le-nouveau-marche-de-gava\/#article","isPartOf":{"@id":"https:\/\/www.garciafaura.com\/fr\/les-cloture-de-garcia-faura-pour-le-nouveau-marche-de-gava\/"},"author":{"name":"David Achell","@id":"https:\/\/www.garciafaura.com\/fr\/#\/schema\/person\/b4b75e69b33fac3446071909bec106b0"},"headline":"Les cl\u00f4ture de GARCIA FAURA pour le nouveau march\u00e9 de Gav\u00e0.","datePublished":"2015-09-09T00:00:00+00:00","dateModified":"2019-06-03T18:12:16+00:00","mainEntityOfPage":{"@id":"https:\/\/www.garciafaura.com\/fr\/les-cloture-de-garcia-faura-pour-le-nouveau-marche-de-gava\/"},"wordCount":98,"commentCount":0,"publisher":{"@id":"https:\/\/www.garciafaura.com\/fr\/#organization"},"image":{"@id":"https:\/\/www.garciafaura.com\/fr\/les-cloture-de-garcia-faura-pour-le-nouveau-marche-de-gava\/#primaryimage"},"thumbnailUrl":"https:\/\/www.garciafaura.com\/wp-content\/uploads\/2018\/11\/mercagava_01.jpg","articleSection":["Actualit\u00e9"],"inLanguage":"fr-FR","potentialAction":[{"@type":"CommentAction","name":"Comment","target":["https:\/\/www.garciafaura.com\/fr\/les-cloture-de-garcia-faura-pour-le-nouveau-marche-de-gava\/#respond"]}]},{"@type":"WebPage","@id":"https:\/\/www.garciafaura.com\/fr\/les-cloture-de-garcia-faura-pour-le-nouveau-marche-de-gava\/","url":"https:\/\/www.garciafaura.com\/fr\/les-cloture-de-garcia-faura-pour-le-nouveau-marche-de-gava\/","name":"Les cl\u00f4ture de GARCIA FAURA pour le nouveau march\u00e9 de Gav\u00e0. - GARCIA FAURA","isPartOf":{"@id":"https:\/\/www.garciafaura.com\/fr\/#website"},"primaryImageOfPage":{"@id":"https:\/\/www.garciafaura.com\/fr\/les-cloture-de-garcia-faura-pour-le-nouveau-marche-de-gava\/#primaryimage"},"image":{"@id":"https:\/\/www.garciafaura.com\/fr\/les-cloture-de-garcia-faura-pour-le-nouveau-marche-de-gava\/#primaryimage"},"thumbnailUrl":"https:\/\/www.garciafaura.com\/wp-content\/uploads\/2018\/11\/mercagava_01.jpg","datePublished":"2015-09-09T00:00:00+00:00","dateModified":"2019-06-03T18:12:16+00:00","description":"Arquitectura en Alumini, Inox, Ferro i Vidre","breadcrumb":{"@id":"https:\/\/www.garciafaura.com\/fr\/les-cloture-de-garcia-faura-pour-le-nouveau-marche-de-gava\/#breadcrumb"},"inLanguage":"fr-FR","potentialAction":[{"@type":"ReadAction","target":["https:\/\/www.garciafaura.com\/fr\/les-cloture-de-garcia-faura-pour-le-nouveau-marche-de-gava\/"]}]},{"@type":"ImageObject","inLanguage":"fr-FR","@id":"https:\/\/www.garciafaura.com\/fr\/les-cloture-de-garcia-faura-pour-le-nouveau-marche-de-gava\/#primaryimage","url":"https:\/\/www.garciafaura.com\/wp-content\/uploads\/2018\/11\/mercagava_01.jpg","contentUrl":"https:\/\/www.garciafaura.com\/wp-content\/uploads\/2018\/11\/mercagava_01.jpg"},{"@type":"BreadcrumbList","@id":"https:\/\/www.garciafaura.com\/fr\/les-cloture-de-garcia-faura-pour-le-nouveau-marche-de-gava\/#breadcrumb","itemListElement":[{"@type":"ListItem","position":1,"name":"Inici","item":"https:\/\/www.garciafaura.com\/fr\/"},{"@type":"ListItem","position":2,"name":"Les cl\u00f4ture de GARCIA FAURA pour le nouveau march\u00e9 de Gav\u00e0."}]},{"@type":"WebSite","@id":"https:\/\/www.garciafaura.com\/fr\/#website","url":"https:\/\/www.garciafaura.com\/fr\/","name":"GARCIA FAURA","description":"Arquitectura en Alumini, Inox, Ferro i Vidre","publisher":{"@id":"https:\/\/www.garciafaura.com\/fr\/#organization"},"potentialAction":[{"@type":"SearchAction","target":{"@type":"EntryPoint","urlTemplate":"https:\/\/www.garciafaura.com\/fr\/?s={search_term_string}"},"query-input":{"@type":"PropertyValueSpecification","valueRequired":true,"valueName":"search_term_string"}}],"inLanguage":"fr-FR"},{"@type":"Organization","@id":"https:\/\/www.garciafaura.com\/fr\/#organization","name":"GARCIA FAURA","url":"https:\/\/www.garciafaura.com\/fr\/","logo":{"@type":"ImageObject","inLanguage":"fr-FR","@id":"https:\/\/www.garciafaura.com\/fr\/#\/schema\/logo\/image\/","url":"https:\/\/www.garciafaura.com\/wp-content\/uploads\/2018\/09\/Garcia-Faura.png","contentUrl":"https:\/\/www.garciafaura.com\/wp-content\/uploads\/2018\/09\/Garcia-Faura.png","width":512,"height":512,"caption":"GARCIA FAURA"},"image":{"@id":"https:\/\/www.garciafaura.com\/fr\/#\/schema\/logo\/image\/"},"sameAs":["https:\/\/www.youtube.com\/user\/GARCIAFAURA"]},{"@type":"Person","@id":"https:\/\/www.garciafaura.com\/fr\/#\/schema\/person\/b4b75e69b33fac3446071909bec106b0","name":"David Achell","image":{"@type":"ImageObject","inLanguage":"fr-FR","@id":"https:\/\/www.garciafaura.com\/fr\/#\/schema\/person\/image\/","url":"https:\/\/secure.gravatar.com\/avatar\/03900210afc1f61bce737bcb4a79c02e2c997f171e3eca839b5a4cbe03846c90?s=96&d=blank&r=g","contentUrl":"https:\/\/secure.gravatar.com\/avatar\/03900210afc1f61bce737bcb4a79c02e2c997f171e3eca839b5a4cbe03846c90?s=96&d=blank&r=g","caption":"David Achell"}}]}},"_links":{"self":[{"href":"https:\/\/www.garciafaura.com\/fr\/wp-json\/wp\/v2\/posts\/6379","targetHints":{"allow":["GET"]}}],"collection":[{"href":"https:\/\/www.garciafaura.com\/fr\/wp-json\/wp\/v2\/posts"}],"about":[{"href":"https:\/\/www.garciafaura.com\/fr\/wp-json\/wp\/v2\/types\/post"}],"author":[{"embeddable":true,"href":"https:\/\/www.garciafaura.com\/fr\/wp-json\/wp\/v2\/users\/3"}],"replies":[{"embeddable":true,"href":"https:\/\/www.garciafaura.com\/fr\/wp-json\/wp\/v2\/comments?post=6379"}],"version-history":[{"count":1,"href":"https:\/\/www.garciafaura.com\/fr\/wp-json\/wp\/v2\/posts\/6379\/revisions"}],"predecessor-version":[{"id":21828,"href":"https:\/\/www.garciafaura.com\/fr\/wp-json\/wp\/v2\/posts\/6379\/revisions\/21828"}],"wp:featuredmedia":[{"embeddable":true,"href":"https:\/\/www.garciafaura.com\/fr\/wp-json\/wp\/v2\/media\/6361"}],"wp:attachment":[{"href":"https:\/\/www.garciafaura.com\/fr\/wp-json\/wp\/v2\/media?parent=6379"}],"wp:term":[{"taxonomy":"category","embeddable":true,"href":"https:\/\/www.garciafaura.com\/fr\/wp-json\/wp\/v2\/categories?post=6379"},{"taxonomy":"post_tag","embeddable":true,"href":"https:\/\/www.garciafaura.com\/fr\/wp-json\/wp\/v2\/tags?post=6379"},{"taxonomy":"post_series","embeddable":true,"href":"https:\/\/www.garciafaura.com\/fr\/wp-json\/wp\/v2\/post_series?post=6379"}],"curies":[{"name":"wp","href":"https:\/\/api.w.org\/{rel}","templated":true}]}}