{"id":6359,"date":"2015-09-04T00:00:00","date_gmt":"2015-09-04T00:00:00","guid":{"rendered":"https:\/\/www.garciafaura.com\/barcelone-recupere-ledifice-calabria-66-pour-usage-citadins\/"},"modified":"2019-06-03T18:12:40","modified_gmt":"2019-06-03T18:12:40","slug":"barcelone-recupere-ledifice-calabria-66-pour-usage-citadins","status":"publish","type":"post","link":"https:\/\/www.garciafaura.com\/fr\/barcelone-recupere-ledifice-calabria-66-pour-usage-citadins\/","title":{"rendered":"Barcelone r\u00e9cup\u00e8re l\u2019\u00e9difice Calabria 66 pour usage citadins"},"content":{"rendered":"<p>&nbsp;<\/p>\n<p>Apr\u00e8s de nombreuses ann\u00e9es ferm\u00e9es, l\u2019ancien si\u00e8ge d\u2019ONCE dans le quartier de Sant Antoni est \u00e0 un point de se convertir en un nouveau p\u00f4le d\u2019\u00e9quipements sociaux, culturels et vicinaux. 11.000 m\u00e8tres carr\u00e9s de surfaces appel\u00e9s \u00e0 se convertir en un centre d\u2019\u00e9change\u00a0 d\u2019inqui\u00e9tudes citadines, avec espace pour les services municipaux, les \u00e9quipements pour le quartier et les espaces de cogestion avec entit\u00e9s et des collectifs. <strong>GARCIA FAURA<\/strong> a r\u00e9alis\u00e9 les travaux de r\u00e9novation des fa\u00e7ades en donnant un nouveau visage \u00e0 cet \u00e9difice embl\u00e9matique barcelonais.<\/p>\n","protected":false},"excerpt":{"rendered":"<p>Apr\u00e8s de nombreuses ann\u00e9es ferm\u00e9es, l\u2019ancien si\u00e8ge d\u2019ONCE dans le quartier de Sant Antoni est \u00e0 un point de se convertir en un nouveau p\u00f4le d\u2019\u00e9quipements sociaux, culturels et vicinaux. 11.000 m\u00e8tres carr\u00e9s de surfaces appel\u00e9s \u00e0 se convertir en un centre d\u2019\u00e9change  d\u2019inqui\u00e9tudes citadines, avec espace pour les services municipaux, les \u00e9quipements pour le quartier et les espaces de cogestion avec entit\u00e9s et des collectifs. GARCIA FAURA a r\u00e9alis\u00e9 les travaux de r\u00e9novation des fa\u00e7ades en donnant un nouveau visage \u00e0 cet \u00e9difice embl\u00e9matique barcelonais.<\/p>\n","protected":false},"author":3,"featured_media":6349,"comment_status":"open","ping_status":"open","sticky":false,"template":"","format":"standard","meta":{"footnotes":""},"categories":[2],"tags":[],"post_series":[],"class_list":["post-6359","post","type-post","status-publish","format-standard","has-post-thumbnail","hentry","category-actualite","entry","has-media"],"yoast_head":"<!-- This site is optimized with the Yoast SEO plugin v26.7 - https:\/\/yoast.com\/wordpress\/plugins\/seo\/ -->\n<title>Barcelone r\u00e9cup\u00e8re l\u2019\u00e9difice Calabria 66 pour usage citadins - GARCIA FAURA<\/title>\n<meta name=\"description\" content=\"Arquitectura en Alumini, Inox, Ferro i Vidre\" \/>\n<meta name=\"robots\" content=\"index, follow, max-snippet:-1, max-image-preview:large, max-video-preview:-1\" \/>\n<link rel=\"canonical\" href=\"https:\/\/www.garciafaura.com\/fr\/barcelone-recupere-ledifice-calabria-66-pour-usage-citadins\/\" \/>\n<meta property=\"og:locale\" content=\"fr_FR\" \/>\n<meta property=\"og:type\" content=\"article\" \/>\n<meta property=\"og:title\" content=\"Barcelone r\u00e9cup\u00e8re l\u2019\u00e9difice Calabria 66 pour usage citadins - GARCIA FAURA\" \/>\n<meta property=\"og:description\" content=\"Arquitectura en Alumini, Inox, Ferro i Vidre\" \/>\n<meta property=\"og:url\" content=\"https:\/\/www.garciafaura.com\/fr\/barcelone-recupere-ledifice-calabria-66-pour-usage-citadins\/\" \/>\n<meta property=\"og:site_name\" content=\"GARCIA FAURA\" \/>\n<meta property=\"article:published_time\" content=\"2015-09-04T00:00:00+00:00\" \/>\n<meta property=\"article:modified_time\" content=\"2019-06-03T18:12:40+00:00\" \/>\n<meta property=\"og:image\" content=\"https:\/\/www.garciafaura.com\/wp-content\/uploads\/2018\/11\/ute_calabria_02.jpg\" \/>\n\t<meta property=\"og:image:width\" content=\"1\" \/>\n\t<meta property=\"og:image:height\" content=\"1\" \/>\n\t<meta property=\"og:image:type\" content=\"image\/jpeg\" \/>\n<meta name=\"author\" content=\"David Achell\" \/>\n<meta name=\"twitter:card\" content=\"summary_large_image\" \/>\n<meta name=\"twitter:label1\" content=\"\u00c9crit par\" \/>\n\t<meta name=\"twitter:data1\" content=\"David Achell\" \/>\n\t<meta name=\"twitter:label2\" content=\"Dur\u00e9e de lecture estim\u00e9e\" \/>\n\t<meta name=\"twitter:data2\" content=\"1 minute\" \/>\n<script type=\"application\/ld+json\" class=\"yoast-schema-graph\">{\"@context\":\"https:\/\/schema.org\",\"@graph\":[{\"@type\":\"Article\",\"@id\":\"https:\/\/www.garciafaura.com\/fr\/barcelone-recupere-ledifice-calabria-66-pour-usage-citadins\/#article\",\"isPartOf\":{\"@id\":\"https:\/\/www.garciafaura.com\/fr\/barcelone-recupere-ledifice-calabria-66-pour-usage-citadins\/\"},\"author\":{\"name\":\"David Achell\",\"@id\":\"https:\/\/www.garciafaura.com\/fr\/#\/schema\/person\/b4b75e69b33fac3446071909bec106b0\"},\"headline\":\"Barcelone r\u00e9cup\u00e8re l\u2019\u00e9difice Calabria 66 pour usage citadins\",\"datePublished\":\"2015-09-04T00:00:00+00:00\",\"dateModified\":\"2019-06-03T18:12:40+00:00\",\"mainEntityOfPage\":{\"@id\":\"https:\/\/www.garciafaura.com\/fr\/barcelone-recupere-ledifice-calabria-66-pour-usage-citadins\/\"},\"wordCount\":112,\"commentCount\":0,\"publisher\":{\"@id\":\"https:\/\/www.garciafaura.com\/fr\/#organization\"},\"image\":{\"@id\":\"https:\/\/www.garciafaura.com\/fr\/barcelone-recupere-ledifice-calabria-66-pour-usage-citadins\/#primaryimage\"},\"thumbnailUrl\":\"https:\/\/www.garciafaura.com\/wp-content\/uploads\/2018\/11\/ute_calabria_02.jpg\",\"articleSection\":[\"Actualit\u00e9\"],\"inLanguage\":\"fr-FR\",\"potentialAction\":[{\"@type\":\"CommentAction\",\"name\":\"Comment\",\"target\":[\"https:\/\/www.garciafaura.com\/fr\/barcelone-recupere-ledifice-calabria-66-pour-usage-citadins\/#respond\"]}]},{\"@type\":\"WebPage\",\"@id\":\"https:\/\/www.garciafaura.com\/fr\/barcelone-recupere-ledifice-calabria-66-pour-usage-citadins\/\",\"url\":\"https:\/\/www.garciafaura.com\/fr\/barcelone-recupere-ledifice-calabria-66-pour-usage-citadins\/\",\"name\":\"Barcelone r\u00e9cup\u00e8re l\u2019\u00e9difice Calabria 66 pour usage citadins - GARCIA FAURA\",\"isPartOf\":{\"@id\":\"https:\/\/www.garciafaura.com\/fr\/#website\"},\"primaryImageOfPage\":{\"@id\":\"https:\/\/www.garciafaura.com\/fr\/barcelone-recupere-ledifice-calabria-66-pour-usage-citadins\/#primaryimage\"},\"image\":{\"@id\":\"https:\/\/www.garciafaura.com\/fr\/barcelone-recupere-ledifice-calabria-66-pour-usage-citadins\/#primaryimage\"},\"thumbnailUrl\":\"https:\/\/www.garciafaura.com\/wp-content\/uploads\/2018\/11\/ute_calabria_02.jpg\",\"datePublished\":\"2015-09-04T00:00:00+00:00\",\"dateModified\":\"2019-06-03T18:12:40+00:00\",\"description\":\"Arquitectura en Alumini, Inox, Ferro i Vidre\",\"breadcrumb\":{\"@id\":\"https:\/\/www.garciafaura.com\/fr\/barcelone-recupere-ledifice-calabria-66-pour-usage-citadins\/#breadcrumb\"},\"inLanguage\":\"fr-FR\",\"potentialAction\":[{\"@type\":\"ReadAction\",\"target\":[\"https:\/\/www.garciafaura.com\/fr\/barcelone-recupere-ledifice-calabria-66-pour-usage-citadins\/\"]}]},{\"@type\":\"ImageObject\",\"inLanguage\":\"fr-FR\",\"@id\":\"https:\/\/www.garciafaura.com\/fr\/barcelone-recupere-ledifice-calabria-66-pour-usage-citadins\/#primaryimage\",\"url\":\"https:\/\/www.garciafaura.com\/wp-content\/uploads\/2018\/11\/ute_calabria_02.jpg\",\"contentUrl\":\"https:\/\/www.garciafaura.com\/wp-content\/uploads\/2018\/11\/ute_calabria_02.jpg\"},{\"@type\":\"BreadcrumbList\",\"@id\":\"https:\/\/www.garciafaura.com\/fr\/barcelone-recupere-ledifice-calabria-66-pour-usage-citadins\/#breadcrumb\",\"itemListElement\":[{\"@type\":\"ListItem\",\"position\":1,\"name\":\"Inici\",\"item\":\"https:\/\/www.garciafaura.com\/fr\/\"},{\"@type\":\"ListItem\",\"position\":2,\"name\":\"Barcelone r\u00e9cup\u00e8re l\u2019\u00e9difice Calabria 66 pour usage citadins\"}]},{\"@type\":\"WebSite\",\"@id\":\"https:\/\/www.garciafaura.com\/fr\/#website\",\"url\":\"https:\/\/www.garciafaura.com\/fr\/\",\"name\":\"GARCIA FAURA\",\"description\":\"Arquitectura en Alumini, Inox, Ferro i Vidre\",\"publisher\":{\"@id\":\"https:\/\/www.garciafaura.com\/fr\/#organization\"},\"potentialAction\":[{\"@type\":\"SearchAction\",\"target\":{\"@type\":\"EntryPoint\",\"urlTemplate\":\"https:\/\/www.garciafaura.com\/fr\/?s={search_term_string}\"},\"query-input\":{\"@type\":\"PropertyValueSpecification\",\"valueRequired\":true,\"valueName\":\"search_term_string\"}}],\"inLanguage\":\"fr-FR\"},{\"@type\":\"Organization\",\"@id\":\"https:\/\/www.garciafaura.com\/fr\/#organization\",\"name\":\"GARCIA FAURA\",\"url\":\"https:\/\/www.garciafaura.com\/fr\/\",\"logo\":{\"@type\":\"ImageObject\",\"inLanguage\":\"fr-FR\",\"@id\":\"https:\/\/www.garciafaura.com\/fr\/#\/schema\/logo\/image\/\",\"url\":\"https:\/\/www.garciafaura.com\/wp-content\/uploads\/2018\/09\/Garcia-Faura.png\",\"contentUrl\":\"https:\/\/www.garciafaura.com\/wp-content\/uploads\/2018\/09\/Garcia-Faura.png\",\"width\":512,\"height\":512,\"caption\":\"GARCIA FAURA\"},\"image\":{\"@id\":\"https:\/\/www.garciafaura.com\/fr\/#\/schema\/logo\/image\/\"},\"sameAs\":[\"https:\/\/www.youtube.com\/user\/GARCIAFAURA\"]},{\"@type\":\"Person\",\"@id\":\"https:\/\/www.garciafaura.com\/fr\/#\/schema\/person\/b4b75e69b33fac3446071909bec106b0\",\"name\":\"David Achell\",\"image\":{\"@type\":\"ImageObject\",\"inLanguage\":\"fr-FR\",\"@id\":\"https:\/\/www.garciafaura.com\/fr\/#\/schema\/person\/image\/\",\"url\":\"https:\/\/secure.gravatar.com\/avatar\/03900210afc1f61bce737bcb4a79c02e2c997f171e3eca839b5a4cbe03846c90?s=96&d=blank&r=g\",\"contentUrl\":\"https:\/\/secure.gravatar.com\/avatar\/03900210afc1f61bce737bcb4a79c02e2c997f171e3eca839b5a4cbe03846c90?s=96&d=blank&r=g\",\"caption\":\"David Achell\"}}]}<\/script>\n<!-- \/ Yoast SEO plugin. -->","yoast_head_json":{"title":"Barcelone r\u00e9cup\u00e8re l\u2019\u00e9difice Calabria 66 pour usage citadins - GARCIA FAURA","description":"Arquitectura en Alumini, Inox, Ferro i Vidre","robots":{"index":"index","follow":"follow","max-snippet":"max-snippet:-1","max-image-preview":"max-image-preview:large","max-video-preview":"max-video-preview:-1"},"canonical":"https:\/\/www.garciafaura.com\/fr\/barcelone-recupere-ledifice-calabria-66-pour-usage-citadins\/","og_locale":"fr_FR","og_type":"article","og_title":"Barcelone r\u00e9cup\u00e8re l\u2019\u00e9difice Calabria 66 pour usage citadins - GARCIA FAURA","og_description":"Arquitectura en Alumini, Inox, Ferro i Vidre","og_url":"https:\/\/www.garciafaura.com\/fr\/barcelone-recupere-ledifice-calabria-66-pour-usage-citadins\/","og_site_name":"GARCIA FAURA","article_published_time":"2015-09-04T00:00:00+00:00","article_modified_time":"2019-06-03T18:12:40+00:00","og_image":[{"url":"https:\/\/www.garciafaura.com\/wp-content\/uploads\/2018\/11\/ute_calabria_02.jpg","width":1,"height":1,"type":"image\/jpeg"}],"author":"David Achell","twitter_card":"summary_large_image","twitter_misc":{"\u00c9crit par":"David Achell","Dur\u00e9e de lecture estim\u00e9e":"1 minute"},"schema":{"@context":"https:\/\/schema.org","@graph":[{"@type":"Article","@id":"https:\/\/www.garciafaura.com\/fr\/barcelone-recupere-ledifice-calabria-66-pour-usage-citadins\/#article","isPartOf":{"@id":"https:\/\/www.garciafaura.com\/fr\/barcelone-recupere-ledifice-calabria-66-pour-usage-citadins\/"},"author":{"name":"David Achell","@id":"https:\/\/www.garciafaura.com\/fr\/#\/schema\/person\/b4b75e69b33fac3446071909bec106b0"},"headline":"Barcelone r\u00e9cup\u00e8re l\u2019\u00e9difice Calabria 66 pour usage citadins","datePublished":"2015-09-04T00:00:00+00:00","dateModified":"2019-06-03T18:12:40+00:00","mainEntityOfPage":{"@id":"https:\/\/www.garciafaura.com\/fr\/barcelone-recupere-ledifice-calabria-66-pour-usage-citadins\/"},"wordCount":112,"commentCount":0,"publisher":{"@id":"https:\/\/www.garciafaura.com\/fr\/#organization"},"image":{"@id":"https:\/\/www.garciafaura.com\/fr\/barcelone-recupere-ledifice-calabria-66-pour-usage-citadins\/#primaryimage"},"thumbnailUrl":"https:\/\/www.garciafaura.com\/wp-content\/uploads\/2018\/11\/ute_calabria_02.jpg","articleSection":["Actualit\u00e9"],"inLanguage":"fr-FR","potentialAction":[{"@type":"CommentAction","name":"Comment","target":["https:\/\/www.garciafaura.com\/fr\/barcelone-recupere-ledifice-calabria-66-pour-usage-citadins\/#respond"]}]},{"@type":"WebPage","@id":"https:\/\/www.garciafaura.com\/fr\/barcelone-recupere-ledifice-calabria-66-pour-usage-citadins\/","url":"https:\/\/www.garciafaura.com\/fr\/barcelone-recupere-ledifice-calabria-66-pour-usage-citadins\/","name":"Barcelone r\u00e9cup\u00e8re l\u2019\u00e9difice Calabria 66 pour usage citadins - GARCIA FAURA","isPartOf":{"@id":"https:\/\/www.garciafaura.com\/fr\/#website"},"primaryImageOfPage":{"@id":"https:\/\/www.garciafaura.com\/fr\/barcelone-recupere-ledifice-calabria-66-pour-usage-citadins\/#primaryimage"},"image":{"@id":"https:\/\/www.garciafaura.com\/fr\/barcelone-recupere-ledifice-calabria-66-pour-usage-citadins\/#primaryimage"},"thumbnailUrl":"https:\/\/www.garciafaura.com\/wp-content\/uploads\/2018\/11\/ute_calabria_02.jpg","datePublished":"2015-09-04T00:00:00+00:00","dateModified":"2019-06-03T18:12:40+00:00","description":"Arquitectura en Alumini, Inox, Ferro i Vidre","breadcrumb":{"@id":"https:\/\/www.garciafaura.com\/fr\/barcelone-recupere-ledifice-calabria-66-pour-usage-citadins\/#breadcrumb"},"inLanguage":"fr-FR","potentialAction":[{"@type":"ReadAction","target":["https:\/\/www.garciafaura.com\/fr\/barcelone-recupere-ledifice-calabria-66-pour-usage-citadins\/"]}]},{"@type":"ImageObject","inLanguage":"fr-FR","@id":"https:\/\/www.garciafaura.com\/fr\/barcelone-recupere-ledifice-calabria-66-pour-usage-citadins\/#primaryimage","url":"https:\/\/www.garciafaura.com\/wp-content\/uploads\/2018\/11\/ute_calabria_02.jpg","contentUrl":"https:\/\/www.garciafaura.com\/wp-content\/uploads\/2018\/11\/ute_calabria_02.jpg"},{"@type":"BreadcrumbList","@id":"https:\/\/www.garciafaura.com\/fr\/barcelone-recupere-ledifice-calabria-66-pour-usage-citadins\/#breadcrumb","itemListElement":[{"@type":"ListItem","position":1,"name":"Inici","item":"https:\/\/www.garciafaura.com\/fr\/"},{"@type":"ListItem","position":2,"name":"Barcelone r\u00e9cup\u00e8re l\u2019\u00e9difice Calabria 66 pour usage citadins"}]},{"@type":"WebSite","@id":"https:\/\/www.garciafaura.com\/fr\/#website","url":"https:\/\/www.garciafaura.com\/fr\/","name":"GARCIA FAURA","description":"Arquitectura en Alumini, Inox, Ferro i Vidre","publisher":{"@id":"https:\/\/www.garciafaura.com\/fr\/#organization"},"potentialAction":[{"@type":"SearchAction","target":{"@type":"EntryPoint","urlTemplate":"https:\/\/www.garciafaura.com\/fr\/?s={search_term_string}"},"query-input":{"@type":"PropertyValueSpecification","valueRequired":true,"valueName":"search_term_string"}}],"inLanguage":"fr-FR"},{"@type":"Organization","@id":"https:\/\/www.garciafaura.com\/fr\/#organization","name":"GARCIA FAURA","url":"https:\/\/www.garciafaura.com\/fr\/","logo":{"@type":"ImageObject","inLanguage":"fr-FR","@id":"https:\/\/www.garciafaura.com\/fr\/#\/schema\/logo\/image\/","url":"https:\/\/www.garciafaura.com\/wp-content\/uploads\/2018\/09\/Garcia-Faura.png","contentUrl":"https:\/\/www.garciafaura.com\/wp-content\/uploads\/2018\/09\/Garcia-Faura.png","width":512,"height":512,"caption":"GARCIA FAURA"},"image":{"@id":"https:\/\/www.garciafaura.com\/fr\/#\/schema\/logo\/image\/"},"sameAs":["https:\/\/www.youtube.com\/user\/GARCIAFAURA"]},{"@type":"Person","@id":"https:\/\/www.garciafaura.com\/fr\/#\/schema\/person\/b4b75e69b33fac3446071909bec106b0","name":"David Achell","image":{"@type":"ImageObject","inLanguage":"fr-FR","@id":"https:\/\/www.garciafaura.com\/fr\/#\/schema\/person\/image\/","url":"https:\/\/secure.gravatar.com\/avatar\/03900210afc1f61bce737bcb4a79c02e2c997f171e3eca839b5a4cbe03846c90?s=96&d=blank&r=g","contentUrl":"https:\/\/secure.gravatar.com\/avatar\/03900210afc1f61bce737bcb4a79c02e2c997f171e3eca839b5a4cbe03846c90?s=96&d=blank&r=g","caption":"David Achell"}}]}},"_links":{"self":[{"href":"https:\/\/www.garciafaura.com\/fr\/wp-json\/wp\/v2\/posts\/6359","targetHints":{"allow":["GET"]}}],"collection":[{"href":"https:\/\/www.garciafaura.com\/fr\/wp-json\/wp\/v2\/posts"}],"about":[{"href":"https:\/\/www.garciafaura.com\/fr\/wp-json\/wp\/v2\/types\/post"}],"author":[{"embeddable":true,"href":"https:\/\/www.garciafaura.com\/fr\/wp-json\/wp\/v2\/users\/3"}],"replies":[{"embeddable":true,"href":"https:\/\/www.garciafaura.com\/fr\/wp-json\/wp\/v2\/comments?post=6359"}],"version-history":[{"count":1,"href":"https:\/\/www.garciafaura.com\/fr\/wp-json\/wp\/v2\/posts\/6359\/revisions"}],"predecessor-version":[{"id":21830,"href":"https:\/\/www.garciafaura.com\/fr\/wp-json\/wp\/v2\/posts\/6359\/revisions\/21830"}],"wp:featuredmedia":[{"embeddable":true,"href":"https:\/\/www.garciafaura.com\/fr\/wp-json\/wp\/v2\/media\/6349"}],"wp:attachment":[{"href":"https:\/\/www.garciafaura.com\/fr\/wp-json\/wp\/v2\/media?parent=6359"}],"wp:term":[{"taxonomy":"category","embeddable":true,"href":"https:\/\/www.garciafaura.com\/fr\/wp-json\/wp\/v2\/categories?post=6359"},{"taxonomy":"post_tag","embeddable":true,"href":"https:\/\/www.garciafaura.com\/fr\/wp-json\/wp\/v2\/tags?post=6359"},{"taxonomy":"post_series","embeddable":true,"href":"https:\/\/www.garciafaura.com\/fr\/wp-json\/wp\/v2\/post_series?post=6359"}],"curies":[{"name":"wp","href":"https:\/\/api.w.org\/{rel}","templated":true}]}}