{"id":6051,"date":"2014-03-12T00:00:00","date_gmt":"2014-03-12T00:00:00","guid":{"rendered":"https:\/\/www.garciafaura.com\/contrat-des-enclosures-du-la-nouvelle-morgue-a-lhospitalet\/"},"modified":"2019-06-03T18:15:21","modified_gmt":"2019-06-03T18:15:21","slug":"contrat-des-enclosures-du-la-nouvelle-morgue-a-lhospitalet","status":"publish","type":"post","link":"https:\/\/www.garciafaura.com\/fr\/contrat-des-enclosures-du-la-nouvelle-morgue-a-lhospitalet\/","title":{"rendered":"Contrat des enclosures du la nouvelle Morgue \u00e0 l\u2019Hospitalet"},"content":{"rendered":"<p>&nbsp;<\/p>\n<p><strong>GARCIA FAURA<\/strong> travaille d\u00e9j\u00e0 sur la fabrication et l&rsquo;installation des fermetures de la nouvelle Maison Fun\u00e9raire de l&rsquo;Hospitalet de Llobregat, la deuxi\u00e8me dans la ville. L&rsquo;installation est situ\u00e9e dans La Remunta, une superficie de 10 hectares, en plus de la Morgue, il est \u00e9galement pr\u00e9vu 800 maisons, plus de la moiti\u00e9 qui sera officiellement prot\u00e9g\u00e9s.<\/p>\n","protected":false},"excerpt":{"rendered":"<p>GARCIA FAURA travaille d\u00e9j\u00e0 sur la fabrication et l&rsquo;installation des fermetures de la nouvelle Maison Fun\u00e9raire de l&rsquo;Hospitalet de Llobregat, la deuxi\u00e8me dans la ville. L&rsquo;installation est situ\u00e9e dans La Remunta, une superficie de 10 hectares, en plus de la Morgue, il est \u00e9galement pr\u00e9vu 800 maisons, plus de la moiti\u00e9 qui sera officiellement prot\u00e9g\u00e9s.<\/p>\n","protected":false},"author":3,"featured_media":6033,"comment_status":"open","ping_status":"open","sticky":false,"template":"","format":"standard","meta":{"footnotes":""},"categories":[2],"tags":[],"post_series":[],"class_list":["post-6051","post","type-post","status-publish","format-standard","has-post-thumbnail","hentry","category-actualite","entry","has-media"],"yoast_head":"<!-- This site is optimized with the Yoast SEO plugin v26.7 - https:\/\/yoast.com\/wordpress\/plugins\/seo\/ -->\n<title>Contrat des enclosures du la nouvelle Morgue \u00e0 l\u2019Hospitalet - GARCIA FAURA<\/title>\n<meta name=\"description\" content=\"Arquitectura en Alumini, Inox, Ferro i Vidre\" \/>\n<meta name=\"robots\" content=\"index, follow, max-snippet:-1, max-image-preview:large, max-video-preview:-1\" \/>\n<link rel=\"canonical\" href=\"https:\/\/www.garciafaura.com\/fr\/contrat-des-enclosures-du-la-nouvelle-morgue-a-lhospitalet\/\" \/>\n<meta property=\"og:locale\" content=\"fr_FR\" \/>\n<meta property=\"og:type\" content=\"article\" \/>\n<meta property=\"og:title\" content=\"Contrat des enclosures du la nouvelle Morgue \u00e0 l\u2019Hospitalet - GARCIA FAURA\" \/>\n<meta property=\"og:description\" content=\"Arquitectura en Alumini, Inox, Ferro i Vidre\" \/>\n<meta property=\"og:url\" content=\"https:\/\/www.garciafaura.com\/fr\/contrat-des-enclosures-du-la-nouvelle-morgue-a-lhospitalet\/\" \/>\n<meta property=\"og:site_name\" content=\"GARCIA FAURA\" \/>\n<meta property=\"article:published_time\" content=\"2014-03-12T00:00:00+00:00\" \/>\n<meta property=\"article:modified_time\" content=\"2019-06-03T18:15:21+00:00\" \/>\n<meta property=\"og:image\" content=\"https:\/\/www.garciafaura.com\/wp-content\/uploads\/2018\/11\/tanatori_lhospitalet_01.jpg\" \/>\n\t<meta property=\"og:image:width\" content=\"1\" \/>\n\t<meta property=\"og:image:height\" content=\"1\" \/>\n\t<meta property=\"og:image:type\" content=\"image\/jpeg\" \/>\n<meta name=\"author\" content=\"David Achell\" \/>\n<meta name=\"twitter:card\" content=\"summary_large_image\" \/>\n<meta name=\"twitter:label1\" content=\"\u00c9crit par\" \/>\n\t<meta name=\"twitter:data1\" content=\"David Achell\" \/>\n<script type=\"application\/ld+json\" class=\"yoast-schema-graph\">{\"@context\":\"https:\/\/schema.org\",\"@graph\":[{\"@type\":\"Article\",\"@id\":\"https:\/\/www.garciafaura.com\/fr\/contrat-des-enclosures-du-la-nouvelle-morgue-a-lhospitalet\/#article\",\"isPartOf\":{\"@id\":\"https:\/\/www.garciafaura.com\/fr\/contrat-des-enclosures-du-la-nouvelle-morgue-a-lhospitalet\/\"},\"author\":{\"name\":\"David Achell\",\"@id\":\"https:\/\/www.garciafaura.com\/fr\/#\/schema\/person\/b4b75e69b33fac3446071909bec106b0\"},\"headline\":\"Contrat des enclosures du la nouvelle Morgue \u00e0 l\u2019Hospitalet\",\"datePublished\":\"2014-03-12T00:00:00+00:00\",\"dateModified\":\"2019-06-03T18:15:21+00:00\",\"mainEntityOfPage\":{\"@id\":\"https:\/\/www.garciafaura.com\/fr\/contrat-des-enclosures-du-la-nouvelle-morgue-a-lhospitalet\/\"},\"wordCount\":73,\"commentCount\":0,\"publisher\":{\"@id\":\"https:\/\/www.garciafaura.com\/fr\/#organization\"},\"image\":{\"@id\":\"https:\/\/www.garciafaura.com\/fr\/contrat-des-enclosures-du-la-nouvelle-morgue-a-lhospitalet\/#primaryimage\"},\"thumbnailUrl\":\"https:\/\/www.garciafaura.com\/wp-content\/uploads\/2018\/11\/tanatori_lhospitalet_01.jpg\",\"articleSection\":[\"Actualit\u00e9\"],\"inLanguage\":\"fr-FR\",\"potentialAction\":[{\"@type\":\"CommentAction\",\"name\":\"Comment\",\"target\":[\"https:\/\/www.garciafaura.com\/fr\/contrat-des-enclosures-du-la-nouvelle-morgue-a-lhospitalet\/#respond\"]}]},{\"@type\":\"WebPage\",\"@id\":\"https:\/\/www.garciafaura.com\/fr\/contrat-des-enclosures-du-la-nouvelle-morgue-a-lhospitalet\/\",\"url\":\"https:\/\/www.garciafaura.com\/fr\/contrat-des-enclosures-du-la-nouvelle-morgue-a-lhospitalet\/\",\"name\":\"Contrat des enclosures du la nouvelle Morgue \u00e0 l\u2019Hospitalet - GARCIA FAURA\",\"isPartOf\":{\"@id\":\"https:\/\/www.garciafaura.com\/fr\/#website\"},\"primaryImageOfPage\":{\"@id\":\"https:\/\/www.garciafaura.com\/fr\/contrat-des-enclosures-du-la-nouvelle-morgue-a-lhospitalet\/#primaryimage\"},\"image\":{\"@id\":\"https:\/\/www.garciafaura.com\/fr\/contrat-des-enclosures-du-la-nouvelle-morgue-a-lhospitalet\/#primaryimage\"},\"thumbnailUrl\":\"https:\/\/www.garciafaura.com\/wp-content\/uploads\/2018\/11\/tanatori_lhospitalet_01.jpg\",\"datePublished\":\"2014-03-12T00:00:00+00:00\",\"dateModified\":\"2019-06-03T18:15:21+00:00\",\"description\":\"Arquitectura en Alumini, Inox, Ferro i Vidre\",\"breadcrumb\":{\"@id\":\"https:\/\/www.garciafaura.com\/fr\/contrat-des-enclosures-du-la-nouvelle-morgue-a-lhospitalet\/#breadcrumb\"},\"inLanguage\":\"fr-FR\",\"potentialAction\":[{\"@type\":\"ReadAction\",\"target\":[\"https:\/\/www.garciafaura.com\/fr\/contrat-des-enclosures-du-la-nouvelle-morgue-a-lhospitalet\/\"]}]},{\"@type\":\"ImageObject\",\"inLanguage\":\"fr-FR\",\"@id\":\"https:\/\/www.garciafaura.com\/fr\/contrat-des-enclosures-du-la-nouvelle-morgue-a-lhospitalet\/#primaryimage\",\"url\":\"https:\/\/www.garciafaura.com\/wp-content\/uploads\/2018\/11\/tanatori_lhospitalet_01.jpg\",\"contentUrl\":\"https:\/\/www.garciafaura.com\/wp-content\/uploads\/2018\/11\/tanatori_lhospitalet_01.jpg\"},{\"@type\":\"BreadcrumbList\",\"@id\":\"https:\/\/www.garciafaura.com\/fr\/contrat-des-enclosures-du-la-nouvelle-morgue-a-lhospitalet\/#breadcrumb\",\"itemListElement\":[{\"@type\":\"ListItem\",\"position\":1,\"name\":\"Inici\",\"item\":\"https:\/\/www.garciafaura.com\/fr\/\"},{\"@type\":\"ListItem\",\"position\":2,\"name\":\"Contrat des enclosures du la nouvelle Morgue \u00e0 l\u2019Hospitalet\"}]},{\"@type\":\"WebSite\",\"@id\":\"https:\/\/www.garciafaura.com\/fr\/#website\",\"url\":\"https:\/\/www.garciafaura.com\/fr\/\",\"name\":\"GARCIA FAURA\",\"description\":\"Arquitectura en Alumini, Inox, Ferro i Vidre\",\"publisher\":{\"@id\":\"https:\/\/www.garciafaura.com\/fr\/#organization\"},\"potentialAction\":[{\"@type\":\"SearchAction\",\"target\":{\"@type\":\"EntryPoint\",\"urlTemplate\":\"https:\/\/www.garciafaura.com\/fr\/?s={search_term_string}\"},\"query-input\":{\"@type\":\"PropertyValueSpecification\",\"valueRequired\":true,\"valueName\":\"search_term_string\"}}],\"inLanguage\":\"fr-FR\"},{\"@type\":\"Organization\",\"@id\":\"https:\/\/www.garciafaura.com\/fr\/#organization\",\"name\":\"GARCIA FAURA\",\"url\":\"https:\/\/www.garciafaura.com\/fr\/\",\"logo\":{\"@type\":\"ImageObject\",\"inLanguage\":\"fr-FR\",\"@id\":\"https:\/\/www.garciafaura.com\/fr\/#\/schema\/logo\/image\/\",\"url\":\"https:\/\/www.garciafaura.com\/wp-content\/uploads\/2018\/09\/Garcia-Faura.png\",\"contentUrl\":\"https:\/\/www.garciafaura.com\/wp-content\/uploads\/2018\/09\/Garcia-Faura.png\",\"width\":512,\"height\":512,\"caption\":\"GARCIA FAURA\"},\"image\":{\"@id\":\"https:\/\/www.garciafaura.com\/fr\/#\/schema\/logo\/image\/\"},\"sameAs\":[\"https:\/\/www.youtube.com\/user\/GARCIAFAURA\"]},{\"@type\":\"Person\",\"@id\":\"https:\/\/www.garciafaura.com\/fr\/#\/schema\/person\/b4b75e69b33fac3446071909bec106b0\",\"name\":\"David Achell\",\"image\":{\"@type\":\"ImageObject\",\"inLanguage\":\"fr-FR\",\"@id\":\"https:\/\/www.garciafaura.com\/fr\/#\/schema\/person\/image\/\",\"url\":\"https:\/\/secure.gravatar.com\/avatar\/03900210afc1f61bce737bcb4a79c02e2c997f171e3eca839b5a4cbe03846c90?s=96&d=blank&r=g\",\"contentUrl\":\"https:\/\/secure.gravatar.com\/avatar\/03900210afc1f61bce737bcb4a79c02e2c997f171e3eca839b5a4cbe03846c90?s=96&d=blank&r=g\",\"caption\":\"David Achell\"}}]}<\/script>\n<!-- \/ Yoast SEO plugin. -->","yoast_head_json":{"title":"Contrat des enclosures du la nouvelle Morgue \u00e0 l\u2019Hospitalet - GARCIA FAURA","description":"Arquitectura en Alumini, Inox, Ferro i Vidre","robots":{"index":"index","follow":"follow","max-snippet":"max-snippet:-1","max-image-preview":"max-image-preview:large","max-video-preview":"max-video-preview:-1"},"canonical":"https:\/\/www.garciafaura.com\/fr\/contrat-des-enclosures-du-la-nouvelle-morgue-a-lhospitalet\/","og_locale":"fr_FR","og_type":"article","og_title":"Contrat des enclosures du la nouvelle Morgue \u00e0 l\u2019Hospitalet - GARCIA FAURA","og_description":"Arquitectura en Alumini, Inox, Ferro i Vidre","og_url":"https:\/\/www.garciafaura.com\/fr\/contrat-des-enclosures-du-la-nouvelle-morgue-a-lhospitalet\/","og_site_name":"GARCIA FAURA","article_published_time":"2014-03-12T00:00:00+00:00","article_modified_time":"2019-06-03T18:15:21+00:00","og_image":[{"url":"https:\/\/www.garciafaura.com\/wp-content\/uploads\/2018\/11\/tanatori_lhospitalet_01.jpg","width":1,"height":1,"type":"image\/jpeg"}],"author":"David Achell","twitter_card":"summary_large_image","twitter_misc":{"\u00c9crit par":"David Achell"},"schema":{"@context":"https:\/\/schema.org","@graph":[{"@type":"Article","@id":"https:\/\/www.garciafaura.com\/fr\/contrat-des-enclosures-du-la-nouvelle-morgue-a-lhospitalet\/#article","isPartOf":{"@id":"https:\/\/www.garciafaura.com\/fr\/contrat-des-enclosures-du-la-nouvelle-morgue-a-lhospitalet\/"},"author":{"name":"David Achell","@id":"https:\/\/www.garciafaura.com\/fr\/#\/schema\/person\/b4b75e69b33fac3446071909bec106b0"},"headline":"Contrat des enclosures du la nouvelle Morgue \u00e0 l\u2019Hospitalet","datePublished":"2014-03-12T00:00:00+00:00","dateModified":"2019-06-03T18:15:21+00:00","mainEntityOfPage":{"@id":"https:\/\/www.garciafaura.com\/fr\/contrat-des-enclosures-du-la-nouvelle-morgue-a-lhospitalet\/"},"wordCount":73,"commentCount":0,"publisher":{"@id":"https:\/\/www.garciafaura.com\/fr\/#organization"},"image":{"@id":"https:\/\/www.garciafaura.com\/fr\/contrat-des-enclosures-du-la-nouvelle-morgue-a-lhospitalet\/#primaryimage"},"thumbnailUrl":"https:\/\/www.garciafaura.com\/wp-content\/uploads\/2018\/11\/tanatori_lhospitalet_01.jpg","articleSection":["Actualit\u00e9"],"inLanguage":"fr-FR","potentialAction":[{"@type":"CommentAction","name":"Comment","target":["https:\/\/www.garciafaura.com\/fr\/contrat-des-enclosures-du-la-nouvelle-morgue-a-lhospitalet\/#respond"]}]},{"@type":"WebPage","@id":"https:\/\/www.garciafaura.com\/fr\/contrat-des-enclosures-du-la-nouvelle-morgue-a-lhospitalet\/","url":"https:\/\/www.garciafaura.com\/fr\/contrat-des-enclosures-du-la-nouvelle-morgue-a-lhospitalet\/","name":"Contrat des enclosures du la nouvelle Morgue \u00e0 l\u2019Hospitalet - GARCIA FAURA","isPartOf":{"@id":"https:\/\/www.garciafaura.com\/fr\/#website"},"primaryImageOfPage":{"@id":"https:\/\/www.garciafaura.com\/fr\/contrat-des-enclosures-du-la-nouvelle-morgue-a-lhospitalet\/#primaryimage"},"image":{"@id":"https:\/\/www.garciafaura.com\/fr\/contrat-des-enclosures-du-la-nouvelle-morgue-a-lhospitalet\/#primaryimage"},"thumbnailUrl":"https:\/\/www.garciafaura.com\/wp-content\/uploads\/2018\/11\/tanatori_lhospitalet_01.jpg","datePublished":"2014-03-12T00:00:00+00:00","dateModified":"2019-06-03T18:15:21+00:00","description":"Arquitectura en Alumini, Inox, Ferro i Vidre","breadcrumb":{"@id":"https:\/\/www.garciafaura.com\/fr\/contrat-des-enclosures-du-la-nouvelle-morgue-a-lhospitalet\/#breadcrumb"},"inLanguage":"fr-FR","potentialAction":[{"@type":"ReadAction","target":["https:\/\/www.garciafaura.com\/fr\/contrat-des-enclosures-du-la-nouvelle-morgue-a-lhospitalet\/"]}]},{"@type":"ImageObject","inLanguage":"fr-FR","@id":"https:\/\/www.garciafaura.com\/fr\/contrat-des-enclosures-du-la-nouvelle-morgue-a-lhospitalet\/#primaryimage","url":"https:\/\/www.garciafaura.com\/wp-content\/uploads\/2018\/11\/tanatori_lhospitalet_01.jpg","contentUrl":"https:\/\/www.garciafaura.com\/wp-content\/uploads\/2018\/11\/tanatori_lhospitalet_01.jpg"},{"@type":"BreadcrumbList","@id":"https:\/\/www.garciafaura.com\/fr\/contrat-des-enclosures-du-la-nouvelle-morgue-a-lhospitalet\/#breadcrumb","itemListElement":[{"@type":"ListItem","position":1,"name":"Inici","item":"https:\/\/www.garciafaura.com\/fr\/"},{"@type":"ListItem","position":2,"name":"Contrat des enclosures du la nouvelle Morgue \u00e0 l\u2019Hospitalet"}]},{"@type":"WebSite","@id":"https:\/\/www.garciafaura.com\/fr\/#website","url":"https:\/\/www.garciafaura.com\/fr\/","name":"GARCIA FAURA","description":"Arquitectura en Alumini, Inox, Ferro i Vidre","publisher":{"@id":"https:\/\/www.garciafaura.com\/fr\/#organization"},"potentialAction":[{"@type":"SearchAction","target":{"@type":"EntryPoint","urlTemplate":"https:\/\/www.garciafaura.com\/fr\/?s={search_term_string}"},"query-input":{"@type":"PropertyValueSpecification","valueRequired":true,"valueName":"search_term_string"}}],"inLanguage":"fr-FR"},{"@type":"Organization","@id":"https:\/\/www.garciafaura.com\/fr\/#organization","name":"GARCIA FAURA","url":"https:\/\/www.garciafaura.com\/fr\/","logo":{"@type":"ImageObject","inLanguage":"fr-FR","@id":"https:\/\/www.garciafaura.com\/fr\/#\/schema\/logo\/image\/","url":"https:\/\/www.garciafaura.com\/wp-content\/uploads\/2018\/09\/Garcia-Faura.png","contentUrl":"https:\/\/www.garciafaura.com\/wp-content\/uploads\/2018\/09\/Garcia-Faura.png","width":512,"height":512,"caption":"GARCIA FAURA"},"image":{"@id":"https:\/\/www.garciafaura.com\/fr\/#\/schema\/logo\/image\/"},"sameAs":["https:\/\/www.youtube.com\/user\/GARCIAFAURA"]},{"@type":"Person","@id":"https:\/\/www.garciafaura.com\/fr\/#\/schema\/person\/b4b75e69b33fac3446071909bec106b0","name":"David Achell","image":{"@type":"ImageObject","inLanguage":"fr-FR","@id":"https:\/\/www.garciafaura.com\/fr\/#\/schema\/person\/image\/","url":"https:\/\/secure.gravatar.com\/avatar\/03900210afc1f61bce737bcb4a79c02e2c997f171e3eca839b5a4cbe03846c90?s=96&d=blank&r=g","contentUrl":"https:\/\/secure.gravatar.com\/avatar\/03900210afc1f61bce737bcb4a79c02e2c997f171e3eca839b5a4cbe03846c90?s=96&d=blank&r=g","caption":"David Achell"}}]}},"_links":{"self":[{"href":"https:\/\/www.garciafaura.com\/fr\/wp-json\/wp\/v2\/posts\/6051","targetHints":{"allow":["GET"]}}],"collection":[{"href":"https:\/\/www.garciafaura.com\/fr\/wp-json\/wp\/v2\/posts"}],"about":[{"href":"https:\/\/www.garciafaura.com\/fr\/wp-json\/wp\/v2\/types\/post"}],"author":[{"embeddable":true,"href":"https:\/\/www.garciafaura.com\/fr\/wp-json\/wp\/v2\/users\/3"}],"replies":[{"embeddable":true,"href":"https:\/\/www.garciafaura.com\/fr\/wp-json\/wp\/v2\/comments?post=6051"}],"version-history":[{"count":1,"href":"https:\/\/www.garciafaura.com\/fr\/wp-json\/wp\/v2\/posts\/6051\/revisions"}],"predecessor-version":[{"id":21843,"href":"https:\/\/www.garciafaura.com\/fr\/wp-json\/wp\/v2\/posts\/6051\/revisions\/21843"}],"wp:featuredmedia":[{"embeddable":true,"href":"https:\/\/www.garciafaura.com\/fr\/wp-json\/wp\/v2\/media\/6033"}],"wp:attachment":[{"href":"https:\/\/www.garciafaura.com\/fr\/wp-json\/wp\/v2\/media?parent=6051"}],"wp:term":[{"taxonomy":"category","embeddable":true,"href":"https:\/\/www.garciafaura.com\/fr\/wp-json\/wp\/v2\/categories?post=6051"},{"taxonomy":"post_tag","embeddable":true,"href":"https:\/\/www.garciafaura.com\/fr\/wp-json\/wp\/v2\/tags?post=6051"},{"taxonomy":"post_series","embeddable":true,"href":"https:\/\/www.garciafaura.com\/fr\/wp-json\/wp\/v2\/post_series?post=6051"}],"curies":[{"name":"wp","href":"https:\/\/api.w.org\/{rel}","templated":true}]}}