{"id":5307,"date":"2011-02-10T00:00:00","date_gmt":"2011-02-10T00:00:00","guid":{"rendered":"https:\/\/www.garciafaura.com\/finale-de-la-construction-de-la-nouvelle-bibliotheque-de-sant-joan-despi\/"},"modified":"2019-06-03T18:24:09","modified_gmt":"2019-06-03T18:24:09","slug":"finale-de-la-construction-de-la-nouvelle-bibliotheque-de-sant-joan-despi","status":"publish","type":"post","link":"https:\/\/www.garciafaura.com\/fr\/finale-de-la-construction-de-la-nouvelle-bibliotheque-de-sant-joan-despi\/","title":{"rendered":"Finale de la construction de la nouvelle biblioth\u00e8que de Sant Joan Despi"},"content":{"rendered":"<p>La construction du nouveau centre culturel de la Baix Llobregat atteindre leurs derni\u00e8res \u0153uvres. GARCIA FAURA a fabriqu\u00e9 et install\u00e9 les murs int\u00e9rieurs et ext\u00e9rieurs de 4300 m\u00e8tres carr\u00e9s occup\u00e9s par la nouvelle biblioth\u00e8que de la ville, et le groupe des fa\u00e7ades de verre. L&rsquo;ensemble des fermetures ont \u00e9t\u00e9 r\u00e9alis\u00e9es avec des profils en acier Jansen \u00e0 rupture thermique.<br \/>\nLa nouvelle biblioth\u00e8que municipale, le second de Sant Joan Despi, a aussi une salle de spectacle de 400 places et plusieurs salles polyvalentes, ainsi qu&rsquo;un parking pour 350 v\u00e9hicules. Le groupe dispose de 14.000 m\u00e8tres carr\u00e9s: 4300\u00a0sont la construction et 9700 sur deux \u00e9tages de stationnement souterrain. Il est situ\u00e9 dans le centre ville et a re\u00e7u un budget initial de 12 millions.<\/p>\n<p>Les profil\u00e9s en acier utilis\u00e9 appartient \u00e0 la s\u00e9rie de Jansen Janisol. Les fermetures sont compl\u00e8tes avec double vitrage Saint Gobain, d&rsquo;excellentes performances thermiques. La soci\u00e9t\u00e9 en charge des travaux a \u00e9t\u00e9 FCC Construcci\u00f3n SA.<\/p>\n","protected":false},"excerpt":{"rendered":"<p>\n\tLa construction du nouveau centre culturel de la Baix Llobregat atteindre leurs derni&egrave;res &oelig;uvres. GARCIA FAURA a fabriqu&eacute; et install&eacute; les murs int&eacute;rieurs et ext&eacute;rieurs de 4300 m&egrave;tres carr&eacute;s occup&eacute;s par la nouvelle biblioth&egrave;que de la ville, et le groupe des fa&ccedil;ades de verre. L&#039;ensemble des fermetures ont &eacute;t&eacute; r&eacute;alis&eacute;es avec des profils en acier Jansen &agrave; rupture thermique.<\/p>\n","protected":false},"author":3,"featured_media":5297,"comment_status":"open","ping_status":"open","sticky":false,"template":"","format":"standard","meta":{"footnotes":""},"categories":[2],"tags":[],"post_series":[],"class_list":["post-5307","post","type-post","status-publish","format-standard","has-post-thumbnail","hentry","category-actualite","entry","has-media"],"yoast_head":"<!-- This site is optimized with the Yoast SEO plugin v26.7 - https:\/\/yoast.com\/wordpress\/plugins\/seo\/ -->\n<title>Finale de la construction de la nouvelle biblioth\u00e8que de Sant Joan Despi - GARCIA FAURA<\/title>\n<meta name=\"description\" content=\"Arquitectura en Alumini, Inox, Ferro i Vidre\" \/>\n<meta name=\"robots\" content=\"index, follow, max-snippet:-1, max-image-preview:large, max-video-preview:-1\" \/>\n<link rel=\"canonical\" href=\"https:\/\/www.garciafaura.com\/fr\/finale-de-la-construction-de-la-nouvelle-bibliotheque-de-sant-joan-despi\/\" \/>\n<meta property=\"og:locale\" content=\"fr_FR\" \/>\n<meta property=\"og:type\" content=\"article\" \/>\n<meta property=\"og:title\" content=\"Finale de la construction de la nouvelle biblioth\u00e8que de Sant Joan Despi - GARCIA FAURA\" \/>\n<meta property=\"og:description\" content=\"Arquitectura en Alumini, Inox, Ferro i Vidre\" \/>\n<meta property=\"og:url\" content=\"https:\/\/www.garciafaura.com\/fr\/finale-de-la-construction-de-la-nouvelle-bibliotheque-de-sant-joan-despi\/\" \/>\n<meta property=\"og:site_name\" content=\"GARCIA FAURA\" \/>\n<meta property=\"article:published_time\" content=\"2011-02-10T00:00:00+00:00\" \/>\n<meta property=\"article:modified_time\" content=\"2019-06-03T18:24:09+00:00\" \/>\n<meta property=\"og:image\" content=\"https:\/\/www.garciafaura.com\/wp-content\/uploads\/2018\/11\/Recreaci-Biblioteca-Sant-Joan-Desp.jpg\" \/>\n\t<meta property=\"og:image:width\" content=\"1\" \/>\n\t<meta property=\"og:image:height\" content=\"1\" \/>\n\t<meta property=\"og:image:type\" content=\"image\/jpeg\" \/>\n<meta name=\"author\" content=\"David Achell\" \/>\n<meta name=\"twitter:card\" content=\"summary_large_image\" \/>\n<meta name=\"twitter:label1\" content=\"\u00c9crit par\" \/>\n\t<meta name=\"twitter:data1\" content=\"David Achell\" \/>\n\t<meta name=\"twitter:label2\" content=\"Dur\u00e9e de lecture estim\u00e9e\" \/>\n\t<meta name=\"twitter:data2\" content=\"1 minute\" \/>\n<script type=\"application\/ld+json\" class=\"yoast-schema-graph\">{\"@context\":\"https:\/\/schema.org\",\"@graph\":[{\"@type\":\"Article\",\"@id\":\"https:\/\/www.garciafaura.com\/fr\/finale-de-la-construction-de-la-nouvelle-bibliotheque-de-sant-joan-despi\/#article\",\"isPartOf\":{\"@id\":\"https:\/\/www.garciafaura.com\/fr\/finale-de-la-construction-de-la-nouvelle-bibliotheque-de-sant-joan-despi\/\"},\"author\":{\"name\":\"David Achell\",\"@id\":\"https:\/\/www.garciafaura.com\/fr\/#\/schema\/person\/b4b75e69b33fac3446071909bec106b0\"},\"headline\":\"Finale de la construction de la nouvelle biblioth\u00e8que de Sant Joan Despi\",\"datePublished\":\"2011-02-10T00:00:00+00:00\",\"dateModified\":\"2019-06-03T18:24:09+00:00\",\"mainEntityOfPage\":{\"@id\":\"https:\/\/www.garciafaura.com\/fr\/finale-de-la-construction-de-la-nouvelle-bibliotheque-de-sant-joan-despi\/\"},\"wordCount\":185,\"commentCount\":0,\"publisher\":{\"@id\":\"https:\/\/www.garciafaura.com\/fr\/#organization\"},\"image\":{\"@id\":\"https:\/\/www.garciafaura.com\/fr\/finale-de-la-construction-de-la-nouvelle-bibliotheque-de-sant-joan-despi\/#primaryimage\"},\"thumbnailUrl\":\"https:\/\/www.garciafaura.com\/wp-content\/uploads\/2018\/11\/Recreaci-Biblioteca-Sant-Joan-Desp.jpg\",\"articleSection\":[\"Actualit\u00e9\"],\"inLanguage\":\"fr-FR\",\"potentialAction\":[{\"@type\":\"CommentAction\",\"name\":\"Comment\",\"target\":[\"https:\/\/www.garciafaura.com\/fr\/finale-de-la-construction-de-la-nouvelle-bibliotheque-de-sant-joan-despi\/#respond\"]}]},{\"@type\":\"WebPage\",\"@id\":\"https:\/\/www.garciafaura.com\/fr\/finale-de-la-construction-de-la-nouvelle-bibliotheque-de-sant-joan-despi\/\",\"url\":\"https:\/\/www.garciafaura.com\/fr\/finale-de-la-construction-de-la-nouvelle-bibliotheque-de-sant-joan-despi\/\",\"name\":\"Finale de la construction de la nouvelle biblioth\u00e8que de Sant Joan Despi - GARCIA FAURA\",\"isPartOf\":{\"@id\":\"https:\/\/www.garciafaura.com\/fr\/#website\"},\"primaryImageOfPage\":{\"@id\":\"https:\/\/www.garciafaura.com\/fr\/finale-de-la-construction-de-la-nouvelle-bibliotheque-de-sant-joan-despi\/#primaryimage\"},\"image\":{\"@id\":\"https:\/\/www.garciafaura.com\/fr\/finale-de-la-construction-de-la-nouvelle-bibliotheque-de-sant-joan-despi\/#primaryimage\"},\"thumbnailUrl\":\"https:\/\/www.garciafaura.com\/wp-content\/uploads\/2018\/11\/Recreaci-Biblioteca-Sant-Joan-Desp.jpg\",\"datePublished\":\"2011-02-10T00:00:00+00:00\",\"dateModified\":\"2019-06-03T18:24:09+00:00\",\"description\":\"Arquitectura en Alumini, Inox, Ferro i Vidre\",\"breadcrumb\":{\"@id\":\"https:\/\/www.garciafaura.com\/fr\/finale-de-la-construction-de-la-nouvelle-bibliotheque-de-sant-joan-despi\/#breadcrumb\"},\"inLanguage\":\"fr-FR\",\"potentialAction\":[{\"@type\":\"ReadAction\",\"target\":[\"https:\/\/www.garciafaura.com\/fr\/finale-de-la-construction-de-la-nouvelle-bibliotheque-de-sant-joan-despi\/\"]}]},{\"@type\":\"ImageObject\",\"inLanguage\":\"fr-FR\",\"@id\":\"https:\/\/www.garciafaura.com\/fr\/finale-de-la-construction-de-la-nouvelle-bibliotheque-de-sant-joan-despi\/#primaryimage\",\"url\":\"https:\/\/www.garciafaura.com\/wp-content\/uploads\/2018\/11\/Recreaci-Biblioteca-Sant-Joan-Desp.jpg\",\"contentUrl\":\"https:\/\/www.garciafaura.com\/wp-content\/uploads\/2018\/11\/Recreaci-Biblioteca-Sant-Joan-Desp.jpg\"},{\"@type\":\"BreadcrumbList\",\"@id\":\"https:\/\/www.garciafaura.com\/fr\/finale-de-la-construction-de-la-nouvelle-bibliotheque-de-sant-joan-despi\/#breadcrumb\",\"itemListElement\":[{\"@type\":\"ListItem\",\"position\":1,\"name\":\"Inici\",\"item\":\"https:\/\/www.garciafaura.com\/fr\/\"},{\"@type\":\"ListItem\",\"position\":2,\"name\":\"Finale de la construction de la nouvelle biblioth\u00e8que de Sant Joan Despi\"}]},{\"@type\":\"WebSite\",\"@id\":\"https:\/\/www.garciafaura.com\/fr\/#website\",\"url\":\"https:\/\/www.garciafaura.com\/fr\/\",\"name\":\"GARCIA FAURA\",\"description\":\"Arquitectura en Alumini, Inox, Ferro i Vidre\",\"publisher\":{\"@id\":\"https:\/\/www.garciafaura.com\/fr\/#organization\"},\"potentialAction\":[{\"@type\":\"SearchAction\",\"target\":{\"@type\":\"EntryPoint\",\"urlTemplate\":\"https:\/\/www.garciafaura.com\/fr\/?s={search_term_string}\"},\"query-input\":{\"@type\":\"PropertyValueSpecification\",\"valueRequired\":true,\"valueName\":\"search_term_string\"}}],\"inLanguage\":\"fr-FR\"},{\"@type\":\"Organization\",\"@id\":\"https:\/\/www.garciafaura.com\/fr\/#organization\",\"name\":\"GARCIA FAURA\",\"url\":\"https:\/\/www.garciafaura.com\/fr\/\",\"logo\":{\"@type\":\"ImageObject\",\"inLanguage\":\"fr-FR\",\"@id\":\"https:\/\/www.garciafaura.com\/fr\/#\/schema\/logo\/image\/\",\"url\":\"https:\/\/www.garciafaura.com\/wp-content\/uploads\/2018\/09\/Garcia-Faura.png\",\"contentUrl\":\"https:\/\/www.garciafaura.com\/wp-content\/uploads\/2018\/09\/Garcia-Faura.png\",\"width\":512,\"height\":512,\"caption\":\"GARCIA FAURA\"},\"image\":{\"@id\":\"https:\/\/www.garciafaura.com\/fr\/#\/schema\/logo\/image\/\"},\"sameAs\":[\"https:\/\/www.youtube.com\/user\/GARCIAFAURA\"]},{\"@type\":\"Person\",\"@id\":\"https:\/\/www.garciafaura.com\/fr\/#\/schema\/person\/b4b75e69b33fac3446071909bec106b0\",\"name\":\"David Achell\",\"image\":{\"@type\":\"ImageObject\",\"inLanguage\":\"fr-FR\",\"@id\":\"https:\/\/www.garciafaura.com\/fr\/#\/schema\/person\/image\/\",\"url\":\"https:\/\/secure.gravatar.com\/avatar\/03900210afc1f61bce737bcb4a79c02e2c997f171e3eca839b5a4cbe03846c90?s=96&d=blank&r=g\",\"contentUrl\":\"https:\/\/secure.gravatar.com\/avatar\/03900210afc1f61bce737bcb4a79c02e2c997f171e3eca839b5a4cbe03846c90?s=96&d=blank&r=g\",\"caption\":\"David Achell\"}}]}<\/script>\n<!-- \/ Yoast SEO plugin. -->","yoast_head_json":{"title":"Finale de la construction de la nouvelle biblioth\u00e8que de Sant Joan Despi - GARCIA FAURA","description":"Arquitectura en Alumini, Inox, Ferro i Vidre","robots":{"index":"index","follow":"follow","max-snippet":"max-snippet:-1","max-image-preview":"max-image-preview:large","max-video-preview":"max-video-preview:-1"},"canonical":"https:\/\/www.garciafaura.com\/fr\/finale-de-la-construction-de-la-nouvelle-bibliotheque-de-sant-joan-despi\/","og_locale":"fr_FR","og_type":"article","og_title":"Finale de la construction de la nouvelle biblioth\u00e8que de Sant Joan Despi - GARCIA FAURA","og_description":"Arquitectura en Alumini, Inox, Ferro i Vidre","og_url":"https:\/\/www.garciafaura.com\/fr\/finale-de-la-construction-de-la-nouvelle-bibliotheque-de-sant-joan-despi\/","og_site_name":"GARCIA FAURA","article_published_time":"2011-02-10T00:00:00+00:00","article_modified_time":"2019-06-03T18:24:09+00:00","og_image":[{"url":"https:\/\/www.garciafaura.com\/wp-content\/uploads\/2018\/11\/Recreaci-Biblioteca-Sant-Joan-Desp.jpg","width":1,"height":1,"type":"image\/jpeg"}],"author":"David Achell","twitter_card":"summary_large_image","twitter_misc":{"\u00c9crit par":"David Achell","Dur\u00e9e de lecture estim\u00e9e":"1 minute"},"schema":{"@context":"https:\/\/schema.org","@graph":[{"@type":"Article","@id":"https:\/\/www.garciafaura.com\/fr\/finale-de-la-construction-de-la-nouvelle-bibliotheque-de-sant-joan-despi\/#article","isPartOf":{"@id":"https:\/\/www.garciafaura.com\/fr\/finale-de-la-construction-de-la-nouvelle-bibliotheque-de-sant-joan-despi\/"},"author":{"name":"David Achell","@id":"https:\/\/www.garciafaura.com\/fr\/#\/schema\/person\/b4b75e69b33fac3446071909bec106b0"},"headline":"Finale de la construction de la nouvelle biblioth\u00e8que de Sant Joan Despi","datePublished":"2011-02-10T00:00:00+00:00","dateModified":"2019-06-03T18:24:09+00:00","mainEntityOfPage":{"@id":"https:\/\/www.garciafaura.com\/fr\/finale-de-la-construction-de-la-nouvelle-bibliotheque-de-sant-joan-despi\/"},"wordCount":185,"commentCount":0,"publisher":{"@id":"https:\/\/www.garciafaura.com\/fr\/#organization"},"image":{"@id":"https:\/\/www.garciafaura.com\/fr\/finale-de-la-construction-de-la-nouvelle-bibliotheque-de-sant-joan-despi\/#primaryimage"},"thumbnailUrl":"https:\/\/www.garciafaura.com\/wp-content\/uploads\/2018\/11\/Recreaci-Biblioteca-Sant-Joan-Desp.jpg","articleSection":["Actualit\u00e9"],"inLanguage":"fr-FR","potentialAction":[{"@type":"CommentAction","name":"Comment","target":["https:\/\/www.garciafaura.com\/fr\/finale-de-la-construction-de-la-nouvelle-bibliotheque-de-sant-joan-despi\/#respond"]}]},{"@type":"WebPage","@id":"https:\/\/www.garciafaura.com\/fr\/finale-de-la-construction-de-la-nouvelle-bibliotheque-de-sant-joan-despi\/","url":"https:\/\/www.garciafaura.com\/fr\/finale-de-la-construction-de-la-nouvelle-bibliotheque-de-sant-joan-despi\/","name":"Finale de la construction de la nouvelle biblioth\u00e8que de Sant Joan Despi - GARCIA FAURA","isPartOf":{"@id":"https:\/\/www.garciafaura.com\/fr\/#website"},"primaryImageOfPage":{"@id":"https:\/\/www.garciafaura.com\/fr\/finale-de-la-construction-de-la-nouvelle-bibliotheque-de-sant-joan-despi\/#primaryimage"},"image":{"@id":"https:\/\/www.garciafaura.com\/fr\/finale-de-la-construction-de-la-nouvelle-bibliotheque-de-sant-joan-despi\/#primaryimage"},"thumbnailUrl":"https:\/\/www.garciafaura.com\/wp-content\/uploads\/2018\/11\/Recreaci-Biblioteca-Sant-Joan-Desp.jpg","datePublished":"2011-02-10T00:00:00+00:00","dateModified":"2019-06-03T18:24:09+00:00","description":"Arquitectura en Alumini, Inox, Ferro i Vidre","breadcrumb":{"@id":"https:\/\/www.garciafaura.com\/fr\/finale-de-la-construction-de-la-nouvelle-bibliotheque-de-sant-joan-despi\/#breadcrumb"},"inLanguage":"fr-FR","potentialAction":[{"@type":"ReadAction","target":["https:\/\/www.garciafaura.com\/fr\/finale-de-la-construction-de-la-nouvelle-bibliotheque-de-sant-joan-despi\/"]}]},{"@type":"ImageObject","inLanguage":"fr-FR","@id":"https:\/\/www.garciafaura.com\/fr\/finale-de-la-construction-de-la-nouvelle-bibliotheque-de-sant-joan-despi\/#primaryimage","url":"https:\/\/www.garciafaura.com\/wp-content\/uploads\/2018\/11\/Recreaci-Biblioteca-Sant-Joan-Desp.jpg","contentUrl":"https:\/\/www.garciafaura.com\/wp-content\/uploads\/2018\/11\/Recreaci-Biblioteca-Sant-Joan-Desp.jpg"},{"@type":"BreadcrumbList","@id":"https:\/\/www.garciafaura.com\/fr\/finale-de-la-construction-de-la-nouvelle-bibliotheque-de-sant-joan-despi\/#breadcrumb","itemListElement":[{"@type":"ListItem","position":1,"name":"Inici","item":"https:\/\/www.garciafaura.com\/fr\/"},{"@type":"ListItem","position":2,"name":"Finale de la construction de la nouvelle biblioth\u00e8que de Sant Joan Despi"}]},{"@type":"WebSite","@id":"https:\/\/www.garciafaura.com\/fr\/#website","url":"https:\/\/www.garciafaura.com\/fr\/","name":"GARCIA FAURA","description":"Arquitectura en Alumini, Inox, Ferro i Vidre","publisher":{"@id":"https:\/\/www.garciafaura.com\/fr\/#organization"},"potentialAction":[{"@type":"SearchAction","target":{"@type":"EntryPoint","urlTemplate":"https:\/\/www.garciafaura.com\/fr\/?s={search_term_string}"},"query-input":{"@type":"PropertyValueSpecification","valueRequired":true,"valueName":"search_term_string"}}],"inLanguage":"fr-FR"},{"@type":"Organization","@id":"https:\/\/www.garciafaura.com\/fr\/#organization","name":"GARCIA FAURA","url":"https:\/\/www.garciafaura.com\/fr\/","logo":{"@type":"ImageObject","inLanguage":"fr-FR","@id":"https:\/\/www.garciafaura.com\/fr\/#\/schema\/logo\/image\/","url":"https:\/\/www.garciafaura.com\/wp-content\/uploads\/2018\/09\/Garcia-Faura.png","contentUrl":"https:\/\/www.garciafaura.com\/wp-content\/uploads\/2018\/09\/Garcia-Faura.png","width":512,"height":512,"caption":"GARCIA FAURA"},"image":{"@id":"https:\/\/www.garciafaura.com\/fr\/#\/schema\/logo\/image\/"},"sameAs":["https:\/\/www.youtube.com\/user\/GARCIAFAURA"]},{"@type":"Person","@id":"https:\/\/www.garciafaura.com\/fr\/#\/schema\/person\/b4b75e69b33fac3446071909bec106b0","name":"David Achell","image":{"@type":"ImageObject","inLanguage":"fr-FR","@id":"https:\/\/www.garciafaura.com\/fr\/#\/schema\/person\/image\/","url":"https:\/\/secure.gravatar.com\/avatar\/03900210afc1f61bce737bcb4a79c02e2c997f171e3eca839b5a4cbe03846c90?s=96&d=blank&r=g","contentUrl":"https:\/\/secure.gravatar.com\/avatar\/03900210afc1f61bce737bcb4a79c02e2c997f171e3eca839b5a4cbe03846c90?s=96&d=blank&r=g","caption":"David Achell"}}]}},"_links":{"self":[{"href":"https:\/\/www.garciafaura.com\/fr\/wp-json\/wp\/v2\/posts\/5307","targetHints":{"allow":["GET"]}}],"collection":[{"href":"https:\/\/www.garciafaura.com\/fr\/wp-json\/wp\/v2\/posts"}],"about":[{"href":"https:\/\/www.garciafaura.com\/fr\/wp-json\/wp\/v2\/types\/post"}],"author":[{"embeddable":true,"href":"https:\/\/www.garciafaura.com\/fr\/wp-json\/wp\/v2\/users\/3"}],"replies":[{"embeddable":true,"href":"https:\/\/www.garciafaura.com\/fr\/wp-json\/wp\/v2\/comments?post=5307"}],"version-history":[{"count":1,"href":"https:\/\/www.garciafaura.com\/fr\/wp-json\/wp\/v2\/posts\/5307\/revisions"}],"predecessor-version":[{"id":21880,"href":"https:\/\/www.garciafaura.com\/fr\/wp-json\/wp\/v2\/posts\/5307\/revisions\/21880"}],"wp:featuredmedia":[{"embeddable":true,"href":"https:\/\/www.garciafaura.com\/fr\/wp-json\/wp\/v2\/media\/5297"}],"wp:attachment":[{"href":"https:\/\/www.garciafaura.com\/fr\/wp-json\/wp\/v2\/media?parent=5307"}],"wp:term":[{"taxonomy":"category","embeddable":true,"href":"https:\/\/www.garciafaura.com\/fr\/wp-json\/wp\/v2\/categories?post=5307"},{"taxonomy":"post_tag","embeddable":true,"href":"https:\/\/www.garciafaura.com\/fr\/wp-json\/wp\/v2\/tags?post=5307"},{"taxonomy":"post_series","embeddable":true,"href":"https:\/\/www.garciafaura.com\/fr\/wp-json\/wp\/v2\/post_series?post=5307"}],"curies":[{"name":"wp","href":"https:\/\/api.w.org\/{rel}","templated":true}]}}