{"id":5263,"date":"2010-11-29T00:00:00","date_gmt":"2010-11-29T00:00:00","guid":{"rendered":"https:\/\/www.garciafaura.com\/garcia-faura-etrenne-son-nouveau-portail-web\/"},"modified":"2019-06-03T18:26:01","modified_gmt":"2019-06-03T18:26:01","slug":"garcia-faura-etrenne-son-nouveau-portail-web","status":"publish","type":"post","link":"https:\/\/www.garciafaura.com\/fr\/garcia-faura-etrenne-son-nouveau-portail-web\/","title":{"rendered":"GARCIA FAURA \u00e9trenne son nouveau portail web"},"content":{"rendered":"<p>Le nouveau portail web remplace l&rsquo;ant\u00e9rieure page corporative de GARCIA FAURA. Il pr\u00e9sente une nouvelle image, plus attractive et moderne, et un design plus intuitif et de plus facile navigation. Le portail est structur\u00e9 en de diff\u00e9rentes sections qui mettent en \u00e9vidence l&rsquo;information d&rsquo;int\u00e9r\u00eat g\u00e9n\u00e9ral, les services qui s&rsquo;offrent et les valeurs corporatives de l&rsquo;entreprise. Une des principales nouveaut\u00e9s du web, cependant, est la section d&rsquo;images des travaux r\u00e9alis\u00e9es, qu&rsquo;il permet de faire un parcours par les principaux travaux rendus par GARCIA FAURA dans les temps derniers. L&rsquo;utilisateur peut naviguer pour chacun des travaux et en capter les d\u00e9tails gr\u00e2ce \u00e0 une pr\u00e9sentation agile et qu&rsquo;optima la qualit\u00e9 des images.<\/p>\n<p>Le portail, pleinement accessible pour les personnes avec des difficult\u00e9s de vision est op\u00e9ratif, d\u00e9j\u00e0 d&rsquo;entr\u00e9e, dans les langues catalan, castillan, fran\u00e7ais et anglais.<\/p>\n<p>Son lancement sert aussi pour pr\u00e9senter publiquement la nouvelle image corporative de l&rsquo;entreprise, qui a \u00e9t\u00e9 dessin\u00e9e par la concepteur\u00a0catalane Pati N\u00fa\u00f1ez, Prix National de Culture de la Generalitat de Catalunya 2006 et Prix National de Design de 2007.<\/p>\n<p>Cette nouvelle image renforce le concept de cr\u00e9ation architectonique de l&rsquo;entreprise \u00e0 partir de ses principales mati\u00e8res premi\u00e8res : l&rsquo;aluminium, le fer, l&rsquo;acier inoxydable et le verre. L&rsquo;image maintient le symbole caract\u00e9ristique de GARCIA FAURA en couleur rouge et incorpore nouveaux \u00e9l\u00e9ments identificateurs, aussi bien que les couleurs blanche et grise comme des essieux vertebradors.<\/p>\n","protected":false},"excerpt":{"rendered":"<p>\n\t&#65279;L&#039;entreprise jette au march&eacute; sa nouvelle page &agrave; internet, qui am&eacute;liore l&#039;image, &eacute;tend l&#039;information sur les services et produits qui s&#039;offrent, et augmente l&#039;interactivit&eacute; avec les utilisateurs. Le nouveau portail web sert aussi pour pr&eacute;senter la nouvelle image corporative de l&#039;entreprise, oeuvre du concepteur Pati N&uacute;&ntilde;ez, Prix National de Design de 2007.<\/p>\n","protected":false},"author":3,"featured_media":15276,"comment_status":"open","ping_status":"open","sticky":false,"template":"","format":"standard","meta":{"footnotes":""},"categories":[2],"tags":[],"post_series":[],"class_list":["post-5263","post","type-post","status-publish","format-standard","has-post-thumbnail","hentry","category-actualite","entry","has-media"],"yoast_head":"<!-- This site is optimized with the Yoast SEO plugin v26.7 - https:\/\/yoast.com\/wordpress\/plugins\/seo\/ -->\n<title>GARCIA FAURA \u00e9trenne son nouveau portail web - GARCIA FAURA<\/title>\n<meta name=\"description\" content=\"Arquitectura en Alumini, Inox, Ferro i Vidre\" \/>\n<meta name=\"robots\" content=\"index, follow, max-snippet:-1, max-image-preview:large, max-video-preview:-1\" \/>\n<link rel=\"canonical\" href=\"https:\/\/www.garciafaura.com\/fr\/garcia-faura-etrenne-son-nouveau-portail-web\/\" \/>\n<meta property=\"og:locale\" content=\"fr_FR\" \/>\n<meta property=\"og:type\" content=\"article\" \/>\n<meta property=\"og:title\" content=\"GARCIA FAURA \u00e9trenne son nouveau portail web - GARCIA FAURA\" \/>\n<meta property=\"og:description\" content=\"Arquitectura en Alumini, Inox, Ferro i Vidre\" \/>\n<meta property=\"og:url\" content=\"https:\/\/www.garciafaura.com\/fr\/garcia-faura-etrenne-son-nouveau-portail-web\/\" \/>\n<meta property=\"og:site_name\" content=\"GARCIA FAURA\" \/>\n<meta property=\"article:published_time\" content=\"2010-11-29T00:00:00+00:00\" \/>\n<meta property=\"article:modified_time\" content=\"2019-06-03T18:26:01+00:00\" \/>\n<meta property=\"og:image\" content=\"https:\/\/www.garciafaura.com\/wp-content\/uploads\/2018\/11\/GARCIA_FAURA_Instalacions_Planta_Gava\u0300_02.jpg\" \/>\n\t<meta property=\"og:image:width\" content=\"1200\" \/>\n\t<meta property=\"og:image:height\" content=\"628\" \/>\n\t<meta property=\"og:image:type\" content=\"image\/jpeg\" \/>\n<meta name=\"author\" content=\"David Achell\" \/>\n<meta name=\"twitter:card\" content=\"summary_large_image\" \/>\n<meta name=\"twitter:label1\" content=\"\u00c9crit par\" \/>\n\t<meta name=\"twitter:data1\" content=\"David Achell\" \/>\n\t<meta name=\"twitter:label2\" content=\"Dur\u00e9e de lecture estim\u00e9e\" \/>\n\t<meta name=\"twitter:data2\" content=\"1 minute\" \/>\n<script type=\"application\/ld+json\" class=\"yoast-schema-graph\">{\"@context\":\"https:\/\/schema.org\",\"@graph\":[{\"@type\":\"Article\",\"@id\":\"https:\/\/www.garciafaura.com\/fr\/garcia-faura-etrenne-son-nouveau-portail-web\/#article\",\"isPartOf\":{\"@id\":\"https:\/\/www.garciafaura.com\/fr\/garcia-faura-etrenne-son-nouveau-portail-web\/\"},\"author\":{\"name\":\"David Achell\",\"@id\":\"https:\/\/www.garciafaura.com\/fr\/#\/schema\/person\/b4b75e69b33fac3446071909bec106b0\"},\"headline\":\"GARCIA FAURA \u00e9trenne son nouveau portail web\",\"datePublished\":\"2010-11-29T00:00:00+00:00\",\"dateModified\":\"2019-06-03T18:26:01+00:00\",\"mainEntityOfPage\":{\"@id\":\"https:\/\/www.garciafaura.com\/fr\/garcia-faura-etrenne-son-nouveau-portail-web\/\"},\"wordCount\":272,\"commentCount\":0,\"publisher\":{\"@id\":\"https:\/\/www.garciafaura.com\/fr\/#organization\"},\"image\":{\"@id\":\"https:\/\/www.garciafaura.com\/fr\/garcia-faura-etrenne-son-nouveau-portail-web\/#primaryimage\"},\"thumbnailUrl\":\"https:\/\/www.garciafaura.com\/wp-content\/uploads\/2018\/11\/GARCIA_FAURA_Instalacions_Planta_Gava\u0300_02.jpg\",\"articleSection\":[\"Actualit\u00e9\"],\"inLanguage\":\"fr-FR\",\"potentialAction\":[{\"@type\":\"CommentAction\",\"name\":\"Comment\",\"target\":[\"https:\/\/www.garciafaura.com\/fr\/garcia-faura-etrenne-son-nouveau-portail-web\/#respond\"]}]},{\"@type\":\"WebPage\",\"@id\":\"https:\/\/www.garciafaura.com\/fr\/garcia-faura-etrenne-son-nouveau-portail-web\/\",\"url\":\"https:\/\/www.garciafaura.com\/fr\/garcia-faura-etrenne-son-nouveau-portail-web\/\",\"name\":\"GARCIA FAURA \u00e9trenne son nouveau portail web - GARCIA FAURA\",\"isPartOf\":{\"@id\":\"https:\/\/www.garciafaura.com\/fr\/#website\"},\"primaryImageOfPage\":{\"@id\":\"https:\/\/www.garciafaura.com\/fr\/garcia-faura-etrenne-son-nouveau-portail-web\/#primaryimage\"},\"image\":{\"@id\":\"https:\/\/www.garciafaura.com\/fr\/garcia-faura-etrenne-son-nouveau-portail-web\/#primaryimage\"},\"thumbnailUrl\":\"https:\/\/www.garciafaura.com\/wp-content\/uploads\/2018\/11\/GARCIA_FAURA_Instalacions_Planta_Gava\u0300_02.jpg\",\"datePublished\":\"2010-11-29T00:00:00+00:00\",\"dateModified\":\"2019-06-03T18:26:01+00:00\",\"description\":\"Arquitectura en Alumini, Inox, Ferro i Vidre\",\"breadcrumb\":{\"@id\":\"https:\/\/www.garciafaura.com\/fr\/garcia-faura-etrenne-son-nouveau-portail-web\/#breadcrumb\"},\"inLanguage\":\"fr-FR\",\"potentialAction\":[{\"@type\":\"ReadAction\",\"target\":[\"https:\/\/www.garciafaura.com\/fr\/garcia-faura-etrenne-son-nouveau-portail-web\/\"]}]},{\"@type\":\"ImageObject\",\"inLanguage\":\"fr-FR\",\"@id\":\"https:\/\/www.garciafaura.com\/fr\/garcia-faura-etrenne-son-nouveau-portail-web\/#primaryimage\",\"url\":\"https:\/\/www.garciafaura.com\/wp-content\/uploads\/2018\/11\/GARCIA_FAURA_Instalacions_Planta_Gava\u0300_02.jpg\",\"contentUrl\":\"https:\/\/www.garciafaura.com\/wp-content\/uploads\/2018\/11\/GARCIA_FAURA_Instalacions_Planta_Gava\u0300_02.jpg\",\"width\":1200,\"height\":628},{\"@type\":\"BreadcrumbList\",\"@id\":\"https:\/\/www.garciafaura.com\/fr\/garcia-faura-etrenne-son-nouveau-portail-web\/#breadcrumb\",\"itemListElement\":[{\"@type\":\"ListItem\",\"position\":1,\"name\":\"Inici\",\"item\":\"https:\/\/www.garciafaura.com\/fr\/\"},{\"@type\":\"ListItem\",\"position\":2,\"name\":\"GARCIA FAURA \u00e9trenne son nouveau portail web\"}]},{\"@type\":\"WebSite\",\"@id\":\"https:\/\/www.garciafaura.com\/fr\/#website\",\"url\":\"https:\/\/www.garciafaura.com\/fr\/\",\"name\":\"GARCIA FAURA\",\"description\":\"Arquitectura en Alumini, Inox, Ferro i Vidre\",\"publisher\":{\"@id\":\"https:\/\/www.garciafaura.com\/fr\/#organization\"},\"potentialAction\":[{\"@type\":\"SearchAction\",\"target\":{\"@type\":\"EntryPoint\",\"urlTemplate\":\"https:\/\/www.garciafaura.com\/fr\/?s={search_term_string}\"},\"query-input\":{\"@type\":\"PropertyValueSpecification\",\"valueRequired\":true,\"valueName\":\"search_term_string\"}}],\"inLanguage\":\"fr-FR\"},{\"@type\":\"Organization\",\"@id\":\"https:\/\/www.garciafaura.com\/fr\/#organization\",\"name\":\"GARCIA FAURA\",\"url\":\"https:\/\/www.garciafaura.com\/fr\/\",\"logo\":{\"@type\":\"ImageObject\",\"inLanguage\":\"fr-FR\",\"@id\":\"https:\/\/www.garciafaura.com\/fr\/#\/schema\/logo\/image\/\",\"url\":\"https:\/\/www.garciafaura.com\/wp-content\/uploads\/2018\/09\/Garcia-Faura.png\",\"contentUrl\":\"https:\/\/www.garciafaura.com\/wp-content\/uploads\/2018\/09\/Garcia-Faura.png\",\"width\":512,\"height\":512,\"caption\":\"GARCIA FAURA\"},\"image\":{\"@id\":\"https:\/\/www.garciafaura.com\/fr\/#\/schema\/logo\/image\/\"},\"sameAs\":[\"https:\/\/www.youtube.com\/user\/GARCIAFAURA\"]},{\"@type\":\"Person\",\"@id\":\"https:\/\/www.garciafaura.com\/fr\/#\/schema\/person\/b4b75e69b33fac3446071909bec106b0\",\"name\":\"David Achell\",\"image\":{\"@type\":\"ImageObject\",\"inLanguage\":\"fr-FR\",\"@id\":\"https:\/\/www.garciafaura.com\/fr\/#\/schema\/person\/image\/\",\"url\":\"https:\/\/secure.gravatar.com\/avatar\/03900210afc1f61bce737bcb4a79c02e2c997f171e3eca839b5a4cbe03846c90?s=96&d=blank&r=g\",\"contentUrl\":\"https:\/\/secure.gravatar.com\/avatar\/03900210afc1f61bce737bcb4a79c02e2c997f171e3eca839b5a4cbe03846c90?s=96&d=blank&r=g\",\"caption\":\"David Achell\"}}]}<\/script>\n<!-- \/ Yoast SEO plugin. -->","yoast_head_json":{"title":"GARCIA FAURA \u00e9trenne son nouveau portail web - GARCIA FAURA","description":"Arquitectura en Alumini, Inox, Ferro i Vidre","robots":{"index":"index","follow":"follow","max-snippet":"max-snippet:-1","max-image-preview":"max-image-preview:large","max-video-preview":"max-video-preview:-1"},"canonical":"https:\/\/www.garciafaura.com\/fr\/garcia-faura-etrenne-son-nouveau-portail-web\/","og_locale":"fr_FR","og_type":"article","og_title":"GARCIA FAURA \u00e9trenne son nouveau portail web - GARCIA FAURA","og_description":"Arquitectura en Alumini, Inox, Ferro i Vidre","og_url":"https:\/\/www.garciafaura.com\/fr\/garcia-faura-etrenne-son-nouveau-portail-web\/","og_site_name":"GARCIA FAURA","article_published_time":"2010-11-29T00:00:00+00:00","article_modified_time":"2019-06-03T18:26:01+00:00","og_image":[{"width":1200,"height":628,"url":"https:\/\/www.garciafaura.com\/wp-content\/uploads\/2018\/11\/GARCIA_FAURA_Instalacions_Planta_Gava\u0300_02.jpg","type":"image\/jpeg"}],"author":"David Achell","twitter_card":"summary_large_image","twitter_misc":{"\u00c9crit par":"David Achell","Dur\u00e9e de lecture estim\u00e9e":"1 minute"},"schema":{"@context":"https:\/\/schema.org","@graph":[{"@type":"Article","@id":"https:\/\/www.garciafaura.com\/fr\/garcia-faura-etrenne-son-nouveau-portail-web\/#article","isPartOf":{"@id":"https:\/\/www.garciafaura.com\/fr\/garcia-faura-etrenne-son-nouveau-portail-web\/"},"author":{"name":"David Achell","@id":"https:\/\/www.garciafaura.com\/fr\/#\/schema\/person\/b4b75e69b33fac3446071909bec106b0"},"headline":"GARCIA FAURA \u00e9trenne son nouveau portail web","datePublished":"2010-11-29T00:00:00+00:00","dateModified":"2019-06-03T18:26:01+00:00","mainEntityOfPage":{"@id":"https:\/\/www.garciafaura.com\/fr\/garcia-faura-etrenne-son-nouveau-portail-web\/"},"wordCount":272,"commentCount":0,"publisher":{"@id":"https:\/\/www.garciafaura.com\/fr\/#organization"},"image":{"@id":"https:\/\/www.garciafaura.com\/fr\/garcia-faura-etrenne-son-nouveau-portail-web\/#primaryimage"},"thumbnailUrl":"https:\/\/www.garciafaura.com\/wp-content\/uploads\/2018\/11\/GARCIA_FAURA_Instalacions_Planta_Gava\u0300_02.jpg","articleSection":["Actualit\u00e9"],"inLanguage":"fr-FR","potentialAction":[{"@type":"CommentAction","name":"Comment","target":["https:\/\/www.garciafaura.com\/fr\/garcia-faura-etrenne-son-nouveau-portail-web\/#respond"]}]},{"@type":"WebPage","@id":"https:\/\/www.garciafaura.com\/fr\/garcia-faura-etrenne-son-nouveau-portail-web\/","url":"https:\/\/www.garciafaura.com\/fr\/garcia-faura-etrenne-son-nouveau-portail-web\/","name":"GARCIA FAURA \u00e9trenne son nouveau portail web - GARCIA FAURA","isPartOf":{"@id":"https:\/\/www.garciafaura.com\/fr\/#website"},"primaryImageOfPage":{"@id":"https:\/\/www.garciafaura.com\/fr\/garcia-faura-etrenne-son-nouveau-portail-web\/#primaryimage"},"image":{"@id":"https:\/\/www.garciafaura.com\/fr\/garcia-faura-etrenne-son-nouveau-portail-web\/#primaryimage"},"thumbnailUrl":"https:\/\/www.garciafaura.com\/wp-content\/uploads\/2018\/11\/GARCIA_FAURA_Instalacions_Planta_Gava\u0300_02.jpg","datePublished":"2010-11-29T00:00:00+00:00","dateModified":"2019-06-03T18:26:01+00:00","description":"Arquitectura en Alumini, Inox, Ferro i Vidre","breadcrumb":{"@id":"https:\/\/www.garciafaura.com\/fr\/garcia-faura-etrenne-son-nouveau-portail-web\/#breadcrumb"},"inLanguage":"fr-FR","potentialAction":[{"@type":"ReadAction","target":["https:\/\/www.garciafaura.com\/fr\/garcia-faura-etrenne-son-nouveau-portail-web\/"]}]},{"@type":"ImageObject","inLanguage":"fr-FR","@id":"https:\/\/www.garciafaura.com\/fr\/garcia-faura-etrenne-son-nouveau-portail-web\/#primaryimage","url":"https:\/\/www.garciafaura.com\/wp-content\/uploads\/2018\/11\/GARCIA_FAURA_Instalacions_Planta_Gava\u0300_02.jpg","contentUrl":"https:\/\/www.garciafaura.com\/wp-content\/uploads\/2018\/11\/GARCIA_FAURA_Instalacions_Planta_Gava\u0300_02.jpg","width":1200,"height":628},{"@type":"BreadcrumbList","@id":"https:\/\/www.garciafaura.com\/fr\/garcia-faura-etrenne-son-nouveau-portail-web\/#breadcrumb","itemListElement":[{"@type":"ListItem","position":1,"name":"Inici","item":"https:\/\/www.garciafaura.com\/fr\/"},{"@type":"ListItem","position":2,"name":"GARCIA FAURA \u00e9trenne son nouveau portail web"}]},{"@type":"WebSite","@id":"https:\/\/www.garciafaura.com\/fr\/#website","url":"https:\/\/www.garciafaura.com\/fr\/","name":"GARCIA FAURA","description":"Arquitectura en Alumini, Inox, Ferro i Vidre","publisher":{"@id":"https:\/\/www.garciafaura.com\/fr\/#organization"},"potentialAction":[{"@type":"SearchAction","target":{"@type":"EntryPoint","urlTemplate":"https:\/\/www.garciafaura.com\/fr\/?s={search_term_string}"},"query-input":{"@type":"PropertyValueSpecification","valueRequired":true,"valueName":"search_term_string"}}],"inLanguage":"fr-FR"},{"@type":"Organization","@id":"https:\/\/www.garciafaura.com\/fr\/#organization","name":"GARCIA FAURA","url":"https:\/\/www.garciafaura.com\/fr\/","logo":{"@type":"ImageObject","inLanguage":"fr-FR","@id":"https:\/\/www.garciafaura.com\/fr\/#\/schema\/logo\/image\/","url":"https:\/\/www.garciafaura.com\/wp-content\/uploads\/2018\/09\/Garcia-Faura.png","contentUrl":"https:\/\/www.garciafaura.com\/wp-content\/uploads\/2018\/09\/Garcia-Faura.png","width":512,"height":512,"caption":"GARCIA FAURA"},"image":{"@id":"https:\/\/www.garciafaura.com\/fr\/#\/schema\/logo\/image\/"},"sameAs":["https:\/\/www.youtube.com\/user\/GARCIAFAURA"]},{"@type":"Person","@id":"https:\/\/www.garciafaura.com\/fr\/#\/schema\/person\/b4b75e69b33fac3446071909bec106b0","name":"David Achell","image":{"@type":"ImageObject","inLanguage":"fr-FR","@id":"https:\/\/www.garciafaura.com\/fr\/#\/schema\/person\/image\/","url":"https:\/\/secure.gravatar.com\/avatar\/03900210afc1f61bce737bcb4a79c02e2c997f171e3eca839b5a4cbe03846c90?s=96&d=blank&r=g","contentUrl":"https:\/\/secure.gravatar.com\/avatar\/03900210afc1f61bce737bcb4a79c02e2c997f171e3eca839b5a4cbe03846c90?s=96&d=blank&r=g","caption":"David Achell"}}]}},"_links":{"self":[{"href":"https:\/\/www.garciafaura.com\/fr\/wp-json\/wp\/v2\/posts\/5263","targetHints":{"allow":["GET"]}}],"collection":[{"href":"https:\/\/www.garciafaura.com\/fr\/wp-json\/wp\/v2\/posts"}],"about":[{"href":"https:\/\/www.garciafaura.com\/fr\/wp-json\/wp\/v2\/types\/post"}],"author":[{"embeddable":true,"href":"https:\/\/www.garciafaura.com\/fr\/wp-json\/wp\/v2\/users\/3"}],"replies":[{"embeddable":true,"href":"https:\/\/www.garciafaura.com\/fr\/wp-json\/wp\/v2\/comments?post=5263"}],"version-history":[{"count":1,"href":"https:\/\/www.garciafaura.com\/fr\/wp-json\/wp\/v2\/posts\/5263\/revisions"}],"predecessor-version":[{"id":21884,"href":"https:\/\/www.garciafaura.com\/fr\/wp-json\/wp\/v2\/posts\/5263\/revisions\/21884"}],"wp:featuredmedia":[{"embeddable":true,"href":"https:\/\/www.garciafaura.com\/fr\/wp-json\/wp\/v2\/media\/15276"}],"wp:attachment":[{"href":"https:\/\/www.garciafaura.com\/fr\/wp-json\/wp\/v2\/media?parent=5263"}],"wp:term":[{"taxonomy":"category","embeddable":true,"href":"https:\/\/www.garciafaura.com\/fr\/wp-json\/wp\/v2\/categories?post=5263"},{"taxonomy":"post_tag","embeddable":true,"href":"https:\/\/www.garciafaura.com\/fr\/wp-json\/wp\/v2\/tags?post=5263"},{"taxonomy":"post_series","embeddable":true,"href":"https:\/\/www.garciafaura.com\/fr\/wp-json\/wp\/v2\/post_series?post=5263"}],"curies":[{"name":"wp","href":"https:\/\/api.w.org\/{rel}","templated":true}]}}