{"id":42046,"date":"2026-03-12T11:06:24","date_gmt":"2026-03-12T09:06:24","guid":{"rendered":"https:\/\/www.garciafaura.com\/el-miteco-confia-en-garcia-faura-per-a-la-renovacio-de-la-seva-seu-historica\/"},"modified":"2026-03-12T11:18:38","modified_gmt":"2026-03-12T09:18:38","slug":"el-miteco-confia-en-garcia-faura-per-a-la-renovacio-de-la-seva-seu-historica","status":"publish","type":"post","link":"https:\/\/www.garciafaura.com\/fr\/el-miteco-confia-en-garcia-faura-per-a-la-renovacio-de-la-seva-seu-historica\/","title":{"rendered":"MITECO fait confiance \u00e0 GARCIA FAURA pour la r\u00e9novation de son si\u00e8ge historique"},"content":{"rendered":"<h3 style=\"text-align: justify;\"><span style=\"font-family: 'Open Sans';\">GARCIA FAURA participe \u00e0 la r\u00e9habilitation du si\u00e8ge du Minist\u00e8re de la Transition \u00c9cologique et du D\u00e9fi D\u00e9mographique (MITECO) afin d&rsquo;am\u00e9liorer son efficacit\u00e9 \u00e9nerg\u00e9tique, tout en respectant l&rsquo;esth\u00e9tique du b\u00e2timent historique.<\/span><\/h3>\n<p style=\"text-align: justify;\"><span style=\"font-family: 'Open Sans';\">Le si\u00e8ge du <strong>Minist\u00e8re de la Transition \u00c9cologique et du D\u00e9fi D\u00e9mographique (MITECO)<\/strong> occupe l&rsquo;un des b\u00e2timents du <strong>complexe gouvernemental Nuevos Ministerios<\/strong>, plus pr\u00e9cis\u00e9ment du c\u00f4t\u00e9 sud, \u00e0 l&rsquo;intersection de la place San Juan de la Cruz et du Paseo de la Castellana, au c\u0153ur de Madrid.<\/span><\/p>\n<p style=\"text-align: justify;\"><span style=\"font-family: 'Open Sans';\">Il s&rsquo;agit d&rsquo;un complexe abritant d&rsquo;autres minist\u00e8res, dont la construction a d\u00e9but\u00e9 dans les ann\u00e9es 1930, sous la Seconde R\u00e9publique, mais qui ne s&rsquo;est achev\u00e9 qu&rsquo;en 1940, apr\u00e8s la fin de la guerre civile.<\/span><\/p>\n<p style=\"text-align: justify;\"><span style=\"font-family: 'Open Sans';\">L&rsquo;intervention en cours vise \u00e0 <strong>am\u00e9liorer l&rsquo;efficacit\u00e9 \u00e9nerg\u00e9tique<\/strong> du si\u00e8ge de <strong>MITECO<\/strong> et \u00e0 mettre en \u0153uvre des <strong>\u00e9nergies renouvelables<\/strong>, afin de r\u00e9duire de moiti\u00e9 les \u00e9missions de CO\u2082.<\/span><\/p>\n<p style=\"text-align: justify;\"><span style=\"font-family: 'Open Sans';\">Pour ce faire, le b\u00e2timent va a utiliser l&rsquo;<strong>\u00e9nergie g\u00e9othermique<\/strong>, et aussi remplacera \u00e9galement toutes les <strong>menuiseries<\/strong> ext\u00e9rieures par d&rsquo;autres en <strong>profils d\u2019acier dot\u00e9es d&rsquo;un syst\u00e8me de rupture de pont thermique<\/strong> qui am\u00e9liorera l&rsquo;isolation thermique.<\/span><\/p>\n<p style=\"text-align: justify;\"><span style=\"font-family: 'Open Sans';\">Dans ce contexte, <strong>GARCIA FAURA<\/strong> fabrique et installe dans ce projet plus de 220 <strong>\u00e9l\u00e9ments de fa\u00e7ade<\/strong>, avec des <strong>profil\u00e9s en fer et en verre<\/strong>, de diff\u00e9rents types et ouvertures, afin de respecter pleinement l&rsquo;esth\u00e9tique du b\u00e2timent.<\/span><\/p>\n<p style=\"text-align: justify;\"><span style=\"font-family: 'Open Sans';\">Ainsi, <strong>GARCIA FAURA<\/strong> a express\u00e9ment cr\u00e9\u00e9 un <strong>joint d&rsquo;\u00e9tanch\u00e9it\u00e9 en couleur vert<\/strong> pour cet ouvrage, alors qu&rsquo;ils sont habituellement en couleur noir en raison du mat\u00e9riau d&rsquo;origine, et aussi des poign\u00e9es sp\u00e9ciales en laiton au design classique.<\/span><\/p>\n","protected":false},"excerpt":{"rendered":"<p>GARCIA FAURA participe \u00e0 la r\u00e9habilitation du si\u00e8ge du Minist\u00e8re de la Transition \u00c9cologique et du D\u00e9fi D\u00e9mographique (MITECO) afin d&rsquo;am\u00e9liorer son efficacit\u00e9 \u00e9nerg\u00e9tique, tout en respectant l&rsquo;esth\u00e9tique du b\u00e2timent historique. Le si\u00e8ge du Minist\u00e8re de la Transition \u00c9cologique et&hellip;<\/p>\n","protected":false},"author":3,"featured_media":42042,"comment_status":"closed","ping_status":"open","sticky":false,"template":"","format":"standard","meta":{"footnotes":""},"categories":[2],"tags":[],"post_series":[],"class_list":["post-42046","post","type-post","status-publish","format-standard","has-post-thumbnail","hentry","category-actualite","entry","has-media"],"yoast_head":"<!-- This site is optimized with the Yoast SEO plugin v26.7 - https:\/\/yoast.com\/wordpress\/plugins\/seo\/ -->\n<title>MITECO fait confiance \u00e0 GARCIA FAURA pour la r\u00e9novation de son si\u00e8ge historique - GARCIA FAURA<\/title>\n<meta name=\"description\" content=\"Arquitectura en Alumini, Inox, Ferro i Vidre\" \/>\n<meta name=\"robots\" content=\"index, follow, max-snippet:-1, max-image-preview:large, max-video-preview:-1\" \/>\n<link rel=\"canonical\" href=\"https:\/\/www.garciafaura.com\/fr\/el-miteco-confia-en-garcia-faura-per-a-la-renovacio-de-la-seva-seu-historica\/\" \/>\n<meta property=\"og:locale\" content=\"fr_FR\" \/>\n<meta property=\"og:type\" content=\"article\" \/>\n<meta property=\"og:title\" content=\"MITECO fait confiance \u00e0 GARCIA FAURA pour la r\u00e9novation de son si\u00e8ge historique - GARCIA FAURA\" \/>\n<meta property=\"og:description\" content=\"Arquitectura en Alumini, Inox, Ferro i Vidre\" \/>\n<meta property=\"og:url\" content=\"https:\/\/www.garciafaura.com\/fr\/el-miteco-confia-en-garcia-faura-per-a-la-renovacio-de-la-seva-seu-historica\/\" \/>\n<meta property=\"og:site_name\" content=\"GARCIA FAURA\" \/>\n<meta property=\"article:published_time\" content=\"2026-03-12T09:06:24+00:00\" \/>\n<meta property=\"article:modified_time\" content=\"2026-03-12T09:18:38+00:00\" \/>\n<meta property=\"og:image\" content=\"https:\/\/www.garciafaura.com\/wp-content\/uploads\/2026\/03\/Sede-MITECO.png\" \/>\n\t<meta property=\"og:image:width\" content=\"1152\" \/>\n\t<meta property=\"og:image:height\" content=\"546\" \/>\n\t<meta property=\"og:image:type\" content=\"image\/png\" \/>\n<meta name=\"author\" content=\"David Achell\" \/>\n<meta name=\"twitter:card\" content=\"summary_large_image\" \/>\n<meta name=\"twitter:label1\" content=\"\u00c9crit par\" \/>\n\t<meta name=\"twitter:data1\" content=\"David Achell\" \/>\n\t<meta name=\"twitter:label2\" content=\"Dur\u00e9e de lecture estim\u00e9e\" \/>\n\t<meta name=\"twitter:data2\" content=\"2 minutes\" \/>\n<script type=\"application\/ld+json\" class=\"yoast-schema-graph\">{\"@context\":\"https:\/\/schema.org\",\"@graph\":[{\"@type\":\"Article\",\"@id\":\"https:\/\/www.garciafaura.com\/fr\/el-miteco-confia-en-garcia-faura-per-a-la-renovacio-de-la-seva-seu-historica\/#article\",\"isPartOf\":{\"@id\":\"https:\/\/www.garciafaura.com\/fr\/el-miteco-confia-en-garcia-faura-per-a-la-renovacio-de-la-seva-seu-historica\/\"},\"author\":{\"name\":\"David Achell\",\"@id\":\"https:\/\/www.garciafaura.com\/fr\/#\/schema\/person\/b4b75e69b33fac3446071909bec106b0\"},\"headline\":\"MITECO fait confiance \u00e0 GARCIA FAURA pour la r\u00e9novation de son si\u00e8ge historique\",\"datePublished\":\"2026-03-12T09:06:24+00:00\",\"dateModified\":\"2026-03-12T09:18:38+00:00\",\"mainEntityOfPage\":{\"@id\":\"https:\/\/www.garciafaura.com\/fr\/el-miteco-confia-en-garcia-faura-per-a-la-renovacio-de-la-seva-seu-historica\/\"},\"wordCount\":321,\"publisher\":{\"@id\":\"https:\/\/www.garciafaura.com\/fr\/#organization\"},\"image\":{\"@id\":\"https:\/\/www.garciafaura.com\/fr\/el-miteco-confia-en-garcia-faura-per-a-la-renovacio-de-la-seva-seu-historica\/#primaryimage\"},\"thumbnailUrl\":\"https:\/\/www.garciafaura.com\/wp-content\/uploads\/2026\/03\/Sede-MITECO.png\",\"articleSection\":[\"Actualit\u00e9\"],\"inLanguage\":\"fr-FR\"},{\"@type\":\"WebPage\",\"@id\":\"https:\/\/www.garciafaura.com\/fr\/el-miteco-confia-en-garcia-faura-per-a-la-renovacio-de-la-seva-seu-historica\/\",\"url\":\"https:\/\/www.garciafaura.com\/fr\/el-miteco-confia-en-garcia-faura-per-a-la-renovacio-de-la-seva-seu-historica\/\",\"name\":\"MITECO fait confiance \u00e0 GARCIA FAURA pour la r\u00e9novation de son si\u00e8ge historique - GARCIA FAURA\",\"isPartOf\":{\"@id\":\"https:\/\/www.garciafaura.com\/fr\/#website\"},\"primaryImageOfPage\":{\"@id\":\"https:\/\/www.garciafaura.com\/fr\/el-miteco-confia-en-garcia-faura-per-a-la-renovacio-de-la-seva-seu-historica\/#primaryimage\"},\"image\":{\"@id\":\"https:\/\/www.garciafaura.com\/fr\/el-miteco-confia-en-garcia-faura-per-a-la-renovacio-de-la-seva-seu-historica\/#primaryimage\"},\"thumbnailUrl\":\"https:\/\/www.garciafaura.com\/wp-content\/uploads\/2026\/03\/Sede-MITECO.png\",\"datePublished\":\"2026-03-12T09:06:24+00:00\",\"dateModified\":\"2026-03-12T09:18:38+00:00\",\"description\":\"Arquitectura en Alumini, Inox, Ferro i Vidre\",\"breadcrumb\":{\"@id\":\"https:\/\/www.garciafaura.com\/fr\/el-miteco-confia-en-garcia-faura-per-a-la-renovacio-de-la-seva-seu-historica\/#breadcrumb\"},\"inLanguage\":\"fr-FR\",\"potentialAction\":[{\"@type\":\"ReadAction\",\"target\":[\"https:\/\/www.garciafaura.com\/fr\/el-miteco-confia-en-garcia-faura-per-a-la-renovacio-de-la-seva-seu-historica\/\"]}]},{\"@type\":\"ImageObject\",\"inLanguage\":\"fr-FR\",\"@id\":\"https:\/\/www.garciafaura.com\/fr\/el-miteco-confia-en-garcia-faura-per-a-la-renovacio-de-la-seva-seu-historica\/#primaryimage\",\"url\":\"https:\/\/www.garciafaura.com\/wp-content\/uploads\/2026\/03\/Sede-MITECO.png\",\"contentUrl\":\"https:\/\/www.garciafaura.com\/wp-content\/uploads\/2026\/03\/Sede-MITECO.png\",\"width\":1152,\"height\":546},{\"@type\":\"BreadcrumbList\",\"@id\":\"https:\/\/www.garciafaura.com\/fr\/el-miteco-confia-en-garcia-faura-per-a-la-renovacio-de-la-seva-seu-historica\/#breadcrumb\",\"itemListElement\":[{\"@type\":\"ListItem\",\"position\":1,\"name\":\"Inici\",\"item\":\"https:\/\/www.garciafaura.com\/fr\/\"},{\"@type\":\"ListItem\",\"position\":2,\"name\":\"MITECO fait confiance \u00e0 GARCIA FAURA pour la r\u00e9novation de son si\u00e8ge historique\"}]},{\"@type\":\"WebSite\",\"@id\":\"https:\/\/www.garciafaura.com\/fr\/#website\",\"url\":\"https:\/\/www.garciafaura.com\/fr\/\",\"name\":\"GARCIA FAURA\",\"description\":\"Arquitectura en Alumini, Inox, Ferro i Vidre\",\"publisher\":{\"@id\":\"https:\/\/www.garciafaura.com\/fr\/#organization\"},\"potentialAction\":[{\"@type\":\"SearchAction\",\"target\":{\"@type\":\"EntryPoint\",\"urlTemplate\":\"https:\/\/www.garciafaura.com\/fr\/?s={search_term_string}\"},\"query-input\":{\"@type\":\"PropertyValueSpecification\",\"valueRequired\":true,\"valueName\":\"search_term_string\"}}],\"inLanguage\":\"fr-FR\"},{\"@type\":\"Organization\",\"@id\":\"https:\/\/www.garciafaura.com\/fr\/#organization\",\"name\":\"GARCIA FAURA\",\"url\":\"https:\/\/www.garciafaura.com\/fr\/\",\"logo\":{\"@type\":\"ImageObject\",\"inLanguage\":\"fr-FR\",\"@id\":\"https:\/\/www.garciafaura.com\/fr\/#\/schema\/logo\/image\/\",\"url\":\"https:\/\/www.garciafaura.com\/wp-content\/uploads\/2018\/09\/Garcia-Faura.png\",\"contentUrl\":\"https:\/\/www.garciafaura.com\/wp-content\/uploads\/2018\/09\/Garcia-Faura.png\",\"width\":512,\"height\":512,\"caption\":\"GARCIA FAURA\"},\"image\":{\"@id\":\"https:\/\/www.garciafaura.com\/fr\/#\/schema\/logo\/image\/\"},\"sameAs\":[\"https:\/\/www.youtube.com\/user\/GARCIAFAURA\"]},{\"@type\":\"Person\",\"@id\":\"https:\/\/www.garciafaura.com\/fr\/#\/schema\/person\/b4b75e69b33fac3446071909bec106b0\",\"name\":\"David Achell\",\"image\":{\"@type\":\"ImageObject\",\"inLanguage\":\"fr-FR\",\"@id\":\"https:\/\/www.garciafaura.com\/fr\/#\/schema\/person\/image\/\",\"url\":\"https:\/\/secure.gravatar.com\/avatar\/03900210afc1f61bce737bcb4a79c02e2c997f171e3eca839b5a4cbe03846c90?s=96&d=blank&r=g\",\"contentUrl\":\"https:\/\/secure.gravatar.com\/avatar\/03900210afc1f61bce737bcb4a79c02e2c997f171e3eca839b5a4cbe03846c90?s=96&d=blank&r=g\",\"caption\":\"David Achell\"}}]}<\/script>\n<!-- \/ Yoast SEO plugin. -->","yoast_head_json":{"title":"MITECO fait confiance \u00e0 GARCIA FAURA pour la r\u00e9novation de son si\u00e8ge historique - GARCIA FAURA","description":"Arquitectura en Alumini, Inox, Ferro i Vidre","robots":{"index":"index","follow":"follow","max-snippet":"max-snippet:-1","max-image-preview":"max-image-preview:large","max-video-preview":"max-video-preview:-1"},"canonical":"https:\/\/www.garciafaura.com\/fr\/el-miteco-confia-en-garcia-faura-per-a-la-renovacio-de-la-seva-seu-historica\/","og_locale":"fr_FR","og_type":"article","og_title":"MITECO fait confiance \u00e0 GARCIA FAURA pour la r\u00e9novation de son si\u00e8ge historique - GARCIA FAURA","og_description":"Arquitectura en Alumini, Inox, Ferro i Vidre","og_url":"https:\/\/www.garciafaura.com\/fr\/el-miteco-confia-en-garcia-faura-per-a-la-renovacio-de-la-seva-seu-historica\/","og_site_name":"GARCIA FAURA","article_published_time":"2026-03-12T09:06:24+00:00","article_modified_time":"2026-03-12T09:18:38+00:00","og_image":[{"width":1152,"height":546,"url":"https:\/\/www.garciafaura.com\/wp-content\/uploads\/2026\/03\/Sede-MITECO.png","type":"image\/png"}],"author":"David Achell","twitter_card":"summary_large_image","twitter_misc":{"\u00c9crit par":"David Achell","Dur\u00e9e de lecture estim\u00e9e":"2 minutes"},"schema":{"@context":"https:\/\/schema.org","@graph":[{"@type":"Article","@id":"https:\/\/www.garciafaura.com\/fr\/el-miteco-confia-en-garcia-faura-per-a-la-renovacio-de-la-seva-seu-historica\/#article","isPartOf":{"@id":"https:\/\/www.garciafaura.com\/fr\/el-miteco-confia-en-garcia-faura-per-a-la-renovacio-de-la-seva-seu-historica\/"},"author":{"name":"David Achell","@id":"https:\/\/www.garciafaura.com\/fr\/#\/schema\/person\/b4b75e69b33fac3446071909bec106b0"},"headline":"MITECO fait confiance \u00e0 GARCIA FAURA pour la r\u00e9novation de son si\u00e8ge historique","datePublished":"2026-03-12T09:06:24+00:00","dateModified":"2026-03-12T09:18:38+00:00","mainEntityOfPage":{"@id":"https:\/\/www.garciafaura.com\/fr\/el-miteco-confia-en-garcia-faura-per-a-la-renovacio-de-la-seva-seu-historica\/"},"wordCount":321,"publisher":{"@id":"https:\/\/www.garciafaura.com\/fr\/#organization"},"image":{"@id":"https:\/\/www.garciafaura.com\/fr\/el-miteco-confia-en-garcia-faura-per-a-la-renovacio-de-la-seva-seu-historica\/#primaryimage"},"thumbnailUrl":"https:\/\/www.garciafaura.com\/wp-content\/uploads\/2026\/03\/Sede-MITECO.png","articleSection":["Actualit\u00e9"],"inLanguage":"fr-FR"},{"@type":"WebPage","@id":"https:\/\/www.garciafaura.com\/fr\/el-miteco-confia-en-garcia-faura-per-a-la-renovacio-de-la-seva-seu-historica\/","url":"https:\/\/www.garciafaura.com\/fr\/el-miteco-confia-en-garcia-faura-per-a-la-renovacio-de-la-seva-seu-historica\/","name":"MITECO fait confiance \u00e0 GARCIA FAURA pour la r\u00e9novation de son si\u00e8ge historique - GARCIA FAURA","isPartOf":{"@id":"https:\/\/www.garciafaura.com\/fr\/#website"},"primaryImageOfPage":{"@id":"https:\/\/www.garciafaura.com\/fr\/el-miteco-confia-en-garcia-faura-per-a-la-renovacio-de-la-seva-seu-historica\/#primaryimage"},"image":{"@id":"https:\/\/www.garciafaura.com\/fr\/el-miteco-confia-en-garcia-faura-per-a-la-renovacio-de-la-seva-seu-historica\/#primaryimage"},"thumbnailUrl":"https:\/\/www.garciafaura.com\/wp-content\/uploads\/2026\/03\/Sede-MITECO.png","datePublished":"2026-03-12T09:06:24+00:00","dateModified":"2026-03-12T09:18:38+00:00","description":"Arquitectura en Alumini, Inox, Ferro i Vidre","breadcrumb":{"@id":"https:\/\/www.garciafaura.com\/fr\/el-miteco-confia-en-garcia-faura-per-a-la-renovacio-de-la-seva-seu-historica\/#breadcrumb"},"inLanguage":"fr-FR","potentialAction":[{"@type":"ReadAction","target":["https:\/\/www.garciafaura.com\/fr\/el-miteco-confia-en-garcia-faura-per-a-la-renovacio-de-la-seva-seu-historica\/"]}]},{"@type":"ImageObject","inLanguage":"fr-FR","@id":"https:\/\/www.garciafaura.com\/fr\/el-miteco-confia-en-garcia-faura-per-a-la-renovacio-de-la-seva-seu-historica\/#primaryimage","url":"https:\/\/www.garciafaura.com\/wp-content\/uploads\/2026\/03\/Sede-MITECO.png","contentUrl":"https:\/\/www.garciafaura.com\/wp-content\/uploads\/2026\/03\/Sede-MITECO.png","width":1152,"height":546},{"@type":"BreadcrumbList","@id":"https:\/\/www.garciafaura.com\/fr\/el-miteco-confia-en-garcia-faura-per-a-la-renovacio-de-la-seva-seu-historica\/#breadcrumb","itemListElement":[{"@type":"ListItem","position":1,"name":"Inici","item":"https:\/\/www.garciafaura.com\/fr\/"},{"@type":"ListItem","position":2,"name":"MITECO fait confiance \u00e0 GARCIA FAURA pour la r\u00e9novation de son si\u00e8ge historique"}]},{"@type":"WebSite","@id":"https:\/\/www.garciafaura.com\/fr\/#website","url":"https:\/\/www.garciafaura.com\/fr\/","name":"GARCIA FAURA","description":"Arquitectura en Alumini, Inox, Ferro i Vidre","publisher":{"@id":"https:\/\/www.garciafaura.com\/fr\/#organization"},"potentialAction":[{"@type":"SearchAction","target":{"@type":"EntryPoint","urlTemplate":"https:\/\/www.garciafaura.com\/fr\/?s={search_term_string}"},"query-input":{"@type":"PropertyValueSpecification","valueRequired":true,"valueName":"search_term_string"}}],"inLanguage":"fr-FR"},{"@type":"Organization","@id":"https:\/\/www.garciafaura.com\/fr\/#organization","name":"GARCIA FAURA","url":"https:\/\/www.garciafaura.com\/fr\/","logo":{"@type":"ImageObject","inLanguage":"fr-FR","@id":"https:\/\/www.garciafaura.com\/fr\/#\/schema\/logo\/image\/","url":"https:\/\/www.garciafaura.com\/wp-content\/uploads\/2018\/09\/Garcia-Faura.png","contentUrl":"https:\/\/www.garciafaura.com\/wp-content\/uploads\/2018\/09\/Garcia-Faura.png","width":512,"height":512,"caption":"GARCIA FAURA"},"image":{"@id":"https:\/\/www.garciafaura.com\/fr\/#\/schema\/logo\/image\/"},"sameAs":["https:\/\/www.youtube.com\/user\/GARCIAFAURA"]},{"@type":"Person","@id":"https:\/\/www.garciafaura.com\/fr\/#\/schema\/person\/b4b75e69b33fac3446071909bec106b0","name":"David Achell","image":{"@type":"ImageObject","inLanguage":"fr-FR","@id":"https:\/\/www.garciafaura.com\/fr\/#\/schema\/person\/image\/","url":"https:\/\/secure.gravatar.com\/avatar\/03900210afc1f61bce737bcb4a79c02e2c997f171e3eca839b5a4cbe03846c90?s=96&d=blank&r=g","contentUrl":"https:\/\/secure.gravatar.com\/avatar\/03900210afc1f61bce737bcb4a79c02e2c997f171e3eca839b5a4cbe03846c90?s=96&d=blank&r=g","caption":"David Achell"}}]}},"_links":{"self":[{"href":"https:\/\/www.garciafaura.com\/fr\/wp-json\/wp\/v2\/posts\/42046","targetHints":{"allow":["GET"]}}],"collection":[{"href":"https:\/\/www.garciafaura.com\/fr\/wp-json\/wp\/v2\/posts"}],"about":[{"href":"https:\/\/www.garciafaura.com\/fr\/wp-json\/wp\/v2\/types\/post"}],"author":[{"embeddable":true,"href":"https:\/\/www.garciafaura.com\/fr\/wp-json\/wp\/v2\/users\/3"}],"replies":[{"embeddable":true,"href":"https:\/\/www.garciafaura.com\/fr\/wp-json\/wp\/v2\/comments?post=42046"}],"version-history":[{"count":3,"href":"https:\/\/www.garciafaura.com\/fr\/wp-json\/wp\/v2\/posts\/42046\/revisions"}],"predecessor-version":[{"id":42053,"href":"https:\/\/www.garciafaura.com\/fr\/wp-json\/wp\/v2\/posts\/42046\/revisions\/42053"}],"wp:featuredmedia":[{"embeddable":true,"href":"https:\/\/www.garciafaura.com\/fr\/wp-json\/wp\/v2\/media\/42042"}],"wp:attachment":[{"href":"https:\/\/www.garciafaura.com\/fr\/wp-json\/wp\/v2\/media?parent=42046"}],"wp:term":[{"taxonomy":"category","embeddable":true,"href":"https:\/\/www.garciafaura.com\/fr\/wp-json\/wp\/v2\/categories?post=42046"},{"taxonomy":"post_tag","embeddable":true,"href":"https:\/\/www.garciafaura.com\/fr\/wp-json\/wp\/v2\/tags?post=42046"},{"taxonomy":"post_series","embeddable":true,"href":"https:\/\/www.garciafaura.com\/fr\/wp-json\/wp\/v2\/post_series?post=42046"}],"curies":[{"name":"wp","href":"https:\/\/api.w.org\/{rel}","templated":true}]}}