{"id":41721,"date":"2026-01-22T10:23:04","date_gmt":"2026-01-22T08:23:04","guid":{"rendered":"https:\/\/www.garciafaura.com\/garcia-faura-fabrica-i-installa-les-facanes-del-nou-hospital-joan-xxiii-de-tarragona\/"},"modified":"2026-01-22T10:32:57","modified_gmt":"2026-01-22T08:32:57","slug":"garcia-faura-fabrica-i-installa-les-facanes-del-nou-hospital-joan-xxiii-de-tarragona","status":"publish","type":"post","link":"https:\/\/www.garciafaura.com\/fr\/garcia-faura-fabrica-i-installa-les-facanes-del-nou-hospital-joan-xxiii-de-tarragona\/","title":{"rendered":"GARCIA FAURA fabrique et installe les fa\u00e7ades du nouvel h\u00f4pital Joan XXIII de Tarragone"},"content":{"rendered":"<h3 style=\"text-align: justify;\" align=\"justify\"><span style=\"font-family: 'Open Sans';\">L\u2019h\u00f4pital universitaire Joan XXIII, \u00e0 Tarragone, a entam\u00e9 un projet de r\u00e9novation et d\u2019int\u00e9gration des diff\u00e9rents b\u00e2timents qui composent l\u2019\u00e9tablissement de soins de r\u00e9f\u00e9rence du Camp de Tarragone, construit \u00e0 la fin des ann\u00e9es 1960.<\/span><\/h3>\n<p style=\"text-align: justify;\" align=\"justify\"><span style=\"font-family: 'Open Sans';\">Le projet pr\u00e9voit la construction d&rsquo;un nouveau b\u00e2timent central de 40.000 m\u00e8tres carr\u00e9s qui abritera les services actuellement r\u00e9partis dans trois b\u00e2timents diff\u00e9rents; un b\u00e2timent administratif et un autre b\u00e2timent d&rsquo;enseignement seront \u00e9galement construits.<\/span><\/p>\n<p style=\"text-align: justify;\" align=\"justify\"><span style=\"font-family: 'Open Sans';\">Pour ce projet, <strong>GARCIA FAURA<\/strong> fabriquera et installera plus de 1.500 m\u00e8tres carr\u00e9s de <strong>panneaux de fa\u00e7ade<\/strong> et 550 m\u00e8tres carr\u00e9s de <strong>menuiseries en aluminium d\u2019haute performance<\/strong>, en plus de 600 m\u00e8tres carr\u00e9s de <strong>ch\u00e2ssis en aluminium avec des lames<\/strong>.<\/span><\/p>\n<p style=\"text-align: justify;\" align=\"justify\"><span style=\"font-family: 'Open Sans';\">L&rsquo;entreprise assurera \u00e9galement la fabrication et la pose d&rsquo;environ 10.500 m\u00e8tres carr\u00e9s de <strong>bardage en aluminium lisse, ondul\u00e9 et perfor\u00e9<\/strong>, aussi environ de 1.500 m\u00e8tres carr\u00e9s de <strong>murs-rideaux<\/strong>, ainsi que des <strong>BSO et passerelles sur les fa\u00e7ades<\/strong>.<\/span><\/p>\n<p style=\"text-align: justify;\" align=\"justify\"><span style=\"font-family: 'Open Sans';\">L&rsquo;entreprise catalane a mis \u00e0 disposition du projet un large \u00e9ventail de professionnels, allant d&rsquo;ing\u00e9nieurs et d&rsquo;architectes \u00e0 des officiers de premier ordre, affect\u00e9s aux t\u00e2ches de fabrication et d&rsquo;installation, ainsi qu&rsquo;\u00e0 une \u00e9quipe de suivi et de contr\u00f4le qualit\u00e9.<\/span><\/p>\n<h4 style=\"text-align: justify;\" align=\"justify\"><span style=\"font-family: 'Open Sans';\">Int\u00e9gr\u00e9 \u00e0 l&rsquo;environnement avec un impact environnemental minimal<\/span><\/h4>\n<p style=\"text-align: justify;\" align=\"justify\"><span style=\"font-family: 'Open Sans';\">Une fois les travaux termin\u00e9s, le nouvel <strong>h\u00f4pital Joan XXIII<\/strong> aura une superficie de 78.000 m\u00e8tres carr\u00e9s, sera int\u00e9gr\u00e9 \u00e0 l&rsquo;environnement urbain et aura une conception fonctionnelle qui permettra une r\u00e9solution et une capacit\u00e9 op\u00e9rationnelle maximales.<\/span><\/p>\n<p style=\"text-align: justify;\" align=\"justify\"><span style=\"font-family: 'Open Sans';\">Par ailleurs, des efforts sont d\u00e9ploy\u00e9s pour r\u00e9duire autant que possible l\u2019impact environnemental et garantir la durabilit\u00e9 et l\u2019efficacit\u00e9 \u00e9nerg\u00e9tique des infrastructures.<\/span><\/p>\n","protected":false},"excerpt":{"rendered":"<p>L\u2019h\u00f4pital universitaire Joan XXIII, \u00e0 Tarragone, a entam\u00e9 un projet de r\u00e9novation et d\u2019int\u00e9gration des diff\u00e9rents b\u00e2timents qui composent l\u2019\u00e9tablissement de soins de r\u00e9f\u00e9rence du Camp de Tarragone, construit \u00e0 la fin des ann\u00e9es 1960. Le projet pr\u00e9voit la construction&hellip;<\/p>\n","protected":false},"author":3,"featured_media":41538,"comment_status":"closed","ping_status":"open","sticky":false,"template":"","format":"gallery","meta":{"footnotes":""},"categories":[2],"tags":[],"post_series":[],"class_list":["post-41721","post","type-post","status-publish","format-gallery","has-post-thumbnail","hentry","category-actualite","post_format-post-format-gallery","entry","has-media"],"yoast_head":"<!-- This site is optimized with the Yoast SEO plugin v26.7 - https:\/\/yoast.com\/wordpress\/plugins\/seo\/ -->\n<title>GARCIA FAURA fabrique et installe les fa\u00e7ades du nouvel h\u00f4pital Joan XXIII de Tarragone - GARCIA FAURA<\/title>\n<meta name=\"description\" content=\"Arquitectura en Alumini, Inox, Ferro i Vidre\" \/>\n<meta name=\"robots\" content=\"index, follow, max-snippet:-1, max-image-preview:large, max-video-preview:-1\" \/>\n<link rel=\"canonical\" href=\"https:\/\/www.garciafaura.com\/fr\/garcia-faura-fabrica-i-installa-les-facanes-del-nou-hospital-joan-xxiii-de-tarragona\/\" \/>\n<meta property=\"og:locale\" content=\"fr_FR\" \/>\n<meta property=\"og:type\" content=\"article\" \/>\n<meta property=\"og:title\" content=\"GARCIA FAURA fabrique et installe les fa\u00e7ades du nouvel h\u00f4pital Joan XXIII de Tarragone - GARCIA FAURA\" \/>\n<meta property=\"og:description\" content=\"Arquitectura en Alumini, Inox, Ferro i Vidre\" \/>\n<meta property=\"og:url\" content=\"https:\/\/www.garciafaura.com\/fr\/garcia-faura-fabrica-i-installa-les-facanes-del-nou-hospital-joan-xxiii-de-tarragona\/\" \/>\n<meta property=\"og:site_name\" content=\"GARCIA FAURA\" \/>\n<meta property=\"article:published_time\" content=\"2026-01-22T08:23:04+00:00\" \/>\n<meta property=\"article:modified_time\" content=\"2026-01-22T08:32:57+00:00\" \/>\n<meta property=\"og:image\" content=\"https:\/\/www.garciafaura.com\/wp-content\/uploads\/2026\/01\/Garcia-Faura-Hospital-Joan-XXIII-Tarragona-3.jpg\" \/>\n\t<meta property=\"og:image:width\" content=\"1200\" \/>\n\t<meta property=\"og:image:height\" content=\"628\" \/>\n\t<meta property=\"og:image:type\" content=\"image\/jpeg\" \/>\n<meta name=\"author\" content=\"David Achell\" \/>\n<meta name=\"twitter:card\" content=\"summary_large_image\" \/>\n<meta name=\"twitter:label1\" content=\"\u00c9crit par\" \/>\n\t<meta name=\"twitter:data1\" content=\"David Achell\" \/>\n\t<meta name=\"twitter:label2\" content=\"Dur\u00e9e de lecture estim\u00e9e\" \/>\n\t<meta name=\"twitter:data2\" content=\"2 minutes\" \/>\n<script type=\"application\/ld+json\" class=\"yoast-schema-graph\">{\"@context\":\"https:\/\/schema.org\",\"@graph\":[{\"@type\":\"Article\",\"@id\":\"https:\/\/www.garciafaura.com\/fr\/garcia-faura-fabrica-i-installa-les-facanes-del-nou-hospital-joan-xxiii-de-tarragona\/#article\",\"isPartOf\":{\"@id\":\"https:\/\/www.garciafaura.com\/fr\/garcia-faura-fabrica-i-installa-les-facanes-del-nou-hospital-joan-xxiii-de-tarragona\/\"},\"author\":{\"name\":\"David Achell\",\"@id\":\"https:\/\/www.garciafaura.com\/fr\/#\/schema\/person\/b4b75e69b33fac3446071909bec106b0\"},\"headline\":\"GARCIA FAURA fabrique et installe les fa\u00e7ades du nouvel h\u00f4pital Joan XXIII de Tarragone\",\"datePublished\":\"2026-01-22T08:23:04+00:00\",\"dateModified\":\"2026-01-22T08:32:57+00:00\",\"mainEntityOfPage\":{\"@id\":\"https:\/\/www.garciafaura.com\/fr\/garcia-faura-fabrica-i-installa-les-facanes-del-nou-hospital-joan-xxiii-de-tarragona\/\"},\"wordCount\":316,\"publisher\":{\"@id\":\"https:\/\/www.garciafaura.com\/fr\/#organization\"},\"image\":{\"@id\":\"https:\/\/www.garciafaura.com\/fr\/garcia-faura-fabrica-i-installa-les-facanes-del-nou-hospital-joan-xxiii-de-tarragona\/#primaryimage\"},\"thumbnailUrl\":\"https:\/\/www.garciafaura.com\/wp-content\/uploads\/2026\/01\/Garcia-Faura-Hospital-Joan-XXIII-Tarragona-3.jpg\",\"articleSection\":[\"Actualit\u00e9\"],\"inLanguage\":\"fr-FR\"},{\"@type\":\"WebPage\",\"@id\":\"https:\/\/www.garciafaura.com\/fr\/garcia-faura-fabrica-i-installa-les-facanes-del-nou-hospital-joan-xxiii-de-tarragona\/\",\"url\":\"https:\/\/www.garciafaura.com\/fr\/garcia-faura-fabrica-i-installa-les-facanes-del-nou-hospital-joan-xxiii-de-tarragona\/\",\"name\":\"GARCIA FAURA fabrique et installe les fa\u00e7ades du nouvel h\u00f4pital Joan XXIII de Tarragone - GARCIA FAURA\",\"isPartOf\":{\"@id\":\"https:\/\/www.garciafaura.com\/fr\/#website\"},\"primaryImageOfPage\":{\"@id\":\"https:\/\/www.garciafaura.com\/fr\/garcia-faura-fabrica-i-installa-les-facanes-del-nou-hospital-joan-xxiii-de-tarragona\/#primaryimage\"},\"image\":{\"@id\":\"https:\/\/www.garciafaura.com\/fr\/garcia-faura-fabrica-i-installa-les-facanes-del-nou-hospital-joan-xxiii-de-tarragona\/#primaryimage\"},\"thumbnailUrl\":\"https:\/\/www.garciafaura.com\/wp-content\/uploads\/2026\/01\/Garcia-Faura-Hospital-Joan-XXIII-Tarragona-3.jpg\",\"datePublished\":\"2026-01-22T08:23:04+00:00\",\"dateModified\":\"2026-01-22T08:32:57+00:00\",\"description\":\"Arquitectura en Alumini, Inox, Ferro i Vidre\",\"breadcrumb\":{\"@id\":\"https:\/\/www.garciafaura.com\/fr\/garcia-faura-fabrica-i-installa-les-facanes-del-nou-hospital-joan-xxiii-de-tarragona\/#breadcrumb\"},\"inLanguage\":\"fr-FR\",\"potentialAction\":[{\"@type\":\"ReadAction\",\"target\":[\"https:\/\/www.garciafaura.com\/fr\/garcia-faura-fabrica-i-installa-les-facanes-del-nou-hospital-joan-xxiii-de-tarragona\/\"]}]},{\"@type\":\"ImageObject\",\"inLanguage\":\"fr-FR\",\"@id\":\"https:\/\/www.garciafaura.com\/fr\/garcia-faura-fabrica-i-installa-les-facanes-del-nou-hospital-joan-xxiii-de-tarragona\/#primaryimage\",\"url\":\"https:\/\/www.garciafaura.com\/wp-content\/uploads\/2026\/01\/Garcia-Faura-Hospital-Joan-XXIII-Tarragona-3.jpg\",\"contentUrl\":\"https:\/\/www.garciafaura.com\/wp-content\/uploads\/2026\/01\/Garcia-Faura-Hospital-Joan-XXIII-Tarragona-3.jpg\",\"width\":1200,\"height\":628},{\"@type\":\"BreadcrumbList\",\"@id\":\"https:\/\/www.garciafaura.com\/fr\/garcia-faura-fabrica-i-installa-les-facanes-del-nou-hospital-joan-xxiii-de-tarragona\/#breadcrumb\",\"itemListElement\":[{\"@type\":\"ListItem\",\"position\":1,\"name\":\"Inici\",\"item\":\"https:\/\/www.garciafaura.com\/fr\/\"},{\"@type\":\"ListItem\",\"position\":2,\"name\":\"GARCIA FAURA fabrique et installe les fa\u00e7ades du nouvel h\u00f4pital Joan XXIII de Tarragone\"}]},{\"@type\":\"WebSite\",\"@id\":\"https:\/\/www.garciafaura.com\/fr\/#website\",\"url\":\"https:\/\/www.garciafaura.com\/fr\/\",\"name\":\"GARCIA FAURA\",\"description\":\"Arquitectura en Alumini, Inox, Ferro i Vidre\",\"publisher\":{\"@id\":\"https:\/\/www.garciafaura.com\/fr\/#organization\"},\"potentialAction\":[{\"@type\":\"SearchAction\",\"target\":{\"@type\":\"EntryPoint\",\"urlTemplate\":\"https:\/\/www.garciafaura.com\/fr\/?s={search_term_string}\"},\"query-input\":{\"@type\":\"PropertyValueSpecification\",\"valueRequired\":true,\"valueName\":\"search_term_string\"}}],\"inLanguage\":\"fr-FR\"},{\"@type\":\"Organization\",\"@id\":\"https:\/\/www.garciafaura.com\/fr\/#organization\",\"name\":\"GARCIA FAURA\",\"url\":\"https:\/\/www.garciafaura.com\/fr\/\",\"logo\":{\"@type\":\"ImageObject\",\"inLanguage\":\"fr-FR\",\"@id\":\"https:\/\/www.garciafaura.com\/fr\/#\/schema\/logo\/image\/\",\"url\":\"https:\/\/www.garciafaura.com\/wp-content\/uploads\/2018\/09\/Garcia-Faura.png\",\"contentUrl\":\"https:\/\/www.garciafaura.com\/wp-content\/uploads\/2018\/09\/Garcia-Faura.png\",\"width\":512,\"height\":512,\"caption\":\"GARCIA FAURA\"},\"image\":{\"@id\":\"https:\/\/www.garciafaura.com\/fr\/#\/schema\/logo\/image\/\"},\"sameAs\":[\"https:\/\/www.youtube.com\/user\/GARCIAFAURA\"]},{\"@type\":\"Person\",\"@id\":\"https:\/\/www.garciafaura.com\/fr\/#\/schema\/person\/b4b75e69b33fac3446071909bec106b0\",\"name\":\"David Achell\",\"image\":{\"@type\":\"ImageObject\",\"inLanguage\":\"fr-FR\",\"@id\":\"https:\/\/www.garciafaura.com\/fr\/#\/schema\/person\/image\/\",\"url\":\"https:\/\/secure.gravatar.com\/avatar\/03900210afc1f61bce737bcb4a79c02e2c997f171e3eca839b5a4cbe03846c90?s=96&d=blank&r=g\",\"contentUrl\":\"https:\/\/secure.gravatar.com\/avatar\/03900210afc1f61bce737bcb4a79c02e2c997f171e3eca839b5a4cbe03846c90?s=96&d=blank&r=g\",\"caption\":\"David Achell\"}}]}<\/script>\n<!-- \/ Yoast SEO plugin. -->","yoast_head_json":{"title":"GARCIA FAURA fabrique et installe les fa\u00e7ades du nouvel h\u00f4pital Joan XXIII de Tarragone - GARCIA FAURA","description":"Arquitectura en Alumini, Inox, Ferro i Vidre","robots":{"index":"index","follow":"follow","max-snippet":"max-snippet:-1","max-image-preview":"max-image-preview:large","max-video-preview":"max-video-preview:-1"},"canonical":"https:\/\/www.garciafaura.com\/fr\/garcia-faura-fabrica-i-installa-les-facanes-del-nou-hospital-joan-xxiii-de-tarragona\/","og_locale":"fr_FR","og_type":"article","og_title":"GARCIA FAURA fabrique et installe les fa\u00e7ades du nouvel h\u00f4pital Joan XXIII de Tarragone - GARCIA FAURA","og_description":"Arquitectura en Alumini, Inox, Ferro i Vidre","og_url":"https:\/\/www.garciafaura.com\/fr\/garcia-faura-fabrica-i-installa-les-facanes-del-nou-hospital-joan-xxiii-de-tarragona\/","og_site_name":"GARCIA FAURA","article_published_time":"2026-01-22T08:23:04+00:00","article_modified_time":"2026-01-22T08:32:57+00:00","og_image":[{"width":1200,"height":628,"url":"https:\/\/www.garciafaura.com\/wp-content\/uploads\/2026\/01\/Garcia-Faura-Hospital-Joan-XXIII-Tarragona-3.jpg","type":"image\/jpeg"}],"author":"David Achell","twitter_card":"summary_large_image","twitter_misc":{"\u00c9crit par":"David Achell","Dur\u00e9e de lecture estim\u00e9e":"2 minutes"},"schema":{"@context":"https:\/\/schema.org","@graph":[{"@type":"Article","@id":"https:\/\/www.garciafaura.com\/fr\/garcia-faura-fabrica-i-installa-les-facanes-del-nou-hospital-joan-xxiii-de-tarragona\/#article","isPartOf":{"@id":"https:\/\/www.garciafaura.com\/fr\/garcia-faura-fabrica-i-installa-les-facanes-del-nou-hospital-joan-xxiii-de-tarragona\/"},"author":{"name":"David Achell","@id":"https:\/\/www.garciafaura.com\/fr\/#\/schema\/person\/b4b75e69b33fac3446071909bec106b0"},"headline":"GARCIA FAURA fabrique et installe les fa\u00e7ades du nouvel h\u00f4pital Joan XXIII de Tarragone","datePublished":"2026-01-22T08:23:04+00:00","dateModified":"2026-01-22T08:32:57+00:00","mainEntityOfPage":{"@id":"https:\/\/www.garciafaura.com\/fr\/garcia-faura-fabrica-i-installa-les-facanes-del-nou-hospital-joan-xxiii-de-tarragona\/"},"wordCount":316,"publisher":{"@id":"https:\/\/www.garciafaura.com\/fr\/#organization"},"image":{"@id":"https:\/\/www.garciafaura.com\/fr\/garcia-faura-fabrica-i-installa-les-facanes-del-nou-hospital-joan-xxiii-de-tarragona\/#primaryimage"},"thumbnailUrl":"https:\/\/www.garciafaura.com\/wp-content\/uploads\/2026\/01\/Garcia-Faura-Hospital-Joan-XXIII-Tarragona-3.jpg","articleSection":["Actualit\u00e9"],"inLanguage":"fr-FR"},{"@type":"WebPage","@id":"https:\/\/www.garciafaura.com\/fr\/garcia-faura-fabrica-i-installa-les-facanes-del-nou-hospital-joan-xxiii-de-tarragona\/","url":"https:\/\/www.garciafaura.com\/fr\/garcia-faura-fabrica-i-installa-les-facanes-del-nou-hospital-joan-xxiii-de-tarragona\/","name":"GARCIA FAURA fabrique et installe les fa\u00e7ades du nouvel h\u00f4pital Joan XXIII de Tarragone - GARCIA FAURA","isPartOf":{"@id":"https:\/\/www.garciafaura.com\/fr\/#website"},"primaryImageOfPage":{"@id":"https:\/\/www.garciafaura.com\/fr\/garcia-faura-fabrica-i-installa-les-facanes-del-nou-hospital-joan-xxiii-de-tarragona\/#primaryimage"},"image":{"@id":"https:\/\/www.garciafaura.com\/fr\/garcia-faura-fabrica-i-installa-les-facanes-del-nou-hospital-joan-xxiii-de-tarragona\/#primaryimage"},"thumbnailUrl":"https:\/\/www.garciafaura.com\/wp-content\/uploads\/2026\/01\/Garcia-Faura-Hospital-Joan-XXIII-Tarragona-3.jpg","datePublished":"2026-01-22T08:23:04+00:00","dateModified":"2026-01-22T08:32:57+00:00","description":"Arquitectura en Alumini, Inox, Ferro i Vidre","breadcrumb":{"@id":"https:\/\/www.garciafaura.com\/fr\/garcia-faura-fabrica-i-installa-les-facanes-del-nou-hospital-joan-xxiii-de-tarragona\/#breadcrumb"},"inLanguage":"fr-FR","potentialAction":[{"@type":"ReadAction","target":["https:\/\/www.garciafaura.com\/fr\/garcia-faura-fabrica-i-installa-les-facanes-del-nou-hospital-joan-xxiii-de-tarragona\/"]}]},{"@type":"ImageObject","inLanguage":"fr-FR","@id":"https:\/\/www.garciafaura.com\/fr\/garcia-faura-fabrica-i-installa-les-facanes-del-nou-hospital-joan-xxiii-de-tarragona\/#primaryimage","url":"https:\/\/www.garciafaura.com\/wp-content\/uploads\/2026\/01\/Garcia-Faura-Hospital-Joan-XXIII-Tarragona-3.jpg","contentUrl":"https:\/\/www.garciafaura.com\/wp-content\/uploads\/2026\/01\/Garcia-Faura-Hospital-Joan-XXIII-Tarragona-3.jpg","width":1200,"height":628},{"@type":"BreadcrumbList","@id":"https:\/\/www.garciafaura.com\/fr\/garcia-faura-fabrica-i-installa-les-facanes-del-nou-hospital-joan-xxiii-de-tarragona\/#breadcrumb","itemListElement":[{"@type":"ListItem","position":1,"name":"Inici","item":"https:\/\/www.garciafaura.com\/fr\/"},{"@type":"ListItem","position":2,"name":"GARCIA FAURA fabrique et installe les fa\u00e7ades du nouvel h\u00f4pital Joan XXIII de Tarragone"}]},{"@type":"WebSite","@id":"https:\/\/www.garciafaura.com\/fr\/#website","url":"https:\/\/www.garciafaura.com\/fr\/","name":"GARCIA FAURA","description":"Arquitectura en Alumini, Inox, Ferro i Vidre","publisher":{"@id":"https:\/\/www.garciafaura.com\/fr\/#organization"},"potentialAction":[{"@type":"SearchAction","target":{"@type":"EntryPoint","urlTemplate":"https:\/\/www.garciafaura.com\/fr\/?s={search_term_string}"},"query-input":{"@type":"PropertyValueSpecification","valueRequired":true,"valueName":"search_term_string"}}],"inLanguage":"fr-FR"},{"@type":"Organization","@id":"https:\/\/www.garciafaura.com\/fr\/#organization","name":"GARCIA FAURA","url":"https:\/\/www.garciafaura.com\/fr\/","logo":{"@type":"ImageObject","inLanguage":"fr-FR","@id":"https:\/\/www.garciafaura.com\/fr\/#\/schema\/logo\/image\/","url":"https:\/\/www.garciafaura.com\/wp-content\/uploads\/2018\/09\/Garcia-Faura.png","contentUrl":"https:\/\/www.garciafaura.com\/wp-content\/uploads\/2018\/09\/Garcia-Faura.png","width":512,"height":512,"caption":"GARCIA FAURA"},"image":{"@id":"https:\/\/www.garciafaura.com\/fr\/#\/schema\/logo\/image\/"},"sameAs":["https:\/\/www.youtube.com\/user\/GARCIAFAURA"]},{"@type":"Person","@id":"https:\/\/www.garciafaura.com\/fr\/#\/schema\/person\/b4b75e69b33fac3446071909bec106b0","name":"David Achell","image":{"@type":"ImageObject","inLanguage":"fr-FR","@id":"https:\/\/www.garciafaura.com\/fr\/#\/schema\/person\/image\/","url":"https:\/\/secure.gravatar.com\/avatar\/03900210afc1f61bce737bcb4a79c02e2c997f171e3eca839b5a4cbe03846c90?s=96&d=blank&r=g","contentUrl":"https:\/\/secure.gravatar.com\/avatar\/03900210afc1f61bce737bcb4a79c02e2c997f171e3eca839b5a4cbe03846c90?s=96&d=blank&r=g","caption":"David Achell"}}]}},"_links":{"self":[{"href":"https:\/\/www.garciafaura.com\/fr\/wp-json\/wp\/v2\/posts\/41721","targetHints":{"allow":["GET"]}}],"collection":[{"href":"https:\/\/www.garciafaura.com\/fr\/wp-json\/wp\/v2\/posts"}],"about":[{"href":"https:\/\/www.garciafaura.com\/fr\/wp-json\/wp\/v2\/types\/post"}],"author":[{"embeddable":true,"href":"https:\/\/www.garciafaura.com\/fr\/wp-json\/wp\/v2\/users\/3"}],"replies":[{"embeddable":true,"href":"https:\/\/www.garciafaura.com\/fr\/wp-json\/wp\/v2\/comments?post=41721"}],"version-history":[{"count":3,"href":"https:\/\/www.garciafaura.com\/fr\/wp-json\/wp\/v2\/posts\/41721\/revisions"}],"predecessor-version":[{"id":41729,"href":"https:\/\/www.garciafaura.com\/fr\/wp-json\/wp\/v2\/posts\/41721\/revisions\/41729"}],"wp:featuredmedia":[{"embeddable":true,"href":"https:\/\/www.garciafaura.com\/fr\/wp-json\/wp\/v2\/media\/41538"}],"wp:attachment":[{"href":"https:\/\/www.garciafaura.com\/fr\/wp-json\/wp\/v2\/media?parent=41721"}],"wp:term":[{"taxonomy":"category","embeddable":true,"href":"https:\/\/www.garciafaura.com\/fr\/wp-json\/wp\/v2\/categories?post=41721"},{"taxonomy":"post_tag","embeddable":true,"href":"https:\/\/www.garciafaura.com\/fr\/wp-json\/wp\/v2\/tags?post=41721"},{"taxonomy":"post_series","embeddable":true,"href":"https:\/\/www.garciafaura.com\/fr\/wp-json\/wp\/v2\/post_series?post=41721"}],"curies":[{"name":"wp","href":"https:\/\/api.w.org\/{rel}","templated":true}]}}