{"id":41154,"date":"2025-10-23T11:58:57","date_gmt":"2025-10-23T09:58:57","guid":{"rendered":"https:\/\/www.garciafaura.com\/garcia-faura-avanca-en-els-seus-objectius-de-sostenibilitat\/"},"modified":"2025-10-23T12:22:46","modified_gmt":"2025-10-23T10:22:46","slug":"garcia-faura-avanca-en-els-seus-objectius-de-sostenibilitat","status":"publish","type":"post","link":"https:\/\/www.garciafaura.com\/fr\/garcia-faura-avanca-en-els-seus-objectius-de-sostenibilitat\/","title":{"rendered":"GARCIA FAURA progresse dans ses objectifs de d\u00e9veloppement durable"},"content":{"rendered":"<h3 style=\"text-align: justify;\"><span style=\"font-family: 'Open Sans';\">L&rsquo;entreprise a r\u00e9cemment \u00e9labor\u00e9 un plan d&rsquo;att\u00e9nuation pour la neutralit\u00e9 climatique et un bilan \u00e9cologique de son activit\u00e9 \u00e9conomique. Ces deux actions visent \u00e0 am\u00e9liorer son empreinte \u00e9cologique.<\/span><\/h3>\n<p style=\"text-align: justify;\"><span style=\"font-family: 'Open Sans';\">Ces derniers mois, <strong>GARCIA FAURA<\/strong> a travaill\u00e9 sur deux projets visant \u00e0 <strong>r\u00e9duire l&#8217;empreinte \u00e9cologique<\/strong> et \u00e0 \u00e9voluer vers un mod\u00e8le \u00e9conomique plus vert et durable : le <strong>plan d&rsquo;att\u00e9nuation pour la neutralit\u00e9 climatique<\/strong> et l&rsquo;<strong>\u00e9quilibre \u00e9cologique de l&rsquo;activit\u00e9 \u00e9conomique<\/strong>.<\/span><\/p>\n<p style=\"text-align: justify;\"><span style=\"font-family: 'Open Sans';\">Le <strong>plan d&rsquo;att\u00e9nuation pour la neutralit\u00e9 climatique<\/strong> est la premi\u00e8re d\u00e9claration de durabilit\u00e9 de <strong>GARCIA FAURA<\/strong> conforme aux normes \u00e9tablies par la r\u00e9glementation europ\u00e9enne. Ce plan s&rsquo;appuie sur le calcul de l&#8217;empreinte carbone actuelle de l&rsquo;entreprise, \u00e0 partir de laquelle l&rsquo;entreprise a \u00e9tabli une feuille de route structur\u00e9e pour la d\u00e9carbonation progressive de ses activit\u00e9s.<\/span><\/p>\n<p style=\"text-align: justify;\"><span style=\"font-family: 'Open Sans';\">Avec cette lettre d&rsquo;engagement, <strong>GARCIA FAURA<\/strong> se fixe comme objectif de <strong>r\u00e9duire les \u00e9missions d&rsquo;au moins 42 % avant 2030<\/strong>. De cette mani\u00e8re, l&rsquo;entreprise devance l&rsquo;entr\u00e9e en vigueur de la l\u00e9gislation g\u00e9n\u00e9rale, qui obligera les entreprises \u00e0 entreprendre des actions pour att\u00e9nuer les effets du changement climatique.<\/span><\/p>\n<p style=\"text-align: justify;\"><span style=\"font-family: 'Open Sans';\">En ce qui concerne l&rsquo;<strong>\u00e9quilibre \u00e9cologique de l&rsquo;activit\u00e9 \u00e9conomique<\/strong>, il s&rsquo;agit d&rsquo;un projet d&rsquo;\u00e9conomie circulaire \u00e0 travers lequel <strong>GARCIA FAURA<\/strong> a pu utiliser l&rsquo;outil <strong>EcoBalan\u00e7<\/strong> pour \u00e9valuer les impacts environnementaux \u00e0 l&rsquo;entr\u00e9e du processus de production, \u00e0 la fois en raison de la consommation de mati\u00e8res premi\u00e8res et d&rsquo;\u00e9nergie, et \u00e0 la sortie, comme les \u00e9missions associ\u00e9es produites dans l&rsquo;air ou l&rsquo;eau des produits, sous-produits ou d\u00e9chets obtenus.<\/span><\/p>\n<p style=\"text-align: justify;\"><span style=\"font-family: 'Open Sans';\">De cette mani\u00e8re, l\u2019entreprise peut identifier les points critiques qui peuvent \u00eatre utilis\u00e9s pour mettre en \u0153uvre des opportunit\u00e9s d\u2019am\u00e9lioration strat\u00e9giques qui ont \u00e9t\u00e9 structur\u00e9es autour de quatre axes : les achats durables, la gestion des d\u00e9chets, les \u00e9nergies renouvelables et la mobilit\u00e9 durable.<\/span><\/p>\n<h4><span style=\"font-family: 'Open Sans';\">Entreprise de r\u00e9f\u00e9rence du secteur<\/span><\/h4>\n<p style=\"text-align: justify;\"><span style=\"font-family: 'Open Sans';\">La r\u00e9alisation de ces projets a \u00e9t\u00e9 r\u00e9alis\u00e9e gr\u00e2ce \u00e0 l&rsquo;aide publique \u00ab Coupon Vert ACCI\u00d3 \u00bb de la Generalitat de Catalunya et au projet Ecoind\u00fastria 2024, en collaboration avec la Diputaci\u00f3n Provincial de Barcelone et la Mairie de Gav\u00e0, entre autres. <\/span><\/p>\n<p style=\"text-align: justify;\"><span style=\"font-family: 'Open Sans';\"><strong>GARCIA FAURA<\/strong> se positionne ainsi une fois de plus comme une <strong>entreprise de r\u00e9f\u00e9rence<\/strong> du secteur gr\u00e2ce au soutien des administrations publiques pour atteindre ses objectifs de responsabilit\u00e9 sociale.<\/span><\/p>\n","protected":false},"excerpt":{"rendered":"<p>L&rsquo;entreprise a r\u00e9cemment \u00e9labor\u00e9 un plan d&rsquo;att\u00e9nuation pour la neutralit\u00e9 climatique et un bilan \u00e9cologique de son activit\u00e9 \u00e9conomique. Ces deux actions visent \u00e0 am\u00e9liorer son empreinte \u00e9cologique. Ces derniers mois, GARCIA FAURA a travaill\u00e9 sur deux projets visant \u00e0&hellip;<\/p>\n","protected":false},"author":3,"featured_media":38522,"comment_status":"closed","ping_status":"open","sticky":false,"template":"","format":"standard","meta":{"footnotes":""},"categories":[2],"tags":[],"post_series":[],"class_list":["post-41154","post","type-post","status-publish","format-standard","has-post-thumbnail","hentry","category-actualite","entry","has-media"],"yoast_head":"<!-- This site is optimized with the Yoast SEO plugin v26.7 - https:\/\/yoast.com\/wordpress\/plugins\/seo\/ -->\n<title>GARCIA FAURA progresse dans ses objectifs de d\u00e9veloppement durable - GARCIA FAURA<\/title>\n<meta name=\"description\" content=\"Arquitectura en Alumini, Inox, Ferro i Vidre\" \/>\n<meta name=\"robots\" content=\"index, follow, max-snippet:-1, max-image-preview:large, max-video-preview:-1\" \/>\n<link rel=\"canonical\" href=\"https:\/\/www.garciafaura.com\/fr\/garcia-faura-avanca-en-els-seus-objectius-de-sostenibilitat\/\" \/>\n<meta property=\"og:locale\" content=\"fr_FR\" \/>\n<meta property=\"og:type\" content=\"article\" \/>\n<meta property=\"og:title\" content=\"GARCIA FAURA progresse dans ses objectifs de d\u00e9veloppement durable - GARCIA FAURA\" \/>\n<meta property=\"og:description\" content=\"Arquitectura en Alumini, Inox, Ferro i Vidre\" \/>\n<meta property=\"og:url\" content=\"https:\/\/www.garciafaura.com\/fr\/garcia-faura-avanca-en-els-seus-objectius-de-sostenibilitat\/\" \/>\n<meta property=\"og:site_name\" content=\"GARCIA FAURA\" \/>\n<meta property=\"article:published_time\" content=\"2025-10-23T09:58:57+00:00\" \/>\n<meta property=\"article:modified_time\" content=\"2025-10-23T10:22:46+00:00\" \/>\n<meta property=\"og:image\" content=\"https:\/\/www.garciafaura.com\/wp-content\/uploads\/2019\/07\/GF-01-005-1024x622.jpg\" \/>\n\t<meta property=\"og:image:width\" content=\"1024\" \/>\n\t<meta property=\"og:image:height\" content=\"622\" \/>\n\t<meta property=\"og:image:type\" content=\"image\/jpeg\" \/>\n<meta name=\"author\" content=\"David Achell\" \/>\n<meta name=\"twitter:card\" content=\"summary_large_image\" \/>\n<meta name=\"twitter:label1\" content=\"\u00c9crit par\" \/>\n\t<meta name=\"twitter:data1\" content=\"David Achell\" \/>\n\t<meta name=\"twitter:label2\" content=\"Dur\u00e9e de lecture estim\u00e9e\" \/>\n\t<meta name=\"twitter:data2\" content=\"3 minutes\" \/>\n<script type=\"application\/ld+json\" class=\"yoast-schema-graph\">{\"@context\":\"https:\/\/schema.org\",\"@graph\":[{\"@type\":\"Article\",\"@id\":\"https:\/\/www.garciafaura.com\/fr\/garcia-faura-avanca-en-els-seus-objectius-de-sostenibilitat\/#article\",\"isPartOf\":{\"@id\":\"https:\/\/www.garciafaura.com\/fr\/garcia-faura-avanca-en-els-seus-objectius-de-sostenibilitat\/\"},\"author\":{\"name\":\"David Achell\",\"@id\":\"https:\/\/www.garciafaura.com\/fr\/#\/schema\/person\/b4b75e69b33fac3446071909bec106b0\"},\"headline\":\"GARCIA FAURA progresse dans ses objectifs de d\u00e9veloppement durable\",\"datePublished\":\"2025-10-23T09:58:57+00:00\",\"dateModified\":\"2025-10-23T10:22:46+00:00\",\"mainEntityOfPage\":{\"@id\":\"https:\/\/www.garciafaura.com\/fr\/garcia-faura-avanca-en-els-seus-objectius-de-sostenibilitat\/\"},\"wordCount\":422,\"publisher\":{\"@id\":\"https:\/\/www.garciafaura.com\/fr\/#organization\"},\"image\":{\"@id\":\"https:\/\/www.garciafaura.com\/fr\/garcia-faura-avanca-en-els-seus-objectius-de-sostenibilitat\/#primaryimage\"},\"thumbnailUrl\":\"https:\/\/www.garciafaura.com\/wp-content\/uploads\/2024\/12\/GF-01-008-scaled.jpg\",\"articleSection\":[\"Actualit\u00e9\"],\"inLanguage\":\"fr-FR\"},{\"@type\":\"WebPage\",\"@id\":\"https:\/\/www.garciafaura.com\/fr\/garcia-faura-avanca-en-els-seus-objectius-de-sostenibilitat\/\",\"url\":\"https:\/\/www.garciafaura.com\/fr\/garcia-faura-avanca-en-els-seus-objectius-de-sostenibilitat\/\",\"name\":\"GARCIA FAURA progresse dans ses objectifs de d\u00e9veloppement durable - GARCIA FAURA\",\"isPartOf\":{\"@id\":\"https:\/\/www.garciafaura.com\/fr\/#website\"},\"primaryImageOfPage\":{\"@id\":\"https:\/\/www.garciafaura.com\/fr\/garcia-faura-avanca-en-els-seus-objectius-de-sostenibilitat\/#primaryimage\"},\"image\":{\"@id\":\"https:\/\/www.garciafaura.com\/fr\/garcia-faura-avanca-en-els-seus-objectius-de-sostenibilitat\/#primaryimage\"},\"thumbnailUrl\":\"https:\/\/www.garciafaura.com\/wp-content\/uploads\/2024\/12\/GF-01-008-scaled.jpg\",\"datePublished\":\"2025-10-23T09:58:57+00:00\",\"dateModified\":\"2025-10-23T10:22:46+00:00\",\"description\":\"Arquitectura en Alumini, Inox, Ferro i Vidre\",\"breadcrumb\":{\"@id\":\"https:\/\/www.garciafaura.com\/fr\/garcia-faura-avanca-en-els-seus-objectius-de-sostenibilitat\/#breadcrumb\"},\"inLanguage\":\"fr-FR\",\"potentialAction\":[{\"@type\":\"ReadAction\",\"target\":[\"https:\/\/www.garciafaura.com\/fr\/garcia-faura-avanca-en-els-seus-objectius-de-sostenibilitat\/\"]}]},{\"@type\":\"ImageObject\",\"inLanguage\":\"fr-FR\",\"@id\":\"https:\/\/www.garciafaura.com\/fr\/garcia-faura-avanca-en-els-seus-objectius-de-sostenibilitat\/#primaryimage\",\"url\":\"https:\/\/www.garciafaura.com\/wp-content\/uploads\/2024\/12\/GF-01-008-scaled.jpg\",\"contentUrl\":\"https:\/\/www.garciafaura.com\/wp-content\/uploads\/2024\/12\/GF-01-008-scaled.jpg\",\"width\":2560,\"height\":1162,\"caption\":\"SONY DSC\"},{\"@type\":\"BreadcrumbList\",\"@id\":\"https:\/\/www.garciafaura.com\/fr\/garcia-faura-avanca-en-els-seus-objectius-de-sostenibilitat\/#breadcrumb\",\"itemListElement\":[{\"@type\":\"ListItem\",\"position\":1,\"name\":\"Inici\",\"item\":\"https:\/\/www.garciafaura.com\/fr\/\"},{\"@type\":\"ListItem\",\"position\":2,\"name\":\"GARCIA FAURA progresse dans ses objectifs de d\u00e9veloppement durable\"}]},{\"@type\":\"WebSite\",\"@id\":\"https:\/\/www.garciafaura.com\/fr\/#website\",\"url\":\"https:\/\/www.garciafaura.com\/fr\/\",\"name\":\"GARCIA FAURA\",\"description\":\"Arquitectura en Alumini, Inox, Ferro i Vidre\",\"publisher\":{\"@id\":\"https:\/\/www.garciafaura.com\/fr\/#organization\"},\"potentialAction\":[{\"@type\":\"SearchAction\",\"target\":{\"@type\":\"EntryPoint\",\"urlTemplate\":\"https:\/\/www.garciafaura.com\/fr\/?s={search_term_string}\"},\"query-input\":{\"@type\":\"PropertyValueSpecification\",\"valueRequired\":true,\"valueName\":\"search_term_string\"}}],\"inLanguage\":\"fr-FR\"},{\"@type\":\"Organization\",\"@id\":\"https:\/\/www.garciafaura.com\/fr\/#organization\",\"name\":\"GARCIA FAURA\",\"url\":\"https:\/\/www.garciafaura.com\/fr\/\",\"logo\":{\"@type\":\"ImageObject\",\"inLanguage\":\"fr-FR\",\"@id\":\"https:\/\/www.garciafaura.com\/fr\/#\/schema\/logo\/image\/\",\"url\":\"https:\/\/www.garciafaura.com\/wp-content\/uploads\/2018\/09\/Garcia-Faura.png\",\"contentUrl\":\"https:\/\/www.garciafaura.com\/wp-content\/uploads\/2018\/09\/Garcia-Faura.png\",\"width\":512,\"height\":512,\"caption\":\"GARCIA FAURA\"},\"image\":{\"@id\":\"https:\/\/www.garciafaura.com\/fr\/#\/schema\/logo\/image\/\"},\"sameAs\":[\"https:\/\/www.youtube.com\/user\/GARCIAFAURA\"]},{\"@type\":\"Person\",\"@id\":\"https:\/\/www.garciafaura.com\/fr\/#\/schema\/person\/b4b75e69b33fac3446071909bec106b0\",\"name\":\"David Achell\",\"image\":{\"@type\":\"ImageObject\",\"inLanguage\":\"fr-FR\",\"@id\":\"https:\/\/www.garciafaura.com\/fr\/#\/schema\/person\/image\/\",\"url\":\"https:\/\/secure.gravatar.com\/avatar\/03900210afc1f61bce737bcb4a79c02e2c997f171e3eca839b5a4cbe03846c90?s=96&d=blank&r=g\",\"contentUrl\":\"https:\/\/secure.gravatar.com\/avatar\/03900210afc1f61bce737bcb4a79c02e2c997f171e3eca839b5a4cbe03846c90?s=96&d=blank&r=g\",\"caption\":\"David Achell\"}}]}<\/script>\n<!-- \/ Yoast SEO plugin. -->","yoast_head_json":{"title":"GARCIA FAURA progresse dans ses objectifs de d\u00e9veloppement durable - GARCIA FAURA","description":"Arquitectura en Alumini, Inox, Ferro i Vidre","robots":{"index":"index","follow":"follow","max-snippet":"max-snippet:-1","max-image-preview":"max-image-preview:large","max-video-preview":"max-video-preview:-1"},"canonical":"https:\/\/www.garciafaura.com\/fr\/garcia-faura-avanca-en-els-seus-objectius-de-sostenibilitat\/","og_locale":"fr_FR","og_type":"article","og_title":"GARCIA FAURA progresse dans ses objectifs de d\u00e9veloppement durable - GARCIA FAURA","og_description":"Arquitectura en Alumini, Inox, Ferro i Vidre","og_url":"https:\/\/www.garciafaura.com\/fr\/garcia-faura-avanca-en-els-seus-objectius-de-sostenibilitat\/","og_site_name":"GARCIA FAURA","article_published_time":"2025-10-23T09:58:57+00:00","article_modified_time":"2025-10-23T10:22:46+00:00","og_image":[{"width":1024,"height":622,"url":"https:\/\/www.garciafaura.com\/wp-content\/uploads\/2019\/07\/GF-01-005-1024x622.jpg","type":"image\/jpeg"}],"author":"David Achell","twitter_card":"summary_large_image","twitter_misc":{"\u00c9crit par":"David Achell","Dur\u00e9e de lecture estim\u00e9e":"3 minutes"},"schema":{"@context":"https:\/\/schema.org","@graph":[{"@type":"Article","@id":"https:\/\/www.garciafaura.com\/fr\/garcia-faura-avanca-en-els-seus-objectius-de-sostenibilitat\/#article","isPartOf":{"@id":"https:\/\/www.garciafaura.com\/fr\/garcia-faura-avanca-en-els-seus-objectius-de-sostenibilitat\/"},"author":{"name":"David Achell","@id":"https:\/\/www.garciafaura.com\/fr\/#\/schema\/person\/b4b75e69b33fac3446071909bec106b0"},"headline":"GARCIA FAURA progresse dans ses objectifs de d\u00e9veloppement durable","datePublished":"2025-10-23T09:58:57+00:00","dateModified":"2025-10-23T10:22:46+00:00","mainEntityOfPage":{"@id":"https:\/\/www.garciafaura.com\/fr\/garcia-faura-avanca-en-els-seus-objectius-de-sostenibilitat\/"},"wordCount":422,"publisher":{"@id":"https:\/\/www.garciafaura.com\/fr\/#organization"},"image":{"@id":"https:\/\/www.garciafaura.com\/fr\/garcia-faura-avanca-en-els-seus-objectius-de-sostenibilitat\/#primaryimage"},"thumbnailUrl":"https:\/\/www.garciafaura.com\/wp-content\/uploads\/2024\/12\/GF-01-008-scaled.jpg","articleSection":["Actualit\u00e9"],"inLanguage":"fr-FR"},{"@type":"WebPage","@id":"https:\/\/www.garciafaura.com\/fr\/garcia-faura-avanca-en-els-seus-objectius-de-sostenibilitat\/","url":"https:\/\/www.garciafaura.com\/fr\/garcia-faura-avanca-en-els-seus-objectius-de-sostenibilitat\/","name":"GARCIA FAURA progresse dans ses objectifs de d\u00e9veloppement durable - GARCIA FAURA","isPartOf":{"@id":"https:\/\/www.garciafaura.com\/fr\/#website"},"primaryImageOfPage":{"@id":"https:\/\/www.garciafaura.com\/fr\/garcia-faura-avanca-en-els-seus-objectius-de-sostenibilitat\/#primaryimage"},"image":{"@id":"https:\/\/www.garciafaura.com\/fr\/garcia-faura-avanca-en-els-seus-objectius-de-sostenibilitat\/#primaryimage"},"thumbnailUrl":"https:\/\/www.garciafaura.com\/wp-content\/uploads\/2024\/12\/GF-01-008-scaled.jpg","datePublished":"2025-10-23T09:58:57+00:00","dateModified":"2025-10-23T10:22:46+00:00","description":"Arquitectura en Alumini, Inox, Ferro i Vidre","breadcrumb":{"@id":"https:\/\/www.garciafaura.com\/fr\/garcia-faura-avanca-en-els-seus-objectius-de-sostenibilitat\/#breadcrumb"},"inLanguage":"fr-FR","potentialAction":[{"@type":"ReadAction","target":["https:\/\/www.garciafaura.com\/fr\/garcia-faura-avanca-en-els-seus-objectius-de-sostenibilitat\/"]}]},{"@type":"ImageObject","inLanguage":"fr-FR","@id":"https:\/\/www.garciafaura.com\/fr\/garcia-faura-avanca-en-els-seus-objectius-de-sostenibilitat\/#primaryimage","url":"https:\/\/www.garciafaura.com\/wp-content\/uploads\/2024\/12\/GF-01-008-scaled.jpg","contentUrl":"https:\/\/www.garciafaura.com\/wp-content\/uploads\/2024\/12\/GF-01-008-scaled.jpg","width":2560,"height":1162,"caption":"SONY DSC"},{"@type":"BreadcrumbList","@id":"https:\/\/www.garciafaura.com\/fr\/garcia-faura-avanca-en-els-seus-objectius-de-sostenibilitat\/#breadcrumb","itemListElement":[{"@type":"ListItem","position":1,"name":"Inici","item":"https:\/\/www.garciafaura.com\/fr\/"},{"@type":"ListItem","position":2,"name":"GARCIA FAURA progresse dans ses objectifs de d\u00e9veloppement durable"}]},{"@type":"WebSite","@id":"https:\/\/www.garciafaura.com\/fr\/#website","url":"https:\/\/www.garciafaura.com\/fr\/","name":"GARCIA FAURA","description":"Arquitectura en Alumini, Inox, Ferro i Vidre","publisher":{"@id":"https:\/\/www.garciafaura.com\/fr\/#organization"},"potentialAction":[{"@type":"SearchAction","target":{"@type":"EntryPoint","urlTemplate":"https:\/\/www.garciafaura.com\/fr\/?s={search_term_string}"},"query-input":{"@type":"PropertyValueSpecification","valueRequired":true,"valueName":"search_term_string"}}],"inLanguage":"fr-FR"},{"@type":"Organization","@id":"https:\/\/www.garciafaura.com\/fr\/#organization","name":"GARCIA FAURA","url":"https:\/\/www.garciafaura.com\/fr\/","logo":{"@type":"ImageObject","inLanguage":"fr-FR","@id":"https:\/\/www.garciafaura.com\/fr\/#\/schema\/logo\/image\/","url":"https:\/\/www.garciafaura.com\/wp-content\/uploads\/2018\/09\/Garcia-Faura.png","contentUrl":"https:\/\/www.garciafaura.com\/wp-content\/uploads\/2018\/09\/Garcia-Faura.png","width":512,"height":512,"caption":"GARCIA FAURA"},"image":{"@id":"https:\/\/www.garciafaura.com\/fr\/#\/schema\/logo\/image\/"},"sameAs":["https:\/\/www.youtube.com\/user\/GARCIAFAURA"]},{"@type":"Person","@id":"https:\/\/www.garciafaura.com\/fr\/#\/schema\/person\/b4b75e69b33fac3446071909bec106b0","name":"David Achell","image":{"@type":"ImageObject","inLanguage":"fr-FR","@id":"https:\/\/www.garciafaura.com\/fr\/#\/schema\/person\/image\/","url":"https:\/\/secure.gravatar.com\/avatar\/03900210afc1f61bce737bcb4a79c02e2c997f171e3eca839b5a4cbe03846c90?s=96&d=blank&r=g","contentUrl":"https:\/\/secure.gravatar.com\/avatar\/03900210afc1f61bce737bcb4a79c02e2c997f171e3eca839b5a4cbe03846c90?s=96&d=blank&r=g","caption":"David Achell"}}]}},"_links":{"self":[{"href":"https:\/\/www.garciafaura.com\/fr\/wp-json\/wp\/v2\/posts\/41154","targetHints":{"allow":["GET"]}}],"collection":[{"href":"https:\/\/www.garciafaura.com\/fr\/wp-json\/wp\/v2\/posts"}],"about":[{"href":"https:\/\/www.garciafaura.com\/fr\/wp-json\/wp\/v2\/types\/post"}],"author":[{"embeddable":true,"href":"https:\/\/www.garciafaura.com\/fr\/wp-json\/wp\/v2\/users\/3"}],"replies":[{"embeddable":true,"href":"https:\/\/www.garciafaura.com\/fr\/wp-json\/wp\/v2\/comments?post=41154"}],"version-history":[{"count":2,"href":"https:\/\/www.garciafaura.com\/fr\/wp-json\/wp\/v2\/posts\/41154\/revisions"}],"predecessor-version":[{"id":41164,"href":"https:\/\/www.garciafaura.com\/fr\/wp-json\/wp\/v2\/posts\/41154\/revisions\/41164"}],"wp:featuredmedia":[{"embeddable":true,"href":"https:\/\/www.garciafaura.com\/fr\/wp-json\/wp\/v2\/media\/38522"}],"wp:attachment":[{"href":"https:\/\/www.garciafaura.com\/fr\/wp-json\/wp\/v2\/media?parent=41154"}],"wp:term":[{"taxonomy":"category","embeddable":true,"href":"https:\/\/www.garciafaura.com\/fr\/wp-json\/wp\/v2\/categories?post=41154"},{"taxonomy":"post_tag","embeddable":true,"href":"https:\/\/www.garciafaura.com\/fr\/wp-json\/wp\/v2\/tags?post=41154"},{"taxonomy":"post_series","embeddable":true,"href":"https:\/\/www.garciafaura.com\/fr\/wp-json\/wp\/v2\/post_series?post=41154"}],"curies":[{"name":"wp","href":"https:\/\/api.w.org\/{rel}","templated":true}]}}