{"id":40275,"date":"2025-07-25T07:00:22","date_gmt":"2025-07-25T05:00:22","guid":{"rendered":"https:\/\/www.garciafaura.com\/?p=40275"},"modified":"2025-07-24T10:47:51","modified_gmt":"2025-07-24T08:47:51","slug":"el-parc-empresarial-cerro-de-los-gamos-a-madrid-torna-a-confiar-en-garcia-faura-per-una-nova-fase-dampliacio","status":"publish","type":"post","link":"https:\/\/www.garciafaura.com\/fr\/el-parc-empresarial-cerro-de-los-gamos-a-madrid-torna-a-confiar-en-garcia-faura-per-una-nova-fase-dampliacio\/","title":{"rendered":"Le parc d&rsquo;activit\u00e9s Cerro de los Gamos, \u00e0 Madrid, fait \u00e0 nouveau confiance \u00e0 GARCIA FAURA pour une nouvelle phase d&rsquo;expansion"},"content":{"rendered":"<h3 style=\"text-align: justify;\" align=\"justify\"><span style=\"font-family: 'Open Sans';\">Le complexe d&rsquo;affaires Cerro de los Gamos, situ\u00e9 \u00e0 Pozuelo de Alarc\u00f3n (Madrid), fait \u00e0 nouveau appel \u00e0 GARCIA FAURA pour r\u00e9habiliter son parc de bureaux, compos\u00e9 de cinq b\u00e2timents ind\u00e9pendants d&rsquo;une superficie totale de 36.105 m\u00e8tres carr\u00e9s.<\/span><\/h3>\n<p style=\"text-align: justify;\" align=\"justify\"><span style=\"font-family: 'Open Sans';\">En 2022, <strong>GARCIA FAURA<\/strong> a \u00e9t\u00e9 charg\u00e9 de la r\u00e9novation des <strong>fa\u00e7ades<\/strong> des b\u00e2timents 1 et 4 du parc d&rsquo;activit\u00e9s. En 2024, l&rsquo;entreprise catalane est intervenue dans le b\u00e2timent 3 pour des travaux de <strong>fa\u00e7ade<\/strong>, un <strong>mur-rideau<\/strong> et des <strong>menuiseries<\/strong> m\u00e9talliques hautes performances.<\/span><\/p>\n<p style=\"text-align: justify;\" align=\"justify\"><span style=\"font-family: 'Open Sans';\"><strong>GARCIA FAURA<\/strong> interviendra d\u00e9sormais dans le b\u00e2timent 2, en fabriquant et en installant 2.290 m\u00e8tres carr\u00e9s de <strong>menuiseries<\/strong> ext\u00e9rieures fixes \u00e0 hautes performances, 500 m\u00e8tres carr\u00e9s de <strong>portes<\/strong> et <strong>fen\u00eatres<\/strong> et un <strong>mur-rideau<\/strong> dans la zone d&rsquo;acc\u00e8s, avec une porte tournante int\u00e9gr\u00e9e.<\/span><\/p>\n<p style=\"text-align: justify;\" align=\"justify\"><span style=\"font-family: 'Open Sans';\">Le projet comprend deux mille m\u00e8tres carr\u00e9s de <strong>vitrage<\/strong> avec une couche sp\u00e9ciale de contr\u00f4le solaire, entre autres t\u00e2ches sur la <strong>fa\u00e7ade<\/strong>, comme toute la sous-structure du toit, et pr\u00e8s de mille m\u00e8tres carr\u00e9s de structures en acier, rev\u00eatues de panneau composite d\u2019<strong>aluminium<\/strong> et remplies d&rsquo;isolant.<\/span><\/p>\n<p style=\"text-align: justify;\" align=\"justify\"><span style=\"font-family: 'Open Sans';\">Il s&rsquo;agit de structures pr\u00e9fabriqu\u00e9es r\u00e9alis\u00e9es dans l&rsquo;<strong>usine<\/strong> <strong>GARCIA FAURA<\/strong> et install\u00e9es sur site gr\u00e2ce \u00e0 un syst\u00e8me modulaire. Cela r\u00e9duit consid\u00e9rablement le temps d&rsquo;installation et garantit une qualit\u00e9 optimale du travail.<\/span><\/p>\n<p style=\"text-align: justify;\" align=\"justify\"><span style=\"font-family: 'Open Sans';\">Comme le reste des b\u00e2timents du <strong>complexe d&rsquo;affaires Cerro de los Gamos<\/strong>, la r\u00e9novation r\u00e9alis\u00e9e par <strong>GARCIA FAURA<\/strong> contribuera \u00e0 ce que ce nouveau b\u00e2timent r\u00e9nov\u00e9 obtienne le <strong>certificat environnemental LEED Gold<\/strong>, ce qui implique une r\u00e9duction des co\u00fbts \u00e9nerg\u00e9tiques.<\/span><\/p>\n","protected":false},"excerpt":{"rendered":"<p>Le complexe d&rsquo;affaires Cerro de los Gamos, situ\u00e9 \u00e0 Pozuelo de Alarc\u00f3n (Madrid), fait \u00e0 nouveau appel \u00e0 GARCIA FAURA pour r\u00e9habiliter son parc de bureaux, compos\u00e9 de cinq b\u00e2timents ind\u00e9pendants d&rsquo;une superficie totale de 36.105 m\u00e8tres carr\u00e9s. En 2022,&hellip;<\/p>\n","protected":false},"author":3,"featured_media":40265,"comment_status":"closed","ping_status":"open","sticky":false,"template":"","format":"gallery","meta":{"footnotes":""},"categories":[2],"tags":[],"post_series":[],"class_list":["post-40275","post","type-post","status-publish","format-gallery","has-post-thumbnail","hentry","category-actualite","post_format-post-format-gallery","entry","has-media"],"yoast_head":"<!-- This site is optimized with the Yoast SEO plugin v26.7 - https:\/\/yoast.com\/wordpress\/plugins\/seo\/ -->\n<title>Le parc d&#039;activit\u00e9s Cerro de los Gamos, \u00e0 Madrid, fait \u00e0 nouveau confiance \u00e0 GARCIA FAURA pour une nouvelle phase d&#039;expansion - GARCIA FAURA<\/title>\n<meta name=\"description\" content=\"Arquitectura en Alumini, Inox, Ferro i Vidre\" \/>\n<meta name=\"robots\" content=\"index, follow, max-snippet:-1, max-image-preview:large, max-video-preview:-1\" \/>\n<link rel=\"canonical\" href=\"https:\/\/www.garciafaura.com\/el-parc-empresarial-cerro-de-los-gamos-a-madrid-torna-a-confiar-en-garcia-faura-per-una-nova-fase-dampliacio\/\" \/>\n<meta property=\"og:locale\" content=\"fr_FR\" \/>\n<meta property=\"og:type\" content=\"article\" \/>\n<meta property=\"og:title\" content=\"Le parc d&#039;activit\u00e9s Cerro de los Gamos, \u00e0 Madrid, fait \u00e0 nouveau confiance \u00e0 GARCIA FAURA pour une nouvelle phase d&#039;expansion - GARCIA FAURA\" \/>\n<meta property=\"og:description\" content=\"Arquitectura en Alumini, Inox, Ferro i Vidre\" \/>\n<meta property=\"og:url\" content=\"https:\/\/www.garciafaura.com\/el-parc-empresarial-cerro-de-los-gamos-a-madrid-torna-a-confiar-en-garcia-faura-per-una-nova-fase-dampliacio\/\" \/>\n<meta property=\"og:site_name\" content=\"GARCIA FAURA\" \/>\n<meta property=\"article:published_time\" content=\"2025-07-25T05:00:22+00:00\" \/>\n<meta property=\"og:image\" content=\"https:\/\/www.garciafaura.com\/wp-content\/uploads\/2025\/07\/Cerro-de-los-Gamos-2-01.jpg\" \/>\n\t<meta property=\"og:image:width\" content=\"1300\" \/>\n\t<meta property=\"og:image:height\" content=\"570\" \/>\n\t<meta property=\"og:image:type\" content=\"image\/jpeg\" \/>\n<meta name=\"author\" content=\"David Achell\" \/>\n<meta name=\"twitter:card\" content=\"summary_large_image\" \/>\n<meta name=\"twitter:label1\" content=\"\u00c9crit par\" \/>\n\t<meta name=\"twitter:data1\" content=\"David Achell\" \/>\n\t<meta name=\"twitter:label2\" content=\"Dur\u00e9e de lecture estim\u00e9e\" \/>\n\t<meta name=\"twitter:data2\" content=\"2 minutes\" \/>\n<script type=\"application\/ld+json\" class=\"yoast-schema-graph\">{\"@context\":\"https:\/\/schema.org\",\"@graph\":[{\"@type\":\"Article\",\"@id\":\"https:\/\/www.garciafaura.com\/el-parc-empresarial-cerro-de-los-gamos-a-madrid-torna-a-confiar-en-garcia-faura-per-una-nova-fase-dampliacio\/#article\",\"isPartOf\":{\"@id\":\"https:\/\/www.garciafaura.com\/el-parc-empresarial-cerro-de-los-gamos-a-madrid-torna-a-confiar-en-garcia-faura-per-una-nova-fase-dampliacio\/\"},\"author\":{\"name\":\"David Achell\",\"@id\":\"https:\/\/www.garciafaura.com\/fr\/#\/schema\/person\/b4b75e69b33fac3446071909bec106b0\"},\"headline\":\"Le parc d&rsquo;activit\u00e9s Cerro de los Gamos, \u00e0 Madrid, fait \u00e0 nouveau confiance \u00e0 GARCIA FAURA pour une nouvelle phase d&rsquo;expansion\",\"datePublished\":\"2025-07-25T05:00:22+00:00\",\"mainEntityOfPage\":{\"@id\":\"https:\/\/www.garciafaura.com\/el-parc-empresarial-cerro-de-los-gamos-a-madrid-torna-a-confiar-en-garcia-faura-per-una-nova-fase-dampliacio\/\"},\"wordCount\":310,\"publisher\":{\"@id\":\"https:\/\/www.garciafaura.com\/fr\/#organization\"},\"image\":{\"@id\":\"https:\/\/www.garciafaura.com\/el-parc-empresarial-cerro-de-los-gamos-a-madrid-torna-a-confiar-en-garcia-faura-per-una-nova-fase-dampliacio\/#primaryimage\"},\"thumbnailUrl\":\"https:\/\/www.garciafaura.com\/wp-content\/uploads\/2025\/07\/Cerro-de-los-Gamos-2-01.jpg\",\"articleSection\":[\"Actualit\u00e9\"],\"inLanguage\":\"fr-FR\"},{\"@type\":\"WebPage\",\"@id\":\"https:\/\/www.garciafaura.com\/el-parc-empresarial-cerro-de-los-gamos-a-madrid-torna-a-confiar-en-garcia-faura-per-una-nova-fase-dampliacio\/\",\"url\":\"https:\/\/www.garciafaura.com\/el-parc-empresarial-cerro-de-los-gamos-a-madrid-torna-a-confiar-en-garcia-faura-per-una-nova-fase-dampliacio\/\",\"name\":\"Le parc d'activit\u00e9s Cerro de los Gamos, \u00e0 Madrid, fait \u00e0 nouveau confiance \u00e0 GARCIA FAURA pour une nouvelle phase d'expansion - GARCIA FAURA\",\"isPartOf\":{\"@id\":\"https:\/\/www.garciafaura.com\/fr\/#website\"},\"primaryImageOfPage\":{\"@id\":\"https:\/\/www.garciafaura.com\/el-parc-empresarial-cerro-de-los-gamos-a-madrid-torna-a-confiar-en-garcia-faura-per-una-nova-fase-dampliacio\/#primaryimage\"},\"image\":{\"@id\":\"https:\/\/www.garciafaura.com\/el-parc-empresarial-cerro-de-los-gamos-a-madrid-torna-a-confiar-en-garcia-faura-per-una-nova-fase-dampliacio\/#primaryimage\"},\"thumbnailUrl\":\"https:\/\/www.garciafaura.com\/wp-content\/uploads\/2025\/07\/Cerro-de-los-Gamos-2-01.jpg\",\"datePublished\":\"2025-07-25T05:00:22+00:00\",\"description\":\"Arquitectura en Alumini, Inox, Ferro i Vidre\",\"breadcrumb\":{\"@id\":\"https:\/\/www.garciafaura.com\/el-parc-empresarial-cerro-de-los-gamos-a-madrid-torna-a-confiar-en-garcia-faura-per-una-nova-fase-dampliacio\/#breadcrumb\"},\"inLanguage\":\"fr-FR\",\"potentialAction\":[{\"@type\":\"ReadAction\",\"target\":[\"https:\/\/www.garciafaura.com\/el-parc-empresarial-cerro-de-los-gamos-a-madrid-torna-a-confiar-en-garcia-faura-per-una-nova-fase-dampliacio\/\"]}]},{\"@type\":\"ImageObject\",\"inLanguage\":\"fr-FR\",\"@id\":\"https:\/\/www.garciafaura.com\/el-parc-empresarial-cerro-de-los-gamos-a-madrid-torna-a-confiar-en-garcia-faura-per-una-nova-fase-dampliacio\/#primaryimage\",\"url\":\"https:\/\/www.garciafaura.com\/wp-content\/uploads\/2025\/07\/Cerro-de-los-Gamos-2-01.jpg\",\"contentUrl\":\"https:\/\/www.garciafaura.com\/wp-content\/uploads\/2025\/07\/Cerro-de-los-Gamos-2-01.jpg\",\"width\":1300,\"height\":570},{\"@type\":\"BreadcrumbList\",\"@id\":\"https:\/\/www.garciafaura.com\/el-parc-empresarial-cerro-de-los-gamos-a-madrid-torna-a-confiar-en-garcia-faura-per-una-nova-fase-dampliacio\/#breadcrumb\",\"itemListElement\":[{\"@type\":\"ListItem\",\"position\":1,\"name\":\"Inici\",\"item\":\"https:\/\/www.garciafaura.com\/fr\/\"},{\"@type\":\"ListItem\",\"position\":2,\"name\":\"Le parc d&#8217;activit\u00e9s Cerro de los Gamos, \u00e0 Madrid, fait \u00e0 nouveau confiance \u00e0 GARCIA FAURA pour une nouvelle phase d&#8217;expansion\"}]},{\"@type\":\"WebSite\",\"@id\":\"https:\/\/www.garciafaura.com\/fr\/#website\",\"url\":\"https:\/\/www.garciafaura.com\/fr\/\",\"name\":\"GARCIA FAURA\",\"description\":\"Arquitectura en Alumini, Inox, Ferro i Vidre\",\"publisher\":{\"@id\":\"https:\/\/www.garciafaura.com\/fr\/#organization\"},\"potentialAction\":[{\"@type\":\"SearchAction\",\"target\":{\"@type\":\"EntryPoint\",\"urlTemplate\":\"https:\/\/www.garciafaura.com\/fr\/?s={search_term_string}\"},\"query-input\":{\"@type\":\"PropertyValueSpecification\",\"valueRequired\":true,\"valueName\":\"search_term_string\"}}],\"inLanguage\":\"fr-FR\"},{\"@type\":\"Organization\",\"@id\":\"https:\/\/www.garciafaura.com\/fr\/#organization\",\"name\":\"GARCIA FAURA\",\"url\":\"https:\/\/www.garciafaura.com\/fr\/\",\"logo\":{\"@type\":\"ImageObject\",\"inLanguage\":\"fr-FR\",\"@id\":\"https:\/\/www.garciafaura.com\/fr\/#\/schema\/logo\/image\/\",\"url\":\"https:\/\/www.garciafaura.com\/wp-content\/uploads\/2018\/09\/Garcia-Faura.png\",\"contentUrl\":\"https:\/\/www.garciafaura.com\/wp-content\/uploads\/2018\/09\/Garcia-Faura.png\",\"width\":512,\"height\":512,\"caption\":\"GARCIA FAURA\"},\"image\":{\"@id\":\"https:\/\/www.garciafaura.com\/fr\/#\/schema\/logo\/image\/\"},\"sameAs\":[\"https:\/\/www.youtube.com\/user\/GARCIAFAURA\"]},{\"@type\":\"Person\",\"@id\":\"https:\/\/www.garciafaura.com\/fr\/#\/schema\/person\/b4b75e69b33fac3446071909bec106b0\",\"name\":\"David Achell\",\"image\":{\"@type\":\"ImageObject\",\"inLanguage\":\"fr-FR\",\"@id\":\"https:\/\/www.garciafaura.com\/fr\/#\/schema\/person\/image\/\",\"url\":\"https:\/\/secure.gravatar.com\/avatar\/03900210afc1f61bce737bcb4a79c02e2c997f171e3eca839b5a4cbe03846c90?s=96&d=blank&r=g\",\"contentUrl\":\"https:\/\/secure.gravatar.com\/avatar\/03900210afc1f61bce737bcb4a79c02e2c997f171e3eca839b5a4cbe03846c90?s=96&d=blank&r=g\",\"caption\":\"David Achell\"}}]}<\/script>\n<!-- \/ Yoast SEO plugin. -->","yoast_head_json":{"title":"Le parc d'activit\u00e9s Cerro de los Gamos, \u00e0 Madrid, fait \u00e0 nouveau confiance \u00e0 GARCIA FAURA pour une nouvelle phase d'expansion - GARCIA FAURA","description":"Arquitectura en Alumini, Inox, Ferro i Vidre","robots":{"index":"index","follow":"follow","max-snippet":"max-snippet:-1","max-image-preview":"max-image-preview:large","max-video-preview":"max-video-preview:-1"},"canonical":"https:\/\/www.garciafaura.com\/el-parc-empresarial-cerro-de-los-gamos-a-madrid-torna-a-confiar-en-garcia-faura-per-una-nova-fase-dampliacio\/","og_locale":"fr_FR","og_type":"article","og_title":"Le parc d'activit\u00e9s Cerro de los Gamos, \u00e0 Madrid, fait \u00e0 nouveau confiance \u00e0 GARCIA FAURA pour une nouvelle phase d'expansion - GARCIA FAURA","og_description":"Arquitectura en Alumini, Inox, Ferro i Vidre","og_url":"https:\/\/www.garciafaura.com\/el-parc-empresarial-cerro-de-los-gamos-a-madrid-torna-a-confiar-en-garcia-faura-per-una-nova-fase-dampliacio\/","og_site_name":"GARCIA FAURA","article_published_time":"2025-07-25T05:00:22+00:00","og_image":[{"width":1300,"height":570,"url":"https:\/\/www.garciafaura.com\/wp-content\/uploads\/2025\/07\/Cerro-de-los-Gamos-2-01.jpg","type":"image\/jpeg"}],"author":"David Achell","twitter_card":"summary_large_image","twitter_misc":{"\u00c9crit par":"David Achell","Dur\u00e9e de lecture estim\u00e9e":"2 minutes"},"schema":{"@context":"https:\/\/schema.org","@graph":[{"@type":"Article","@id":"https:\/\/www.garciafaura.com\/el-parc-empresarial-cerro-de-los-gamos-a-madrid-torna-a-confiar-en-garcia-faura-per-una-nova-fase-dampliacio\/#article","isPartOf":{"@id":"https:\/\/www.garciafaura.com\/el-parc-empresarial-cerro-de-los-gamos-a-madrid-torna-a-confiar-en-garcia-faura-per-una-nova-fase-dampliacio\/"},"author":{"name":"David Achell","@id":"https:\/\/www.garciafaura.com\/fr\/#\/schema\/person\/b4b75e69b33fac3446071909bec106b0"},"headline":"Le parc d&rsquo;activit\u00e9s Cerro de los Gamos, \u00e0 Madrid, fait \u00e0 nouveau confiance \u00e0 GARCIA FAURA pour une nouvelle phase d&rsquo;expansion","datePublished":"2025-07-25T05:00:22+00:00","mainEntityOfPage":{"@id":"https:\/\/www.garciafaura.com\/el-parc-empresarial-cerro-de-los-gamos-a-madrid-torna-a-confiar-en-garcia-faura-per-una-nova-fase-dampliacio\/"},"wordCount":310,"publisher":{"@id":"https:\/\/www.garciafaura.com\/fr\/#organization"},"image":{"@id":"https:\/\/www.garciafaura.com\/el-parc-empresarial-cerro-de-los-gamos-a-madrid-torna-a-confiar-en-garcia-faura-per-una-nova-fase-dampliacio\/#primaryimage"},"thumbnailUrl":"https:\/\/www.garciafaura.com\/wp-content\/uploads\/2025\/07\/Cerro-de-los-Gamos-2-01.jpg","articleSection":["Actualit\u00e9"],"inLanguage":"fr-FR"},{"@type":"WebPage","@id":"https:\/\/www.garciafaura.com\/el-parc-empresarial-cerro-de-los-gamos-a-madrid-torna-a-confiar-en-garcia-faura-per-una-nova-fase-dampliacio\/","url":"https:\/\/www.garciafaura.com\/el-parc-empresarial-cerro-de-los-gamos-a-madrid-torna-a-confiar-en-garcia-faura-per-una-nova-fase-dampliacio\/","name":"Le parc d'activit\u00e9s Cerro de los Gamos, \u00e0 Madrid, fait \u00e0 nouveau confiance \u00e0 GARCIA FAURA pour une nouvelle phase d'expansion - GARCIA FAURA","isPartOf":{"@id":"https:\/\/www.garciafaura.com\/fr\/#website"},"primaryImageOfPage":{"@id":"https:\/\/www.garciafaura.com\/el-parc-empresarial-cerro-de-los-gamos-a-madrid-torna-a-confiar-en-garcia-faura-per-una-nova-fase-dampliacio\/#primaryimage"},"image":{"@id":"https:\/\/www.garciafaura.com\/el-parc-empresarial-cerro-de-los-gamos-a-madrid-torna-a-confiar-en-garcia-faura-per-una-nova-fase-dampliacio\/#primaryimage"},"thumbnailUrl":"https:\/\/www.garciafaura.com\/wp-content\/uploads\/2025\/07\/Cerro-de-los-Gamos-2-01.jpg","datePublished":"2025-07-25T05:00:22+00:00","description":"Arquitectura en Alumini, Inox, Ferro i Vidre","breadcrumb":{"@id":"https:\/\/www.garciafaura.com\/el-parc-empresarial-cerro-de-los-gamos-a-madrid-torna-a-confiar-en-garcia-faura-per-una-nova-fase-dampliacio\/#breadcrumb"},"inLanguage":"fr-FR","potentialAction":[{"@type":"ReadAction","target":["https:\/\/www.garciafaura.com\/el-parc-empresarial-cerro-de-los-gamos-a-madrid-torna-a-confiar-en-garcia-faura-per-una-nova-fase-dampliacio\/"]}]},{"@type":"ImageObject","inLanguage":"fr-FR","@id":"https:\/\/www.garciafaura.com\/el-parc-empresarial-cerro-de-los-gamos-a-madrid-torna-a-confiar-en-garcia-faura-per-una-nova-fase-dampliacio\/#primaryimage","url":"https:\/\/www.garciafaura.com\/wp-content\/uploads\/2025\/07\/Cerro-de-los-Gamos-2-01.jpg","contentUrl":"https:\/\/www.garciafaura.com\/wp-content\/uploads\/2025\/07\/Cerro-de-los-Gamos-2-01.jpg","width":1300,"height":570},{"@type":"BreadcrumbList","@id":"https:\/\/www.garciafaura.com\/el-parc-empresarial-cerro-de-los-gamos-a-madrid-torna-a-confiar-en-garcia-faura-per-una-nova-fase-dampliacio\/#breadcrumb","itemListElement":[{"@type":"ListItem","position":1,"name":"Inici","item":"https:\/\/www.garciafaura.com\/fr\/"},{"@type":"ListItem","position":2,"name":"Le parc d&#8217;activit\u00e9s Cerro de los Gamos, \u00e0 Madrid, fait \u00e0 nouveau confiance \u00e0 GARCIA FAURA pour une nouvelle phase d&#8217;expansion"}]},{"@type":"WebSite","@id":"https:\/\/www.garciafaura.com\/fr\/#website","url":"https:\/\/www.garciafaura.com\/fr\/","name":"GARCIA FAURA","description":"Arquitectura en Alumini, Inox, Ferro i Vidre","publisher":{"@id":"https:\/\/www.garciafaura.com\/fr\/#organization"},"potentialAction":[{"@type":"SearchAction","target":{"@type":"EntryPoint","urlTemplate":"https:\/\/www.garciafaura.com\/fr\/?s={search_term_string}"},"query-input":{"@type":"PropertyValueSpecification","valueRequired":true,"valueName":"search_term_string"}}],"inLanguage":"fr-FR"},{"@type":"Organization","@id":"https:\/\/www.garciafaura.com\/fr\/#organization","name":"GARCIA FAURA","url":"https:\/\/www.garciafaura.com\/fr\/","logo":{"@type":"ImageObject","inLanguage":"fr-FR","@id":"https:\/\/www.garciafaura.com\/fr\/#\/schema\/logo\/image\/","url":"https:\/\/www.garciafaura.com\/wp-content\/uploads\/2018\/09\/Garcia-Faura.png","contentUrl":"https:\/\/www.garciafaura.com\/wp-content\/uploads\/2018\/09\/Garcia-Faura.png","width":512,"height":512,"caption":"GARCIA FAURA"},"image":{"@id":"https:\/\/www.garciafaura.com\/fr\/#\/schema\/logo\/image\/"},"sameAs":["https:\/\/www.youtube.com\/user\/GARCIAFAURA"]},{"@type":"Person","@id":"https:\/\/www.garciafaura.com\/fr\/#\/schema\/person\/b4b75e69b33fac3446071909bec106b0","name":"David Achell","image":{"@type":"ImageObject","inLanguage":"fr-FR","@id":"https:\/\/www.garciafaura.com\/fr\/#\/schema\/person\/image\/","url":"https:\/\/secure.gravatar.com\/avatar\/03900210afc1f61bce737bcb4a79c02e2c997f171e3eca839b5a4cbe03846c90?s=96&d=blank&r=g","contentUrl":"https:\/\/secure.gravatar.com\/avatar\/03900210afc1f61bce737bcb4a79c02e2c997f171e3eca839b5a4cbe03846c90?s=96&d=blank&r=g","caption":"David Achell"}}]}},"_links":{"self":[{"href":"https:\/\/www.garciafaura.com\/fr\/wp-json\/wp\/v2\/posts\/40275","targetHints":{"allow":["GET"]}}],"collection":[{"href":"https:\/\/www.garciafaura.com\/fr\/wp-json\/wp\/v2\/posts"}],"about":[{"href":"https:\/\/www.garciafaura.com\/fr\/wp-json\/wp\/v2\/types\/post"}],"author":[{"embeddable":true,"href":"https:\/\/www.garciafaura.com\/fr\/wp-json\/wp\/v2\/users\/3"}],"replies":[{"embeddable":true,"href":"https:\/\/www.garciafaura.com\/fr\/wp-json\/wp\/v2\/comments?post=40275"}],"version-history":[{"count":3,"href":"https:\/\/www.garciafaura.com\/fr\/wp-json\/wp\/v2\/posts\/40275\/revisions"}],"predecessor-version":[{"id":40282,"href":"https:\/\/www.garciafaura.com\/fr\/wp-json\/wp\/v2\/posts\/40275\/revisions\/40282"}],"wp:featuredmedia":[{"embeddable":true,"href":"https:\/\/www.garciafaura.com\/fr\/wp-json\/wp\/v2\/media\/40265"}],"wp:attachment":[{"href":"https:\/\/www.garciafaura.com\/fr\/wp-json\/wp\/v2\/media?parent=40275"}],"wp:term":[{"taxonomy":"category","embeddable":true,"href":"https:\/\/www.garciafaura.com\/fr\/wp-json\/wp\/v2\/categories?post=40275"},{"taxonomy":"post_tag","embeddable":true,"href":"https:\/\/www.garciafaura.com\/fr\/wp-json\/wp\/v2\/tags?post=40275"},{"taxonomy":"post_series","embeddable":true,"href":"https:\/\/www.garciafaura.com\/fr\/wp-json\/wp\/v2\/post_series?post=40275"}],"curies":[{"name":"wp","href":"https:\/\/api.w.org\/{rel}","templated":true}]}}