{"id":40237,"date":"2025-07-04T11:50:29","date_gmt":"2025-07-04T09:50:29","guid":{"rendered":"https:\/\/www.garciafaura.com\/garcia-faura-participa-en-la-rehabilitacio-de-ledifici-historic-de-la-mutua-metallurgica-de-barcelona\/"},"modified":"2025-07-04T12:25:18","modified_gmt":"2025-07-04T10:25:18","slug":"garcia-faura-participa-en-la-rehabilitacio-de-ledifici-historic-de-la-mutua-metallurgica-de-barcelona","status":"publish","type":"post","link":"https:\/\/www.garciafaura.com\/fr\/garcia-faura-participa-en-la-rehabilitacio-de-ledifici-historic-de-la-mutua-metallurgica-de-barcelona\/","title":{"rendered":"GARCIA FAURA participe \u00e0 la r\u00e9habilitation du b\u00e2timent historique de la &lsquo;M\u00fatua Metal\u00fargica&rsquo; de Barcelone"},"content":{"rendered":"<h3 style=\"text-align: justify;\"><span style=\"font-family: 'Open Sans';\">GARCIA FAURA participe \u00e0 la r\u00e9novation compl\u00e8te de l&rsquo;immeuble MC Mutual, situ\u00e9 sur l&rsquo;avenue Diagonal \u00e0 Barcelone, dans le quartier de l&rsquo;Eixample. Ce joyau du post-rationalisme catalan est prot\u00e9g\u00e9 par la Mairie de Barcelone.<\/span><\/h3>\n<p style=\"text-align: justify;\"><span style=\"font-family: 'Open Sans';\">Le b\u00e2timent a \u00e9t\u00e9 con\u00e7u \u00e0 la fin des ann\u00e9es 1950 par les fondateurs du post-rationalisme catalan, Oriol Bohigas, Josep Maria Martorell et Dami\u00e0 Ribas, pour abriter le si\u00e8ge et l&rsquo;h\u00f4pital de la <em>Mutua Metal\u00fargica de Seguros<\/em>, pionni\u00e8re dans la fourniture de soins aux travailleurs du m\u00e9tal.<\/span><\/p>\n<p style=\"text-align: justify;\"><span style=\"font-family: 'Open Sans';\">Il s&rsquo;agit d&rsquo;un b\u00e2timent \u00e0 la <strong>fa\u00e7ade<\/strong> triangulaire, avec un <strong>mur-rideau<\/strong> et des d\u00e9tails en granit rose et cuivre oxyd\u00e9. D&rsquo;une superficie de 6.657 m\u00e8tres carr\u00e9s r\u00e9partis sur sept \u00e9tages, il \u00e9tait en activit\u00e9 jusqu&rsquo;\u00e0 fin 2024. La r\u00e9novation en cours permettra de centraliser les activit\u00e9s de MC Mutual.<\/span><\/p>\n<p style=\"text-align: justify;\"><span style=\"font-family: 'Open Sans';\">L&rsquo;intervention cr\u00e9era des espaces de travail sains, avec des bureaux insonoris\u00e9s et des zones collaboratives dot\u00e9es d&rsquo;une technologie de pointe pour organiser des r\u00e9unions en face \u00e0 face ou t\u00e9l\u00e9matiques, en plus d&rsquo;une salle d&rsquo;\u00e9v\u00e9nements moderne qui respectera la valeur architecturale d&rsquo;origine.<\/span><\/p>\n<p style=\"text-align: justify;\"><span style=\"font-family: 'Open Sans';\">D&rsquo;autres \u00e9l\u00e9ments embl\u00e9matiques seront \u00e9galement conserv\u00e9s, comme l&rsquo;escalier en colima\u00e7on, les espaces nobles, ou encore la peinture murale du photographe Francesc Catal\u00e0 Roca ou le tableau de Francesc Tod\u00f3, tous deux hommages \u00e0 l&rsquo;industrie m\u00e9tallurgique.<\/span><\/p>\n<h4 style=\"text-align: justify;\"><span style=\"font-family: 'Open Sans';\">Un b\u00e2timent efficace et durable<\/span><\/h4>\n<p style=\"text-align: justify;\"><span style=\"font-family: 'Open Sans';\">La conservation de ces \u00e9l\u00e9ments patrimoniaux conditionnera une r\u00e9forme pionni\u00e8re en mati\u00e8re d\u2019efficacit\u00e9 \u00e9nerg\u00e9tique et de durabilit\u00e9, comme l\u2019installation d\u2019un toit photovolta\u00efque au septi\u00e8me \u00e9tage, une installation qui g\u00e9n\u00e9rera de l\u2019\u00e9nergie renouvelable pour l\u2019ensemble du b\u00e2timent.<\/span><\/p>\n<p style=\"text-align: justify;\"><span style=\"font-family: 'Open Sans';\">Les <strong>fen\u00eatres<\/strong> et les portes ext\u00e9rieures seront \u00e9galement r\u00e9nov\u00e9es et les syst\u00e8mes de climatisation \u00e0 haute efficacit\u00e9, aussi sera install\u00e9 un \u00e9clairage LED, tout \u00e7a, non seulement r\u00e9duira la consommation d&rsquo;\u00e9nergie, am\u00e9liorera \u00e9galement l&rsquo;isolation thermique et acoustique.<\/span><\/p>\n<p style=\"text-align: justify;\"><span style=\"font-family: 'Open Sans';\">En outre, des mesures de gestion responsable de l\u2019eau seront \u00e9galement mises en \u0153uvre, avec des limiteurs de consommation et des syst\u00e8mes de recyclage.<\/span><\/p>\n<p style=\"text-align: justify;\"><span style=\"font-family: 'Open Sans';\">Afin d&rsquo;am\u00e9liorer l&rsquo;efficacit\u00e9 \u00e9nerg\u00e9tique du b\u00e2timent et de pr\u00e9server ses valeurs architecturales, <strong>GARCIA FAURA<\/strong> fabriquera et installera 180 modules de <strong>fa\u00e7ade<\/strong>, compos\u00e9s d&rsquo;ensembles de <strong>menuiseries<\/strong> en acier, avec des <strong>fen\u00eatres<\/strong> et parties fixes. Ces modules sont fabriqu\u00e9s \u00e0 partir d&rsquo;un profil\u00e9 en acier, adapt\u00e9 \u00e0 des b\u00e2timents comme celui-ci, qui pr\u00e9sentent des exigences particuli\u00e8res en mati\u00e8re de conservation historique.<\/span><\/p>\n<p style=\"text-align: justify;\"><span style=\"font-family: 'Open Sans';\">Les travaux sont compl\u00e9t\u00e9s par la fourniture et la pose de 1.300 m\u00e8tres carr\u00e9s de verrerie haute performance.<\/span><\/p>\n","protected":false},"excerpt":{"rendered":"<p>GARCIA FAURA participe \u00e0 la r\u00e9novation compl\u00e8te de l&rsquo;immeuble MC Mutual, situ\u00e9 sur l&rsquo;avenue Diagonal \u00e0 Barcelone, dans le quartier de l&rsquo;Eixample. Ce joyau du post-rationalisme catalan est prot\u00e9g\u00e9 par la Mairie de Barcelone. Le b\u00e2timent a \u00e9t\u00e9 con\u00e7u \u00e0&hellip;<\/p>\n","protected":false},"author":3,"featured_media":39888,"comment_status":"closed","ping_status":"open","sticky":false,"template":"","format":"standard","meta":{"footnotes":""},"categories":[2],"tags":[],"post_series":[],"class_list":["post-40237","post","type-post","status-publish","format-standard","has-post-thumbnail","hentry","category-actualite","entry","has-media"],"yoast_head":"<!-- This site is optimized with the Yoast SEO plugin v26.7 - https:\/\/yoast.com\/wordpress\/plugins\/seo\/ -->\n<title>GARCIA FAURA participe \u00e0 la r\u00e9habilitation du b\u00e2timent historique de la &#039;M\u00fatua Metal\u00fargica&#039; de Barcelone - GARCIA FAURA<\/title>\n<meta name=\"description\" content=\"Arquitectura en Alumini, Inox, Ferro i Vidre\" \/>\n<meta name=\"robots\" content=\"index, follow, max-snippet:-1, max-image-preview:large, max-video-preview:-1\" \/>\n<link rel=\"canonical\" href=\"https:\/\/www.garciafaura.com\/fr\/garcia-faura-participa-en-la-rehabilitacio-de-ledifici-historic-de-la-mutua-metallurgica-de-barcelona\/\" \/>\n<meta property=\"og:locale\" content=\"fr_FR\" \/>\n<meta property=\"og:type\" content=\"article\" \/>\n<meta property=\"og:title\" content=\"GARCIA FAURA participe \u00e0 la r\u00e9habilitation du b\u00e2timent historique de la &#039;M\u00fatua Metal\u00fargica&#039; de Barcelone - GARCIA FAURA\" \/>\n<meta property=\"og:description\" content=\"Arquitectura en Alumini, Inox, Ferro i Vidre\" \/>\n<meta property=\"og:url\" content=\"https:\/\/www.garciafaura.com\/fr\/garcia-faura-participa-en-la-rehabilitacio-de-ledifici-historic-de-la-mutua-metallurgica-de-barcelona\/\" \/>\n<meta property=\"og:site_name\" content=\"GARCIA FAURA\" \/>\n<meta property=\"article:published_time\" content=\"2025-07-04T09:50:29+00:00\" \/>\n<meta property=\"article:modified_time\" content=\"2025-07-04T10:25:18+00:00\" \/>\n<meta property=\"og:image\" content=\"https:\/\/www.garciafaura.com\/wp-content\/uploads\/2025\/05\/EdificiMutua-optimitzada.jpg\" \/>\n\t<meta property=\"og:image:width\" content=\"1200\" \/>\n\t<meta property=\"og:image:height\" content=\"628\" \/>\n\t<meta property=\"og:image:type\" content=\"image\/jpeg\" \/>\n<meta name=\"author\" content=\"David Achell\" \/>\n<meta name=\"twitter:card\" content=\"summary_large_image\" \/>\n<meta name=\"twitter:label1\" content=\"\u00c9crit par\" \/>\n\t<meta name=\"twitter:data1\" content=\"David Achell\" \/>\n\t<meta name=\"twitter:label2\" content=\"Dur\u00e9e de lecture estim\u00e9e\" \/>\n\t<meta name=\"twitter:data2\" content=\"3 minutes\" \/>\n<script type=\"application\/ld+json\" class=\"yoast-schema-graph\">{\"@context\":\"https:\/\/schema.org\",\"@graph\":[{\"@type\":\"Article\",\"@id\":\"https:\/\/www.garciafaura.com\/fr\/garcia-faura-participa-en-la-rehabilitacio-de-ledifici-historic-de-la-mutua-metallurgica-de-barcelona\/#article\",\"isPartOf\":{\"@id\":\"https:\/\/www.garciafaura.com\/fr\/garcia-faura-participa-en-la-rehabilitacio-de-ledifici-historic-de-la-mutua-metallurgica-de-barcelona\/\"},\"author\":{\"name\":\"David Achell\",\"@id\":\"https:\/\/www.garciafaura.com\/fr\/#\/schema\/person\/b4b75e69b33fac3446071909bec106b0\"},\"headline\":\"GARCIA FAURA participe \u00e0 la r\u00e9habilitation du b\u00e2timent historique de la &lsquo;M\u00fatua Metal\u00fargica&rsquo; de Barcelone\",\"datePublished\":\"2025-07-04T09:50:29+00:00\",\"dateModified\":\"2025-07-04T10:25:18+00:00\",\"mainEntityOfPage\":{\"@id\":\"https:\/\/www.garciafaura.com\/fr\/garcia-faura-participa-en-la-rehabilitacio-de-ledifici-historic-de-la-mutua-metallurgica-de-barcelona\/\"},\"wordCount\":483,\"publisher\":{\"@id\":\"https:\/\/www.garciafaura.com\/fr\/#organization\"},\"image\":{\"@id\":\"https:\/\/www.garciafaura.com\/fr\/garcia-faura-participa-en-la-rehabilitacio-de-ledifici-historic-de-la-mutua-metallurgica-de-barcelona\/#primaryimage\"},\"thumbnailUrl\":\"https:\/\/www.garciafaura.com\/wp-content\/uploads\/2025\/05\/EdificiMutua-optimitzada.jpg\",\"articleSection\":[\"Actualit\u00e9\"],\"inLanguage\":\"fr-FR\"},{\"@type\":\"WebPage\",\"@id\":\"https:\/\/www.garciafaura.com\/fr\/garcia-faura-participa-en-la-rehabilitacio-de-ledifici-historic-de-la-mutua-metallurgica-de-barcelona\/\",\"url\":\"https:\/\/www.garciafaura.com\/fr\/garcia-faura-participa-en-la-rehabilitacio-de-ledifici-historic-de-la-mutua-metallurgica-de-barcelona\/\",\"name\":\"GARCIA FAURA participe \u00e0 la r\u00e9habilitation du b\u00e2timent historique de la 'M\u00fatua Metal\u00fargica' de Barcelone - GARCIA FAURA\",\"isPartOf\":{\"@id\":\"https:\/\/www.garciafaura.com\/fr\/#website\"},\"primaryImageOfPage\":{\"@id\":\"https:\/\/www.garciafaura.com\/fr\/garcia-faura-participa-en-la-rehabilitacio-de-ledifici-historic-de-la-mutua-metallurgica-de-barcelona\/#primaryimage\"},\"image\":{\"@id\":\"https:\/\/www.garciafaura.com\/fr\/garcia-faura-participa-en-la-rehabilitacio-de-ledifici-historic-de-la-mutua-metallurgica-de-barcelona\/#primaryimage\"},\"thumbnailUrl\":\"https:\/\/www.garciafaura.com\/wp-content\/uploads\/2025\/05\/EdificiMutua-optimitzada.jpg\",\"datePublished\":\"2025-07-04T09:50:29+00:00\",\"dateModified\":\"2025-07-04T10:25:18+00:00\",\"description\":\"Arquitectura en Alumini, Inox, Ferro i Vidre\",\"breadcrumb\":{\"@id\":\"https:\/\/www.garciafaura.com\/fr\/garcia-faura-participa-en-la-rehabilitacio-de-ledifici-historic-de-la-mutua-metallurgica-de-barcelona\/#breadcrumb\"},\"inLanguage\":\"fr-FR\",\"potentialAction\":[{\"@type\":\"ReadAction\",\"target\":[\"https:\/\/www.garciafaura.com\/fr\/garcia-faura-participa-en-la-rehabilitacio-de-ledifici-historic-de-la-mutua-metallurgica-de-barcelona\/\"]}]},{\"@type\":\"ImageObject\",\"inLanguage\":\"fr-FR\",\"@id\":\"https:\/\/www.garciafaura.com\/fr\/garcia-faura-participa-en-la-rehabilitacio-de-ledifici-historic-de-la-mutua-metallurgica-de-barcelona\/#primaryimage\",\"url\":\"https:\/\/www.garciafaura.com\/wp-content\/uploads\/2025\/05\/EdificiMutua-optimitzada.jpg\",\"contentUrl\":\"https:\/\/www.garciafaura.com\/wp-content\/uploads\/2025\/05\/EdificiMutua-optimitzada.jpg\",\"width\":1200,\"height\":628},{\"@type\":\"BreadcrumbList\",\"@id\":\"https:\/\/www.garciafaura.com\/fr\/garcia-faura-participa-en-la-rehabilitacio-de-ledifici-historic-de-la-mutua-metallurgica-de-barcelona\/#breadcrumb\",\"itemListElement\":[{\"@type\":\"ListItem\",\"position\":1,\"name\":\"Inici\",\"item\":\"https:\/\/www.garciafaura.com\/fr\/\"},{\"@type\":\"ListItem\",\"position\":2,\"name\":\"GARCIA FAURA participe \u00e0 la r\u00e9habilitation du b\u00e2timent historique de la &#8216;M\u00fatua Metal\u00fargica&#8217; de Barcelone\"}]},{\"@type\":\"WebSite\",\"@id\":\"https:\/\/www.garciafaura.com\/fr\/#website\",\"url\":\"https:\/\/www.garciafaura.com\/fr\/\",\"name\":\"GARCIA FAURA\",\"description\":\"Arquitectura en Alumini, Inox, Ferro i Vidre\",\"publisher\":{\"@id\":\"https:\/\/www.garciafaura.com\/fr\/#organization\"},\"potentialAction\":[{\"@type\":\"SearchAction\",\"target\":{\"@type\":\"EntryPoint\",\"urlTemplate\":\"https:\/\/www.garciafaura.com\/fr\/?s={search_term_string}\"},\"query-input\":{\"@type\":\"PropertyValueSpecification\",\"valueRequired\":true,\"valueName\":\"search_term_string\"}}],\"inLanguage\":\"fr-FR\"},{\"@type\":\"Organization\",\"@id\":\"https:\/\/www.garciafaura.com\/fr\/#organization\",\"name\":\"GARCIA FAURA\",\"url\":\"https:\/\/www.garciafaura.com\/fr\/\",\"logo\":{\"@type\":\"ImageObject\",\"inLanguage\":\"fr-FR\",\"@id\":\"https:\/\/www.garciafaura.com\/fr\/#\/schema\/logo\/image\/\",\"url\":\"https:\/\/www.garciafaura.com\/wp-content\/uploads\/2018\/09\/Garcia-Faura.png\",\"contentUrl\":\"https:\/\/www.garciafaura.com\/wp-content\/uploads\/2018\/09\/Garcia-Faura.png\",\"width\":512,\"height\":512,\"caption\":\"GARCIA FAURA\"},\"image\":{\"@id\":\"https:\/\/www.garciafaura.com\/fr\/#\/schema\/logo\/image\/\"},\"sameAs\":[\"https:\/\/www.youtube.com\/user\/GARCIAFAURA\"]},{\"@type\":\"Person\",\"@id\":\"https:\/\/www.garciafaura.com\/fr\/#\/schema\/person\/b4b75e69b33fac3446071909bec106b0\",\"name\":\"David Achell\",\"image\":{\"@type\":\"ImageObject\",\"inLanguage\":\"fr-FR\",\"@id\":\"https:\/\/www.garciafaura.com\/fr\/#\/schema\/person\/image\/\",\"url\":\"https:\/\/secure.gravatar.com\/avatar\/03900210afc1f61bce737bcb4a79c02e2c997f171e3eca839b5a4cbe03846c90?s=96&d=blank&r=g\",\"contentUrl\":\"https:\/\/secure.gravatar.com\/avatar\/03900210afc1f61bce737bcb4a79c02e2c997f171e3eca839b5a4cbe03846c90?s=96&d=blank&r=g\",\"caption\":\"David Achell\"}}]}<\/script>\n<!-- \/ Yoast SEO plugin. -->","yoast_head_json":{"title":"GARCIA FAURA participe \u00e0 la r\u00e9habilitation du b\u00e2timent historique de la 'M\u00fatua Metal\u00fargica' de Barcelone - GARCIA FAURA","description":"Arquitectura en Alumini, Inox, Ferro i Vidre","robots":{"index":"index","follow":"follow","max-snippet":"max-snippet:-1","max-image-preview":"max-image-preview:large","max-video-preview":"max-video-preview:-1"},"canonical":"https:\/\/www.garciafaura.com\/fr\/garcia-faura-participa-en-la-rehabilitacio-de-ledifici-historic-de-la-mutua-metallurgica-de-barcelona\/","og_locale":"fr_FR","og_type":"article","og_title":"GARCIA FAURA participe \u00e0 la r\u00e9habilitation du b\u00e2timent historique de la 'M\u00fatua Metal\u00fargica' de Barcelone - GARCIA FAURA","og_description":"Arquitectura en Alumini, Inox, Ferro i Vidre","og_url":"https:\/\/www.garciafaura.com\/fr\/garcia-faura-participa-en-la-rehabilitacio-de-ledifici-historic-de-la-mutua-metallurgica-de-barcelona\/","og_site_name":"GARCIA FAURA","article_published_time":"2025-07-04T09:50:29+00:00","article_modified_time":"2025-07-04T10:25:18+00:00","og_image":[{"width":1200,"height":628,"url":"https:\/\/www.garciafaura.com\/wp-content\/uploads\/2025\/05\/EdificiMutua-optimitzada.jpg","type":"image\/jpeg"}],"author":"David Achell","twitter_card":"summary_large_image","twitter_misc":{"\u00c9crit par":"David Achell","Dur\u00e9e de lecture estim\u00e9e":"3 minutes"},"schema":{"@context":"https:\/\/schema.org","@graph":[{"@type":"Article","@id":"https:\/\/www.garciafaura.com\/fr\/garcia-faura-participa-en-la-rehabilitacio-de-ledifici-historic-de-la-mutua-metallurgica-de-barcelona\/#article","isPartOf":{"@id":"https:\/\/www.garciafaura.com\/fr\/garcia-faura-participa-en-la-rehabilitacio-de-ledifici-historic-de-la-mutua-metallurgica-de-barcelona\/"},"author":{"name":"David Achell","@id":"https:\/\/www.garciafaura.com\/fr\/#\/schema\/person\/b4b75e69b33fac3446071909bec106b0"},"headline":"GARCIA FAURA participe \u00e0 la r\u00e9habilitation du b\u00e2timent historique de la &lsquo;M\u00fatua Metal\u00fargica&rsquo; de Barcelone","datePublished":"2025-07-04T09:50:29+00:00","dateModified":"2025-07-04T10:25:18+00:00","mainEntityOfPage":{"@id":"https:\/\/www.garciafaura.com\/fr\/garcia-faura-participa-en-la-rehabilitacio-de-ledifici-historic-de-la-mutua-metallurgica-de-barcelona\/"},"wordCount":483,"publisher":{"@id":"https:\/\/www.garciafaura.com\/fr\/#organization"},"image":{"@id":"https:\/\/www.garciafaura.com\/fr\/garcia-faura-participa-en-la-rehabilitacio-de-ledifici-historic-de-la-mutua-metallurgica-de-barcelona\/#primaryimage"},"thumbnailUrl":"https:\/\/www.garciafaura.com\/wp-content\/uploads\/2025\/05\/EdificiMutua-optimitzada.jpg","articleSection":["Actualit\u00e9"],"inLanguage":"fr-FR"},{"@type":"WebPage","@id":"https:\/\/www.garciafaura.com\/fr\/garcia-faura-participa-en-la-rehabilitacio-de-ledifici-historic-de-la-mutua-metallurgica-de-barcelona\/","url":"https:\/\/www.garciafaura.com\/fr\/garcia-faura-participa-en-la-rehabilitacio-de-ledifici-historic-de-la-mutua-metallurgica-de-barcelona\/","name":"GARCIA FAURA participe \u00e0 la r\u00e9habilitation du b\u00e2timent historique de la 'M\u00fatua Metal\u00fargica' de Barcelone - GARCIA FAURA","isPartOf":{"@id":"https:\/\/www.garciafaura.com\/fr\/#website"},"primaryImageOfPage":{"@id":"https:\/\/www.garciafaura.com\/fr\/garcia-faura-participa-en-la-rehabilitacio-de-ledifici-historic-de-la-mutua-metallurgica-de-barcelona\/#primaryimage"},"image":{"@id":"https:\/\/www.garciafaura.com\/fr\/garcia-faura-participa-en-la-rehabilitacio-de-ledifici-historic-de-la-mutua-metallurgica-de-barcelona\/#primaryimage"},"thumbnailUrl":"https:\/\/www.garciafaura.com\/wp-content\/uploads\/2025\/05\/EdificiMutua-optimitzada.jpg","datePublished":"2025-07-04T09:50:29+00:00","dateModified":"2025-07-04T10:25:18+00:00","description":"Arquitectura en Alumini, Inox, Ferro i Vidre","breadcrumb":{"@id":"https:\/\/www.garciafaura.com\/fr\/garcia-faura-participa-en-la-rehabilitacio-de-ledifici-historic-de-la-mutua-metallurgica-de-barcelona\/#breadcrumb"},"inLanguage":"fr-FR","potentialAction":[{"@type":"ReadAction","target":["https:\/\/www.garciafaura.com\/fr\/garcia-faura-participa-en-la-rehabilitacio-de-ledifici-historic-de-la-mutua-metallurgica-de-barcelona\/"]}]},{"@type":"ImageObject","inLanguage":"fr-FR","@id":"https:\/\/www.garciafaura.com\/fr\/garcia-faura-participa-en-la-rehabilitacio-de-ledifici-historic-de-la-mutua-metallurgica-de-barcelona\/#primaryimage","url":"https:\/\/www.garciafaura.com\/wp-content\/uploads\/2025\/05\/EdificiMutua-optimitzada.jpg","contentUrl":"https:\/\/www.garciafaura.com\/wp-content\/uploads\/2025\/05\/EdificiMutua-optimitzada.jpg","width":1200,"height":628},{"@type":"BreadcrumbList","@id":"https:\/\/www.garciafaura.com\/fr\/garcia-faura-participa-en-la-rehabilitacio-de-ledifici-historic-de-la-mutua-metallurgica-de-barcelona\/#breadcrumb","itemListElement":[{"@type":"ListItem","position":1,"name":"Inici","item":"https:\/\/www.garciafaura.com\/fr\/"},{"@type":"ListItem","position":2,"name":"GARCIA FAURA participe \u00e0 la r\u00e9habilitation du b\u00e2timent historique de la &#8216;M\u00fatua Metal\u00fargica&#8217; de Barcelone"}]},{"@type":"WebSite","@id":"https:\/\/www.garciafaura.com\/fr\/#website","url":"https:\/\/www.garciafaura.com\/fr\/","name":"GARCIA FAURA","description":"Arquitectura en Alumini, Inox, Ferro i Vidre","publisher":{"@id":"https:\/\/www.garciafaura.com\/fr\/#organization"},"potentialAction":[{"@type":"SearchAction","target":{"@type":"EntryPoint","urlTemplate":"https:\/\/www.garciafaura.com\/fr\/?s={search_term_string}"},"query-input":{"@type":"PropertyValueSpecification","valueRequired":true,"valueName":"search_term_string"}}],"inLanguage":"fr-FR"},{"@type":"Organization","@id":"https:\/\/www.garciafaura.com\/fr\/#organization","name":"GARCIA FAURA","url":"https:\/\/www.garciafaura.com\/fr\/","logo":{"@type":"ImageObject","inLanguage":"fr-FR","@id":"https:\/\/www.garciafaura.com\/fr\/#\/schema\/logo\/image\/","url":"https:\/\/www.garciafaura.com\/wp-content\/uploads\/2018\/09\/Garcia-Faura.png","contentUrl":"https:\/\/www.garciafaura.com\/wp-content\/uploads\/2018\/09\/Garcia-Faura.png","width":512,"height":512,"caption":"GARCIA FAURA"},"image":{"@id":"https:\/\/www.garciafaura.com\/fr\/#\/schema\/logo\/image\/"},"sameAs":["https:\/\/www.youtube.com\/user\/GARCIAFAURA"]},{"@type":"Person","@id":"https:\/\/www.garciafaura.com\/fr\/#\/schema\/person\/b4b75e69b33fac3446071909bec106b0","name":"David Achell","image":{"@type":"ImageObject","inLanguage":"fr-FR","@id":"https:\/\/www.garciafaura.com\/fr\/#\/schema\/person\/image\/","url":"https:\/\/secure.gravatar.com\/avatar\/03900210afc1f61bce737bcb4a79c02e2c997f171e3eca839b5a4cbe03846c90?s=96&d=blank&r=g","contentUrl":"https:\/\/secure.gravatar.com\/avatar\/03900210afc1f61bce737bcb4a79c02e2c997f171e3eca839b5a4cbe03846c90?s=96&d=blank&r=g","caption":"David Achell"}}]}},"_links":{"self":[{"href":"https:\/\/www.garciafaura.com\/fr\/wp-json\/wp\/v2\/posts\/40237","targetHints":{"allow":["GET"]}}],"collection":[{"href":"https:\/\/www.garciafaura.com\/fr\/wp-json\/wp\/v2\/posts"}],"about":[{"href":"https:\/\/www.garciafaura.com\/fr\/wp-json\/wp\/v2\/types\/post"}],"author":[{"embeddable":true,"href":"https:\/\/www.garciafaura.com\/fr\/wp-json\/wp\/v2\/users\/3"}],"replies":[{"embeddable":true,"href":"https:\/\/www.garciafaura.com\/fr\/wp-json\/wp\/v2\/comments?post=40237"}],"version-history":[{"count":2,"href":"https:\/\/www.garciafaura.com\/fr\/wp-json\/wp\/v2\/posts\/40237\/revisions"}],"predecessor-version":[{"id":40244,"href":"https:\/\/www.garciafaura.com\/fr\/wp-json\/wp\/v2\/posts\/40237\/revisions\/40244"}],"wp:featuredmedia":[{"embeddable":true,"href":"https:\/\/www.garciafaura.com\/fr\/wp-json\/wp\/v2\/media\/39888"}],"wp:attachment":[{"href":"https:\/\/www.garciafaura.com\/fr\/wp-json\/wp\/v2\/media?parent=40237"}],"wp:term":[{"taxonomy":"category","embeddable":true,"href":"https:\/\/www.garciafaura.com\/fr\/wp-json\/wp\/v2\/categories?post=40237"},{"taxonomy":"post_tag","embeddable":true,"href":"https:\/\/www.garciafaura.com\/fr\/wp-json\/wp\/v2\/tags?post=40237"},{"taxonomy":"post_series","embeddable":true,"href":"https:\/\/www.garciafaura.com\/fr\/wp-json\/wp\/v2\/post_series?post=40237"}],"curies":[{"name":"wp","href":"https:\/\/api.w.org\/{rel}","templated":true}]}}