{"id":39961,"date":"2025-06-06T09:17:04","date_gmt":"2025-06-06T07:17:04","guid":{"rendered":"https:\/\/www.garciafaura.com\/treballs-de-garcia-faura-en-un-nou-edifici-doficines-de-treball-compartit-a-barcelona\/"},"modified":"2025-06-06T09:26:28","modified_gmt":"2025-06-06T07:26:28","slug":"treballs-de-garcia-faura-en-un-nou-edifici-doficines-de-treball-compartit-a-barcelona","status":"publish","type":"post","link":"https:\/\/www.garciafaura.com\/fr\/treballs-de-garcia-faura-en-un-nou-edifici-doficines-de-treball-compartit-a-barcelona\/","title":{"rendered":"GARCIA FAURA travaille dans un nouvel b\u00e2timent de bureaux de coworking \u00e0 Barcelone"},"content":{"rendered":"<h3 style=\"text-align: justify;\"><span style=\"font-family: 'Open Sans';\">Le projet est en cours de d\u00e9veloppement dans le district 22@ de la capitale catalane, dans le quartier de Poblenou, et constitue un pari sur la durabilit\u00e9 et le confort, avec des crit\u00e8res de durabilit\u00e9 dans sa construction.<\/span><\/h3>\n<p style=\"text-align: justify;\"><span style=\"font-family: 'Open Sans';\">Le quartier de Poblenou, dans l&rsquo;arrondissement 22@ de Barcelone, accueillera un nouvel espace de travail partag\u00e9, ax\u00e9 sur la durabilit\u00e9 et le confort. Con\u00e7u par le cabinet d&rsquo;architecture Batlleiroig, le projet s&rsquo;int\u00e8gre harmonieusement \u00e0 l&rsquo;environnement industriel du quartier, respectant la hauteur des b\u00e2timents voisins et valorisant les espaces verts int\u00e9rieurs de l&rsquo;\u00eelot.<\/span><\/p>\n<p style=\"text-align: justify;\"><span style=\"font-family: 'Open Sans';\">D&rsquo;une superficie de 3.561 m\u00e8tres carr\u00e9s, le b\u00e2timent est divis\u00e9 en deux b\u00e2timents : un bloc de trois \u00e9tages donnant sur la rue Llacuna et un autre de deux \u00e9tages donnant sur le passage Bori. Le rez-de-chauss\u00e9e occupe la totalit\u00e9 du terrain et le complexe dispose d&rsquo;un sous-sol pour le stationnement.<\/span><\/p>\n<p style=\"text-align: justify;\"><span style=\"font-family: 'Open Sans';\">La <strong>fa\u00e7ade<\/strong> se distingue par son innovation et son respect du pass\u00e9 industriel de la r\u00e9gion. Elle est compos\u00e9e de colonnes en c\u00e9ramique fabriqu\u00e9es \u00e0 partir de blocs de terre compact\u00e9e, un mat\u00e9riau durable qui r\u00e9duit les \u00e9missions de dioxyde de carbone lors de sa fabrication. Cette structure est associ\u00e9e \u00e0 des \u00e9l\u00e9ments pr\u00e9fabriqu\u00e9s en b\u00e9ton qui r\u00e9gulent la lumi\u00e8re naturelle \u00e0 l&rsquo;int\u00e9rieur et facilitent la ventilation transversale, am\u00e9liorant ainsi le confort des espaces de travail. <\/span><\/p>\n<p style=\"text-align: justify;\"><span style=\"font-family: 'Open Sans';\">L&rsquo;ensemble est compl\u00e9t\u00e9 par une menuiserie en <strong>aluminium<\/strong> d\u00e9velopp\u00e9e, fabriqu\u00e9e et install\u00e9e par <strong>GARCIA FAURA<\/strong>. Une centaine d&rsquo;\u00e9l\u00e9ments s&rsquo;ajoutent au reste des travaux r\u00e9alis\u00e9s pour ce projet, dont trois verri\u00e8res, des <strong>menuiseries<\/strong> int\u00e9rieures fixes et des portes d&rsquo;acc\u00e8s.<\/span><\/p>\n<p style=\"text-align: justify;\"><span style=\"font-family: 'Open Sans';\">L\u2019un des aspects les plus remarquables du projet sera pr\u00e9cis\u00e9ment la pr\u00e9dominance de la lumi\u00e8re naturelle et la connexion entre les espaces int\u00e9rieurs et les espaces ext\u00e9rieurs, favorisant une exp\u00e9rience de travail plus saine et plus agr\u00e9able.<\/span><\/p>\n<p style=\"text-align: justify;\"><span style=\"font-family: 'Open Sans';\">Pour ce projet, <strong>GARCIA FAURA<\/strong> fabriquera et installera 102 unit\u00e9s de <strong>menuiserie<\/strong> en <strong>aluminium<\/strong>, sept unit\u00e9s de portes en <strong>aluminium<\/strong> (dont deux m\u00e9talliques), trois verri\u00e8res, 96 m\u00e8tres carr\u00e9s de bardage ext\u00e9rieur et 17 m\u00e8tres carr\u00e9s de bardage int\u00e9rieur, et 245 m\u00e8tres carr\u00e9s de panneaux en fer forg\u00e9 et 225 m\u00e8tres carr\u00e9s de panneaux sur les piliers seront \u00e9galement plac\u00e9s.<\/span><\/p>\n","protected":false},"excerpt":{"rendered":"<p>Le projet est en cours de d\u00e9veloppement dans le district 22@ de la capitale catalane, dans le quartier de Poblenou, et constitue un pari sur la durabilit\u00e9 et le confort, avec des crit\u00e8res de durabilit\u00e9 dans sa construction. Le quartier&hellip;<\/p>\n","protected":false},"author":3,"featured_media":39948,"comment_status":"closed","ping_status":"open","sticky":false,"template":"","format":"gallery","meta":{"footnotes":""},"categories":[2],"tags":[],"post_series":[],"class_list":["post-39961","post","type-post","status-publish","format-gallery","has-post-thumbnail","hentry","category-actualite","post_format-post-format-gallery","entry","has-media"],"yoast_head":"<!-- This site is optimized with the Yoast SEO plugin v26.7 - https:\/\/yoast.com\/wordpress\/plugins\/seo\/ -->\n<title>GARCIA FAURA travaille dans un nouvel b\u00e2timent de bureaux de coworking \u00e0 Barcelone - GARCIA FAURA<\/title>\n<meta name=\"description\" content=\"Arquitectura en Alumini, Inox, Ferro i Vidre\" \/>\n<meta name=\"robots\" content=\"index, follow, max-snippet:-1, max-image-preview:large, max-video-preview:-1\" \/>\n<link rel=\"canonical\" href=\"https:\/\/www.garciafaura.com\/fr\/treballs-de-garcia-faura-en-un-nou-edifici-doficines-de-treball-compartit-a-barcelona\/\" \/>\n<meta property=\"og:locale\" content=\"fr_FR\" \/>\n<meta property=\"og:type\" content=\"article\" \/>\n<meta property=\"og:title\" content=\"GARCIA FAURA travaille dans un nouvel b\u00e2timent de bureaux de coworking \u00e0 Barcelone - GARCIA FAURA\" \/>\n<meta property=\"og:description\" content=\"Arquitectura en Alumini, Inox, Ferro i Vidre\" \/>\n<meta property=\"og:url\" content=\"https:\/\/www.garciafaura.com\/fr\/treballs-de-garcia-faura-en-un-nou-edifici-doficines-de-treball-compartit-a-barcelona\/\" \/>\n<meta property=\"og:site_name\" content=\"GARCIA FAURA\" \/>\n<meta property=\"article:published_time\" content=\"2025-06-06T07:17:04+00:00\" \/>\n<meta property=\"article:modified_time\" content=\"2025-06-06T07:26:28+00:00\" \/>\n<meta property=\"og:image\" content=\"https:\/\/www.garciafaura.com\/wp-content\/uploads\/2025\/06\/OCW-Llacuna-1-1024x467.jpg\" \/>\n\t<meta property=\"og:image:width\" content=\"1024\" \/>\n\t<meta property=\"og:image:height\" content=\"467\" \/>\n\t<meta property=\"og:image:type\" content=\"image\/jpeg\" \/>\n<meta name=\"author\" content=\"David Achell\" \/>\n<meta name=\"twitter:card\" content=\"summary_large_image\" \/>\n<meta name=\"twitter:label1\" content=\"\u00c9crit par\" \/>\n\t<meta name=\"twitter:data1\" content=\"David Achell\" \/>\n\t<meta name=\"twitter:label2\" content=\"Dur\u00e9e de lecture estim\u00e9e\" \/>\n\t<meta name=\"twitter:data2\" content=\"3 minutes\" \/>\n<script type=\"application\/ld+json\" class=\"yoast-schema-graph\">{\"@context\":\"https:\/\/schema.org\",\"@graph\":[{\"@type\":\"Article\",\"@id\":\"https:\/\/www.garciafaura.com\/fr\/treballs-de-garcia-faura-en-un-nou-edifici-doficines-de-treball-compartit-a-barcelona\/#article\",\"isPartOf\":{\"@id\":\"https:\/\/www.garciafaura.com\/fr\/treballs-de-garcia-faura-en-un-nou-edifici-doficines-de-treball-compartit-a-barcelona\/\"},\"author\":{\"name\":\"David Achell\",\"@id\":\"https:\/\/www.garciafaura.com\/fr\/#\/schema\/person\/b4b75e69b33fac3446071909bec106b0\"},\"headline\":\"GARCIA FAURA travaille dans un nouvel b\u00e2timent de bureaux de coworking \u00e0 Barcelone\",\"datePublished\":\"2025-06-06T07:17:04+00:00\",\"dateModified\":\"2025-06-06T07:26:28+00:00\",\"mainEntityOfPage\":{\"@id\":\"https:\/\/www.garciafaura.com\/fr\/treballs-de-garcia-faura-en-un-nou-edifici-doficines-de-treball-compartit-a-barcelona\/\"},\"wordCount\":426,\"publisher\":{\"@id\":\"https:\/\/www.garciafaura.com\/fr\/#organization\"},\"image\":{\"@id\":\"https:\/\/www.garciafaura.com\/fr\/treballs-de-garcia-faura-en-un-nou-edifici-doficines-de-treball-compartit-a-barcelona\/#primaryimage\"},\"thumbnailUrl\":\"https:\/\/www.garciafaura.com\/wp-content\/uploads\/2025\/06\/OCW-Llacuna-1.jpg\",\"articleSection\":[\"Actualit\u00e9\"],\"inLanguage\":\"fr-FR\"},{\"@type\":\"WebPage\",\"@id\":\"https:\/\/www.garciafaura.com\/fr\/treballs-de-garcia-faura-en-un-nou-edifici-doficines-de-treball-compartit-a-barcelona\/\",\"url\":\"https:\/\/www.garciafaura.com\/fr\/treballs-de-garcia-faura-en-un-nou-edifici-doficines-de-treball-compartit-a-barcelona\/\",\"name\":\"GARCIA FAURA travaille dans un nouvel b\u00e2timent de bureaux de coworking \u00e0 Barcelone - GARCIA FAURA\",\"isPartOf\":{\"@id\":\"https:\/\/www.garciafaura.com\/fr\/#website\"},\"primaryImageOfPage\":{\"@id\":\"https:\/\/www.garciafaura.com\/fr\/treballs-de-garcia-faura-en-un-nou-edifici-doficines-de-treball-compartit-a-barcelona\/#primaryimage\"},\"image\":{\"@id\":\"https:\/\/www.garciafaura.com\/fr\/treballs-de-garcia-faura-en-un-nou-edifici-doficines-de-treball-compartit-a-barcelona\/#primaryimage\"},\"thumbnailUrl\":\"https:\/\/www.garciafaura.com\/wp-content\/uploads\/2025\/06\/OCW-Llacuna-1.jpg\",\"datePublished\":\"2025-06-06T07:17:04+00:00\",\"dateModified\":\"2025-06-06T07:26:28+00:00\",\"description\":\"Arquitectura en Alumini, Inox, Ferro i Vidre\",\"breadcrumb\":{\"@id\":\"https:\/\/www.garciafaura.com\/fr\/treballs-de-garcia-faura-en-un-nou-edifici-doficines-de-treball-compartit-a-barcelona\/#breadcrumb\"},\"inLanguage\":\"fr-FR\",\"potentialAction\":[{\"@type\":\"ReadAction\",\"target\":[\"https:\/\/www.garciafaura.com\/fr\/treballs-de-garcia-faura-en-un-nou-edifici-doficines-de-treball-compartit-a-barcelona\/\"]}]},{\"@type\":\"ImageObject\",\"inLanguage\":\"fr-FR\",\"@id\":\"https:\/\/www.garciafaura.com\/fr\/treballs-de-garcia-faura-en-un-nou-edifici-doficines-de-treball-compartit-a-barcelona\/#primaryimage\",\"url\":\"https:\/\/www.garciafaura.com\/wp-content\/uploads\/2025\/06\/OCW-Llacuna-1.jpg\",\"contentUrl\":\"https:\/\/www.garciafaura.com\/wp-content\/uploads\/2025\/06\/OCW-Llacuna-1.jpg\",\"width\":2200,\"height\":1004},{\"@type\":\"BreadcrumbList\",\"@id\":\"https:\/\/www.garciafaura.com\/fr\/treballs-de-garcia-faura-en-un-nou-edifici-doficines-de-treball-compartit-a-barcelona\/#breadcrumb\",\"itemListElement\":[{\"@type\":\"ListItem\",\"position\":1,\"name\":\"Inici\",\"item\":\"https:\/\/www.garciafaura.com\/fr\/\"},{\"@type\":\"ListItem\",\"position\":2,\"name\":\"GARCIA FAURA travaille dans un nouvel b\u00e2timent de bureaux de coworking \u00e0 Barcelone\"}]},{\"@type\":\"WebSite\",\"@id\":\"https:\/\/www.garciafaura.com\/fr\/#website\",\"url\":\"https:\/\/www.garciafaura.com\/fr\/\",\"name\":\"GARCIA FAURA\",\"description\":\"Arquitectura en Alumini, Inox, Ferro i Vidre\",\"publisher\":{\"@id\":\"https:\/\/www.garciafaura.com\/fr\/#organization\"},\"potentialAction\":[{\"@type\":\"SearchAction\",\"target\":{\"@type\":\"EntryPoint\",\"urlTemplate\":\"https:\/\/www.garciafaura.com\/fr\/?s={search_term_string}\"},\"query-input\":{\"@type\":\"PropertyValueSpecification\",\"valueRequired\":true,\"valueName\":\"search_term_string\"}}],\"inLanguage\":\"fr-FR\"},{\"@type\":\"Organization\",\"@id\":\"https:\/\/www.garciafaura.com\/fr\/#organization\",\"name\":\"GARCIA FAURA\",\"url\":\"https:\/\/www.garciafaura.com\/fr\/\",\"logo\":{\"@type\":\"ImageObject\",\"inLanguage\":\"fr-FR\",\"@id\":\"https:\/\/www.garciafaura.com\/fr\/#\/schema\/logo\/image\/\",\"url\":\"https:\/\/www.garciafaura.com\/wp-content\/uploads\/2018\/09\/Garcia-Faura.png\",\"contentUrl\":\"https:\/\/www.garciafaura.com\/wp-content\/uploads\/2018\/09\/Garcia-Faura.png\",\"width\":512,\"height\":512,\"caption\":\"GARCIA FAURA\"},\"image\":{\"@id\":\"https:\/\/www.garciafaura.com\/fr\/#\/schema\/logo\/image\/\"},\"sameAs\":[\"https:\/\/www.youtube.com\/user\/GARCIAFAURA\"]},{\"@type\":\"Person\",\"@id\":\"https:\/\/www.garciafaura.com\/fr\/#\/schema\/person\/b4b75e69b33fac3446071909bec106b0\",\"name\":\"David Achell\",\"image\":{\"@type\":\"ImageObject\",\"inLanguage\":\"fr-FR\",\"@id\":\"https:\/\/www.garciafaura.com\/fr\/#\/schema\/person\/image\/\",\"url\":\"https:\/\/secure.gravatar.com\/avatar\/03900210afc1f61bce737bcb4a79c02e2c997f171e3eca839b5a4cbe03846c90?s=96&d=blank&r=g\",\"contentUrl\":\"https:\/\/secure.gravatar.com\/avatar\/03900210afc1f61bce737bcb4a79c02e2c997f171e3eca839b5a4cbe03846c90?s=96&d=blank&r=g\",\"caption\":\"David Achell\"}}]}<\/script>\n<!-- \/ Yoast SEO plugin. -->","yoast_head_json":{"title":"GARCIA FAURA travaille dans un nouvel b\u00e2timent de bureaux de coworking \u00e0 Barcelone - GARCIA FAURA","description":"Arquitectura en Alumini, Inox, Ferro i Vidre","robots":{"index":"index","follow":"follow","max-snippet":"max-snippet:-1","max-image-preview":"max-image-preview:large","max-video-preview":"max-video-preview:-1"},"canonical":"https:\/\/www.garciafaura.com\/fr\/treballs-de-garcia-faura-en-un-nou-edifici-doficines-de-treball-compartit-a-barcelona\/","og_locale":"fr_FR","og_type":"article","og_title":"GARCIA FAURA travaille dans un nouvel b\u00e2timent de bureaux de coworking \u00e0 Barcelone - GARCIA FAURA","og_description":"Arquitectura en Alumini, Inox, Ferro i Vidre","og_url":"https:\/\/www.garciafaura.com\/fr\/treballs-de-garcia-faura-en-un-nou-edifici-doficines-de-treball-compartit-a-barcelona\/","og_site_name":"GARCIA FAURA","article_published_time":"2025-06-06T07:17:04+00:00","article_modified_time":"2025-06-06T07:26:28+00:00","og_image":[{"width":1024,"height":467,"url":"https:\/\/www.garciafaura.com\/wp-content\/uploads\/2025\/06\/OCW-Llacuna-1-1024x467.jpg","type":"image\/jpeg"}],"author":"David Achell","twitter_card":"summary_large_image","twitter_misc":{"\u00c9crit par":"David Achell","Dur\u00e9e de lecture estim\u00e9e":"3 minutes"},"schema":{"@context":"https:\/\/schema.org","@graph":[{"@type":"Article","@id":"https:\/\/www.garciafaura.com\/fr\/treballs-de-garcia-faura-en-un-nou-edifici-doficines-de-treball-compartit-a-barcelona\/#article","isPartOf":{"@id":"https:\/\/www.garciafaura.com\/fr\/treballs-de-garcia-faura-en-un-nou-edifici-doficines-de-treball-compartit-a-barcelona\/"},"author":{"name":"David Achell","@id":"https:\/\/www.garciafaura.com\/fr\/#\/schema\/person\/b4b75e69b33fac3446071909bec106b0"},"headline":"GARCIA FAURA travaille dans un nouvel b\u00e2timent de bureaux de coworking \u00e0 Barcelone","datePublished":"2025-06-06T07:17:04+00:00","dateModified":"2025-06-06T07:26:28+00:00","mainEntityOfPage":{"@id":"https:\/\/www.garciafaura.com\/fr\/treballs-de-garcia-faura-en-un-nou-edifici-doficines-de-treball-compartit-a-barcelona\/"},"wordCount":426,"publisher":{"@id":"https:\/\/www.garciafaura.com\/fr\/#organization"},"image":{"@id":"https:\/\/www.garciafaura.com\/fr\/treballs-de-garcia-faura-en-un-nou-edifici-doficines-de-treball-compartit-a-barcelona\/#primaryimage"},"thumbnailUrl":"https:\/\/www.garciafaura.com\/wp-content\/uploads\/2025\/06\/OCW-Llacuna-1.jpg","articleSection":["Actualit\u00e9"],"inLanguage":"fr-FR"},{"@type":"WebPage","@id":"https:\/\/www.garciafaura.com\/fr\/treballs-de-garcia-faura-en-un-nou-edifici-doficines-de-treball-compartit-a-barcelona\/","url":"https:\/\/www.garciafaura.com\/fr\/treballs-de-garcia-faura-en-un-nou-edifici-doficines-de-treball-compartit-a-barcelona\/","name":"GARCIA FAURA travaille dans un nouvel b\u00e2timent de bureaux de coworking \u00e0 Barcelone - GARCIA FAURA","isPartOf":{"@id":"https:\/\/www.garciafaura.com\/fr\/#website"},"primaryImageOfPage":{"@id":"https:\/\/www.garciafaura.com\/fr\/treballs-de-garcia-faura-en-un-nou-edifici-doficines-de-treball-compartit-a-barcelona\/#primaryimage"},"image":{"@id":"https:\/\/www.garciafaura.com\/fr\/treballs-de-garcia-faura-en-un-nou-edifici-doficines-de-treball-compartit-a-barcelona\/#primaryimage"},"thumbnailUrl":"https:\/\/www.garciafaura.com\/wp-content\/uploads\/2025\/06\/OCW-Llacuna-1.jpg","datePublished":"2025-06-06T07:17:04+00:00","dateModified":"2025-06-06T07:26:28+00:00","description":"Arquitectura en Alumini, Inox, Ferro i Vidre","breadcrumb":{"@id":"https:\/\/www.garciafaura.com\/fr\/treballs-de-garcia-faura-en-un-nou-edifici-doficines-de-treball-compartit-a-barcelona\/#breadcrumb"},"inLanguage":"fr-FR","potentialAction":[{"@type":"ReadAction","target":["https:\/\/www.garciafaura.com\/fr\/treballs-de-garcia-faura-en-un-nou-edifici-doficines-de-treball-compartit-a-barcelona\/"]}]},{"@type":"ImageObject","inLanguage":"fr-FR","@id":"https:\/\/www.garciafaura.com\/fr\/treballs-de-garcia-faura-en-un-nou-edifici-doficines-de-treball-compartit-a-barcelona\/#primaryimage","url":"https:\/\/www.garciafaura.com\/wp-content\/uploads\/2025\/06\/OCW-Llacuna-1.jpg","contentUrl":"https:\/\/www.garciafaura.com\/wp-content\/uploads\/2025\/06\/OCW-Llacuna-1.jpg","width":2200,"height":1004},{"@type":"BreadcrumbList","@id":"https:\/\/www.garciafaura.com\/fr\/treballs-de-garcia-faura-en-un-nou-edifici-doficines-de-treball-compartit-a-barcelona\/#breadcrumb","itemListElement":[{"@type":"ListItem","position":1,"name":"Inici","item":"https:\/\/www.garciafaura.com\/fr\/"},{"@type":"ListItem","position":2,"name":"GARCIA FAURA travaille dans un nouvel b\u00e2timent de bureaux de coworking \u00e0 Barcelone"}]},{"@type":"WebSite","@id":"https:\/\/www.garciafaura.com\/fr\/#website","url":"https:\/\/www.garciafaura.com\/fr\/","name":"GARCIA FAURA","description":"Arquitectura en Alumini, Inox, Ferro i Vidre","publisher":{"@id":"https:\/\/www.garciafaura.com\/fr\/#organization"},"potentialAction":[{"@type":"SearchAction","target":{"@type":"EntryPoint","urlTemplate":"https:\/\/www.garciafaura.com\/fr\/?s={search_term_string}"},"query-input":{"@type":"PropertyValueSpecification","valueRequired":true,"valueName":"search_term_string"}}],"inLanguage":"fr-FR"},{"@type":"Organization","@id":"https:\/\/www.garciafaura.com\/fr\/#organization","name":"GARCIA FAURA","url":"https:\/\/www.garciafaura.com\/fr\/","logo":{"@type":"ImageObject","inLanguage":"fr-FR","@id":"https:\/\/www.garciafaura.com\/fr\/#\/schema\/logo\/image\/","url":"https:\/\/www.garciafaura.com\/wp-content\/uploads\/2018\/09\/Garcia-Faura.png","contentUrl":"https:\/\/www.garciafaura.com\/wp-content\/uploads\/2018\/09\/Garcia-Faura.png","width":512,"height":512,"caption":"GARCIA FAURA"},"image":{"@id":"https:\/\/www.garciafaura.com\/fr\/#\/schema\/logo\/image\/"},"sameAs":["https:\/\/www.youtube.com\/user\/GARCIAFAURA"]},{"@type":"Person","@id":"https:\/\/www.garciafaura.com\/fr\/#\/schema\/person\/b4b75e69b33fac3446071909bec106b0","name":"David Achell","image":{"@type":"ImageObject","inLanguage":"fr-FR","@id":"https:\/\/www.garciafaura.com\/fr\/#\/schema\/person\/image\/","url":"https:\/\/secure.gravatar.com\/avatar\/03900210afc1f61bce737bcb4a79c02e2c997f171e3eca839b5a4cbe03846c90?s=96&d=blank&r=g","contentUrl":"https:\/\/secure.gravatar.com\/avatar\/03900210afc1f61bce737bcb4a79c02e2c997f171e3eca839b5a4cbe03846c90?s=96&d=blank&r=g","caption":"David Achell"}}]}},"_links":{"self":[{"href":"https:\/\/www.garciafaura.com\/fr\/wp-json\/wp\/v2\/posts\/39961","targetHints":{"allow":["GET"]}}],"collection":[{"href":"https:\/\/www.garciafaura.com\/fr\/wp-json\/wp\/v2\/posts"}],"about":[{"href":"https:\/\/www.garciafaura.com\/fr\/wp-json\/wp\/v2\/types\/post"}],"author":[{"embeddable":true,"href":"https:\/\/www.garciafaura.com\/fr\/wp-json\/wp\/v2\/users\/3"}],"replies":[{"embeddable":true,"href":"https:\/\/www.garciafaura.com\/fr\/wp-json\/wp\/v2\/comments?post=39961"}],"version-history":[{"count":3,"href":"https:\/\/www.garciafaura.com\/fr\/wp-json\/wp\/v2\/posts\/39961\/revisions"}],"predecessor-version":[{"id":39968,"href":"https:\/\/www.garciafaura.com\/fr\/wp-json\/wp\/v2\/posts\/39961\/revisions\/39968"}],"wp:featuredmedia":[{"embeddable":true,"href":"https:\/\/www.garciafaura.com\/fr\/wp-json\/wp\/v2\/media\/39948"}],"wp:attachment":[{"href":"https:\/\/www.garciafaura.com\/fr\/wp-json\/wp\/v2\/media?parent=39961"}],"wp:term":[{"taxonomy":"category","embeddable":true,"href":"https:\/\/www.garciafaura.com\/fr\/wp-json\/wp\/v2\/categories?post=39961"},{"taxonomy":"post_tag","embeddable":true,"href":"https:\/\/www.garciafaura.com\/fr\/wp-json\/wp\/v2\/tags?post=39961"},{"taxonomy":"post_series","embeddable":true,"href":"https:\/\/www.garciafaura.com\/fr\/wp-json\/wp\/v2\/post_series?post=39961"}],"curies":[{"name":"wp","href":"https:\/\/api.w.org\/{rel}","templated":true}]}}