{"id":39848,"date":"2025-05-16T15:01:09","date_gmt":"2025-05-16T13:01:09","guid":{"rendered":"https:\/\/www.garciafaura.com\/garcia-faura-fabrica-i-installa-la-facana-del-delta-business-center\/"},"modified":"2025-05-16T15:15:51","modified_gmt":"2025-05-16T13:15:51","slug":"garcia-faura-fabrica-i-installa-la-facana-del-delta-business-center","status":"publish","type":"post","link":"https:\/\/www.garciafaura.com\/fr\/garcia-faura-fabrica-i-installa-la-facana-del-delta-business-center\/","title":{"rendered":"GARCIA FAURA fabrique et installe la fa\u00e7ade du Delta Business Center"},"content":{"rendered":"<h3 style=\"text-align: justify;\"><span style=\"font-family: 'Open Sans';\">L&rsquo;entreprise d\u00e9veloppe les fa\u00e7ades, un mur-rideau mixte (bois et aluminium) et les menuiseries m\u00e9talliques du nouveau complexe commercial en cours de construction \u00e0 Viladecans.<\/span><\/h3>\n<p style=\"text-align: justify;\"><span style=\"font-family: 'Open Sans';\">Le <strong>Delta Business Center<\/strong> est un complexe de bureaux con\u00e7u par le <strong>cabinet Pich Architects<\/strong> qui est en cours de construction \u00e0 Viladecans (Barcelone). Il s&rsquo;agit de quatre b\u00e2timents isol\u00e9s, s\u00e9par\u00e9s par un espace vert qui sera public.<\/span><\/p>\n<p style=\"text-align: justify;\"><span style=\"font-family: 'Open Sans';\">Chaque b\u00e2timent a \u00e9t\u00e9 con\u00e7u comme un volume suspendu avec des piliers, sous lesquels coule le paysage et sa topographie. Cela permet d\u2019assurer une continuit\u00e9 avec le territoire tout en favorisant une exp\u00e9rience naturelle et paysag\u00e8re.<\/span><\/p>\n<p style=\"text-align: justify;\"><span style=\"font-family: 'Open Sans';\">L&rsquo;acc\u00e8s se fera par un hall souterrain, tandis que les parties sup\u00e9rieures des b\u00e2timents disposeront de volumes en terrasses qui intensifieront l&rsquo;\u00e9clairage, la ventilation int\u00e9rieure et les surfaces de vie ext\u00e9rieures.<\/span><\/p>\n<p style=\"text-align: justify;\"><span style=\"font-family: 'Open Sans';\">Les int\u00e9rieurs disposeront de grands espaces fonctionnels, avec des conditions optimales de lumi\u00e8re et de temp\u00e9rature, aptes \u00e0 r\u00e9pondre correctement \u00e0 la diversit\u00e9 des usages qu&rsquo;offriront les b\u00e2timents.<\/span><\/p>\n<p style=\"text-align: justify;\"><strong><span style=\"font-family: 'Open Sans';\">Travaux de GARCIA FAURA<\/span><\/strong><\/p>\n<p style=\"text-align: justify;\"><span style=\"font-family: 'Open Sans';\">Pour ce projet, <strong>GARCIA FAURA<\/strong> d\u00e9veloppe, produit et installe 3.375 m\u00e8tres carr\u00e9s de <strong>fa\u00e7ade<\/strong> industrialis\u00e9e, avec des modules pr\u00e9fabriqu\u00e9s \u00e0 l\u2019usine et r\u00e9alis\u00e9s avec une sous-structure de profil\u00e9s en acier galvanis\u00e9 rev\u00eatus de t\u00f4le d&rsquo;acier galvanis\u00e9.<\/span><\/p>\n<p style=\"text-align: justify;\"><span style=\"font-family: 'Open Sans';\">La face ext\u00e9rieure de ces modules est dot\u00e9e de bardage en panneaux composite d\u2019<strong>aluminium<\/strong> et, dans l&rsquo;espace cr\u00e9\u00e9 entre les modules, sont plac\u00e9es des <strong>menuiseries<\/strong> avec des profil\u00e9s en <strong>aluminium<\/strong> \u00e0 rupture de pont thermique.<\/span><\/p>\n<p style=\"text-align: justify;\"><span style=\"font-family: 'Open Sans';\">Les mille m\u00e8tres carr\u00e9s de la <strong>fa\u00e7ade<\/strong> int\u00e9rieure seront r\u00e9alis\u00e9s avec des modules de <strong>murs-rideaux<\/strong> pr\u00e9fabriqu\u00e9s, qui combineront des profils en bois d&rsquo;\u00e9pic\u00e9a lamell\u00e9-coll\u00e9 avec ceux du syst\u00e8me en <strong>aluminium<\/strong>. Les modules comprennent des ouvrants en <strong>aluminium<\/strong> avec diff\u00e9rents types d&rsquo;ouverture.<\/span><\/p>\n<p style=\"text-align: justify;\"><span style=\"font-family: 'Open Sans';\">Les travaux de <strong>GARCIA FAURA<\/strong> au <strong>Delta Business Center<\/strong> est compl\u00e9t\u00e9e par d&rsquo;autres dans les zones int\u00e9rieures du <strong>mur-rideau<\/strong>, avec des <strong>menuiseries<\/strong> en <strong>aluminium<\/strong> g\u00e9n\u00e9rales et avec de bardage et couvertines de <strong>fa\u00e7ade<\/strong>.<\/span><\/p>\n","protected":false},"excerpt":{"rendered":"<p>L&rsquo;entreprise d\u00e9veloppe les fa\u00e7ades, un mur-rideau mixte (bois et aluminium) et les menuiseries m\u00e9talliques du nouveau complexe commercial en cours de construction \u00e0 Viladecans. Le Delta Business Center est un complexe de bureaux con\u00e7u par le cabinet Pich Architects qui&hellip;<\/p>\n","protected":false},"author":3,"featured_media":38256,"comment_status":"closed","ping_status":"open","sticky":false,"template":"","format":"gallery","meta":{"footnotes":""},"categories":[2],"tags":[],"post_series":[],"class_list":["post-39848","post","type-post","status-publish","format-gallery","has-post-thumbnail","hentry","category-actualite","post_format-post-format-gallery","entry","has-media"],"yoast_head":"<!-- This site is optimized with the Yoast SEO plugin v26.7 - https:\/\/yoast.com\/wordpress\/plugins\/seo\/ -->\n<title>GARCIA FAURA fabrique et installe la fa\u00e7ade du Delta Business Center - GARCIA FAURA<\/title>\n<meta name=\"description\" content=\"Arquitectura en Alumini, Inox, Ferro i Vidre\" \/>\n<meta name=\"robots\" content=\"index, follow, max-snippet:-1, max-image-preview:large, max-video-preview:-1\" \/>\n<link rel=\"canonical\" href=\"https:\/\/www.garciafaura.com\/fr\/garcia-faura-fabrica-i-installa-la-facana-del-delta-business-center\/\" \/>\n<meta property=\"og:locale\" content=\"fr_FR\" \/>\n<meta property=\"og:type\" content=\"article\" \/>\n<meta property=\"og:title\" content=\"GARCIA FAURA fabrique et installe la fa\u00e7ade du Delta Business Center - GARCIA FAURA\" \/>\n<meta property=\"og:description\" content=\"Arquitectura en Alumini, Inox, Ferro i Vidre\" \/>\n<meta property=\"og:url\" content=\"https:\/\/www.garciafaura.com\/fr\/garcia-faura-fabrica-i-installa-la-facana-del-delta-business-center\/\" \/>\n<meta property=\"og:site_name\" content=\"GARCIA FAURA\" \/>\n<meta property=\"article:published_time\" content=\"2025-05-16T13:01:09+00:00\" \/>\n<meta property=\"article:modified_time\" content=\"2025-05-16T13:15:51+00:00\" \/>\n<meta property=\"og:image\" content=\"https:\/\/www.garciafaura.com\/wp-content\/uploads\/2024\/10\/03-Delta-Business-Center-4-1-scaled-baixa.jpg\" \/>\n\t<meta property=\"og:image:width\" content=\"1200\" \/>\n\t<meta property=\"og:image:height\" content=\"628\" \/>\n\t<meta property=\"og:image:type\" content=\"image\/jpeg\" \/>\n<meta name=\"author\" content=\"David Achell\" \/>\n<meta name=\"twitter:card\" content=\"summary_large_image\" \/>\n<meta name=\"twitter:label1\" content=\"\u00c9crit par\" \/>\n\t<meta name=\"twitter:data1\" content=\"David Achell\" \/>\n\t<meta name=\"twitter:label2\" content=\"Dur\u00e9e de lecture estim\u00e9e\" \/>\n\t<meta name=\"twitter:data2\" content=\"2 minutes\" \/>\n<script type=\"application\/ld+json\" class=\"yoast-schema-graph\">{\"@context\":\"https:\/\/schema.org\",\"@graph\":[{\"@type\":\"Article\",\"@id\":\"https:\/\/www.garciafaura.com\/fr\/garcia-faura-fabrica-i-installa-la-facana-del-delta-business-center\/#article\",\"isPartOf\":{\"@id\":\"https:\/\/www.garciafaura.com\/fr\/garcia-faura-fabrica-i-installa-la-facana-del-delta-business-center\/\"},\"author\":{\"name\":\"David Achell\",\"@id\":\"https:\/\/www.garciafaura.com\/fr\/#\/schema\/person\/b4b75e69b33fac3446071909bec106b0\"},\"headline\":\"GARCIA FAURA fabrique et installe la fa\u00e7ade du Delta Business Center\",\"datePublished\":\"2025-05-16T13:01:09+00:00\",\"dateModified\":\"2025-05-16T13:15:51+00:00\",\"mainEntityOfPage\":{\"@id\":\"https:\/\/www.garciafaura.com\/fr\/garcia-faura-fabrica-i-installa-la-facana-del-delta-business-center\/\"},\"wordCount\":380,\"publisher\":{\"@id\":\"https:\/\/www.garciafaura.com\/fr\/#organization\"},\"image\":{\"@id\":\"https:\/\/www.garciafaura.com\/fr\/garcia-faura-fabrica-i-installa-la-facana-del-delta-business-center\/#primaryimage\"},\"thumbnailUrl\":\"https:\/\/www.garciafaura.com\/wp-content\/uploads\/2024\/10\/03-Delta-Business-Center-4-1-scaled-baixa.jpg\",\"articleSection\":[\"Actualit\u00e9\"],\"inLanguage\":\"fr-FR\"},{\"@type\":\"WebPage\",\"@id\":\"https:\/\/www.garciafaura.com\/fr\/garcia-faura-fabrica-i-installa-la-facana-del-delta-business-center\/\",\"url\":\"https:\/\/www.garciafaura.com\/fr\/garcia-faura-fabrica-i-installa-la-facana-del-delta-business-center\/\",\"name\":\"GARCIA FAURA fabrique et installe la fa\u00e7ade du Delta Business Center - GARCIA FAURA\",\"isPartOf\":{\"@id\":\"https:\/\/www.garciafaura.com\/fr\/#website\"},\"primaryImageOfPage\":{\"@id\":\"https:\/\/www.garciafaura.com\/fr\/garcia-faura-fabrica-i-installa-la-facana-del-delta-business-center\/#primaryimage\"},\"image\":{\"@id\":\"https:\/\/www.garciafaura.com\/fr\/garcia-faura-fabrica-i-installa-la-facana-del-delta-business-center\/#primaryimage\"},\"thumbnailUrl\":\"https:\/\/www.garciafaura.com\/wp-content\/uploads\/2024\/10\/03-Delta-Business-Center-4-1-scaled-baixa.jpg\",\"datePublished\":\"2025-05-16T13:01:09+00:00\",\"dateModified\":\"2025-05-16T13:15:51+00:00\",\"description\":\"Arquitectura en Alumini, Inox, Ferro i Vidre\",\"breadcrumb\":{\"@id\":\"https:\/\/www.garciafaura.com\/fr\/garcia-faura-fabrica-i-installa-la-facana-del-delta-business-center\/#breadcrumb\"},\"inLanguage\":\"fr-FR\",\"potentialAction\":[{\"@type\":\"ReadAction\",\"target\":[\"https:\/\/www.garciafaura.com\/fr\/garcia-faura-fabrica-i-installa-la-facana-del-delta-business-center\/\"]}]},{\"@type\":\"ImageObject\",\"inLanguage\":\"fr-FR\",\"@id\":\"https:\/\/www.garciafaura.com\/fr\/garcia-faura-fabrica-i-installa-la-facana-del-delta-business-center\/#primaryimage\",\"url\":\"https:\/\/www.garciafaura.com\/wp-content\/uploads\/2024\/10\/03-Delta-Business-Center-4-1-scaled-baixa.jpg\",\"contentUrl\":\"https:\/\/www.garciafaura.com\/wp-content\/uploads\/2024\/10\/03-Delta-Business-Center-4-1-scaled-baixa.jpg\",\"width\":1200,\"height\":628},{\"@type\":\"BreadcrumbList\",\"@id\":\"https:\/\/www.garciafaura.com\/fr\/garcia-faura-fabrica-i-installa-la-facana-del-delta-business-center\/#breadcrumb\",\"itemListElement\":[{\"@type\":\"ListItem\",\"position\":1,\"name\":\"Inici\",\"item\":\"https:\/\/www.garciafaura.com\/fr\/\"},{\"@type\":\"ListItem\",\"position\":2,\"name\":\"GARCIA FAURA fabrique et installe la fa\u00e7ade du Delta Business Center\"}]},{\"@type\":\"WebSite\",\"@id\":\"https:\/\/www.garciafaura.com\/fr\/#website\",\"url\":\"https:\/\/www.garciafaura.com\/fr\/\",\"name\":\"GARCIA FAURA\",\"description\":\"Arquitectura en Alumini, Inox, Ferro i Vidre\",\"publisher\":{\"@id\":\"https:\/\/www.garciafaura.com\/fr\/#organization\"},\"potentialAction\":[{\"@type\":\"SearchAction\",\"target\":{\"@type\":\"EntryPoint\",\"urlTemplate\":\"https:\/\/www.garciafaura.com\/fr\/?s={search_term_string}\"},\"query-input\":{\"@type\":\"PropertyValueSpecification\",\"valueRequired\":true,\"valueName\":\"search_term_string\"}}],\"inLanguage\":\"fr-FR\"},{\"@type\":\"Organization\",\"@id\":\"https:\/\/www.garciafaura.com\/fr\/#organization\",\"name\":\"GARCIA FAURA\",\"url\":\"https:\/\/www.garciafaura.com\/fr\/\",\"logo\":{\"@type\":\"ImageObject\",\"inLanguage\":\"fr-FR\",\"@id\":\"https:\/\/www.garciafaura.com\/fr\/#\/schema\/logo\/image\/\",\"url\":\"https:\/\/www.garciafaura.com\/wp-content\/uploads\/2018\/09\/Garcia-Faura.png\",\"contentUrl\":\"https:\/\/www.garciafaura.com\/wp-content\/uploads\/2018\/09\/Garcia-Faura.png\",\"width\":512,\"height\":512,\"caption\":\"GARCIA FAURA\"},\"image\":{\"@id\":\"https:\/\/www.garciafaura.com\/fr\/#\/schema\/logo\/image\/\"},\"sameAs\":[\"https:\/\/www.youtube.com\/user\/GARCIAFAURA\"]},{\"@type\":\"Person\",\"@id\":\"https:\/\/www.garciafaura.com\/fr\/#\/schema\/person\/b4b75e69b33fac3446071909bec106b0\",\"name\":\"David Achell\",\"image\":{\"@type\":\"ImageObject\",\"inLanguage\":\"fr-FR\",\"@id\":\"https:\/\/www.garciafaura.com\/fr\/#\/schema\/person\/image\/\",\"url\":\"https:\/\/secure.gravatar.com\/avatar\/03900210afc1f61bce737bcb4a79c02e2c997f171e3eca839b5a4cbe03846c90?s=96&d=blank&r=g\",\"contentUrl\":\"https:\/\/secure.gravatar.com\/avatar\/03900210afc1f61bce737bcb4a79c02e2c997f171e3eca839b5a4cbe03846c90?s=96&d=blank&r=g\",\"caption\":\"David Achell\"}}]}<\/script>\n<!-- \/ Yoast SEO plugin. -->","yoast_head_json":{"title":"GARCIA FAURA fabrique et installe la fa\u00e7ade du Delta Business Center - GARCIA FAURA","description":"Arquitectura en Alumini, Inox, Ferro i Vidre","robots":{"index":"index","follow":"follow","max-snippet":"max-snippet:-1","max-image-preview":"max-image-preview:large","max-video-preview":"max-video-preview:-1"},"canonical":"https:\/\/www.garciafaura.com\/fr\/garcia-faura-fabrica-i-installa-la-facana-del-delta-business-center\/","og_locale":"fr_FR","og_type":"article","og_title":"GARCIA FAURA fabrique et installe la fa\u00e7ade du Delta Business Center - GARCIA FAURA","og_description":"Arquitectura en Alumini, Inox, Ferro i Vidre","og_url":"https:\/\/www.garciafaura.com\/fr\/garcia-faura-fabrica-i-installa-la-facana-del-delta-business-center\/","og_site_name":"GARCIA FAURA","article_published_time":"2025-05-16T13:01:09+00:00","article_modified_time":"2025-05-16T13:15:51+00:00","og_image":[{"width":1200,"height":628,"url":"https:\/\/www.garciafaura.com\/wp-content\/uploads\/2024\/10\/03-Delta-Business-Center-4-1-scaled-baixa.jpg","type":"image\/jpeg"}],"author":"David Achell","twitter_card":"summary_large_image","twitter_misc":{"\u00c9crit par":"David Achell","Dur\u00e9e de lecture estim\u00e9e":"2 minutes"},"schema":{"@context":"https:\/\/schema.org","@graph":[{"@type":"Article","@id":"https:\/\/www.garciafaura.com\/fr\/garcia-faura-fabrica-i-installa-la-facana-del-delta-business-center\/#article","isPartOf":{"@id":"https:\/\/www.garciafaura.com\/fr\/garcia-faura-fabrica-i-installa-la-facana-del-delta-business-center\/"},"author":{"name":"David Achell","@id":"https:\/\/www.garciafaura.com\/fr\/#\/schema\/person\/b4b75e69b33fac3446071909bec106b0"},"headline":"GARCIA FAURA fabrique et installe la fa\u00e7ade du Delta Business Center","datePublished":"2025-05-16T13:01:09+00:00","dateModified":"2025-05-16T13:15:51+00:00","mainEntityOfPage":{"@id":"https:\/\/www.garciafaura.com\/fr\/garcia-faura-fabrica-i-installa-la-facana-del-delta-business-center\/"},"wordCount":380,"publisher":{"@id":"https:\/\/www.garciafaura.com\/fr\/#organization"},"image":{"@id":"https:\/\/www.garciafaura.com\/fr\/garcia-faura-fabrica-i-installa-la-facana-del-delta-business-center\/#primaryimage"},"thumbnailUrl":"https:\/\/www.garciafaura.com\/wp-content\/uploads\/2024\/10\/03-Delta-Business-Center-4-1-scaled-baixa.jpg","articleSection":["Actualit\u00e9"],"inLanguage":"fr-FR"},{"@type":"WebPage","@id":"https:\/\/www.garciafaura.com\/fr\/garcia-faura-fabrica-i-installa-la-facana-del-delta-business-center\/","url":"https:\/\/www.garciafaura.com\/fr\/garcia-faura-fabrica-i-installa-la-facana-del-delta-business-center\/","name":"GARCIA FAURA fabrique et installe la fa\u00e7ade du Delta Business Center - GARCIA FAURA","isPartOf":{"@id":"https:\/\/www.garciafaura.com\/fr\/#website"},"primaryImageOfPage":{"@id":"https:\/\/www.garciafaura.com\/fr\/garcia-faura-fabrica-i-installa-la-facana-del-delta-business-center\/#primaryimage"},"image":{"@id":"https:\/\/www.garciafaura.com\/fr\/garcia-faura-fabrica-i-installa-la-facana-del-delta-business-center\/#primaryimage"},"thumbnailUrl":"https:\/\/www.garciafaura.com\/wp-content\/uploads\/2024\/10\/03-Delta-Business-Center-4-1-scaled-baixa.jpg","datePublished":"2025-05-16T13:01:09+00:00","dateModified":"2025-05-16T13:15:51+00:00","description":"Arquitectura en Alumini, Inox, Ferro i Vidre","breadcrumb":{"@id":"https:\/\/www.garciafaura.com\/fr\/garcia-faura-fabrica-i-installa-la-facana-del-delta-business-center\/#breadcrumb"},"inLanguage":"fr-FR","potentialAction":[{"@type":"ReadAction","target":["https:\/\/www.garciafaura.com\/fr\/garcia-faura-fabrica-i-installa-la-facana-del-delta-business-center\/"]}]},{"@type":"ImageObject","inLanguage":"fr-FR","@id":"https:\/\/www.garciafaura.com\/fr\/garcia-faura-fabrica-i-installa-la-facana-del-delta-business-center\/#primaryimage","url":"https:\/\/www.garciafaura.com\/wp-content\/uploads\/2024\/10\/03-Delta-Business-Center-4-1-scaled-baixa.jpg","contentUrl":"https:\/\/www.garciafaura.com\/wp-content\/uploads\/2024\/10\/03-Delta-Business-Center-4-1-scaled-baixa.jpg","width":1200,"height":628},{"@type":"BreadcrumbList","@id":"https:\/\/www.garciafaura.com\/fr\/garcia-faura-fabrica-i-installa-la-facana-del-delta-business-center\/#breadcrumb","itemListElement":[{"@type":"ListItem","position":1,"name":"Inici","item":"https:\/\/www.garciafaura.com\/fr\/"},{"@type":"ListItem","position":2,"name":"GARCIA FAURA fabrique et installe la fa\u00e7ade du Delta Business Center"}]},{"@type":"WebSite","@id":"https:\/\/www.garciafaura.com\/fr\/#website","url":"https:\/\/www.garciafaura.com\/fr\/","name":"GARCIA FAURA","description":"Arquitectura en Alumini, Inox, Ferro i Vidre","publisher":{"@id":"https:\/\/www.garciafaura.com\/fr\/#organization"},"potentialAction":[{"@type":"SearchAction","target":{"@type":"EntryPoint","urlTemplate":"https:\/\/www.garciafaura.com\/fr\/?s={search_term_string}"},"query-input":{"@type":"PropertyValueSpecification","valueRequired":true,"valueName":"search_term_string"}}],"inLanguage":"fr-FR"},{"@type":"Organization","@id":"https:\/\/www.garciafaura.com\/fr\/#organization","name":"GARCIA FAURA","url":"https:\/\/www.garciafaura.com\/fr\/","logo":{"@type":"ImageObject","inLanguage":"fr-FR","@id":"https:\/\/www.garciafaura.com\/fr\/#\/schema\/logo\/image\/","url":"https:\/\/www.garciafaura.com\/wp-content\/uploads\/2018\/09\/Garcia-Faura.png","contentUrl":"https:\/\/www.garciafaura.com\/wp-content\/uploads\/2018\/09\/Garcia-Faura.png","width":512,"height":512,"caption":"GARCIA FAURA"},"image":{"@id":"https:\/\/www.garciafaura.com\/fr\/#\/schema\/logo\/image\/"},"sameAs":["https:\/\/www.youtube.com\/user\/GARCIAFAURA"]},{"@type":"Person","@id":"https:\/\/www.garciafaura.com\/fr\/#\/schema\/person\/b4b75e69b33fac3446071909bec106b0","name":"David Achell","image":{"@type":"ImageObject","inLanguage":"fr-FR","@id":"https:\/\/www.garciafaura.com\/fr\/#\/schema\/person\/image\/","url":"https:\/\/secure.gravatar.com\/avatar\/03900210afc1f61bce737bcb4a79c02e2c997f171e3eca839b5a4cbe03846c90?s=96&d=blank&r=g","contentUrl":"https:\/\/secure.gravatar.com\/avatar\/03900210afc1f61bce737bcb4a79c02e2c997f171e3eca839b5a4cbe03846c90?s=96&d=blank&r=g","caption":"David Achell"}}]}},"_links":{"self":[{"href":"https:\/\/www.garciafaura.com\/fr\/wp-json\/wp\/v2\/posts\/39848","targetHints":{"allow":["GET"]}}],"collection":[{"href":"https:\/\/www.garciafaura.com\/fr\/wp-json\/wp\/v2\/posts"}],"about":[{"href":"https:\/\/www.garciafaura.com\/fr\/wp-json\/wp\/v2\/types\/post"}],"author":[{"embeddable":true,"href":"https:\/\/www.garciafaura.com\/fr\/wp-json\/wp\/v2\/users\/3"}],"replies":[{"embeddable":true,"href":"https:\/\/www.garciafaura.com\/fr\/wp-json\/wp\/v2\/comments?post=39848"}],"version-history":[{"count":3,"href":"https:\/\/www.garciafaura.com\/fr\/wp-json\/wp\/v2\/posts\/39848\/revisions"}],"predecessor-version":[{"id":39855,"href":"https:\/\/www.garciafaura.com\/fr\/wp-json\/wp\/v2\/posts\/39848\/revisions\/39855"}],"wp:featuredmedia":[{"embeddable":true,"href":"https:\/\/www.garciafaura.com\/fr\/wp-json\/wp\/v2\/media\/38256"}],"wp:attachment":[{"href":"https:\/\/www.garciafaura.com\/fr\/wp-json\/wp\/v2\/media?parent=39848"}],"wp:term":[{"taxonomy":"category","embeddable":true,"href":"https:\/\/www.garciafaura.com\/fr\/wp-json\/wp\/v2\/categories?post=39848"},{"taxonomy":"post_tag","embeddable":true,"href":"https:\/\/www.garciafaura.com\/fr\/wp-json\/wp\/v2\/tags?post=39848"},{"taxonomy":"post_series","embeddable":true,"href":"https:\/\/www.garciafaura.com\/fr\/wp-json\/wp\/v2\/post_series?post=39848"}],"curies":[{"name":"wp","href":"https:\/\/api.w.org\/{rel}","templated":true}]}}