{"id":39520,"date":"2025-04-29T06:00:34","date_gmt":"2025-04-29T04:00:34","guid":{"rendered":"https:\/\/www.garciafaura.com\/?p=39520"},"modified":"2025-04-23T16:14:05","modified_gmt":"2025-04-23T14:14:05","slug":"garcia-faura-acheve-lintervention-dans-la-renovation-du-batiment-estel","status":"publish","type":"post","link":"https:\/\/www.garciafaura.com\/fr\/garcia-faura-acheve-lintervention-dans-la-renovation-du-batiment-estel\/","title":{"rendered":"GARCIA FAURA ach\u00e8ve l&rsquo;intervention dans la r\u00e9novation du b\u00e2timent Estel"},"content":{"rendered":"<h3 style=\"text-align: justify;\" align=\"justify\"><span style=\"font-family: 'Open Sans';\">Apr\u00e8s une p\u00e9riode d&rsquo;abandon de plus d&rsquo;une d\u00e9cennie, le b\u00e2timent Estel de Barcelone rena\u00eet en tant que complexe de bureaux moderne, avec la participation importante de GARCIA FAURA, qui a d\u00e9j\u00e0 termin\u00e9 son intervention dans le b\u00e2timent.<\/span><\/h3>\n<p style=\"text-align: justify;\" align=\"justify\"><span style=\"font-family: 'Open Sans';\">Situ\u00e9 dans l&rsquo;Eixample de Barcelone, le b\u00e2timent a \u00e9t\u00e9 construit en 1975 et a \u00e9t\u00e9 le si\u00e8ge de Telef\u00f3nica jusqu&rsquo;en 2011. Aujourd&rsquo;hui, gr\u00e2ce au projet du cabinet Blanch + Conca Arquitectura, les plus de 40.000 m\u00e8tres carr\u00e9s de surface ont \u00e9t\u00e9 transform\u00e9s en un centre de bureaux de derni\u00e8re g\u00e9n\u00e9ration avec un auditorium, des salles de r\u00e9union et d&rsquo;\u00e9v\u00e9nements, une salle de sport et des espaces sociaux.<\/span><\/p>\n<p style=\"text-align: justify;\" align=\"justify\"><span style=\"font-family: 'Open Sans';\">Le b\u00e2timent comprend \u00e9galement des locaux commerciaux et de restauration au rez-de-chauss\u00e9e, ainsi que pr\u00e8s de 8.000 m\u00e8tres carr\u00e9s de terrasses et de jardins. L\u2019un des points forts du nouveau complexe est son efficacit\u00e9 \u00e9nerg\u00e9tique : 35 % de la consommation proviendra de sources renouvelables, gr\u00e2ce \u00e0 l\u2019installation de panneaux photovolta\u00efques.<\/span><\/p>\n<p style=\"text-align: justify;\" align=\"justify\"><span style=\"font-family: 'Open Sans';\">Le projet a \u00e9t\u00e9 con\u00e7u pour obtenir les plus hautes certifications en mati\u00e8re de durabilit\u00e9 et de bien-\u00eatre : LEED Platinum, WELL Platinum, SmartScore Platinum, WidesCore Platinum et Zero Net Carbon. En ce sens, les fa\u00e7ades et les menuiseries ext\u00e9rieures d\u00e9velopp\u00e9es et install\u00e9es par <strong>GARCIA FAURA<\/strong> ont \u00e9t\u00e9 une pi\u00e8ce ma\u00eetresse.<\/span><\/p>\n<p style=\"text-align: justify;\" align=\"justify\"><span style=\"font-family: 'Open Sans';\">L&rsquo;entreprise a r\u00e9alis\u00e9 la construction et l&rsquo;installation de 6.100 m\u00e8tres carr\u00e9s de <strong>mur-rideau<\/strong> avec syst\u00e8me SG et double peau avec lames sp\u00e9ciales en <strong>aluminium<\/strong> extrud\u00e9, 3.272 m\u00e8tres carr\u00e9s suppl\u00e9mentaires de <strong>mur-rideau<\/strong> avec capot-serreur et une verri\u00e8re de 170 m\u00e8tres carr\u00e9s dans la cour int\u00e9rieure.<\/span><\/p>\n<p style=\"text-align: justify;\" align=\"justify\"><span style=\"font-family: 'Open Sans';\">La <strong>fa\u00e7ade<\/strong> principale a \u00e9t\u00e9 l&rsquo;une des interventions les plus remarquables, avec un <strong>mur-rideau<\/strong> en forme d&rsquo;\u00e9cailles qui reproduit le volume du b\u00e2timent. Cette peau ext\u00e9rieure exclusive, d\u00e9velopp\u00e9e par le <strong>Bureau Technique GARCIA FAURA<\/strong>, utilise de grands profils verticaux et des lames horizontales con\u00e7ues sp\u00e9cifiquement pour le projet.<\/span><\/p>\n<p style=\"text-align: justify;\" align=\"justify\"><span style=\"font-family: 'Open Sans';\">Les ancrages et les structures de support, en <strong>fer<\/strong>, assurent la r\u00e9sistance n\u00e9cessaire tout en conservant une esth\u00e9tique \u00e9pur\u00e9e et simple. De plus, la partie inf\u00e9rieure de la <strong>fa\u00e7ade<\/strong> int\u00e8gre un design incurv\u00e9 qui, malgr\u00e9 sa complexit\u00e9 technique, apporte une personnalit\u00e9 unique \u00e0 l&rsquo;ensemble architectural.<\/span><\/p>\n<p style=\"text-align: justify;\" align=\"justify\"><span style=\"font-family: 'Open Sans';\">Une fois les travaux termin\u00e9s, le <strong>b\u00e2timent Estel<\/strong> se consolide comme une nouvelle r\u00e9f\u00e9rence en mati\u00e8re d&rsquo;architecture durable, fonctionnelle et esth\u00e9tique dans le centre de Barcelone.<\/span><\/p>\n","protected":false},"excerpt":{"rendered":"<p>Apr\u00e8s une p\u00e9riode d&rsquo;abandon de plus d&rsquo;une d\u00e9cennie, le b\u00e2timent Estel de Barcelone rena\u00eet en tant que complexe de bureaux moderne, avec la participation importante de GARCIA FAURA, qui a d\u00e9j\u00e0 termin\u00e9 son intervention dans le b\u00e2timent. Situ\u00e9 dans l&rsquo;Eixample&hellip;<\/p>\n","protected":false},"author":3,"featured_media":39527,"comment_status":"closed","ping_status":"open","sticky":false,"template":"","format":"standard","meta":{"footnotes":""},"categories":[2],"tags":[],"post_series":[],"class_list":["post-39520","post","type-post","status-publish","format-standard","has-post-thumbnail","hentry","category-actualite","entry","has-media"],"yoast_head":"<!-- This site is optimized with the Yoast SEO plugin v26.7 - https:\/\/yoast.com\/wordpress\/plugins\/seo\/ -->\n<title>GARCIA FAURA ach\u00e8ve l&#039;intervention dans la r\u00e9novation du b\u00e2timent Estel - GARCIA FAURA<\/title>\n<meta name=\"description\" content=\"Arquitectura en Alumini, Inox, Ferro i Vidre\" \/>\n<meta name=\"robots\" content=\"index, follow, max-snippet:-1, max-image-preview:large, max-video-preview:-1\" \/>\n<link rel=\"canonical\" href=\"https:\/\/www.garciafaura.com\/garcia-faura-finalitza-la-intervencio-a-la-reforma-de-ledifici-estel\/\" \/>\n<meta property=\"og:locale\" content=\"fr_FR\" \/>\n<meta property=\"og:type\" content=\"article\" \/>\n<meta property=\"og:title\" content=\"GARCIA FAURA ach\u00e8ve l&#039;intervention dans la r\u00e9novation du b\u00e2timent Estel - GARCIA FAURA\" \/>\n<meta property=\"og:description\" content=\"Arquitectura en Alumini, Inox, Ferro i Vidre\" \/>\n<meta property=\"og:url\" content=\"https:\/\/www.garciafaura.com\/garcia-faura-finalitza-la-intervencio-a-la-reforma-de-ledifici-estel\/\" \/>\n<meta property=\"og:site_name\" content=\"GARCIA FAURA\" \/>\n<meta property=\"article:published_time\" content=\"2025-04-29T04:00:34+00:00\" \/>\n<meta property=\"og:image\" content=\"https:\/\/www.garciafaura.com\/wp-content\/uploads\/2025\/04\/EstelGF-scaled.jpg\" \/>\n\t<meta property=\"og:image:width\" content=\"2560\" \/>\n\t<meta property=\"og:image:height\" content=\"1480\" \/>\n\t<meta property=\"og:image:type\" content=\"image\/jpeg\" \/>\n<meta name=\"author\" content=\"David Achell\" \/>\n<meta name=\"twitter:card\" content=\"summary_large_image\" \/>\n<meta name=\"twitter:label1\" content=\"\u00c9crit par\" \/>\n\t<meta name=\"twitter:data1\" content=\"David Achell\" \/>\n\t<meta name=\"twitter:label2\" content=\"Dur\u00e9e de lecture estim\u00e9e\" \/>\n\t<meta name=\"twitter:data2\" content=\"2 minutes\" \/>\n<script type=\"application\/ld+json\" class=\"yoast-schema-graph\">{\"@context\":\"https:\/\/schema.org\",\"@graph\":[{\"@type\":\"Article\",\"@id\":\"https:\/\/www.garciafaura.com\/garcia-faura-finalitza-la-intervencio-a-la-reforma-de-ledifici-estel\/#article\",\"isPartOf\":{\"@id\":\"https:\/\/www.garciafaura.com\/garcia-faura-finalitza-la-intervencio-a-la-reforma-de-ledifici-estel\/\"},\"author\":{\"name\":\"David Achell\",\"@id\":\"https:\/\/www.garciafaura.com\/fr\/#\/schema\/person\/b4b75e69b33fac3446071909bec106b0\"},\"headline\":\"GARCIA FAURA ach\u00e8ve l&rsquo;intervention dans la r\u00e9novation du b\u00e2timent Estel\",\"datePublished\":\"2025-04-29T04:00:34+00:00\",\"mainEntityOfPage\":{\"@id\":\"https:\/\/www.garciafaura.com\/garcia-faura-finalitza-la-intervencio-a-la-reforma-de-ledifici-estel\/\"},\"wordCount\":452,\"publisher\":{\"@id\":\"https:\/\/www.garciafaura.com\/fr\/#organization\"},\"image\":{\"@id\":\"https:\/\/www.garciafaura.com\/garcia-faura-finalitza-la-intervencio-a-la-reforma-de-ledifici-estel\/#primaryimage\"},\"thumbnailUrl\":\"https:\/\/www.garciafaura.com\/wp-content\/uploads\/2025\/04\/EstelGF-scaled.jpg\",\"articleSection\":[\"Actualit\u00e9\"],\"inLanguage\":\"fr-FR\"},{\"@type\":\"WebPage\",\"@id\":\"https:\/\/www.garciafaura.com\/garcia-faura-finalitza-la-intervencio-a-la-reforma-de-ledifici-estel\/\",\"url\":\"https:\/\/www.garciafaura.com\/garcia-faura-finalitza-la-intervencio-a-la-reforma-de-ledifici-estel\/\",\"name\":\"GARCIA FAURA ach\u00e8ve l'intervention dans la r\u00e9novation du b\u00e2timent Estel - GARCIA FAURA\",\"isPartOf\":{\"@id\":\"https:\/\/www.garciafaura.com\/fr\/#website\"},\"primaryImageOfPage\":{\"@id\":\"https:\/\/www.garciafaura.com\/garcia-faura-finalitza-la-intervencio-a-la-reforma-de-ledifici-estel\/#primaryimage\"},\"image\":{\"@id\":\"https:\/\/www.garciafaura.com\/garcia-faura-finalitza-la-intervencio-a-la-reforma-de-ledifici-estel\/#primaryimage\"},\"thumbnailUrl\":\"https:\/\/www.garciafaura.com\/wp-content\/uploads\/2025\/04\/EstelGF-scaled.jpg\",\"datePublished\":\"2025-04-29T04:00:34+00:00\",\"description\":\"Arquitectura en Alumini, Inox, Ferro i Vidre\",\"breadcrumb\":{\"@id\":\"https:\/\/www.garciafaura.com\/garcia-faura-finalitza-la-intervencio-a-la-reforma-de-ledifici-estel\/#breadcrumb\"},\"inLanguage\":\"fr-FR\",\"potentialAction\":[{\"@type\":\"ReadAction\",\"target\":[\"https:\/\/www.garciafaura.com\/garcia-faura-finalitza-la-intervencio-a-la-reforma-de-ledifici-estel\/\"]}]},{\"@type\":\"ImageObject\",\"inLanguage\":\"fr-FR\",\"@id\":\"https:\/\/www.garciafaura.com\/garcia-faura-finalitza-la-intervencio-a-la-reforma-de-ledifici-estel\/#primaryimage\",\"url\":\"https:\/\/www.garciafaura.com\/wp-content\/uploads\/2025\/04\/EstelGF-scaled.jpg\",\"contentUrl\":\"https:\/\/www.garciafaura.com\/wp-content\/uploads\/2025\/04\/EstelGF-scaled.jpg\",\"width\":2560,\"height\":1480,\"caption\":\"Screenshot\"},{\"@type\":\"BreadcrumbList\",\"@id\":\"https:\/\/www.garciafaura.com\/garcia-faura-finalitza-la-intervencio-a-la-reforma-de-ledifici-estel\/#breadcrumb\",\"itemListElement\":[{\"@type\":\"ListItem\",\"position\":1,\"name\":\"Inici\",\"item\":\"https:\/\/www.garciafaura.com\/fr\/\"},{\"@type\":\"ListItem\",\"position\":2,\"name\":\"GARCIA FAURA ach\u00e8ve l&#8217;intervention dans la r\u00e9novation du b\u00e2timent Estel\"}]},{\"@type\":\"WebSite\",\"@id\":\"https:\/\/www.garciafaura.com\/fr\/#website\",\"url\":\"https:\/\/www.garciafaura.com\/fr\/\",\"name\":\"GARCIA FAURA\",\"description\":\"Arquitectura en Alumini, Inox, Ferro i Vidre\",\"publisher\":{\"@id\":\"https:\/\/www.garciafaura.com\/fr\/#organization\"},\"potentialAction\":[{\"@type\":\"SearchAction\",\"target\":{\"@type\":\"EntryPoint\",\"urlTemplate\":\"https:\/\/www.garciafaura.com\/fr\/?s={search_term_string}\"},\"query-input\":{\"@type\":\"PropertyValueSpecification\",\"valueRequired\":true,\"valueName\":\"search_term_string\"}}],\"inLanguage\":\"fr-FR\"},{\"@type\":\"Organization\",\"@id\":\"https:\/\/www.garciafaura.com\/fr\/#organization\",\"name\":\"GARCIA FAURA\",\"url\":\"https:\/\/www.garciafaura.com\/fr\/\",\"logo\":{\"@type\":\"ImageObject\",\"inLanguage\":\"fr-FR\",\"@id\":\"https:\/\/www.garciafaura.com\/fr\/#\/schema\/logo\/image\/\",\"url\":\"https:\/\/www.garciafaura.com\/wp-content\/uploads\/2018\/09\/Garcia-Faura.png\",\"contentUrl\":\"https:\/\/www.garciafaura.com\/wp-content\/uploads\/2018\/09\/Garcia-Faura.png\",\"width\":512,\"height\":512,\"caption\":\"GARCIA FAURA\"},\"image\":{\"@id\":\"https:\/\/www.garciafaura.com\/fr\/#\/schema\/logo\/image\/\"},\"sameAs\":[\"https:\/\/www.youtube.com\/user\/GARCIAFAURA\"]},{\"@type\":\"Person\",\"@id\":\"https:\/\/www.garciafaura.com\/fr\/#\/schema\/person\/b4b75e69b33fac3446071909bec106b0\",\"name\":\"David Achell\",\"image\":{\"@type\":\"ImageObject\",\"inLanguage\":\"fr-FR\",\"@id\":\"https:\/\/www.garciafaura.com\/fr\/#\/schema\/person\/image\/\",\"url\":\"https:\/\/secure.gravatar.com\/avatar\/03900210afc1f61bce737bcb4a79c02e2c997f171e3eca839b5a4cbe03846c90?s=96&d=blank&r=g\",\"contentUrl\":\"https:\/\/secure.gravatar.com\/avatar\/03900210afc1f61bce737bcb4a79c02e2c997f171e3eca839b5a4cbe03846c90?s=96&d=blank&r=g\",\"caption\":\"David Achell\"}}]}<\/script>\n<!-- \/ Yoast SEO plugin. -->","yoast_head_json":{"title":"GARCIA FAURA ach\u00e8ve l'intervention dans la r\u00e9novation du b\u00e2timent Estel - GARCIA FAURA","description":"Arquitectura en Alumini, Inox, Ferro i Vidre","robots":{"index":"index","follow":"follow","max-snippet":"max-snippet:-1","max-image-preview":"max-image-preview:large","max-video-preview":"max-video-preview:-1"},"canonical":"https:\/\/www.garciafaura.com\/garcia-faura-finalitza-la-intervencio-a-la-reforma-de-ledifici-estel\/","og_locale":"fr_FR","og_type":"article","og_title":"GARCIA FAURA ach\u00e8ve l'intervention dans la r\u00e9novation du b\u00e2timent Estel - GARCIA FAURA","og_description":"Arquitectura en Alumini, Inox, Ferro i Vidre","og_url":"https:\/\/www.garciafaura.com\/garcia-faura-finalitza-la-intervencio-a-la-reforma-de-ledifici-estel\/","og_site_name":"GARCIA FAURA","article_published_time":"2025-04-29T04:00:34+00:00","og_image":[{"width":2560,"height":1480,"url":"https:\/\/www.garciafaura.com\/wp-content\/uploads\/2025\/04\/EstelGF-scaled.jpg","type":"image\/jpeg"}],"author":"David Achell","twitter_card":"summary_large_image","twitter_misc":{"\u00c9crit par":"David Achell","Dur\u00e9e de lecture estim\u00e9e":"2 minutes"},"schema":{"@context":"https:\/\/schema.org","@graph":[{"@type":"Article","@id":"https:\/\/www.garciafaura.com\/garcia-faura-finalitza-la-intervencio-a-la-reforma-de-ledifici-estel\/#article","isPartOf":{"@id":"https:\/\/www.garciafaura.com\/garcia-faura-finalitza-la-intervencio-a-la-reforma-de-ledifici-estel\/"},"author":{"name":"David Achell","@id":"https:\/\/www.garciafaura.com\/fr\/#\/schema\/person\/b4b75e69b33fac3446071909bec106b0"},"headline":"GARCIA FAURA ach\u00e8ve l&rsquo;intervention dans la r\u00e9novation du b\u00e2timent Estel","datePublished":"2025-04-29T04:00:34+00:00","mainEntityOfPage":{"@id":"https:\/\/www.garciafaura.com\/garcia-faura-finalitza-la-intervencio-a-la-reforma-de-ledifici-estel\/"},"wordCount":452,"publisher":{"@id":"https:\/\/www.garciafaura.com\/fr\/#organization"},"image":{"@id":"https:\/\/www.garciafaura.com\/garcia-faura-finalitza-la-intervencio-a-la-reforma-de-ledifici-estel\/#primaryimage"},"thumbnailUrl":"https:\/\/www.garciafaura.com\/wp-content\/uploads\/2025\/04\/EstelGF-scaled.jpg","articleSection":["Actualit\u00e9"],"inLanguage":"fr-FR"},{"@type":"WebPage","@id":"https:\/\/www.garciafaura.com\/garcia-faura-finalitza-la-intervencio-a-la-reforma-de-ledifici-estel\/","url":"https:\/\/www.garciafaura.com\/garcia-faura-finalitza-la-intervencio-a-la-reforma-de-ledifici-estel\/","name":"GARCIA FAURA ach\u00e8ve l'intervention dans la r\u00e9novation du b\u00e2timent Estel - GARCIA FAURA","isPartOf":{"@id":"https:\/\/www.garciafaura.com\/fr\/#website"},"primaryImageOfPage":{"@id":"https:\/\/www.garciafaura.com\/garcia-faura-finalitza-la-intervencio-a-la-reforma-de-ledifici-estel\/#primaryimage"},"image":{"@id":"https:\/\/www.garciafaura.com\/garcia-faura-finalitza-la-intervencio-a-la-reforma-de-ledifici-estel\/#primaryimage"},"thumbnailUrl":"https:\/\/www.garciafaura.com\/wp-content\/uploads\/2025\/04\/EstelGF-scaled.jpg","datePublished":"2025-04-29T04:00:34+00:00","description":"Arquitectura en Alumini, Inox, Ferro i Vidre","breadcrumb":{"@id":"https:\/\/www.garciafaura.com\/garcia-faura-finalitza-la-intervencio-a-la-reforma-de-ledifici-estel\/#breadcrumb"},"inLanguage":"fr-FR","potentialAction":[{"@type":"ReadAction","target":["https:\/\/www.garciafaura.com\/garcia-faura-finalitza-la-intervencio-a-la-reforma-de-ledifici-estel\/"]}]},{"@type":"ImageObject","inLanguage":"fr-FR","@id":"https:\/\/www.garciafaura.com\/garcia-faura-finalitza-la-intervencio-a-la-reforma-de-ledifici-estel\/#primaryimage","url":"https:\/\/www.garciafaura.com\/wp-content\/uploads\/2025\/04\/EstelGF-scaled.jpg","contentUrl":"https:\/\/www.garciafaura.com\/wp-content\/uploads\/2025\/04\/EstelGF-scaled.jpg","width":2560,"height":1480,"caption":"Screenshot"},{"@type":"BreadcrumbList","@id":"https:\/\/www.garciafaura.com\/garcia-faura-finalitza-la-intervencio-a-la-reforma-de-ledifici-estel\/#breadcrumb","itemListElement":[{"@type":"ListItem","position":1,"name":"Inici","item":"https:\/\/www.garciafaura.com\/fr\/"},{"@type":"ListItem","position":2,"name":"GARCIA FAURA ach\u00e8ve l&#8217;intervention dans la r\u00e9novation du b\u00e2timent Estel"}]},{"@type":"WebSite","@id":"https:\/\/www.garciafaura.com\/fr\/#website","url":"https:\/\/www.garciafaura.com\/fr\/","name":"GARCIA FAURA","description":"Arquitectura en Alumini, Inox, Ferro i Vidre","publisher":{"@id":"https:\/\/www.garciafaura.com\/fr\/#organization"},"potentialAction":[{"@type":"SearchAction","target":{"@type":"EntryPoint","urlTemplate":"https:\/\/www.garciafaura.com\/fr\/?s={search_term_string}"},"query-input":{"@type":"PropertyValueSpecification","valueRequired":true,"valueName":"search_term_string"}}],"inLanguage":"fr-FR"},{"@type":"Organization","@id":"https:\/\/www.garciafaura.com\/fr\/#organization","name":"GARCIA FAURA","url":"https:\/\/www.garciafaura.com\/fr\/","logo":{"@type":"ImageObject","inLanguage":"fr-FR","@id":"https:\/\/www.garciafaura.com\/fr\/#\/schema\/logo\/image\/","url":"https:\/\/www.garciafaura.com\/wp-content\/uploads\/2018\/09\/Garcia-Faura.png","contentUrl":"https:\/\/www.garciafaura.com\/wp-content\/uploads\/2018\/09\/Garcia-Faura.png","width":512,"height":512,"caption":"GARCIA FAURA"},"image":{"@id":"https:\/\/www.garciafaura.com\/fr\/#\/schema\/logo\/image\/"},"sameAs":["https:\/\/www.youtube.com\/user\/GARCIAFAURA"]},{"@type":"Person","@id":"https:\/\/www.garciafaura.com\/fr\/#\/schema\/person\/b4b75e69b33fac3446071909bec106b0","name":"David Achell","image":{"@type":"ImageObject","inLanguage":"fr-FR","@id":"https:\/\/www.garciafaura.com\/fr\/#\/schema\/person\/image\/","url":"https:\/\/secure.gravatar.com\/avatar\/03900210afc1f61bce737bcb4a79c02e2c997f171e3eca839b5a4cbe03846c90?s=96&d=blank&r=g","contentUrl":"https:\/\/secure.gravatar.com\/avatar\/03900210afc1f61bce737bcb4a79c02e2c997f171e3eca839b5a4cbe03846c90?s=96&d=blank&r=g","caption":"David Achell"}}]}},"_links":{"self":[{"href":"https:\/\/www.garciafaura.com\/fr\/wp-json\/wp\/v2\/posts\/39520","targetHints":{"allow":["GET"]}}],"collection":[{"href":"https:\/\/www.garciafaura.com\/fr\/wp-json\/wp\/v2\/posts"}],"about":[{"href":"https:\/\/www.garciafaura.com\/fr\/wp-json\/wp\/v2\/types\/post"}],"author":[{"embeddable":true,"href":"https:\/\/www.garciafaura.com\/fr\/wp-json\/wp\/v2\/users\/3"}],"replies":[{"embeddable":true,"href":"https:\/\/www.garciafaura.com\/fr\/wp-json\/wp\/v2\/comments?post=39520"}],"version-history":[{"count":1,"href":"https:\/\/www.garciafaura.com\/fr\/wp-json\/wp\/v2\/posts\/39520\/revisions"}],"predecessor-version":[{"id":39523,"href":"https:\/\/www.garciafaura.com\/fr\/wp-json\/wp\/v2\/posts\/39520\/revisions\/39523"}],"wp:featuredmedia":[{"embeddable":true,"href":"https:\/\/www.garciafaura.com\/fr\/wp-json\/wp\/v2\/media\/39527"}],"wp:attachment":[{"href":"https:\/\/www.garciafaura.com\/fr\/wp-json\/wp\/v2\/media?parent=39520"}],"wp:term":[{"taxonomy":"category","embeddable":true,"href":"https:\/\/www.garciafaura.com\/fr\/wp-json\/wp\/v2\/categories?post=39520"},{"taxonomy":"post_tag","embeddable":true,"href":"https:\/\/www.garciafaura.com\/fr\/wp-json\/wp\/v2\/tags?post=39520"},{"taxonomy":"post_series","embeddable":true,"href":"https:\/\/www.garciafaura.com\/fr\/wp-json\/wp\/v2\/post_series?post=39520"}],"curies":[{"name":"wp","href":"https:\/\/api.w.org\/{rel}","templated":true}]}}