{"id":39002,"date":"2025-04-10T13:19:46","date_gmt":"2025-04-10T11:19:46","guid":{"rendered":"https:\/\/www.garciafaura.com\/garcia-faura-participa-en-ledificacio-de-la-nova-terminal-de-creuers-del-port-de-barcelona\/"},"modified":"2025-04-10T13:29:04","modified_gmt":"2025-04-10T11:29:04","slug":"garcia-faura-participa-en-ledificacio-de-la-nova-terminal-de-creuers-del-port-de-barcelona","status":"publish","type":"post","link":"https:\/\/www.garciafaura.com\/fr\/garcia-faura-participa-en-ledificacio-de-la-nova-terminal-de-creuers-del-port-de-barcelona\/","title":{"rendered":"GARCIA FAURA participe \u00e0 la construction du nouveau terminal de croisi\u00e8re du port de Barcelone"},"content":{"rendered":"<h3 style=\"text-align: justify;\" align=\"justify\"><span style=\"font-family: 'Open Sans';\"><span lang=\"fr-FR\"><b>Pour la nouvelle infrastructure du <\/b><\/span><span lang=\"fr-FR\"><i><b>Moll Adossat<\/b><\/i><\/span><span lang=\"fr-FR\"><b>, l&rsquo;entreprise d\u00e9veloppera et installera pr\u00e8s de 4.000 m\u00e8tres carr\u00e9s de mur-rideau et pr\u00e8s de 3.000 de double peau avec maille m\u00e9tallique, entre autres travaux.<\/b><\/span><\/span><\/h3>\n<p style=\"text-align: justify;\" align=\"justify\"><span style=\"font-family: 'Open Sans';\"><span style=\"color: #333333;\"><span lang=\"fr-FR\"><strong>GARCIA FAURA<\/strong> participe \u00e0 la construction du nouveau <strong>terminal de croisi\u00e8re G<\/strong> en cours de construction au <\/span><\/span><span style=\"color: #333333;\"><span lang=\"fr-FR\"><i>Moll Adossat<\/i><\/span><\/span><span style=\"color: #333333;\"><span lang=\"fr-FR\"> du <strong>port de Barcelone<\/strong>, et qui devrait \u00eatre op\u00e9rationnel vers le printemps 2027.<\/span><\/span><\/span><\/p>\n<p style=\"text-align: justify;\" align=\"justify\"><span style=\"font-family: 'Open Sans';\"><span style=\"color: #333333;\"><span lang=\"fr-FR\">Le nouveau terminal entra\u00eenera la fermeture du terminal sud du World Trade Center en 2026, de sorte que le <\/span><\/span><span style=\"color: #333333;\"><span lang=\"fr-FR\"><i>Moll Adossat<\/i><\/span><\/span><span style=\"color: #333333;\"><span lang=\"fr-FR\"> abritera les sept terminaux de croisi\u00e8re de la ville, un fait convenu entre la Mairie et le <strong>port de Barcelone<\/strong>.<\/span><\/span><\/span><\/p>\n<p lang=\"fr-FR\" style=\"text-align: justify;\" align=\"justify\"><span style=\"color: #333333; font-family: 'Open Sans';\">Le <strong>Terminal G<\/strong> a \u00e9t\u00e9 con\u00e7u pour une <strong>mobilit\u00e9 efficace et durable<\/strong> des passagers, afin qu&rsquo;il puisse se connecter de mani\u00e8re fluide avec la ville ou avec d&rsquo;autres syst\u00e8mes de transport tels que le train ou l&rsquo;a\u00e9roport.<\/span><\/p>\n<p lang=\"fr-FR\" style=\"text-align: justify;\" align=\"justify\"><span style=\"color: #333333; font-family: 'Open Sans';\">La nouvelle infrastructure a \u00e9galement \u00e9t\u00e9 con\u00e7ue avec des <strong>solutions d\u2019\u00e9nergie renouvelable<\/strong>, avec des panneaux photovolta\u00efques et d\u2019autres installations (comme des syst\u00e8mes permettant aux navires de croisi\u00e8re de se connecter au r\u00e9seau \u00e9lectrique) pour atteindre un bilan z\u00e9ro \u00e9mission.<\/span><\/p>\n<h4 style=\"text-align: justify;\" align=\"justify\"><span style=\"color: #333333; font-family: 'Open Sans';\"><b>Travaux de GARCIA FAURA<\/b><\/span><\/h4>\n<p style=\"text-align: justify;\" align=\"justify\"><span style=\"color: #333333; font-family: 'Open Sans';\"><span lang=\"fr-FR\">Pour cet ouvrage, <strong>GARCIA FAURA<\/strong> fabriquera et installera 3.800 m\u00e8tres carr\u00e9s de <strong>mur-rideau<\/strong> avec de grands montants pour soutenir les hauteurs du projet (plus de sept m\u00e8tres entre les ancrages), formant un design avec des zones opaques avec des panneaux en <strong>aluminium<\/strong> et des zones de vision avec du verre.<\/span><\/span><\/p>\n<p style=\"text-align: justify;\" align=\"justify\"><span style=\"color: #333333; font-family: 'Open Sans';\"><span lang=\"fr-FR\">2.700 m\u00e8tres carr\u00e9s de double peau avec <strong>maille m\u00e9tallique<\/strong> en <strong>aluminium<\/strong> seront \u00e9galement install\u00e9s sur une ossature \u00e9galement en <strong>aluminium<\/strong>, qui sera fix\u00e9 \u00e0 la <strong>fa\u00e7ade<\/strong> principale du <strong>mur-rideau<\/strong> \u00e0 un angle de 45 degr\u00e9s par rapport au plan de la <strong>fa\u00e7ade<\/strong>.<\/span><\/span><\/p>\n<p lang=\"fr-FR\" style=\"text-align: justify;\" align=\"justify\"><span style=\"color: #333333; font-family: 'Open Sans';\">Tout cela dans un b\u00e2timent unique et singulier, pour lequel <strong>GARCIA FAURA<\/strong> r\u00e9alise d&rsquo;importants travaux de d\u00e9veloppement technique, en collaboration avec l&rsquo;entreprise de construction <strong>Dragados<\/strong> et <strong>JG<\/strong> engineering, pour <strong>Royal Caribbean<\/strong>.<\/span><\/p>\n<p style=\"text-align: justify;\" align=\"justify\"><span style=\"color: #333333; font-family: 'Open Sans';\"><span lang=\"fr-FR\">Enfin, il convient \u00e9galement de souligner les 1.300 m\u00e8tres carr\u00e9s de <strong>rev\u00eatement en maille<\/strong>, dans ce cas fix\u00e9 sur la structure en fer portante pour cacher les zones d&#8217;embarquement, et les 200 m\u00e8tres carr\u00e9s de garde-corps vitr\u00e9es.<\/span><\/span><\/p>\n","protected":false},"excerpt":{"rendered":"<p>Pour la nouvelle infrastructure du Moll Adossat, l&rsquo;entreprise d\u00e9veloppera et installera pr\u00e8s de 4.000 m\u00e8tres carr\u00e9s de mur-rideau et pr\u00e8s de 3.000 de double peau avec maille m\u00e9tallique, entre autres travaux. GARCIA FAURA participe \u00e0 la construction du nouveau terminal&hellip;<\/p>\n","protected":false},"author":3,"featured_media":38998,"comment_status":"closed","ping_status":"open","sticky":false,"template":"","format":"standard","meta":{"footnotes":""},"categories":[2],"tags":[],"post_series":[],"class_list":["post-39002","post","type-post","status-publish","format-standard","has-post-thumbnail","hentry","category-actualite","entry","has-media"],"yoast_head":"<!-- This site is optimized with the Yoast SEO plugin v26.7 - https:\/\/yoast.com\/wordpress\/plugins\/seo\/ -->\n<title>GARCIA FAURA participe \u00e0 la construction du nouveau terminal de croisi\u00e8re du port de Barcelone - GARCIA FAURA<\/title>\n<meta name=\"description\" content=\"Arquitectura en Alumini, Inox, Ferro i Vidre\" \/>\n<meta name=\"robots\" content=\"index, follow, max-snippet:-1, max-image-preview:large, max-video-preview:-1\" \/>\n<link rel=\"canonical\" href=\"https:\/\/www.garciafaura.com\/fr\/garcia-faura-participa-en-ledificacio-de-la-nova-terminal-de-creuers-del-port-de-barcelona\/\" \/>\n<meta property=\"og:locale\" content=\"fr_FR\" \/>\n<meta property=\"og:type\" content=\"article\" \/>\n<meta property=\"og:title\" content=\"GARCIA FAURA participe \u00e0 la construction du nouveau terminal de croisi\u00e8re du port de Barcelone - GARCIA FAURA\" \/>\n<meta property=\"og:description\" content=\"Arquitectura en Alumini, Inox, Ferro i Vidre\" \/>\n<meta property=\"og:url\" content=\"https:\/\/www.garciafaura.com\/fr\/garcia-faura-participa-en-ledificacio-de-la-nova-terminal-de-creuers-del-port-de-barcelona\/\" \/>\n<meta property=\"og:site_name\" content=\"GARCIA FAURA\" \/>\n<meta property=\"article:published_time\" content=\"2025-04-10T11:19:46+00:00\" \/>\n<meta property=\"article:modified_time\" content=\"2025-04-10T11:29:04+00:00\" \/>\n<meta property=\"og:image\" content=\"https:\/\/www.garciafaura.com\/wp-content\/uploads\/2025\/04\/Terminal-G-Royal-caribbean-1024x683.png\" \/>\n\t<meta property=\"og:image:width\" content=\"1024\" \/>\n\t<meta property=\"og:image:height\" content=\"683\" \/>\n\t<meta property=\"og:image:type\" content=\"image\/png\" \/>\n<meta name=\"author\" content=\"David Achell\" \/>\n<meta name=\"twitter:card\" content=\"summary_large_image\" \/>\n<meta name=\"twitter:label1\" content=\"\u00c9crit par\" \/>\n\t<meta name=\"twitter:data1\" content=\"David Achell\" \/>\n\t<meta name=\"twitter:label2\" content=\"Dur\u00e9e de lecture estim\u00e9e\" \/>\n\t<meta name=\"twitter:data2\" content=\"3 minutes\" \/>\n<script type=\"application\/ld+json\" class=\"yoast-schema-graph\">{\"@context\":\"https:\/\/schema.org\",\"@graph\":[{\"@type\":\"Article\",\"@id\":\"https:\/\/www.garciafaura.com\/fr\/garcia-faura-participa-en-ledificacio-de-la-nova-terminal-de-creuers-del-port-de-barcelona\/#article\",\"isPartOf\":{\"@id\":\"https:\/\/www.garciafaura.com\/fr\/garcia-faura-participa-en-ledificacio-de-la-nova-terminal-de-creuers-del-port-de-barcelona\/\"},\"author\":{\"name\":\"David Achell\",\"@id\":\"https:\/\/www.garciafaura.com\/fr\/#\/schema\/person\/b4b75e69b33fac3446071909bec106b0\"},\"headline\":\"GARCIA FAURA participe \u00e0 la construction du nouveau terminal de croisi\u00e8re du port de Barcelone\",\"datePublished\":\"2025-04-10T11:19:46+00:00\",\"dateModified\":\"2025-04-10T11:29:04+00:00\",\"mainEntityOfPage\":{\"@id\":\"https:\/\/www.garciafaura.com\/fr\/garcia-faura-participa-en-ledificacio-de-la-nova-terminal-de-creuers-del-port-de-barcelona\/\"},\"wordCount\":395,\"publisher\":{\"@id\":\"https:\/\/www.garciafaura.com\/fr\/#organization\"},\"image\":{\"@id\":\"https:\/\/www.garciafaura.com\/fr\/garcia-faura-participa-en-ledificacio-de-la-nova-terminal-de-creuers-del-port-de-barcelona\/#primaryimage\"},\"thumbnailUrl\":\"https:\/\/www.garciafaura.com\/wp-content\/uploads\/2025\/04\/Terminal-G-Royal-caribbean.png\",\"articleSection\":[\"Actualit\u00e9\"],\"inLanguage\":\"fr-FR\"},{\"@type\":\"WebPage\",\"@id\":\"https:\/\/www.garciafaura.com\/fr\/garcia-faura-participa-en-ledificacio-de-la-nova-terminal-de-creuers-del-port-de-barcelona\/\",\"url\":\"https:\/\/www.garciafaura.com\/fr\/garcia-faura-participa-en-ledificacio-de-la-nova-terminal-de-creuers-del-port-de-barcelona\/\",\"name\":\"GARCIA FAURA participe \u00e0 la construction du nouveau terminal de croisi\u00e8re du port de Barcelone - GARCIA FAURA\",\"isPartOf\":{\"@id\":\"https:\/\/www.garciafaura.com\/fr\/#website\"},\"primaryImageOfPage\":{\"@id\":\"https:\/\/www.garciafaura.com\/fr\/garcia-faura-participa-en-ledificacio-de-la-nova-terminal-de-creuers-del-port-de-barcelona\/#primaryimage\"},\"image\":{\"@id\":\"https:\/\/www.garciafaura.com\/fr\/garcia-faura-participa-en-ledificacio-de-la-nova-terminal-de-creuers-del-port-de-barcelona\/#primaryimage\"},\"thumbnailUrl\":\"https:\/\/www.garciafaura.com\/wp-content\/uploads\/2025\/04\/Terminal-G-Royal-caribbean.png\",\"datePublished\":\"2025-04-10T11:19:46+00:00\",\"dateModified\":\"2025-04-10T11:29:04+00:00\",\"description\":\"Arquitectura en Alumini, Inox, Ferro i Vidre\",\"breadcrumb\":{\"@id\":\"https:\/\/www.garciafaura.com\/fr\/garcia-faura-participa-en-ledificacio-de-la-nova-terminal-de-creuers-del-port-de-barcelona\/#breadcrumb\"},\"inLanguage\":\"fr-FR\",\"potentialAction\":[{\"@type\":\"ReadAction\",\"target\":[\"https:\/\/www.garciafaura.com\/fr\/garcia-faura-participa-en-ledificacio-de-la-nova-terminal-de-creuers-del-port-de-barcelona\/\"]}]},{\"@type\":\"ImageObject\",\"inLanguage\":\"fr-FR\",\"@id\":\"https:\/\/www.garciafaura.com\/fr\/garcia-faura-participa-en-ledificacio-de-la-nova-terminal-de-creuers-del-port-de-barcelona\/#primaryimage\",\"url\":\"https:\/\/www.garciafaura.com\/wp-content\/uploads\/2025\/04\/Terminal-G-Royal-caribbean.png\",\"contentUrl\":\"https:\/\/www.garciafaura.com\/wp-content\/uploads\/2025\/04\/Terminal-G-Royal-caribbean.png\",\"width\":2406,\"height\":1605},{\"@type\":\"BreadcrumbList\",\"@id\":\"https:\/\/www.garciafaura.com\/fr\/garcia-faura-participa-en-ledificacio-de-la-nova-terminal-de-creuers-del-port-de-barcelona\/#breadcrumb\",\"itemListElement\":[{\"@type\":\"ListItem\",\"position\":1,\"name\":\"Inici\",\"item\":\"https:\/\/www.garciafaura.com\/fr\/\"},{\"@type\":\"ListItem\",\"position\":2,\"name\":\"GARCIA FAURA participe \u00e0 la construction du nouveau terminal de croisi\u00e8re du port de Barcelone\"}]},{\"@type\":\"WebSite\",\"@id\":\"https:\/\/www.garciafaura.com\/fr\/#website\",\"url\":\"https:\/\/www.garciafaura.com\/fr\/\",\"name\":\"GARCIA FAURA\",\"description\":\"Arquitectura en Alumini, Inox, Ferro i Vidre\",\"publisher\":{\"@id\":\"https:\/\/www.garciafaura.com\/fr\/#organization\"},\"potentialAction\":[{\"@type\":\"SearchAction\",\"target\":{\"@type\":\"EntryPoint\",\"urlTemplate\":\"https:\/\/www.garciafaura.com\/fr\/?s={search_term_string}\"},\"query-input\":{\"@type\":\"PropertyValueSpecification\",\"valueRequired\":true,\"valueName\":\"search_term_string\"}}],\"inLanguage\":\"fr-FR\"},{\"@type\":\"Organization\",\"@id\":\"https:\/\/www.garciafaura.com\/fr\/#organization\",\"name\":\"GARCIA FAURA\",\"url\":\"https:\/\/www.garciafaura.com\/fr\/\",\"logo\":{\"@type\":\"ImageObject\",\"inLanguage\":\"fr-FR\",\"@id\":\"https:\/\/www.garciafaura.com\/fr\/#\/schema\/logo\/image\/\",\"url\":\"https:\/\/www.garciafaura.com\/wp-content\/uploads\/2018\/09\/Garcia-Faura.png\",\"contentUrl\":\"https:\/\/www.garciafaura.com\/wp-content\/uploads\/2018\/09\/Garcia-Faura.png\",\"width\":512,\"height\":512,\"caption\":\"GARCIA FAURA\"},\"image\":{\"@id\":\"https:\/\/www.garciafaura.com\/fr\/#\/schema\/logo\/image\/\"},\"sameAs\":[\"https:\/\/www.youtube.com\/user\/GARCIAFAURA\"]},{\"@type\":\"Person\",\"@id\":\"https:\/\/www.garciafaura.com\/fr\/#\/schema\/person\/b4b75e69b33fac3446071909bec106b0\",\"name\":\"David Achell\",\"image\":{\"@type\":\"ImageObject\",\"inLanguage\":\"fr-FR\",\"@id\":\"https:\/\/www.garciafaura.com\/fr\/#\/schema\/person\/image\/\",\"url\":\"https:\/\/secure.gravatar.com\/avatar\/03900210afc1f61bce737bcb4a79c02e2c997f171e3eca839b5a4cbe03846c90?s=96&d=blank&r=g\",\"contentUrl\":\"https:\/\/secure.gravatar.com\/avatar\/03900210afc1f61bce737bcb4a79c02e2c997f171e3eca839b5a4cbe03846c90?s=96&d=blank&r=g\",\"caption\":\"David Achell\"}}]}<\/script>\n<!-- \/ Yoast SEO plugin. -->","yoast_head_json":{"title":"GARCIA FAURA participe \u00e0 la construction du nouveau terminal de croisi\u00e8re du port de Barcelone - GARCIA FAURA","description":"Arquitectura en Alumini, Inox, Ferro i Vidre","robots":{"index":"index","follow":"follow","max-snippet":"max-snippet:-1","max-image-preview":"max-image-preview:large","max-video-preview":"max-video-preview:-1"},"canonical":"https:\/\/www.garciafaura.com\/fr\/garcia-faura-participa-en-ledificacio-de-la-nova-terminal-de-creuers-del-port-de-barcelona\/","og_locale":"fr_FR","og_type":"article","og_title":"GARCIA FAURA participe \u00e0 la construction du nouveau terminal de croisi\u00e8re du port de Barcelone - GARCIA FAURA","og_description":"Arquitectura en Alumini, Inox, Ferro i Vidre","og_url":"https:\/\/www.garciafaura.com\/fr\/garcia-faura-participa-en-ledificacio-de-la-nova-terminal-de-creuers-del-port-de-barcelona\/","og_site_name":"GARCIA FAURA","article_published_time":"2025-04-10T11:19:46+00:00","article_modified_time":"2025-04-10T11:29:04+00:00","og_image":[{"width":1024,"height":683,"url":"https:\/\/www.garciafaura.com\/wp-content\/uploads\/2025\/04\/Terminal-G-Royal-caribbean-1024x683.png","type":"image\/png"}],"author":"David Achell","twitter_card":"summary_large_image","twitter_misc":{"\u00c9crit par":"David Achell","Dur\u00e9e de lecture estim\u00e9e":"3 minutes"},"schema":{"@context":"https:\/\/schema.org","@graph":[{"@type":"Article","@id":"https:\/\/www.garciafaura.com\/fr\/garcia-faura-participa-en-ledificacio-de-la-nova-terminal-de-creuers-del-port-de-barcelona\/#article","isPartOf":{"@id":"https:\/\/www.garciafaura.com\/fr\/garcia-faura-participa-en-ledificacio-de-la-nova-terminal-de-creuers-del-port-de-barcelona\/"},"author":{"name":"David Achell","@id":"https:\/\/www.garciafaura.com\/fr\/#\/schema\/person\/b4b75e69b33fac3446071909bec106b0"},"headline":"GARCIA FAURA participe \u00e0 la construction du nouveau terminal de croisi\u00e8re du port de Barcelone","datePublished":"2025-04-10T11:19:46+00:00","dateModified":"2025-04-10T11:29:04+00:00","mainEntityOfPage":{"@id":"https:\/\/www.garciafaura.com\/fr\/garcia-faura-participa-en-ledificacio-de-la-nova-terminal-de-creuers-del-port-de-barcelona\/"},"wordCount":395,"publisher":{"@id":"https:\/\/www.garciafaura.com\/fr\/#organization"},"image":{"@id":"https:\/\/www.garciafaura.com\/fr\/garcia-faura-participa-en-ledificacio-de-la-nova-terminal-de-creuers-del-port-de-barcelona\/#primaryimage"},"thumbnailUrl":"https:\/\/www.garciafaura.com\/wp-content\/uploads\/2025\/04\/Terminal-G-Royal-caribbean.png","articleSection":["Actualit\u00e9"],"inLanguage":"fr-FR"},{"@type":"WebPage","@id":"https:\/\/www.garciafaura.com\/fr\/garcia-faura-participa-en-ledificacio-de-la-nova-terminal-de-creuers-del-port-de-barcelona\/","url":"https:\/\/www.garciafaura.com\/fr\/garcia-faura-participa-en-ledificacio-de-la-nova-terminal-de-creuers-del-port-de-barcelona\/","name":"GARCIA FAURA participe \u00e0 la construction du nouveau terminal de croisi\u00e8re du port de Barcelone - GARCIA FAURA","isPartOf":{"@id":"https:\/\/www.garciafaura.com\/fr\/#website"},"primaryImageOfPage":{"@id":"https:\/\/www.garciafaura.com\/fr\/garcia-faura-participa-en-ledificacio-de-la-nova-terminal-de-creuers-del-port-de-barcelona\/#primaryimage"},"image":{"@id":"https:\/\/www.garciafaura.com\/fr\/garcia-faura-participa-en-ledificacio-de-la-nova-terminal-de-creuers-del-port-de-barcelona\/#primaryimage"},"thumbnailUrl":"https:\/\/www.garciafaura.com\/wp-content\/uploads\/2025\/04\/Terminal-G-Royal-caribbean.png","datePublished":"2025-04-10T11:19:46+00:00","dateModified":"2025-04-10T11:29:04+00:00","description":"Arquitectura en Alumini, Inox, Ferro i Vidre","breadcrumb":{"@id":"https:\/\/www.garciafaura.com\/fr\/garcia-faura-participa-en-ledificacio-de-la-nova-terminal-de-creuers-del-port-de-barcelona\/#breadcrumb"},"inLanguage":"fr-FR","potentialAction":[{"@type":"ReadAction","target":["https:\/\/www.garciafaura.com\/fr\/garcia-faura-participa-en-ledificacio-de-la-nova-terminal-de-creuers-del-port-de-barcelona\/"]}]},{"@type":"ImageObject","inLanguage":"fr-FR","@id":"https:\/\/www.garciafaura.com\/fr\/garcia-faura-participa-en-ledificacio-de-la-nova-terminal-de-creuers-del-port-de-barcelona\/#primaryimage","url":"https:\/\/www.garciafaura.com\/wp-content\/uploads\/2025\/04\/Terminal-G-Royal-caribbean.png","contentUrl":"https:\/\/www.garciafaura.com\/wp-content\/uploads\/2025\/04\/Terminal-G-Royal-caribbean.png","width":2406,"height":1605},{"@type":"BreadcrumbList","@id":"https:\/\/www.garciafaura.com\/fr\/garcia-faura-participa-en-ledificacio-de-la-nova-terminal-de-creuers-del-port-de-barcelona\/#breadcrumb","itemListElement":[{"@type":"ListItem","position":1,"name":"Inici","item":"https:\/\/www.garciafaura.com\/fr\/"},{"@type":"ListItem","position":2,"name":"GARCIA FAURA participe \u00e0 la construction du nouveau terminal de croisi\u00e8re du port de Barcelone"}]},{"@type":"WebSite","@id":"https:\/\/www.garciafaura.com\/fr\/#website","url":"https:\/\/www.garciafaura.com\/fr\/","name":"GARCIA FAURA","description":"Arquitectura en Alumini, Inox, Ferro i Vidre","publisher":{"@id":"https:\/\/www.garciafaura.com\/fr\/#organization"},"potentialAction":[{"@type":"SearchAction","target":{"@type":"EntryPoint","urlTemplate":"https:\/\/www.garciafaura.com\/fr\/?s={search_term_string}"},"query-input":{"@type":"PropertyValueSpecification","valueRequired":true,"valueName":"search_term_string"}}],"inLanguage":"fr-FR"},{"@type":"Organization","@id":"https:\/\/www.garciafaura.com\/fr\/#organization","name":"GARCIA FAURA","url":"https:\/\/www.garciafaura.com\/fr\/","logo":{"@type":"ImageObject","inLanguage":"fr-FR","@id":"https:\/\/www.garciafaura.com\/fr\/#\/schema\/logo\/image\/","url":"https:\/\/www.garciafaura.com\/wp-content\/uploads\/2018\/09\/Garcia-Faura.png","contentUrl":"https:\/\/www.garciafaura.com\/wp-content\/uploads\/2018\/09\/Garcia-Faura.png","width":512,"height":512,"caption":"GARCIA FAURA"},"image":{"@id":"https:\/\/www.garciafaura.com\/fr\/#\/schema\/logo\/image\/"},"sameAs":["https:\/\/www.youtube.com\/user\/GARCIAFAURA"]},{"@type":"Person","@id":"https:\/\/www.garciafaura.com\/fr\/#\/schema\/person\/b4b75e69b33fac3446071909bec106b0","name":"David Achell","image":{"@type":"ImageObject","inLanguage":"fr-FR","@id":"https:\/\/www.garciafaura.com\/fr\/#\/schema\/person\/image\/","url":"https:\/\/secure.gravatar.com\/avatar\/03900210afc1f61bce737bcb4a79c02e2c997f171e3eca839b5a4cbe03846c90?s=96&d=blank&r=g","contentUrl":"https:\/\/secure.gravatar.com\/avatar\/03900210afc1f61bce737bcb4a79c02e2c997f171e3eca839b5a4cbe03846c90?s=96&d=blank&r=g","caption":"David Achell"}}]}},"_links":{"self":[{"href":"https:\/\/www.garciafaura.com\/fr\/wp-json\/wp\/v2\/posts\/39002","targetHints":{"allow":["GET"]}}],"collection":[{"href":"https:\/\/www.garciafaura.com\/fr\/wp-json\/wp\/v2\/posts"}],"about":[{"href":"https:\/\/www.garciafaura.com\/fr\/wp-json\/wp\/v2\/types\/post"}],"author":[{"embeddable":true,"href":"https:\/\/www.garciafaura.com\/fr\/wp-json\/wp\/v2\/users\/3"}],"replies":[{"embeddable":true,"href":"https:\/\/www.garciafaura.com\/fr\/wp-json\/wp\/v2\/comments?post=39002"}],"version-history":[{"count":2,"href":"https:\/\/www.garciafaura.com\/fr\/wp-json\/wp\/v2\/posts\/39002\/revisions"}],"predecessor-version":[{"id":39008,"href":"https:\/\/www.garciafaura.com\/fr\/wp-json\/wp\/v2\/posts\/39002\/revisions\/39008"}],"wp:featuredmedia":[{"embeddable":true,"href":"https:\/\/www.garciafaura.com\/fr\/wp-json\/wp\/v2\/media\/38998"}],"wp:attachment":[{"href":"https:\/\/www.garciafaura.com\/fr\/wp-json\/wp\/v2\/media?parent=39002"}],"wp:term":[{"taxonomy":"category","embeddable":true,"href":"https:\/\/www.garciafaura.com\/fr\/wp-json\/wp\/v2\/categories?post=39002"},{"taxonomy":"post_tag","embeddable":true,"href":"https:\/\/www.garciafaura.com\/fr\/wp-json\/wp\/v2\/tags?post=39002"},{"taxonomy":"post_series","embeddable":true,"href":"https:\/\/www.garciafaura.com\/fr\/wp-json\/wp\/v2\/post_series?post=39002"}],"curies":[{"name":"wp","href":"https:\/\/api.w.org\/{rel}","templated":true}]}}