{"id":38613,"date":"2025-02-13T17:53:12","date_gmt":"2025-02-13T15:53:12","guid":{"rendered":"https:\/\/www.garciafaura.com\/treballs-de-garcia-faura-en-les-facanes-del-futur-campus-de-la-universitat-dalcala-a-guadalajara\/"},"modified":"2025-02-13T18:01:47","modified_gmt":"2025-02-13T16:01:47","slug":"treballs-de-garcia-faura-en-les-facanes-del-futur-campus-de-la-universitat-dalcala-a-guadalajara","status":"publish","type":"post","link":"https:\/\/www.garciafaura.com\/fr\/treballs-de-garcia-faura-en-les-facanes-del-futur-campus-de-la-universitat-dalcala-a-guadalajara\/","title":{"rendered":"Travaux de GARCIA FAURA sur les fa\u00e7ades du futur Campus de l&rsquo;Universit\u00e9 d&rsquo;Alcal\u00e1, \u00e0 Guadalajara"},"content":{"rendered":"<h3 style=\"text-align: justify;\"><span style=\"font-family: 'Open Sans';\">L&rsquo;entreprise fabriquera et installera des murs-rideaux et des vitrages, entre autres, dans les diff\u00e9rents b\u00e2timents qui seront utilis\u00e9s par les installations universitaires de la municipalit\u00e9 de Castilla La Mancha.<\/span><\/h3>\n<p style=\"text-align: justify;\" align=\"justify\"><span style=\"font-family: 'Open Sans';\"><strong>GARCIA FAURA<\/strong> r\u00e9alise la conception, la fabrication et l&rsquo;installation de <strong>fa\u00e7ades<\/strong> techniques \u00e0 hautes performances pour les diff\u00e9rents b\u00e2timents qui composeront le <strong>Campus de l&rsquo;Universit\u00e9 d&rsquo;Alcal\u00e1<\/strong>, \u00e0 Guadalajara, dont l&rsquo;ouverture est pr\u00e9vue pour l&rsquo;ann\u00e9e universitaire 2026-2027.<\/span><\/p>\n<p style=\"text-align: justify;\" align=\"justify\"><span style=\"font-family: 'Open Sans';\">Les travaux consistent en la r\u00e9habilitation des cinq b\u00e2timents de l\u2019ancienne \u00e9cole de Hu\u00e9rfanas Mar\u00eda Cristina et de ses environs, et la cr\u00e9ation d&rsquo;un nouveau. Ils seront tous reli\u00e9s entre eux et auront des hauteurs et des distributions diff\u00e9rentes.<\/span><\/p>\n<p style=\"text-align: justify;\" align=\"justify\"><span style=\"font-family: 'Open Sans';\">Les b\u00e2timents, qui entoureront une place paysag\u00e9e, abriteront les diff\u00e9rentes sections du Campus, telles que l&rsquo;administration, les d\u00e9partements, les salles de classe, le laboratoire, les salles de r\u00e9union et d&rsquo;\u00e9v\u00e9nements, l&rsquo;espace de coworking et l&rsquo;entrep\u00f4t, entre autres.<\/span><\/p>\n<p style=\"text-align: justify;\" align=\"justify\"><span style=\"font-family: 'Open Sans';\">Le Campus disposera \u00e9galement d&rsquo;un parking souterrain, de salles d&rsquo;exposition avec murs vitr\u00e9es et d&rsquo;une pergola ext\u00e9rieure en acier lamin\u00e9 avec finition galvanis\u00e9e.<\/span><\/p>\n<p style=\"text-align: justify;\" align=\"justify\"><span style=\"font-family: 'Open Sans';\">Les travaux de fabrication des mat\u00e9riaux qui composeront l&rsquo;enveloppe du b\u00e2timent sont r\u00e9alis\u00e9s au centre de production <strong>GARCIA FAURA<\/strong> \u00e0 Gav\u00e0 (Barcelone), tandis que l&rsquo;installation et la coordination technique sont r\u00e9alis\u00e9es depuis le bureau de l&rsquo;entreprise \u00e0 Madrid.<\/span><\/p>\n<p style=\"text-align: justify;\" align=\"justify\"><span style=\"font-family: 'Open Sans';\">Dans ce chantier, <strong>GARCIA FAURA<\/strong> fabriquera et installera 1.900 m\u00e8tres carr\u00e9s de <strong>mur-rideau<\/strong>, en plus de 1.700 m\u00e8tres carr\u00e9s de <strong>vitrage<\/strong> haute performance, ainsi que d&rsquo;autres travaux de <strong>fa\u00e7ade<\/strong> comme des brise-soleil.<\/span><\/p>\n","protected":false},"excerpt":{"rendered":"<p>L&rsquo;entreprise fabriquera et installera des murs-rideaux et des vitrages, entre autres, dans les diff\u00e9rents b\u00e2timents qui seront utilis\u00e9s par les installations universitaires de la municipalit\u00e9 de Castilla La Mancha. GARCIA FAURA r\u00e9alise la conception, la fabrication et l&rsquo;installation de fa\u00e7ades&hellip;<\/p>\n","protected":false},"author":3,"featured_media":38480,"comment_status":"closed","ping_status":"open","sticky":false,"template":"","format":"standard","meta":{"footnotes":""},"categories":[2],"tags":[],"post_series":[],"class_list":["post-38613","post","type-post","status-publish","format-standard","has-post-thumbnail","hentry","category-actualite","entry","has-media"],"yoast_head":"<!-- This site is optimized with the Yoast SEO plugin v26.7 - https:\/\/yoast.com\/wordpress\/plugins\/seo\/ -->\n<title>Travaux de GARCIA FAURA sur les fa\u00e7ades du futur Campus de l&#039;Universit\u00e9 d&#039;Alcal\u00e1, \u00e0 Guadalajara - GARCIA FAURA<\/title>\n<meta name=\"description\" content=\"Arquitectura en Alumini, Inox, Ferro i Vidre\" \/>\n<meta name=\"robots\" content=\"index, follow, max-snippet:-1, max-image-preview:large, max-video-preview:-1\" \/>\n<link rel=\"canonical\" href=\"https:\/\/www.garciafaura.com\/fr\/treballs-de-garcia-faura-en-les-facanes-del-futur-campus-de-la-universitat-dalcala-a-guadalajara\/\" \/>\n<meta property=\"og:locale\" content=\"fr_FR\" \/>\n<meta property=\"og:type\" content=\"article\" \/>\n<meta property=\"og:title\" content=\"Travaux de GARCIA FAURA sur les fa\u00e7ades du futur Campus de l&#039;Universit\u00e9 d&#039;Alcal\u00e1, \u00e0 Guadalajara - GARCIA FAURA\" \/>\n<meta property=\"og:description\" content=\"Arquitectura en Alumini, Inox, Ferro i Vidre\" \/>\n<meta property=\"og:url\" content=\"https:\/\/www.garciafaura.com\/fr\/treballs-de-garcia-faura-en-les-facanes-del-futur-campus-de-la-universitat-dalcala-a-guadalajara\/\" \/>\n<meta property=\"og:site_name\" content=\"GARCIA FAURA\" \/>\n<meta property=\"article:published_time\" content=\"2025-02-13T15:53:12+00:00\" \/>\n<meta property=\"article:modified_time\" content=\"2025-02-13T16:01:47+00:00\" \/>\n<meta property=\"og:image\" content=\"https:\/\/www.garciafaura.com\/wp-content\/uploads\/2024\/11\/Universidad-Alcala.jpg\" \/>\n\t<meta property=\"og:image:width\" content=\"720\" \/>\n\t<meta property=\"og:image:height\" content=\"404\" \/>\n\t<meta property=\"og:image:type\" content=\"image\/jpeg\" \/>\n<meta name=\"author\" content=\"David Achell\" \/>\n<meta name=\"twitter:card\" content=\"summary_large_image\" \/>\n<meta name=\"twitter:label1\" content=\"\u00c9crit par\" \/>\n\t<meta name=\"twitter:data1\" content=\"David Achell\" \/>\n\t<meta name=\"twitter:label2\" content=\"Dur\u00e9e de lecture estim\u00e9e\" \/>\n\t<meta name=\"twitter:data2\" content=\"2 minutes\" \/>\n<script type=\"application\/ld+json\" class=\"yoast-schema-graph\">{\"@context\":\"https:\/\/schema.org\",\"@graph\":[{\"@type\":\"Article\",\"@id\":\"https:\/\/www.garciafaura.com\/fr\/treballs-de-garcia-faura-en-les-facanes-del-futur-campus-de-la-universitat-dalcala-a-guadalajara\/#article\",\"isPartOf\":{\"@id\":\"https:\/\/www.garciafaura.com\/fr\/treballs-de-garcia-faura-en-les-facanes-del-futur-campus-de-la-universitat-dalcala-a-guadalajara\/\"},\"author\":{\"name\":\"David Achell\",\"@id\":\"https:\/\/www.garciafaura.com\/fr\/#\/schema\/person\/b4b75e69b33fac3446071909bec106b0\"},\"headline\":\"Travaux de GARCIA FAURA sur les fa\u00e7ades du futur Campus de l&rsquo;Universit\u00e9 d&rsquo;Alcal\u00e1, \u00e0 Guadalajara\",\"datePublished\":\"2025-02-13T15:53:12+00:00\",\"dateModified\":\"2025-02-13T16:01:47+00:00\",\"mainEntityOfPage\":{\"@id\":\"https:\/\/www.garciafaura.com\/fr\/treballs-de-garcia-faura-en-les-facanes-del-futur-campus-de-la-universitat-dalcala-a-guadalajara\/\"},\"wordCount\":301,\"publisher\":{\"@id\":\"https:\/\/www.garciafaura.com\/fr\/#organization\"},\"image\":{\"@id\":\"https:\/\/www.garciafaura.com\/fr\/treballs-de-garcia-faura-en-les-facanes-del-futur-campus-de-la-universitat-dalcala-a-guadalajara\/#primaryimage\"},\"thumbnailUrl\":\"https:\/\/www.garciafaura.com\/wp-content\/uploads\/2024\/11\/Universidad-Alcala.jpg\",\"articleSection\":[\"Actualit\u00e9\"],\"inLanguage\":\"fr-FR\"},{\"@type\":\"WebPage\",\"@id\":\"https:\/\/www.garciafaura.com\/fr\/treballs-de-garcia-faura-en-les-facanes-del-futur-campus-de-la-universitat-dalcala-a-guadalajara\/\",\"url\":\"https:\/\/www.garciafaura.com\/fr\/treballs-de-garcia-faura-en-les-facanes-del-futur-campus-de-la-universitat-dalcala-a-guadalajara\/\",\"name\":\"Travaux de GARCIA FAURA sur les fa\u00e7ades du futur Campus de l'Universit\u00e9 d'Alcal\u00e1, \u00e0 Guadalajara - GARCIA FAURA\",\"isPartOf\":{\"@id\":\"https:\/\/www.garciafaura.com\/fr\/#website\"},\"primaryImageOfPage\":{\"@id\":\"https:\/\/www.garciafaura.com\/fr\/treballs-de-garcia-faura-en-les-facanes-del-futur-campus-de-la-universitat-dalcala-a-guadalajara\/#primaryimage\"},\"image\":{\"@id\":\"https:\/\/www.garciafaura.com\/fr\/treballs-de-garcia-faura-en-les-facanes-del-futur-campus-de-la-universitat-dalcala-a-guadalajara\/#primaryimage\"},\"thumbnailUrl\":\"https:\/\/www.garciafaura.com\/wp-content\/uploads\/2024\/11\/Universidad-Alcala.jpg\",\"datePublished\":\"2025-02-13T15:53:12+00:00\",\"dateModified\":\"2025-02-13T16:01:47+00:00\",\"description\":\"Arquitectura en Alumini, Inox, Ferro i Vidre\",\"breadcrumb\":{\"@id\":\"https:\/\/www.garciafaura.com\/fr\/treballs-de-garcia-faura-en-les-facanes-del-futur-campus-de-la-universitat-dalcala-a-guadalajara\/#breadcrumb\"},\"inLanguage\":\"fr-FR\",\"potentialAction\":[{\"@type\":\"ReadAction\",\"target\":[\"https:\/\/www.garciafaura.com\/fr\/treballs-de-garcia-faura-en-les-facanes-del-futur-campus-de-la-universitat-dalcala-a-guadalajara\/\"]}]},{\"@type\":\"ImageObject\",\"inLanguage\":\"fr-FR\",\"@id\":\"https:\/\/www.garciafaura.com\/fr\/treballs-de-garcia-faura-en-les-facanes-del-futur-campus-de-la-universitat-dalcala-a-guadalajara\/#primaryimage\",\"url\":\"https:\/\/www.garciafaura.com\/wp-content\/uploads\/2024\/11\/Universidad-Alcala.jpg\",\"contentUrl\":\"https:\/\/www.garciafaura.com\/wp-content\/uploads\/2024\/11\/Universidad-Alcala.jpg\",\"width\":720,\"height\":404},{\"@type\":\"BreadcrumbList\",\"@id\":\"https:\/\/www.garciafaura.com\/fr\/treballs-de-garcia-faura-en-les-facanes-del-futur-campus-de-la-universitat-dalcala-a-guadalajara\/#breadcrumb\",\"itemListElement\":[{\"@type\":\"ListItem\",\"position\":1,\"name\":\"Inici\",\"item\":\"https:\/\/www.garciafaura.com\/fr\/\"},{\"@type\":\"ListItem\",\"position\":2,\"name\":\"Travaux de GARCIA FAURA sur les fa\u00e7ades du futur Campus de l&#8217;Universit\u00e9 d&#8217;Alcal\u00e1, \u00e0 Guadalajara\"}]},{\"@type\":\"WebSite\",\"@id\":\"https:\/\/www.garciafaura.com\/fr\/#website\",\"url\":\"https:\/\/www.garciafaura.com\/fr\/\",\"name\":\"GARCIA FAURA\",\"description\":\"Arquitectura en Alumini, Inox, Ferro i Vidre\",\"publisher\":{\"@id\":\"https:\/\/www.garciafaura.com\/fr\/#organization\"},\"potentialAction\":[{\"@type\":\"SearchAction\",\"target\":{\"@type\":\"EntryPoint\",\"urlTemplate\":\"https:\/\/www.garciafaura.com\/fr\/?s={search_term_string}\"},\"query-input\":{\"@type\":\"PropertyValueSpecification\",\"valueRequired\":true,\"valueName\":\"search_term_string\"}}],\"inLanguage\":\"fr-FR\"},{\"@type\":\"Organization\",\"@id\":\"https:\/\/www.garciafaura.com\/fr\/#organization\",\"name\":\"GARCIA FAURA\",\"url\":\"https:\/\/www.garciafaura.com\/fr\/\",\"logo\":{\"@type\":\"ImageObject\",\"inLanguage\":\"fr-FR\",\"@id\":\"https:\/\/www.garciafaura.com\/fr\/#\/schema\/logo\/image\/\",\"url\":\"https:\/\/www.garciafaura.com\/wp-content\/uploads\/2018\/09\/Garcia-Faura.png\",\"contentUrl\":\"https:\/\/www.garciafaura.com\/wp-content\/uploads\/2018\/09\/Garcia-Faura.png\",\"width\":512,\"height\":512,\"caption\":\"GARCIA FAURA\"},\"image\":{\"@id\":\"https:\/\/www.garciafaura.com\/fr\/#\/schema\/logo\/image\/\"},\"sameAs\":[\"https:\/\/www.youtube.com\/user\/GARCIAFAURA\"]},{\"@type\":\"Person\",\"@id\":\"https:\/\/www.garciafaura.com\/fr\/#\/schema\/person\/b4b75e69b33fac3446071909bec106b0\",\"name\":\"David Achell\",\"image\":{\"@type\":\"ImageObject\",\"inLanguage\":\"fr-FR\",\"@id\":\"https:\/\/www.garciafaura.com\/fr\/#\/schema\/person\/image\/\",\"url\":\"https:\/\/secure.gravatar.com\/avatar\/03900210afc1f61bce737bcb4a79c02e2c997f171e3eca839b5a4cbe03846c90?s=96&d=blank&r=g\",\"contentUrl\":\"https:\/\/secure.gravatar.com\/avatar\/03900210afc1f61bce737bcb4a79c02e2c997f171e3eca839b5a4cbe03846c90?s=96&d=blank&r=g\",\"caption\":\"David Achell\"}}]}<\/script>\n<!-- \/ Yoast SEO plugin. -->","yoast_head_json":{"title":"Travaux de GARCIA FAURA sur les fa\u00e7ades du futur Campus de l'Universit\u00e9 d'Alcal\u00e1, \u00e0 Guadalajara - GARCIA FAURA","description":"Arquitectura en Alumini, Inox, Ferro i Vidre","robots":{"index":"index","follow":"follow","max-snippet":"max-snippet:-1","max-image-preview":"max-image-preview:large","max-video-preview":"max-video-preview:-1"},"canonical":"https:\/\/www.garciafaura.com\/fr\/treballs-de-garcia-faura-en-les-facanes-del-futur-campus-de-la-universitat-dalcala-a-guadalajara\/","og_locale":"fr_FR","og_type":"article","og_title":"Travaux de GARCIA FAURA sur les fa\u00e7ades du futur Campus de l'Universit\u00e9 d'Alcal\u00e1, \u00e0 Guadalajara - GARCIA FAURA","og_description":"Arquitectura en Alumini, Inox, Ferro i Vidre","og_url":"https:\/\/www.garciafaura.com\/fr\/treballs-de-garcia-faura-en-les-facanes-del-futur-campus-de-la-universitat-dalcala-a-guadalajara\/","og_site_name":"GARCIA FAURA","article_published_time":"2025-02-13T15:53:12+00:00","article_modified_time":"2025-02-13T16:01:47+00:00","og_image":[{"width":720,"height":404,"url":"https:\/\/www.garciafaura.com\/wp-content\/uploads\/2024\/11\/Universidad-Alcala.jpg","type":"image\/jpeg"}],"author":"David Achell","twitter_card":"summary_large_image","twitter_misc":{"\u00c9crit par":"David Achell","Dur\u00e9e de lecture estim\u00e9e":"2 minutes"},"schema":{"@context":"https:\/\/schema.org","@graph":[{"@type":"Article","@id":"https:\/\/www.garciafaura.com\/fr\/treballs-de-garcia-faura-en-les-facanes-del-futur-campus-de-la-universitat-dalcala-a-guadalajara\/#article","isPartOf":{"@id":"https:\/\/www.garciafaura.com\/fr\/treballs-de-garcia-faura-en-les-facanes-del-futur-campus-de-la-universitat-dalcala-a-guadalajara\/"},"author":{"name":"David Achell","@id":"https:\/\/www.garciafaura.com\/fr\/#\/schema\/person\/b4b75e69b33fac3446071909bec106b0"},"headline":"Travaux de GARCIA FAURA sur les fa\u00e7ades du futur Campus de l&rsquo;Universit\u00e9 d&rsquo;Alcal\u00e1, \u00e0 Guadalajara","datePublished":"2025-02-13T15:53:12+00:00","dateModified":"2025-02-13T16:01:47+00:00","mainEntityOfPage":{"@id":"https:\/\/www.garciafaura.com\/fr\/treballs-de-garcia-faura-en-les-facanes-del-futur-campus-de-la-universitat-dalcala-a-guadalajara\/"},"wordCount":301,"publisher":{"@id":"https:\/\/www.garciafaura.com\/fr\/#organization"},"image":{"@id":"https:\/\/www.garciafaura.com\/fr\/treballs-de-garcia-faura-en-les-facanes-del-futur-campus-de-la-universitat-dalcala-a-guadalajara\/#primaryimage"},"thumbnailUrl":"https:\/\/www.garciafaura.com\/wp-content\/uploads\/2024\/11\/Universidad-Alcala.jpg","articleSection":["Actualit\u00e9"],"inLanguage":"fr-FR"},{"@type":"WebPage","@id":"https:\/\/www.garciafaura.com\/fr\/treballs-de-garcia-faura-en-les-facanes-del-futur-campus-de-la-universitat-dalcala-a-guadalajara\/","url":"https:\/\/www.garciafaura.com\/fr\/treballs-de-garcia-faura-en-les-facanes-del-futur-campus-de-la-universitat-dalcala-a-guadalajara\/","name":"Travaux de GARCIA FAURA sur les fa\u00e7ades du futur Campus de l'Universit\u00e9 d'Alcal\u00e1, \u00e0 Guadalajara - GARCIA FAURA","isPartOf":{"@id":"https:\/\/www.garciafaura.com\/fr\/#website"},"primaryImageOfPage":{"@id":"https:\/\/www.garciafaura.com\/fr\/treballs-de-garcia-faura-en-les-facanes-del-futur-campus-de-la-universitat-dalcala-a-guadalajara\/#primaryimage"},"image":{"@id":"https:\/\/www.garciafaura.com\/fr\/treballs-de-garcia-faura-en-les-facanes-del-futur-campus-de-la-universitat-dalcala-a-guadalajara\/#primaryimage"},"thumbnailUrl":"https:\/\/www.garciafaura.com\/wp-content\/uploads\/2024\/11\/Universidad-Alcala.jpg","datePublished":"2025-02-13T15:53:12+00:00","dateModified":"2025-02-13T16:01:47+00:00","description":"Arquitectura en Alumini, Inox, Ferro i Vidre","breadcrumb":{"@id":"https:\/\/www.garciafaura.com\/fr\/treballs-de-garcia-faura-en-les-facanes-del-futur-campus-de-la-universitat-dalcala-a-guadalajara\/#breadcrumb"},"inLanguage":"fr-FR","potentialAction":[{"@type":"ReadAction","target":["https:\/\/www.garciafaura.com\/fr\/treballs-de-garcia-faura-en-les-facanes-del-futur-campus-de-la-universitat-dalcala-a-guadalajara\/"]}]},{"@type":"ImageObject","inLanguage":"fr-FR","@id":"https:\/\/www.garciafaura.com\/fr\/treballs-de-garcia-faura-en-les-facanes-del-futur-campus-de-la-universitat-dalcala-a-guadalajara\/#primaryimage","url":"https:\/\/www.garciafaura.com\/wp-content\/uploads\/2024\/11\/Universidad-Alcala.jpg","contentUrl":"https:\/\/www.garciafaura.com\/wp-content\/uploads\/2024\/11\/Universidad-Alcala.jpg","width":720,"height":404},{"@type":"BreadcrumbList","@id":"https:\/\/www.garciafaura.com\/fr\/treballs-de-garcia-faura-en-les-facanes-del-futur-campus-de-la-universitat-dalcala-a-guadalajara\/#breadcrumb","itemListElement":[{"@type":"ListItem","position":1,"name":"Inici","item":"https:\/\/www.garciafaura.com\/fr\/"},{"@type":"ListItem","position":2,"name":"Travaux de GARCIA FAURA sur les fa\u00e7ades du futur Campus de l&#8217;Universit\u00e9 d&#8217;Alcal\u00e1, \u00e0 Guadalajara"}]},{"@type":"WebSite","@id":"https:\/\/www.garciafaura.com\/fr\/#website","url":"https:\/\/www.garciafaura.com\/fr\/","name":"GARCIA FAURA","description":"Arquitectura en Alumini, Inox, Ferro i Vidre","publisher":{"@id":"https:\/\/www.garciafaura.com\/fr\/#organization"},"potentialAction":[{"@type":"SearchAction","target":{"@type":"EntryPoint","urlTemplate":"https:\/\/www.garciafaura.com\/fr\/?s={search_term_string}"},"query-input":{"@type":"PropertyValueSpecification","valueRequired":true,"valueName":"search_term_string"}}],"inLanguage":"fr-FR"},{"@type":"Organization","@id":"https:\/\/www.garciafaura.com\/fr\/#organization","name":"GARCIA FAURA","url":"https:\/\/www.garciafaura.com\/fr\/","logo":{"@type":"ImageObject","inLanguage":"fr-FR","@id":"https:\/\/www.garciafaura.com\/fr\/#\/schema\/logo\/image\/","url":"https:\/\/www.garciafaura.com\/wp-content\/uploads\/2018\/09\/Garcia-Faura.png","contentUrl":"https:\/\/www.garciafaura.com\/wp-content\/uploads\/2018\/09\/Garcia-Faura.png","width":512,"height":512,"caption":"GARCIA FAURA"},"image":{"@id":"https:\/\/www.garciafaura.com\/fr\/#\/schema\/logo\/image\/"},"sameAs":["https:\/\/www.youtube.com\/user\/GARCIAFAURA"]},{"@type":"Person","@id":"https:\/\/www.garciafaura.com\/fr\/#\/schema\/person\/b4b75e69b33fac3446071909bec106b0","name":"David Achell","image":{"@type":"ImageObject","inLanguage":"fr-FR","@id":"https:\/\/www.garciafaura.com\/fr\/#\/schema\/person\/image\/","url":"https:\/\/secure.gravatar.com\/avatar\/03900210afc1f61bce737bcb4a79c02e2c997f171e3eca839b5a4cbe03846c90?s=96&d=blank&r=g","contentUrl":"https:\/\/secure.gravatar.com\/avatar\/03900210afc1f61bce737bcb4a79c02e2c997f171e3eca839b5a4cbe03846c90?s=96&d=blank&r=g","caption":"David Achell"}}]}},"_links":{"self":[{"href":"https:\/\/www.garciafaura.com\/fr\/wp-json\/wp\/v2\/posts\/38613","targetHints":{"allow":["GET"]}}],"collection":[{"href":"https:\/\/www.garciafaura.com\/fr\/wp-json\/wp\/v2\/posts"}],"about":[{"href":"https:\/\/www.garciafaura.com\/fr\/wp-json\/wp\/v2\/types\/post"}],"author":[{"embeddable":true,"href":"https:\/\/www.garciafaura.com\/fr\/wp-json\/wp\/v2\/users\/3"}],"replies":[{"embeddable":true,"href":"https:\/\/www.garciafaura.com\/fr\/wp-json\/wp\/v2\/comments?post=38613"}],"version-history":[{"count":3,"href":"https:\/\/www.garciafaura.com\/fr\/wp-json\/wp\/v2\/posts\/38613\/revisions"}],"predecessor-version":[{"id":38620,"href":"https:\/\/www.garciafaura.com\/fr\/wp-json\/wp\/v2\/posts\/38613\/revisions\/38620"}],"wp:featuredmedia":[{"embeddable":true,"href":"https:\/\/www.garciafaura.com\/fr\/wp-json\/wp\/v2\/media\/38480"}],"wp:attachment":[{"href":"https:\/\/www.garciafaura.com\/fr\/wp-json\/wp\/v2\/media?parent=38613"}],"wp:term":[{"taxonomy":"category","embeddable":true,"href":"https:\/\/www.garciafaura.com\/fr\/wp-json\/wp\/v2\/categories?post=38613"},{"taxonomy":"post_tag","embeddable":true,"href":"https:\/\/www.garciafaura.com\/fr\/wp-json\/wp\/v2\/tags?post=38613"},{"taxonomy":"post_series","embeddable":true,"href":"https:\/\/www.garciafaura.com\/fr\/wp-json\/wp\/v2\/post_series?post=38613"}],"curies":[{"name":"wp","href":"https:\/\/api.w.org\/{rel}","templated":true}]}}