{"id":38545,"date":"2025-01-16T16:09:01","date_gmt":"2025-01-16T14:09:01","guid":{"rendered":"https:\/\/www.garciafaura.com\/?p=38545"},"modified":"2025-01-16T16:21:34","modified_gmt":"2025-01-16T14:21:34","slug":"intervencio-de-garcia-faura-en-el-parc-sanitari-nou-son-dureta-a-palma","status":"publish","type":"post","link":"https:\/\/www.garciafaura.com\/fr\/intervencio-de-garcia-faura-en-el-parc-sanitari-nou-son-dureta-a-palma\/","title":{"rendered":"Intervention de GARCIA FAURA au Parc de Sant\u00e9 Nou Son Dureta, \u00e0 Palma de Majorque"},"content":{"rendered":"<h3 style=\"text-align: justify;\"><span style=\"font-family: 'Open Sans';\">L&rsquo;entreprise fabrique et installe des murs-rideaux, des brise-soleils et des menuiseries ext\u00e9rieures pour ce qui sera la principale infrastructure hospitali\u00e8re des \u00eeles Bal\u00e9ares en termes de chronicit\u00e9.<\/span><\/h3>\n<p style=\"text-align: justify;\"><span style=\"font-family: 'Open Sans';\"><strong>GARCIA FAURA<\/strong> participe \u00e0 la construction du <strong>complexe de sant\u00e9 Son Dureta<\/strong> en cours de construction \u00e0 <strong>Palma<\/strong> et qui deviendra l&rsquo;infrastructure sanitaire la plus importante en termes de chronicit\u00e9 aux \u00eeles Bal\u00e9ares.<\/span><\/p>\n<p style=\"text-align: justify;\"><span style=\"font-family: 'Open Sans';\">Le <strong>Parc de Sant\u00e9 Nou Son Dureta<\/strong> sera compos\u00e9 de deux b\u00e2timents de trois modules chacun qui abriteront des h\u00f4pitaux de moyen et long s\u00e9jour. Au total, le complexe aura une superficie de 82.822 m\u00e8tres carr\u00e9s.<\/span><\/p>\n<p style=\"text-align: justify;\"><span style=\"font-family: 'Open Sans';\">Les deux centres hospitaliers auront une superficie totale de 67.362 m\u00e8tres carr\u00e9s et il y aura une zone de jardin de 48.793 m\u00e8tres carr\u00e9s et un parking de 542 places.<\/span><\/p>\n<p style=\"text-align: justify;\"><span style=\"font-family: 'Open Sans';\">Le <strong>complexe de sant\u00e9<\/strong> sera parfaitement int\u00e9gr\u00e9 \u00e0 la for\u00eat voisine de Bellver et b\u00e9n\u00e9ficiera d&rsquo;une orientation solaire optimale pour les diff\u00e9rentes pi\u00e8ces. De plus, il int\u00e9grera divers aspects environnementaux et sociaux, avec des crit\u00e8res d\u2019accessibilit\u00e9, d\u2019ergonomie, de durabilit\u00e9 et d\u2019\u00e9conomie d\u2019\u00e9nergie.<\/span><\/p>\n<p style=\"text-align: justify;\"><span style=\"font-family: 'Open Sans';\">Pour atteindre ces objectifs, le travail s\u2019appuie sur <strong>GARCIA FAURA<\/strong>. L&rsquo;entreprise sp\u00e9cialis\u00e9e dans l&rsquo;am\u00e9nagement de <strong>fa\u00e7ades<\/strong> construira et installera un peu plus de 3.000 m\u00e8tres carr\u00e9s de <strong>murs-rideaux<\/strong> d\u2019hautes performances et 2.000 m\u00e8tres carr\u00e9s de <strong>brise-soleils<\/strong>. <\/span><\/p>\n<p style=\"text-align: justify;\"><span style=\"font-family: 'Open Sans';\">Les travaux sont compl\u00e9t\u00e9s par la fabrication et l&rsquo;installation de 200 unit\u00e9s de <strong>menuiseries<\/strong> ext\u00e9rieures en <strong>aluminium<\/strong> qui garantiront le <\/span><span style=\"font-family: 'Open Sans';\">confort et l&rsquo;isolation thermique et acoustique qu&rsquo;exige une installation de ces caract\u00e9ristiques.<\/span><\/p>\n<p style=\"text-align: justify;\"><span style=\"font-family: 'Open Sans';\">Le <strong>Parc de Sant\u00e9 Nou Son Dureta<\/strong> consistera \u00e0 r\u00e9cup\u00e9rer un espace embl\u00e9matique de <strong>Palma<\/strong> et \u00e0 le d\u00e9dier \u00e0 un usage sanitaire et social, puisqu&rsquo;il abritait jusqu&rsquo;en 2010 l&rsquo;h\u00f4pital de r\u00e9f\u00e9rence de la capitale des Bal\u00e9ares.<\/span><\/p>\n","protected":false},"excerpt":{"rendered":"<p>L&rsquo;entreprise fabrique et installe des murs-rideaux, des brise-soleils et des menuiseries ext\u00e9rieures pour ce qui sera la principale infrastructure hospitali\u00e8re des \u00eeles Bal\u00e9ares en termes de chronicit\u00e9. GARCIA FAURA participe \u00e0 la construction du complexe de sant\u00e9 Son Dureta en&hellip;<\/p>\n","protected":false},"author":3,"featured_media":37097,"comment_status":"closed","ping_status":"open","sticky":false,"template":"","format":"standard","meta":{"footnotes":""},"categories":[2],"tags":[],"post_series":[],"class_list":["post-38545","post","type-post","status-publish","format-standard","has-post-thumbnail","hentry","category-actualite","entry","has-media"],"yoast_head":"<!-- This site is optimized with the Yoast SEO plugin v26.7 - https:\/\/yoast.com\/wordpress\/plugins\/seo\/ -->\n<title>Intervention de GARCIA FAURA au Parc de Sant\u00e9 Nou Son Dureta, \u00e0 Palma de Majorque - GARCIA FAURA<\/title>\n<meta name=\"description\" content=\"Arquitectura en Alumini, Inox, Ferro i Vidre\" \/>\n<meta name=\"robots\" content=\"index, follow, max-snippet:-1, max-image-preview:large, max-video-preview:-1\" \/>\n<link rel=\"canonical\" href=\"https:\/\/www.garciafaura.com\/fr\/intervencio-de-garcia-faura-en-el-parc-sanitari-nou-son-dureta-a-palma\/\" \/>\n<meta property=\"og:locale\" content=\"fr_FR\" \/>\n<meta property=\"og:type\" content=\"article\" \/>\n<meta property=\"og:title\" content=\"Intervention de GARCIA FAURA au Parc de Sant\u00e9 Nou Son Dureta, \u00e0 Palma de Majorque - GARCIA FAURA\" \/>\n<meta property=\"og:description\" content=\"Arquitectura en Alumini, Inox, Ferro i Vidre\" \/>\n<meta property=\"og:url\" content=\"https:\/\/www.garciafaura.com\/fr\/intervencio-de-garcia-faura-en-el-parc-sanitari-nou-son-dureta-a-palma\/\" \/>\n<meta property=\"og:site_name\" content=\"GARCIA FAURA\" \/>\n<meta property=\"article:published_time\" content=\"2025-01-16T14:09:01+00:00\" \/>\n<meta property=\"article:modified_time\" content=\"2025-01-16T14:21:34+00:00\" \/>\n<meta property=\"og:image\" content=\"https:\/\/www.garciafaura.com\/wp-content\/uploads\/2024\/06\/SonDureta-01-baixa.jpg\" \/>\n\t<meta property=\"og:image:width\" content=\"1200\" \/>\n\t<meta property=\"og:image:height\" content=\"628\" \/>\n\t<meta property=\"og:image:type\" content=\"image\/jpeg\" \/>\n<meta name=\"author\" content=\"David Achell\" \/>\n<meta name=\"twitter:card\" content=\"summary_large_image\" \/>\n<meta name=\"twitter:label1\" content=\"\u00c9crit par\" \/>\n\t<meta name=\"twitter:data1\" content=\"David Achell\" \/>\n\t<meta name=\"twitter:label2\" content=\"Dur\u00e9e de lecture estim\u00e9e\" \/>\n\t<meta name=\"twitter:data2\" content=\"2 minutes\" \/>\n<script type=\"application\/ld+json\" class=\"yoast-schema-graph\">{\"@context\":\"https:\/\/schema.org\",\"@graph\":[{\"@type\":\"Article\",\"@id\":\"https:\/\/www.garciafaura.com\/fr\/intervencio-de-garcia-faura-en-el-parc-sanitari-nou-son-dureta-a-palma\/#article\",\"isPartOf\":{\"@id\":\"https:\/\/www.garciafaura.com\/fr\/intervencio-de-garcia-faura-en-el-parc-sanitari-nou-son-dureta-a-palma\/\"},\"author\":{\"name\":\"David Achell\",\"@id\":\"https:\/\/www.garciafaura.com\/fr\/#\/schema\/person\/b4b75e69b33fac3446071909bec106b0\"},\"headline\":\"Intervention de GARCIA FAURA au Parc de Sant\u00e9 Nou Son Dureta, \u00e0 Palma de Majorque\",\"datePublished\":\"2025-01-16T14:09:01+00:00\",\"dateModified\":\"2025-01-16T14:21:34+00:00\",\"mainEntityOfPage\":{\"@id\":\"https:\/\/www.garciafaura.com\/fr\/intervencio-de-garcia-faura-en-el-parc-sanitari-nou-son-dureta-a-palma\/\"},\"wordCount\":332,\"publisher\":{\"@id\":\"https:\/\/www.garciafaura.com\/fr\/#organization\"},\"image\":{\"@id\":\"https:\/\/www.garciafaura.com\/fr\/intervencio-de-garcia-faura-en-el-parc-sanitari-nou-son-dureta-a-palma\/#primaryimage\"},\"thumbnailUrl\":\"https:\/\/www.garciafaura.com\/wp-content\/uploads\/2024\/06\/SonDureta-01-baixa.jpg\",\"articleSection\":[\"Actualit\u00e9\"],\"inLanguage\":\"fr-FR\"},{\"@type\":\"WebPage\",\"@id\":\"https:\/\/www.garciafaura.com\/fr\/intervencio-de-garcia-faura-en-el-parc-sanitari-nou-son-dureta-a-palma\/\",\"url\":\"https:\/\/www.garciafaura.com\/fr\/intervencio-de-garcia-faura-en-el-parc-sanitari-nou-son-dureta-a-palma\/\",\"name\":\"Intervention de GARCIA FAURA au Parc de Sant\u00e9 Nou Son Dureta, \u00e0 Palma de Majorque - GARCIA FAURA\",\"isPartOf\":{\"@id\":\"https:\/\/www.garciafaura.com\/fr\/#website\"},\"primaryImageOfPage\":{\"@id\":\"https:\/\/www.garciafaura.com\/fr\/intervencio-de-garcia-faura-en-el-parc-sanitari-nou-son-dureta-a-palma\/#primaryimage\"},\"image\":{\"@id\":\"https:\/\/www.garciafaura.com\/fr\/intervencio-de-garcia-faura-en-el-parc-sanitari-nou-son-dureta-a-palma\/#primaryimage\"},\"thumbnailUrl\":\"https:\/\/www.garciafaura.com\/wp-content\/uploads\/2024\/06\/SonDureta-01-baixa.jpg\",\"datePublished\":\"2025-01-16T14:09:01+00:00\",\"dateModified\":\"2025-01-16T14:21:34+00:00\",\"description\":\"Arquitectura en Alumini, Inox, Ferro i Vidre\",\"breadcrumb\":{\"@id\":\"https:\/\/www.garciafaura.com\/fr\/intervencio-de-garcia-faura-en-el-parc-sanitari-nou-son-dureta-a-palma\/#breadcrumb\"},\"inLanguage\":\"fr-FR\",\"potentialAction\":[{\"@type\":\"ReadAction\",\"target\":[\"https:\/\/www.garciafaura.com\/fr\/intervencio-de-garcia-faura-en-el-parc-sanitari-nou-son-dureta-a-palma\/\"]}]},{\"@type\":\"ImageObject\",\"inLanguage\":\"fr-FR\",\"@id\":\"https:\/\/www.garciafaura.com\/fr\/intervencio-de-garcia-faura-en-el-parc-sanitari-nou-son-dureta-a-palma\/#primaryimage\",\"url\":\"https:\/\/www.garciafaura.com\/wp-content\/uploads\/2024\/06\/SonDureta-01-baixa.jpg\",\"contentUrl\":\"https:\/\/www.garciafaura.com\/wp-content\/uploads\/2024\/06\/SonDureta-01-baixa.jpg\",\"width\":1200,\"height\":628},{\"@type\":\"BreadcrumbList\",\"@id\":\"https:\/\/www.garciafaura.com\/fr\/intervencio-de-garcia-faura-en-el-parc-sanitari-nou-son-dureta-a-palma\/#breadcrumb\",\"itemListElement\":[{\"@type\":\"ListItem\",\"position\":1,\"name\":\"Inici\",\"item\":\"https:\/\/www.garciafaura.com\/fr\/\"},{\"@type\":\"ListItem\",\"position\":2,\"name\":\"Intervention de GARCIA FAURA au Parc de Sant\u00e9 Nou Son Dureta, \u00e0 Palma de Majorque\"}]},{\"@type\":\"WebSite\",\"@id\":\"https:\/\/www.garciafaura.com\/fr\/#website\",\"url\":\"https:\/\/www.garciafaura.com\/fr\/\",\"name\":\"GARCIA FAURA\",\"description\":\"Arquitectura en Alumini, Inox, Ferro i Vidre\",\"publisher\":{\"@id\":\"https:\/\/www.garciafaura.com\/fr\/#organization\"},\"potentialAction\":[{\"@type\":\"SearchAction\",\"target\":{\"@type\":\"EntryPoint\",\"urlTemplate\":\"https:\/\/www.garciafaura.com\/fr\/?s={search_term_string}\"},\"query-input\":{\"@type\":\"PropertyValueSpecification\",\"valueRequired\":true,\"valueName\":\"search_term_string\"}}],\"inLanguage\":\"fr-FR\"},{\"@type\":\"Organization\",\"@id\":\"https:\/\/www.garciafaura.com\/fr\/#organization\",\"name\":\"GARCIA FAURA\",\"url\":\"https:\/\/www.garciafaura.com\/fr\/\",\"logo\":{\"@type\":\"ImageObject\",\"inLanguage\":\"fr-FR\",\"@id\":\"https:\/\/www.garciafaura.com\/fr\/#\/schema\/logo\/image\/\",\"url\":\"https:\/\/www.garciafaura.com\/wp-content\/uploads\/2018\/09\/Garcia-Faura.png\",\"contentUrl\":\"https:\/\/www.garciafaura.com\/wp-content\/uploads\/2018\/09\/Garcia-Faura.png\",\"width\":512,\"height\":512,\"caption\":\"GARCIA FAURA\"},\"image\":{\"@id\":\"https:\/\/www.garciafaura.com\/fr\/#\/schema\/logo\/image\/\"},\"sameAs\":[\"https:\/\/www.youtube.com\/user\/GARCIAFAURA\"]},{\"@type\":\"Person\",\"@id\":\"https:\/\/www.garciafaura.com\/fr\/#\/schema\/person\/b4b75e69b33fac3446071909bec106b0\",\"name\":\"David Achell\",\"image\":{\"@type\":\"ImageObject\",\"inLanguage\":\"fr-FR\",\"@id\":\"https:\/\/www.garciafaura.com\/fr\/#\/schema\/person\/image\/\",\"url\":\"https:\/\/secure.gravatar.com\/avatar\/03900210afc1f61bce737bcb4a79c02e2c997f171e3eca839b5a4cbe03846c90?s=96&d=blank&r=g\",\"contentUrl\":\"https:\/\/secure.gravatar.com\/avatar\/03900210afc1f61bce737bcb4a79c02e2c997f171e3eca839b5a4cbe03846c90?s=96&d=blank&r=g\",\"caption\":\"David Achell\"}}]}<\/script>\n<!-- \/ Yoast SEO plugin. -->","yoast_head_json":{"title":"Intervention de GARCIA FAURA au Parc de Sant\u00e9 Nou Son Dureta, \u00e0 Palma de Majorque - GARCIA FAURA","description":"Arquitectura en Alumini, Inox, Ferro i Vidre","robots":{"index":"index","follow":"follow","max-snippet":"max-snippet:-1","max-image-preview":"max-image-preview:large","max-video-preview":"max-video-preview:-1"},"canonical":"https:\/\/www.garciafaura.com\/fr\/intervencio-de-garcia-faura-en-el-parc-sanitari-nou-son-dureta-a-palma\/","og_locale":"fr_FR","og_type":"article","og_title":"Intervention de GARCIA FAURA au Parc de Sant\u00e9 Nou Son Dureta, \u00e0 Palma de Majorque - GARCIA FAURA","og_description":"Arquitectura en Alumini, Inox, Ferro i Vidre","og_url":"https:\/\/www.garciafaura.com\/fr\/intervencio-de-garcia-faura-en-el-parc-sanitari-nou-son-dureta-a-palma\/","og_site_name":"GARCIA FAURA","article_published_time":"2025-01-16T14:09:01+00:00","article_modified_time":"2025-01-16T14:21:34+00:00","og_image":[{"width":1200,"height":628,"url":"https:\/\/www.garciafaura.com\/wp-content\/uploads\/2024\/06\/SonDureta-01-baixa.jpg","type":"image\/jpeg"}],"author":"David Achell","twitter_card":"summary_large_image","twitter_misc":{"\u00c9crit par":"David Achell","Dur\u00e9e de lecture estim\u00e9e":"2 minutes"},"schema":{"@context":"https:\/\/schema.org","@graph":[{"@type":"Article","@id":"https:\/\/www.garciafaura.com\/fr\/intervencio-de-garcia-faura-en-el-parc-sanitari-nou-son-dureta-a-palma\/#article","isPartOf":{"@id":"https:\/\/www.garciafaura.com\/fr\/intervencio-de-garcia-faura-en-el-parc-sanitari-nou-son-dureta-a-palma\/"},"author":{"name":"David Achell","@id":"https:\/\/www.garciafaura.com\/fr\/#\/schema\/person\/b4b75e69b33fac3446071909bec106b0"},"headline":"Intervention de GARCIA FAURA au Parc de Sant\u00e9 Nou Son Dureta, \u00e0 Palma de Majorque","datePublished":"2025-01-16T14:09:01+00:00","dateModified":"2025-01-16T14:21:34+00:00","mainEntityOfPage":{"@id":"https:\/\/www.garciafaura.com\/fr\/intervencio-de-garcia-faura-en-el-parc-sanitari-nou-son-dureta-a-palma\/"},"wordCount":332,"publisher":{"@id":"https:\/\/www.garciafaura.com\/fr\/#organization"},"image":{"@id":"https:\/\/www.garciafaura.com\/fr\/intervencio-de-garcia-faura-en-el-parc-sanitari-nou-son-dureta-a-palma\/#primaryimage"},"thumbnailUrl":"https:\/\/www.garciafaura.com\/wp-content\/uploads\/2024\/06\/SonDureta-01-baixa.jpg","articleSection":["Actualit\u00e9"],"inLanguage":"fr-FR"},{"@type":"WebPage","@id":"https:\/\/www.garciafaura.com\/fr\/intervencio-de-garcia-faura-en-el-parc-sanitari-nou-son-dureta-a-palma\/","url":"https:\/\/www.garciafaura.com\/fr\/intervencio-de-garcia-faura-en-el-parc-sanitari-nou-son-dureta-a-palma\/","name":"Intervention de GARCIA FAURA au Parc de Sant\u00e9 Nou Son Dureta, \u00e0 Palma de Majorque - GARCIA FAURA","isPartOf":{"@id":"https:\/\/www.garciafaura.com\/fr\/#website"},"primaryImageOfPage":{"@id":"https:\/\/www.garciafaura.com\/fr\/intervencio-de-garcia-faura-en-el-parc-sanitari-nou-son-dureta-a-palma\/#primaryimage"},"image":{"@id":"https:\/\/www.garciafaura.com\/fr\/intervencio-de-garcia-faura-en-el-parc-sanitari-nou-son-dureta-a-palma\/#primaryimage"},"thumbnailUrl":"https:\/\/www.garciafaura.com\/wp-content\/uploads\/2024\/06\/SonDureta-01-baixa.jpg","datePublished":"2025-01-16T14:09:01+00:00","dateModified":"2025-01-16T14:21:34+00:00","description":"Arquitectura en Alumini, Inox, Ferro i Vidre","breadcrumb":{"@id":"https:\/\/www.garciafaura.com\/fr\/intervencio-de-garcia-faura-en-el-parc-sanitari-nou-son-dureta-a-palma\/#breadcrumb"},"inLanguage":"fr-FR","potentialAction":[{"@type":"ReadAction","target":["https:\/\/www.garciafaura.com\/fr\/intervencio-de-garcia-faura-en-el-parc-sanitari-nou-son-dureta-a-palma\/"]}]},{"@type":"ImageObject","inLanguage":"fr-FR","@id":"https:\/\/www.garciafaura.com\/fr\/intervencio-de-garcia-faura-en-el-parc-sanitari-nou-son-dureta-a-palma\/#primaryimage","url":"https:\/\/www.garciafaura.com\/wp-content\/uploads\/2024\/06\/SonDureta-01-baixa.jpg","contentUrl":"https:\/\/www.garciafaura.com\/wp-content\/uploads\/2024\/06\/SonDureta-01-baixa.jpg","width":1200,"height":628},{"@type":"BreadcrumbList","@id":"https:\/\/www.garciafaura.com\/fr\/intervencio-de-garcia-faura-en-el-parc-sanitari-nou-son-dureta-a-palma\/#breadcrumb","itemListElement":[{"@type":"ListItem","position":1,"name":"Inici","item":"https:\/\/www.garciafaura.com\/fr\/"},{"@type":"ListItem","position":2,"name":"Intervention de GARCIA FAURA au Parc de Sant\u00e9 Nou Son Dureta, \u00e0 Palma de Majorque"}]},{"@type":"WebSite","@id":"https:\/\/www.garciafaura.com\/fr\/#website","url":"https:\/\/www.garciafaura.com\/fr\/","name":"GARCIA FAURA","description":"Arquitectura en Alumini, Inox, Ferro i Vidre","publisher":{"@id":"https:\/\/www.garciafaura.com\/fr\/#organization"},"potentialAction":[{"@type":"SearchAction","target":{"@type":"EntryPoint","urlTemplate":"https:\/\/www.garciafaura.com\/fr\/?s={search_term_string}"},"query-input":{"@type":"PropertyValueSpecification","valueRequired":true,"valueName":"search_term_string"}}],"inLanguage":"fr-FR"},{"@type":"Organization","@id":"https:\/\/www.garciafaura.com\/fr\/#organization","name":"GARCIA FAURA","url":"https:\/\/www.garciafaura.com\/fr\/","logo":{"@type":"ImageObject","inLanguage":"fr-FR","@id":"https:\/\/www.garciafaura.com\/fr\/#\/schema\/logo\/image\/","url":"https:\/\/www.garciafaura.com\/wp-content\/uploads\/2018\/09\/Garcia-Faura.png","contentUrl":"https:\/\/www.garciafaura.com\/wp-content\/uploads\/2018\/09\/Garcia-Faura.png","width":512,"height":512,"caption":"GARCIA FAURA"},"image":{"@id":"https:\/\/www.garciafaura.com\/fr\/#\/schema\/logo\/image\/"},"sameAs":["https:\/\/www.youtube.com\/user\/GARCIAFAURA"]},{"@type":"Person","@id":"https:\/\/www.garciafaura.com\/fr\/#\/schema\/person\/b4b75e69b33fac3446071909bec106b0","name":"David Achell","image":{"@type":"ImageObject","inLanguage":"fr-FR","@id":"https:\/\/www.garciafaura.com\/fr\/#\/schema\/person\/image\/","url":"https:\/\/secure.gravatar.com\/avatar\/03900210afc1f61bce737bcb4a79c02e2c997f171e3eca839b5a4cbe03846c90?s=96&d=blank&r=g","contentUrl":"https:\/\/secure.gravatar.com\/avatar\/03900210afc1f61bce737bcb4a79c02e2c997f171e3eca839b5a4cbe03846c90?s=96&d=blank&r=g","caption":"David Achell"}}]}},"_links":{"self":[{"href":"https:\/\/www.garciafaura.com\/fr\/wp-json\/wp\/v2\/posts\/38545","targetHints":{"allow":["GET"]}}],"collection":[{"href":"https:\/\/www.garciafaura.com\/fr\/wp-json\/wp\/v2\/posts"}],"about":[{"href":"https:\/\/www.garciafaura.com\/fr\/wp-json\/wp\/v2\/types\/post"}],"author":[{"embeddable":true,"href":"https:\/\/www.garciafaura.com\/fr\/wp-json\/wp\/v2\/users\/3"}],"replies":[{"embeddable":true,"href":"https:\/\/www.garciafaura.com\/fr\/wp-json\/wp\/v2\/comments?post=38545"}],"version-history":[{"count":3,"href":"https:\/\/www.garciafaura.com\/fr\/wp-json\/wp\/v2\/posts\/38545\/revisions"}],"predecessor-version":[{"id":38554,"href":"https:\/\/www.garciafaura.com\/fr\/wp-json\/wp\/v2\/posts\/38545\/revisions\/38554"}],"wp:featuredmedia":[{"embeddable":true,"href":"https:\/\/www.garciafaura.com\/fr\/wp-json\/wp\/v2\/media\/37097"}],"wp:attachment":[{"href":"https:\/\/www.garciafaura.com\/fr\/wp-json\/wp\/v2\/media?parent=38545"}],"wp:term":[{"taxonomy":"category","embeddable":true,"href":"https:\/\/www.garciafaura.com\/fr\/wp-json\/wp\/v2\/categories?post=38545"},{"taxonomy":"post_tag","embeddable":true,"href":"https:\/\/www.garciafaura.com\/fr\/wp-json\/wp\/v2\/tags?post=38545"},{"taxonomy":"post_series","embeddable":true,"href":"https:\/\/www.garciafaura.com\/fr\/wp-json\/wp\/v2\/post_series?post=38545"}],"curies":[{"name":"wp","href":"https:\/\/api.w.org\/{rel}","templated":true}]}}