{"id":38467,"date":"2024-10-30T11:14:54","date_gmt":"2024-10-30T09:14:54","guid":{"rendered":"https:\/\/www.garciafaura.com\/garcia-faura-installara-el-mur-cortina-i-els-tancaments-dalumini-del-nou-aparthotel-de-sant-cugat-del-valles\/"},"modified":"2024-10-30T11:22:59","modified_gmt":"2024-10-30T09:22:59","slug":"garcia-faura-installara-el-mur-cortina-i-els-tancaments-dalumini-del-nou-aparthotel-de-sant-cugat-del-valles","status":"publish","type":"post","link":"https:\/\/www.garciafaura.com\/fr\/garcia-faura-installara-el-mur-cortina-i-els-tancaments-dalumini-del-nou-aparthotel-de-sant-cugat-del-valles\/","title":{"rendered":"GARCIA FAURA installera le mur-rideau et les menuiseries ext\u00e9rieures en aluminium du nouvel appart-h\u00f4tel de Sant Cugat del Vall\u00e8s (Barcelone)"},"content":{"rendered":"<h3 style=\"text-align: justify;\" align=\"justify\"><span style=\"font-family: 'Open Sans';\">Le Node Sant Cugat devrait ouvrir ses portes d\u00e9but 2026. Il disposera de 400 chambres r\u00e9parties sur cinq \u00e9tages et s&rsquo;adresse en particulier \u00e0 la population flottante de moyenne dur\u00e9e qui utilise les services situ\u00e9s autour de la municipalit\u00e9 de Barcelone.<\/span><\/h3>\n<p style=\"text-align: justify;\" align=\"justify\"><span style=\"font-family: 'Open Sans';\">Le <strong>Node de Sant Cugat<\/strong> aura une superficie totale de 19.500 m\u00e8tres carr\u00e9s r\u00e9partis sur cinq \u00e9tages, plus sous-sol et rez-de-chauss\u00e9e. Il disposera de 400 chambres, d&rsquo;un garage pour cent places et d&rsquo;autres espaces communs comme des bureaux ou des salles polyvalentes, entre autres.<\/span><\/p>\n<p style=\"text-align: justify;\" align=\"justify\"><span style=\"font-family: 'Open Sans';\">L&rsquo;\u00e9tablissement s&rsquo;adresse particuli\u00e8rement aux travailleurs des entreprises situ\u00e9es dans la r\u00e9gion du Vall\u00e8s Occidental, aux \u00e9tudiants et chercheurs des universit\u00e9s voisines ainsi qu&rsquo;aux r\u00e9sidents, aux membres de leurs familles et au personnel de l&rsquo;H\u00f4pital G\u00e9n\u00e9ral de la Catalogne.<\/span><\/p>\n<p style=\"text-align: justify;\" align=\"justify\"><span style=\"font-family: 'Open Sans';\">L&rsquo;h\u00f4tel, dont l&rsquo;ouverture est pr\u00e9vue en janvier 2026, b\u00e9n\u00e9ficiera des notes environnementales les plus \u00e9lev\u00e9es et de la <strong>certification BREEAM<\/strong> la plus \u00e9lev\u00e9e, le label de certification international qui valide le niveau de durabilit\u00e9 d&rsquo;un b\u00e2timent.<\/span><\/p>\n<p style=\"text-align: justify;\" align=\"justify\"><span style=\"font-family: 'Open Sans';\">Le r\u00f4le de <strong>GARCIA FAURA<\/strong> dans l&rsquo;obtention de cette certification environnementale sera crucial, car les produits que l&rsquo;entreprise fabriquera et installera ont un impact cl\u00e9 sur l&rsquo;efficacit\u00e9 du b\u00e2timent et son niveau de durabilit\u00e9.<\/span><\/p>\n<p style=\"text-align: justify;\" align=\"justify\"><span style=\"font-family: 'Open Sans';\">Dans ce sens, <strong>GARCIA FAURA<\/strong> d\u00e9veloppera et installera 586 unit\u00e9s de <strong>menuiseries en aluminium<\/strong> (qui totalisent 2.341 m\u00e8tres carr\u00e9s) \u00e0 partir de profil\u00e9s en <strong>aluminium<\/strong> de hautes performances techniques, ainsi qu&rsquo;une typologie de vitrages \u00e0 haute efficacit\u00e9. L&rsquo;entreprise r\u00e9alisera \u00e9galement un <strong>mur-rideau<\/strong> de 231 m\u00e8tres carr\u00e9s, en plus d&rsquo;une superficie de verri\u00e8re de pr\u00e8s de 30 m\u00e8tres carr\u00e9s.<\/span><\/p>\n","protected":false},"excerpt":{"rendered":"<p>Le Node Sant Cugat devrait ouvrir ses portes d\u00e9but 2026. Il disposera de 400 chambres r\u00e9parties sur cinq \u00e9tages et s&rsquo;adresse en particulier \u00e0 la population flottante de moyenne dur\u00e9e qui utilise les services situ\u00e9s autour de la municipalit\u00e9 de&hellip;<\/p>\n","protected":false},"author":3,"featured_media":37466,"comment_status":"closed","ping_status":"open","sticky":false,"template":"","format":"standard","meta":{"footnotes":""},"categories":[2],"tags":[],"post_series":[],"class_list":["post-38467","post","type-post","status-publish","format-standard","has-post-thumbnail","hentry","category-actualite","entry","has-media"],"yoast_head":"<!-- This site is optimized with the Yoast SEO plugin v26.7 - https:\/\/yoast.com\/wordpress\/plugins\/seo\/ -->\n<title>GARCIA FAURA installera le mur-rideau et les menuiseries ext\u00e9rieures en aluminium du nouvel appart-h\u00f4tel de Sant Cugat del Vall\u00e8s (Barcelone) - GARCIA FAURA<\/title>\n<meta name=\"description\" content=\"Arquitectura en Alumini, Inox, Ferro i Vidre\" \/>\n<meta name=\"robots\" content=\"index, follow, max-snippet:-1, max-image-preview:large, max-video-preview:-1\" \/>\n<link rel=\"canonical\" href=\"https:\/\/www.garciafaura.com\/fr\/garcia-faura-installara-el-mur-cortina-i-els-tancaments-dalumini-del-nou-aparthotel-de-sant-cugat-del-valles\/\" \/>\n<meta property=\"og:locale\" content=\"fr_FR\" \/>\n<meta property=\"og:type\" content=\"article\" \/>\n<meta property=\"og:title\" content=\"GARCIA FAURA installera le mur-rideau et les menuiseries ext\u00e9rieures en aluminium du nouvel appart-h\u00f4tel de Sant Cugat del Vall\u00e8s (Barcelone) - GARCIA FAURA\" \/>\n<meta property=\"og:description\" content=\"Arquitectura en Alumini, Inox, Ferro i Vidre\" \/>\n<meta property=\"og:url\" content=\"https:\/\/www.garciafaura.com\/fr\/garcia-faura-installara-el-mur-cortina-i-els-tancaments-dalumini-del-nou-aparthotel-de-sant-cugat-del-valles\/\" \/>\n<meta property=\"og:site_name\" content=\"GARCIA FAURA\" \/>\n<meta property=\"article:published_time\" content=\"2024-10-30T09:14:54+00:00\" \/>\n<meta property=\"article:modified_time\" content=\"2024-10-30T09:22:59+00:00\" \/>\n<meta property=\"og:image\" content=\"https:\/\/www.garciafaura.com\/wp-content\/uploads\/2024\/09\/Hotel-Node-Sant-Cugat-render.jpg\" \/>\n\t<meta property=\"og:image:width\" content=\"1200\" \/>\n\t<meta property=\"og:image:height\" content=\"628\" \/>\n\t<meta property=\"og:image:type\" content=\"image\/jpeg\" \/>\n<meta name=\"author\" content=\"David Achell\" \/>\n<meta name=\"twitter:card\" content=\"summary_large_image\" \/>\n<meta name=\"twitter:label1\" content=\"\u00c9crit par\" \/>\n\t<meta name=\"twitter:data1\" content=\"David Achell\" \/>\n\t<meta name=\"twitter:label2\" content=\"Dur\u00e9e de lecture estim\u00e9e\" \/>\n\t<meta name=\"twitter:data2\" content=\"2 minutes\" \/>\n<script type=\"application\/ld+json\" class=\"yoast-schema-graph\">{\"@context\":\"https:\/\/schema.org\",\"@graph\":[{\"@type\":\"Article\",\"@id\":\"https:\/\/www.garciafaura.com\/fr\/garcia-faura-installara-el-mur-cortina-i-els-tancaments-dalumini-del-nou-aparthotel-de-sant-cugat-del-valles\/#article\",\"isPartOf\":{\"@id\":\"https:\/\/www.garciafaura.com\/fr\/garcia-faura-installara-el-mur-cortina-i-els-tancaments-dalumini-del-nou-aparthotel-de-sant-cugat-del-valles\/\"},\"author\":{\"name\":\"David Achell\",\"@id\":\"https:\/\/www.garciafaura.com\/fr\/#\/schema\/person\/b4b75e69b33fac3446071909bec106b0\"},\"headline\":\"GARCIA FAURA installera le mur-rideau et les menuiseries ext\u00e9rieures en aluminium du nouvel appart-h\u00f4tel de Sant Cugat del Vall\u00e8s (Barcelone)\",\"datePublished\":\"2024-10-30T09:14:54+00:00\",\"dateModified\":\"2024-10-30T09:22:59+00:00\",\"mainEntityOfPage\":{\"@id\":\"https:\/\/www.garciafaura.com\/fr\/garcia-faura-installara-el-mur-cortina-i-els-tancaments-dalumini-del-nou-aparthotel-de-sant-cugat-del-valles\/\"},\"wordCount\":316,\"publisher\":{\"@id\":\"https:\/\/www.garciafaura.com\/fr\/#organization\"},\"image\":{\"@id\":\"https:\/\/www.garciafaura.com\/fr\/garcia-faura-installara-el-mur-cortina-i-els-tancaments-dalumini-del-nou-aparthotel-de-sant-cugat-del-valles\/#primaryimage\"},\"thumbnailUrl\":\"https:\/\/www.garciafaura.com\/wp-content\/uploads\/2024\/09\/Hotel-Node-Sant-Cugat-render.jpg\",\"articleSection\":[\"Actualit\u00e9\"],\"inLanguage\":\"fr-FR\"},{\"@type\":\"WebPage\",\"@id\":\"https:\/\/www.garciafaura.com\/fr\/garcia-faura-installara-el-mur-cortina-i-els-tancaments-dalumini-del-nou-aparthotel-de-sant-cugat-del-valles\/\",\"url\":\"https:\/\/www.garciafaura.com\/fr\/garcia-faura-installara-el-mur-cortina-i-els-tancaments-dalumini-del-nou-aparthotel-de-sant-cugat-del-valles\/\",\"name\":\"GARCIA FAURA installera le mur-rideau et les menuiseries ext\u00e9rieures en aluminium du nouvel appart-h\u00f4tel de Sant Cugat del Vall\u00e8s (Barcelone) - GARCIA FAURA\",\"isPartOf\":{\"@id\":\"https:\/\/www.garciafaura.com\/fr\/#website\"},\"primaryImageOfPage\":{\"@id\":\"https:\/\/www.garciafaura.com\/fr\/garcia-faura-installara-el-mur-cortina-i-els-tancaments-dalumini-del-nou-aparthotel-de-sant-cugat-del-valles\/#primaryimage\"},\"image\":{\"@id\":\"https:\/\/www.garciafaura.com\/fr\/garcia-faura-installara-el-mur-cortina-i-els-tancaments-dalumini-del-nou-aparthotel-de-sant-cugat-del-valles\/#primaryimage\"},\"thumbnailUrl\":\"https:\/\/www.garciafaura.com\/wp-content\/uploads\/2024\/09\/Hotel-Node-Sant-Cugat-render.jpg\",\"datePublished\":\"2024-10-30T09:14:54+00:00\",\"dateModified\":\"2024-10-30T09:22:59+00:00\",\"description\":\"Arquitectura en Alumini, Inox, Ferro i Vidre\",\"breadcrumb\":{\"@id\":\"https:\/\/www.garciafaura.com\/fr\/garcia-faura-installara-el-mur-cortina-i-els-tancaments-dalumini-del-nou-aparthotel-de-sant-cugat-del-valles\/#breadcrumb\"},\"inLanguage\":\"fr-FR\",\"potentialAction\":[{\"@type\":\"ReadAction\",\"target\":[\"https:\/\/www.garciafaura.com\/fr\/garcia-faura-installara-el-mur-cortina-i-els-tancaments-dalumini-del-nou-aparthotel-de-sant-cugat-del-valles\/\"]}]},{\"@type\":\"ImageObject\",\"inLanguage\":\"fr-FR\",\"@id\":\"https:\/\/www.garciafaura.com\/fr\/garcia-faura-installara-el-mur-cortina-i-els-tancaments-dalumini-del-nou-aparthotel-de-sant-cugat-del-valles\/#primaryimage\",\"url\":\"https:\/\/www.garciafaura.com\/wp-content\/uploads\/2024\/09\/Hotel-Node-Sant-Cugat-render.jpg\",\"contentUrl\":\"https:\/\/www.garciafaura.com\/wp-content\/uploads\/2024\/09\/Hotel-Node-Sant-Cugat-render.jpg\",\"width\":1200,\"height\":628,\"caption\":\"Hotel Node Sant Cugat Garcia Faura\"},{\"@type\":\"BreadcrumbList\",\"@id\":\"https:\/\/www.garciafaura.com\/fr\/garcia-faura-installara-el-mur-cortina-i-els-tancaments-dalumini-del-nou-aparthotel-de-sant-cugat-del-valles\/#breadcrumb\",\"itemListElement\":[{\"@type\":\"ListItem\",\"position\":1,\"name\":\"Inici\",\"item\":\"https:\/\/www.garciafaura.com\/fr\/\"},{\"@type\":\"ListItem\",\"position\":2,\"name\":\"GARCIA FAURA installera le mur-rideau et les menuiseries ext\u00e9rieures en aluminium du nouvel appart-h\u00f4tel de Sant Cugat del Vall\u00e8s (Barcelone)\"}]},{\"@type\":\"WebSite\",\"@id\":\"https:\/\/www.garciafaura.com\/fr\/#website\",\"url\":\"https:\/\/www.garciafaura.com\/fr\/\",\"name\":\"GARCIA FAURA\",\"description\":\"Arquitectura en Alumini, Inox, Ferro i Vidre\",\"publisher\":{\"@id\":\"https:\/\/www.garciafaura.com\/fr\/#organization\"},\"potentialAction\":[{\"@type\":\"SearchAction\",\"target\":{\"@type\":\"EntryPoint\",\"urlTemplate\":\"https:\/\/www.garciafaura.com\/fr\/?s={search_term_string}\"},\"query-input\":{\"@type\":\"PropertyValueSpecification\",\"valueRequired\":true,\"valueName\":\"search_term_string\"}}],\"inLanguage\":\"fr-FR\"},{\"@type\":\"Organization\",\"@id\":\"https:\/\/www.garciafaura.com\/fr\/#organization\",\"name\":\"GARCIA FAURA\",\"url\":\"https:\/\/www.garciafaura.com\/fr\/\",\"logo\":{\"@type\":\"ImageObject\",\"inLanguage\":\"fr-FR\",\"@id\":\"https:\/\/www.garciafaura.com\/fr\/#\/schema\/logo\/image\/\",\"url\":\"https:\/\/www.garciafaura.com\/wp-content\/uploads\/2018\/09\/Garcia-Faura.png\",\"contentUrl\":\"https:\/\/www.garciafaura.com\/wp-content\/uploads\/2018\/09\/Garcia-Faura.png\",\"width\":512,\"height\":512,\"caption\":\"GARCIA FAURA\"},\"image\":{\"@id\":\"https:\/\/www.garciafaura.com\/fr\/#\/schema\/logo\/image\/\"},\"sameAs\":[\"https:\/\/www.youtube.com\/user\/GARCIAFAURA\"]},{\"@type\":\"Person\",\"@id\":\"https:\/\/www.garciafaura.com\/fr\/#\/schema\/person\/b4b75e69b33fac3446071909bec106b0\",\"name\":\"David Achell\",\"image\":{\"@type\":\"ImageObject\",\"inLanguage\":\"fr-FR\",\"@id\":\"https:\/\/www.garciafaura.com\/fr\/#\/schema\/person\/image\/\",\"url\":\"https:\/\/secure.gravatar.com\/avatar\/03900210afc1f61bce737bcb4a79c02e2c997f171e3eca839b5a4cbe03846c90?s=96&d=blank&r=g\",\"contentUrl\":\"https:\/\/secure.gravatar.com\/avatar\/03900210afc1f61bce737bcb4a79c02e2c997f171e3eca839b5a4cbe03846c90?s=96&d=blank&r=g\",\"caption\":\"David Achell\"}}]}<\/script>\n<!-- \/ Yoast SEO plugin. -->","yoast_head_json":{"title":"GARCIA FAURA installera le mur-rideau et les menuiseries ext\u00e9rieures en aluminium du nouvel appart-h\u00f4tel de Sant Cugat del Vall\u00e8s (Barcelone) - GARCIA FAURA","description":"Arquitectura en Alumini, Inox, Ferro i Vidre","robots":{"index":"index","follow":"follow","max-snippet":"max-snippet:-1","max-image-preview":"max-image-preview:large","max-video-preview":"max-video-preview:-1"},"canonical":"https:\/\/www.garciafaura.com\/fr\/garcia-faura-installara-el-mur-cortina-i-els-tancaments-dalumini-del-nou-aparthotel-de-sant-cugat-del-valles\/","og_locale":"fr_FR","og_type":"article","og_title":"GARCIA FAURA installera le mur-rideau et les menuiseries ext\u00e9rieures en aluminium du nouvel appart-h\u00f4tel de Sant Cugat del Vall\u00e8s (Barcelone) - GARCIA FAURA","og_description":"Arquitectura en Alumini, Inox, Ferro i Vidre","og_url":"https:\/\/www.garciafaura.com\/fr\/garcia-faura-installara-el-mur-cortina-i-els-tancaments-dalumini-del-nou-aparthotel-de-sant-cugat-del-valles\/","og_site_name":"GARCIA FAURA","article_published_time":"2024-10-30T09:14:54+00:00","article_modified_time":"2024-10-30T09:22:59+00:00","og_image":[{"width":1200,"height":628,"url":"https:\/\/www.garciafaura.com\/wp-content\/uploads\/2024\/09\/Hotel-Node-Sant-Cugat-render.jpg","type":"image\/jpeg"}],"author":"David Achell","twitter_card":"summary_large_image","twitter_misc":{"\u00c9crit par":"David Achell","Dur\u00e9e de lecture estim\u00e9e":"2 minutes"},"schema":{"@context":"https:\/\/schema.org","@graph":[{"@type":"Article","@id":"https:\/\/www.garciafaura.com\/fr\/garcia-faura-installara-el-mur-cortina-i-els-tancaments-dalumini-del-nou-aparthotel-de-sant-cugat-del-valles\/#article","isPartOf":{"@id":"https:\/\/www.garciafaura.com\/fr\/garcia-faura-installara-el-mur-cortina-i-els-tancaments-dalumini-del-nou-aparthotel-de-sant-cugat-del-valles\/"},"author":{"name":"David Achell","@id":"https:\/\/www.garciafaura.com\/fr\/#\/schema\/person\/b4b75e69b33fac3446071909bec106b0"},"headline":"GARCIA FAURA installera le mur-rideau et les menuiseries ext\u00e9rieures en aluminium du nouvel appart-h\u00f4tel de Sant Cugat del Vall\u00e8s (Barcelone)","datePublished":"2024-10-30T09:14:54+00:00","dateModified":"2024-10-30T09:22:59+00:00","mainEntityOfPage":{"@id":"https:\/\/www.garciafaura.com\/fr\/garcia-faura-installara-el-mur-cortina-i-els-tancaments-dalumini-del-nou-aparthotel-de-sant-cugat-del-valles\/"},"wordCount":316,"publisher":{"@id":"https:\/\/www.garciafaura.com\/fr\/#organization"},"image":{"@id":"https:\/\/www.garciafaura.com\/fr\/garcia-faura-installara-el-mur-cortina-i-els-tancaments-dalumini-del-nou-aparthotel-de-sant-cugat-del-valles\/#primaryimage"},"thumbnailUrl":"https:\/\/www.garciafaura.com\/wp-content\/uploads\/2024\/09\/Hotel-Node-Sant-Cugat-render.jpg","articleSection":["Actualit\u00e9"],"inLanguage":"fr-FR"},{"@type":"WebPage","@id":"https:\/\/www.garciafaura.com\/fr\/garcia-faura-installara-el-mur-cortina-i-els-tancaments-dalumini-del-nou-aparthotel-de-sant-cugat-del-valles\/","url":"https:\/\/www.garciafaura.com\/fr\/garcia-faura-installara-el-mur-cortina-i-els-tancaments-dalumini-del-nou-aparthotel-de-sant-cugat-del-valles\/","name":"GARCIA FAURA installera le mur-rideau et les menuiseries ext\u00e9rieures en aluminium du nouvel appart-h\u00f4tel de Sant Cugat del Vall\u00e8s (Barcelone) - GARCIA FAURA","isPartOf":{"@id":"https:\/\/www.garciafaura.com\/fr\/#website"},"primaryImageOfPage":{"@id":"https:\/\/www.garciafaura.com\/fr\/garcia-faura-installara-el-mur-cortina-i-els-tancaments-dalumini-del-nou-aparthotel-de-sant-cugat-del-valles\/#primaryimage"},"image":{"@id":"https:\/\/www.garciafaura.com\/fr\/garcia-faura-installara-el-mur-cortina-i-els-tancaments-dalumini-del-nou-aparthotel-de-sant-cugat-del-valles\/#primaryimage"},"thumbnailUrl":"https:\/\/www.garciafaura.com\/wp-content\/uploads\/2024\/09\/Hotel-Node-Sant-Cugat-render.jpg","datePublished":"2024-10-30T09:14:54+00:00","dateModified":"2024-10-30T09:22:59+00:00","description":"Arquitectura en Alumini, Inox, Ferro i Vidre","breadcrumb":{"@id":"https:\/\/www.garciafaura.com\/fr\/garcia-faura-installara-el-mur-cortina-i-els-tancaments-dalumini-del-nou-aparthotel-de-sant-cugat-del-valles\/#breadcrumb"},"inLanguage":"fr-FR","potentialAction":[{"@type":"ReadAction","target":["https:\/\/www.garciafaura.com\/fr\/garcia-faura-installara-el-mur-cortina-i-els-tancaments-dalumini-del-nou-aparthotel-de-sant-cugat-del-valles\/"]}]},{"@type":"ImageObject","inLanguage":"fr-FR","@id":"https:\/\/www.garciafaura.com\/fr\/garcia-faura-installara-el-mur-cortina-i-els-tancaments-dalumini-del-nou-aparthotel-de-sant-cugat-del-valles\/#primaryimage","url":"https:\/\/www.garciafaura.com\/wp-content\/uploads\/2024\/09\/Hotel-Node-Sant-Cugat-render.jpg","contentUrl":"https:\/\/www.garciafaura.com\/wp-content\/uploads\/2024\/09\/Hotel-Node-Sant-Cugat-render.jpg","width":1200,"height":628,"caption":"Hotel Node Sant Cugat Garcia Faura"},{"@type":"BreadcrumbList","@id":"https:\/\/www.garciafaura.com\/fr\/garcia-faura-installara-el-mur-cortina-i-els-tancaments-dalumini-del-nou-aparthotel-de-sant-cugat-del-valles\/#breadcrumb","itemListElement":[{"@type":"ListItem","position":1,"name":"Inici","item":"https:\/\/www.garciafaura.com\/fr\/"},{"@type":"ListItem","position":2,"name":"GARCIA FAURA installera le mur-rideau et les menuiseries ext\u00e9rieures en aluminium du nouvel appart-h\u00f4tel de Sant Cugat del Vall\u00e8s (Barcelone)"}]},{"@type":"WebSite","@id":"https:\/\/www.garciafaura.com\/fr\/#website","url":"https:\/\/www.garciafaura.com\/fr\/","name":"GARCIA FAURA","description":"Arquitectura en Alumini, Inox, Ferro i Vidre","publisher":{"@id":"https:\/\/www.garciafaura.com\/fr\/#organization"},"potentialAction":[{"@type":"SearchAction","target":{"@type":"EntryPoint","urlTemplate":"https:\/\/www.garciafaura.com\/fr\/?s={search_term_string}"},"query-input":{"@type":"PropertyValueSpecification","valueRequired":true,"valueName":"search_term_string"}}],"inLanguage":"fr-FR"},{"@type":"Organization","@id":"https:\/\/www.garciafaura.com\/fr\/#organization","name":"GARCIA FAURA","url":"https:\/\/www.garciafaura.com\/fr\/","logo":{"@type":"ImageObject","inLanguage":"fr-FR","@id":"https:\/\/www.garciafaura.com\/fr\/#\/schema\/logo\/image\/","url":"https:\/\/www.garciafaura.com\/wp-content\/uploads\/2018\/09\/Garcia-Faura.png","contentUrl":"https:\/\/www.garciafaura.com\/wp-content\/uploads\/2018\/09\/Garcia-Faura.png","width":512,"height":512,"caption":"GARCIA FAURA"},"image":{"@id":"https:\/\/www.garciafaura.com\/fr\/#\/schema\/logo\/image\/"},"sameAs":["https:\/\/www.youtube.com\/user\/GARCIAFAURA"]},{"@type":"Person","@id":"https:\/\/www.garciafaura.com\/fr\/#\/schema\/person\/b4b75e69b33fac3446071909bec106b0","name":"David Achell","image":{"@type":"ImageObject","inLanguage":"fr-FR","@id":"https:\/\/www.garciafaura.com\/fr\/#\/schema\/person\/image\/","url":"https:\/\/secure.gravatar.com\/avatar\/03900210afc1f61bce737bcb4a79c02e2c997f171e3eca839b5a4cbe03846c90?s=96&d=blank&r=g","contentUrl":"https:\/\/secure.gravatar.com\/avatar\/03900210afc1f61bce737bcb4a79c02e2c997f171e3eca839b5a4cbe03846c90?s=96&d=blank&r=g","caption":"David Achell"}}]}},"_links":{"self":[{"href":"https:\/\/www.garciafaura.com\/fr\/wp-json\/wp\/v2\/posts\/38467","targetHints":{"allow":["GET"]}}],"collection":[{"href":"https:\/\/www.garciafaura.com\/fr\/wp-json\/wp\/v2\/posts"}],"about":[{"href":"https:\/\/www.garciafaura.com\/fr\/wp-json\/wp\/v2\/types\/post"}],"author":[{"embeddable":true,"href":"https:\/\/www.garciafaura.com\/fr\/wp-json\/wp\/v2\/users\/3"}],"replies":[{"embeddable":true,"href":"https:\/\/www.garciafaura.com\/fr\/wp-json\/wp\/v2\/comments?post=38467"}],"version-history":[{"count":2,"href":"https:\/\/www.garciafaura.com\/fr\/wp-json\/wp\/v2\/posts\/38467\/revisions"}],"predecessor-version":[{"id":38472,"href":"https:\/\/www.garciafaura.com\/fr\/wp-json\/wp\/v2\/posts\/38467\/revisions\/38472"}],"wp:featuredmedia":[{"embeddable":true,"href":"https:\/\/www.garciafaura.com\/fr\/wp-json\/wp\/v2\/media\/37466"}],"wp:attachment":[{"href":"https:\/\/www.garciafaura.com\/fr\/wp-json\/wp\/v2\/media?parent=38467"}],"wp:term":[{"taxonomy":"category","embeddable":true,"href":"https:\/\/www.garciafaura.com\/fr\/wp-json\/wp\/v2\/categories?post=38467"},{"taxonomy":"post_tag","embeddable":true,"href":"https:\/\/www.garciafaura.com\/fr\/wp-json\/wp\/v2\/tags?post=38467"},{"taxonomy":"post_series","embeddable":true,"href":"https:\/\/www.garciafaura.com\/fr\/wp-json\/wp\/v2\/post_series?post=38467"}],"curies":[{"name":"wp","href":"https:\/\/api.w.org\/{rel}","templated":true}]}}