{"id":37532,"date":"2024-09-20T13:18:33","date_gmt":"2024-09-20T11:18:33","guid":{"rendered":"https:\/\/www.garciafaura.com\/garcia-faura-signa-les-facanes-del-nou-hotel-bb-de-luxemburg\/"},"modified":"2024-09-20T13:37:20","modified_gmt":"2024-09-20T11:37:20","slug":"garcia-faura-signa-les-facanes-del-nou-hotel-bb-de-luxemburg","status":"publish","type":"post","link":"https:\/\/www.garciafaura.com\/fr\/garcia-faura-signa-les-facanes-del-nou-hotel-bb-de-luxemburg\/","title":{"rendered":"GARCIA FAURA signe les fa\u00e7ades de l&rsquo;H\u00f4tel B&#038;B \u00e0 Luxembourg"},"content":{"rendered":"<h3 lang=\"fr-FR\" style=\"text-align: justify;\" align=\"justify\"><span style=\"font-family: 'Open Sans';\"><b>GARCIA FAURA r\u00e9alisera les fa\u00e7ades de l&rsquo;H\u00f4tel B&amp;B en construction \u00e0 Luxembourg, plus pr\u00e9cis\u00e9ment dans le quartier connu sous le nom de Cloche d&rsquo;Or. Il s&rsquo;agit d&rsquo;un quartier d&rsquo;affaires et r\u00e9sidentiel o\u00f9 l&rsquo;entreprise catalane a d\u00e9j\u00e0 laiss\u00e9 sa marque avec la r\u00e9alisation d&rsquo;autres projets comme le si\u00e8ge de la Banca San Paolo.<\/b><\/span><\/h3>\n<p style=\"text-align: justify;\" align=\"justify\"><span style=\"font-family: 'Open Sans';\"><span lang=\"fr-FR\">L&rsquo;<strong>H\u00f4tel B&amp;B<\/strong> sera un b\u00e2timent de six \u00e9tages avec 150 chambres. Le b\u00e2timent, qui aura une superficie totale de 5.400 m\u00e8tres carr\u00e9s, sera le premier \u00e9tablissement h\u00f4telier au Luxembourg de B&amp;B Hotels Western Europe.<\/span><\/span><\/p>\n<p lang=\"fr-FR\" style=\"text-align: justify;\" align=\"justify\"><span style=\"font-family: 'Open Sans';\">L&rsquo;<strong>H\u00f4tel B&amp;B<\/strong> trois \u00e9toiles, qui ouvrira ses portes au premier semestre 2025, disposera du <strong>certificat de construction durable BREEM Excellent<\/strong>, qui garantit l&rsquo;efficacit\u00e9 \u00e9nerg\u00e9tique et des espaces plus sains et plus s\u00fbrs.<\/span><\/p>\n<p style=\"text-align: justify;\" align=\"justify\"><span style=\"font-family: 'Open Sans';\"><span lang=\"fr-FR\">Les travaux r\u00e9alis\u00e9s par <strong>GARCIA FAURA<\/strong>, qui fabriquera et installera 204 <strong>menuiseries en aluminium<\/strong> \u00e0 hautes performances, notamment en ce qui concerne l&rsquo;att\u00e9nuation acoustique requise sur deux des <strong>fa\u00e7ades<\/strong>, contribuent de mani\u00e8re d\u00e9cisive \u00e0 l&rsquo;obtention de ce certificat de durabilit\u00e9. Au rez-de-chauss\u00e9e, environ 400 m\u00e8tres carr\u00e9s de <strong>murs-rideaux<\/strong> vitr\u00e9s de plus de trois m\u00e8tres de haut seront install\u00e9s.<\/span><\/span><\/p>\n<p style=\"text-align: justify;\" align=\"justify\"><span style=\"font-family: 'Open Sans';\"><span lang=\"fr-FR\">Les <strong>fa\u00e7ades<\/strong> auront environ 2.000 m\u00e8tres carr\u00e9s de bardage m\u00e9tallique, r\u00e9alis\u00e9 avec des profil\u00e9s d\u00e9membr\u00e9s et des t\u00f4les pli\u00e9es, avec une surface de conception rectangulaire ondul\u00e9e cr\u00e9\u00e9e sp\u00e9cialement pour ce projet.<\/span><\/span><\/p>\n<h4 style=\"text-align: justify;\" align=\"justify\"><span style=\"font-family: 'Open Sans';\"><span lang=\"fr-FR\"><b>Propre solution Technique<\/b><\/span><\/span><\/h4>\n<p lang=\"fr-FR\" style=\"text-align: justify;\" align=\"justify\"><span style=\"font-family: 'Open Sans';\">Il s&rsquo;agit d&rsquo;une solution technique d\u00e9velopp\u00e9e par <strong>GARCIA FAURA<\/strong> qui permet d&rsquo;installer directement sur chantier les modules fabriqu\u00e9s et assembl\u00e9s en atelier. Cela r\u00e9duit le temps d&rsquo;installation et avec une qualit\u00e9 sup\u00e9rieure \u00e0 la m\u00e9thode traditionnelle.<\/span><\/p>\n<p style=\"text-align: justify;\" align=\"justify\"><span style=\"font-family: 'Open Sans';\"><span lang=\"fr-FR\">D&rsquo;autres travaux de <strong>GARCIA FAURA<\/strong> \u00e0 l&rsquo;<strong>H\u00f4tel B&amp;B<\/strong> seront l&rsquo;installation de deux portes automatiques et de dis portes en <strong>aluminium<\/strong> et vitrage (dont un coupe-feu), ainsi que le rev\u00eatement en panneaux sandwich de la structure qui recouvre les machines du b\u00e2timent.<\/span><\/span><\/p>\n<p style=\"text-align: justify;\" align=\"justify\"><span style=\"font-family: 'Open Sans';\"><span lang=\"fr-FR\">L&rsquo;<strong>H\u00f4tel B&amp;B<\/strong> sera le deuxi\u00e8me projet que<strong> GARCIA FAURA<\/strong> r\u00e9alisera dans la zone connue sous le nom de <strong>Cloche d&rsquo;Or<\/strong>, puisque, pratiquement en face de l&rsquo;\u00e9tablissement h\u00f4telier, se trouve la Banca San Paolo pour laquelle, l&rsquo;entreprise catalane, a r\u00e9alis\u00e9 en 2021, les <strong>murs-rideaux en aluminium<\/strong> et en vitrage.<\/span><\/span><\/p>\n","protected":false},"excerpt":{"rendered":"<p>GARCIA FAURA r\u00e9alisera les fa\u00e7ades de l&rsquo;H\u00f4tel B&amp;B en construction \u00e0 Luxembourg, plus pr\u00e9cis\u00e9ment dans le quartier connu sous le nom de Cloche d&rsquo;Or. Il s&rsquo;agit d&rsquo;un quartier d&rsquo;affaires et r\u00e9sidentiel o\u00f9 l&rsquo;entreprise catalane a d\u00e9j\u00e0 laiss\u00e9 sa marque avec&hellip;<\/p>\n","protected":false},"author":3,"featured_media":37527,"comment_status":"closed","ping_status":"open","sticky":false,"template":"","format":"standard","meta":{"footnotes":""},"categories":[2],"tags":[],"post_series":[],"class_list":["post-37532","post","type-post","status-publish","format-standard","has-post-thumbnail","hentry","category-actualite","entry","has-media"],"yoast_head":"<!-- This site is optimized with the Yoast SEO plugin v26.7 - https:\/\/yoast.com\/wordpress\/plugins\/seo\/ -->\n<title>GARCIA FAURA signe les fa\u00e7ades de l&#039;H\u00f4tel B&amp;B \u00e0 Luxembourg - GARCIA FAURA<\/title>\n<meta name=\"description\" content=\"Arquitectura en Alumini, Inox, Ferro i Vidre\" \/>\n<meta name=\"robots\" content=\"index, follow, max-snippet:-1, max-image-preview:large, max-video-preview:-1\" \/>\n<link rel=\"canonical\" href=\"https:\/\/www.garciafaura.com\/fr\/garcia-faura-signa-les-facanes-del-nou-hotel-bb-de-luxemburg\/\" \/>\n<meta property=\"og:locale\" content=\"fr_FR\" \/>\n<meta property=\"og:type\" content=\"article\" \/>\n<meta property=\"og:title\" content=\"GARCIA FAURA signe les fa\u00e7ades de l&#039;H\u00f4tel B&amp;B \u00e0 Luxembourg - GARCIA FAURA\" \/>\n<meta property=\"og:description\" content=\"Arquitectura en Alumini, Inox, Ferro i Vidre\" \/>\n<meta property=\"og:url\" content=\"https:\/\/www.garciafaura.com\/fr\/garcia-faura-signa-les-facanes-del-nou-hotel-bb-de-luxemburg\/\" \/>\n<meta property=\"og:site_name\" content=\"GARCIA FAURA\" \/>\n<meta property=\"article:published_time\" content=\"2024-09-20T11:18:33+00:00\" \/>\n<meta property=\"article:modified_time\" content=\"2024-09-20T11:37:20+00:00\" \/>\n<meta property=\"og:image\" content=\"https:\/\/www.garciafaura.com\/wp-content\/uploads\/2024\/09\/Imatge-Hotel-BB.jpg\" \/>\n\t<meta property=\"og:image:width\" content=\"768\" \/>\n\t<meta property=\"og:image:height\" content=\"768\" \/>\n\t<meta property=\"og:image:type\" content=\"image\/jpeg\" \/>\n<meta name=\"author\" content=\"David Achell\" \/>\n<meta name=\"twitter:card\" content=\"summary_large_image\" \/>\n<meta name=\"twitter:label1\" content=\"\u00c9crit par\" \/>\n\t<meta name=\"twitter:data1\" content=\"David Achell\" \/>\n\t<meta name=\"twitter:label2\" content=\"Dur\u00e9e de lecture estim\u00e9e\" \/>\n\t<meta name=\"twitter:data2\" content=\"3 minutes\" \/>\n<script type=\"application\/ld+json\" class=\"yoast-schema-graph\">{\"@context\":\"https:\/\/schema.org\",\"@graph\":[{\"@type\":\"Article\",\"@id\":\"https:\/\/www.garciafaura.com\/fr\/garcia-faura-signa-les-facanes-del-nou-hotel-bb-de-luxemburg\/#article\",\"isPartOf\":{\"@id\":\"https:\/\/www.garciafaura.com\/fr\/garcia-faura-signa-les-facanes-del-nou-hotel-bb-de-luxemburg\/\"},\"author\":{\"name\":\"David Achell\",\"@id\":\"https:\/\/www.garciafaura.com\/fr\/#\/schema\/person\/b4b75e69b33fac3446071909bec106b0\"},\"headline\":\"GARCIA FAURA signe les fa\u00e7ades de l&rsquo;H\u00f4tel B&#038;B \u00e0 Luxembourg\",\"datePublished\":\"2024-09-20T11:18:33+00:00\",\"dateModified\":\"2024-09-20T11:37:20+00:00\",\"mainEntityOfPage\":{\"@id\":\"https:\/\/www.garciafaura.com\/fr\/garcia-faura-signa-les-facanes-del-nou-hotel-bb-de-luxemburg\/\"},\"wordCount\":429,\"publisher\":{\"@id\":\"https:\/\/www.garciafaura.com\/fr\/#organization\"},\"image\":{\"@id\":\"https:\/\/www.garciafaura.com\/fr\/garcia-faura-signa-les-facanes-del-nou-hotel-bb-de-luxemburg\/#primaryimage\"},\"thumbnailUrl\":\"https:\/\/www.garciafaura.com\/wp-content\/uploads\/2024\/09\/Imatge-Hotel-BB.jpg\",\"articleSection\":[\"Actualit\u00e9\"],\"inLanguage\":\"fr-FR\"},{\"@type\":\"WebPage\",\"@id\":\"https:\/\/www.garciafaura.com\/fr\/garcia-faura-signa-les-facanes-del-nou-hotel-bb-de-luxemburg\/\",\"url\":\"https:\/\/www.garciafaura.com\/fr\/garcia-faura-signa-les-facanes-del-nou-hotel-bb-de-luxemburg\/\",\"name\":\"GARCIA FAURA signe les fa\u00e7ades de l'H\u00f4tel B&B \u00e0 Luxembourg - GARCIA FAURA\",\"isPartOf\":{\"@id\":\"https:\/\/www.garciafaura.com\/fr\/#website\"},\"primaryImageOfPage\":{\"@id\":\"https:\/\/www.garciafaura.com\/fr\/garcia-faura-signa-les-facanes-del-nou-hotel-bb-de-luxemburg\/#primaryimage\"},\"image\":{\"@id\":\"https:\/\/www.garciafaura.com\/fr\/garcia-faura-signa-les-facanes-del-nou-hotel-bb-de-luxemburg\/#primaryimage\"},\"thumbnailUrl\":\"https:\/\/www.garciafaura.com\/wp-content\/uploads\/2024\/09\/Imatge-Hotel-BB.jpg\",\"datePublished\":\"2024-09-20T11:18:33+00:00\",\"dateModified\":\"2024-09-20T11:37:20+00:00\",\"description\":\"Arquitectura en Alumini, Inox, Ferro i Vidre\",\"breadcrumb\":{\"@id\":\"https:\/\/www.garciafaura.com\/fr\/garcia-faura-signa-les-facanes-del-nou-hotel-bb-de-luxemburg\/#breadcrumb\"},\"inLanguage\":\"fr-FR\",\"potentialAction\":[{\"@type\":\"ReadAction\",\"target\":[\"https:\/\/www.garciafaura.com\/fr\/garcia-faura-signa-les-facanes-del-nou-hotel-bb-de-luxemburg\/\"]}]},{\"@type\":\"ImageObject\",\"inLanguage\":\"fr-FR\",\"@id\":\"https:\/\/www.garciafaura.com\/fr\/garcia-faura-signa-les-facanes-del-nou-hotel-bb-de-luxemburg\/#primaryimage\",\"url\":\"https:\/\/www.garciafaura.com\/wp-content\/uploads\/2024\/09\/Imatge-Hotel-BB.jpg\",\"contentUrl\":\"https:\/\/www.garciafaura.com\/wp-content\/uploads\/2024\/09\/Imatge-Hotel-BB.jpg\",\"width\":768,\"height\":768,\"caption\":\"Hotel B&B Cloche d'Or Luxemburg Luxemburgo Luxembourg Garcia Faura\"},{\"@type\":\"BreadcrumbList\",\"@id\":\"https:\/\/www.garciafaura.com\/fr\/garcia-faura-signa-les-facanes-del-nou-hotel-bb-de-luxemburg\/#breadcrumb\",\"itemListElement\":[{\"@type\":\"ListItem\",\"position\":1,\"name\":\"Inici\",\"item\":\"https:\/\/www.garciafaura.com\/fr\/\"},{\"@type\":\"ListItem\",\"position\":2,\"name\":\"GARCIA FAURA signe les fa\u00e7ades de l&#8217;H\u00f4tel B&#038;B \u00e0 Luxembourg\"}]},{\"@type\":\"WebSite\",\"@id\":\"https:\/\/www.garciafaura.com\/fr\/#website\",\"url\":\"https:\/\/www.garciafaura.com\/fr\/\",\"name\":\"GARCIA FAURA\",\"description\":\"Arquitectura en Alumini, Inox, Ferro i Vidre\",\"publisher\":{\"@id\":\"https:\/\/www.garciafaura.com\/fr\/#organization\"},\"potentialAction\":[{\"@type\":\"SearchAction\",\"target\":{\"@type\":\"EntryPoint\",\"urlTemplate\":\"https:\/\/www.garciafaura.com\/fr\/?s={search_term_string}\"},\"query-input\":{\"@type\":\"PropertyValueSpecification\",\"valueRequired\":true,\"valueName\":\"search_term_string\"}}],\"inLanguage\":\"fr-FR\"},{\"@type\":\"Organization\",\"@id\":\"https:\/\/www.garciafaura.com\/fr\/#organization\",\"name\":\"GARCIA FAURA\",\"url\":\"https:\/\/www.garciafaura.com\/fr\/\",\"logo\":{\"@type\":\"ImageObject\",\"inLanguage\":\"fr-FR\",\"@id\":\"https:\/\/www.garciafaura.com\/fr\/#\/schema\/logo\/image\/\",\"url\":\"https:\/\/www.garciafaura.com\/wp-content\/uploads\/2018\/09\/Garcia-Faura.png\",\"contentUrl\":\"https:\/\/www.garciafaura.com\/wp-content\/uploads\/2018\/09\/Garcia-Faura.png\",\"width\":512,\"height\":512,\"caption\":\"GARCIA FAURA\"},\"image\":{\"@id\":\"https:\/\/www.garciafaura.com\/fr\/#\/schema\/logo\/image\/\"},\"sameAs\":[\"https:\/\/www.youtube.com\/user\/GARCIAFAURA\"]},{\"@type\":\"Person\",\"@id\":\"https:\/\/www.garciafaura.com\/fr\/#\/schema\/person\/b4b75e69b33fac3446071909bec106b0\",\"name\":\"David Achell\",\"image\":{\"@type\":\"ImageObject\",\"inLanguage\":\"fr-FR\",\"@id\":\"https:\/\/www.garciafaura.com\/fr\/#\/schema\/person\/image\/\",\"url\":\"https:\/\/secure.gravatar.com\/avatar\/03900210afc1f61bce737bcb4a79c02e2c997f171e3eca839b5a4cbe03846c90?s=96&d=blank&r=g\",\"contentUrl\":\"https:\/\/secure.gravatar.com\/avatar\/03900210afc1f61bce737bcb4a79c02e2c997f171e3eca839b5a4cbe03846c90?s=96&d=blank&r=g\",\"caption\":\"David Achell\"}}]}<\/script>\n<!-- \/ Yoast SEO plugin. -->","yoast_head_json":{"title":"GARCIA FAURA signe les fa\u00e7ades de l'H\u00f4tel B&B \u00e0 Luxembourg - GARCIA FAURA","description":"Arquitectura en Alumini, Inox, Ferro i Vidre","robots":{"index":"index","follow":"follow","max-snippet":"max-snippet:-1","max-image-preview":"max-image-preview:large","max-video-preview":"max-video-preview:-1"},"canonical":"https:\/\/www.garciafaura.com\/fr\/garcia-faura-signa-les-facanes-del-nou-hotel-bb-de-luxemburg\/","og_locale":"fr_FR","og_type":"article","og_title":"GARCIA FAURA signe les fa\u00e7ades de l'H\u00f4tel B&B \u00e0 Luxembourg - GARCIA FAURA","og_description":"Arquitectura en Alumini, Inox, Ferro i Vidre","og_url":"https:\/\/www.garciafaura.com\/fr\/garcia-faura-signa-les-facanes-del-nou-hotel-bb-de-luxemburg\/","og_site_name":"GARCIA FAURA","article_published_time":"2024-09-20T11:18:33+00:00","article_modified_time":"2024-09-20T11:37:20+00:00","og_image":[{"width":768,"height":768,"url":"https:\/\/www.garciafaura.com\/wp-content\/uploads\/2024\/09\/Imatge-Hotel-BB.jpg","type":"image\/jpeg"}],"author":"David Achell","twitter_card":"summary_large_image","twitter_misc":{"\u00c9crit par":"David Achell","Dur\u00e9e de lecture estim\u00e9e":"3 minutes"},"schema":{"@context":"https:\/\/schema.org","@graph":[{"@type":"Article","@id":"https:\/\/www.garciafaura.com\/fr\/garcia-faura-signa-les-facanes-del-nou-hotel-bb-de-luxemburg\/#article","isPartOf":{"@id":"https:\/\/www.garciafaura.com\/fr\/garcia-faura-signa-les-facanes-del-nou-hotel-bb-de-luxemburg\/"},"author":{"name":"David Achell","@id":"https:\/\/www.garciafaura.com\/fr\/#\/schema\/person\/b4b75e69b33fac3446071909bec106b0"},"headline":"GARCIA FAURA signe les fa\u00e7ades de l&rsquo;H\u00f4tel B&#038;B \u00e0 Luxembourg","datePublished":"2024-09-20T11:18:33+00:00","dateModified":"2024-09-20T11:37:20+00:00","mainEntityOfPage":{"@id":"https:\/\/www.garciafaura.com\/fr\/garcia-faura-signa-les-facanes-del-nou-hotel-bb-de-luxemburg\/"},"wordCount":429,"publisher":{"@id":"https:\/\/www.garciafaura.com\/fr\/#organization"},"image":{"@id":"https:\/\/www.garciafaura.com\/fr\/garcia-faura-signa-les-facanes-del-nou-hotel-bb-de-luxemburg\/#primaryimage"},"thumbnailUrl":"https:\/\/www.garciafaura.com\/wp-content\/uploads\/2024\/09\/Imatge-Hotel-BB.jpg","articleSection":["Actualit\u00e9"],"inLanguage":"fr-FR"},{"@type":"WebPage","@id":"https:\/\/www.garciafaura.com\/fr\/garcia-faura-signa-les-facanes-del-nou-hotel-bb-de-luxemburg\/","url":"https:\/\/www.garciafaura.com\/fr\/garcia-faura-signa-les-facanes-del-nou-hotel-bb-de-luxemburg\/","name":"GARCIA FAURA signe les fa\u00e7ades de l'H\u00f4tel B&B \u00e0 Luxembourg - GARCIA FAURA","isPartOf":{"@id":"https:\/\/www.garciafaura.com\/fr\/#website"},"primaryImageOfPage":{"@id":"https:\/\/www.garciafaura.com\/fr\/garcia-faura-signa-les-facanes-del-nou-hotel-bb-de-luxemburg\/#primaryimage"},"image":{"@id":"https:\/\/www.garciafaura.com\/fr\/garcia-faura-signa-les-facanes-del-nou-hotel-bb-de-luxemburg\/#primaryimage"},"thumbnailUrl":"https:\/\/www.garciafaura.com\/wp-content\/uploads\/2024\/09\/Imatge-Hotel-BB.jpg","datePublished":"2024-09-20T11:18:33+00:00","dateModified":"2024-09-20T11:37:20+00:00","description":"Arquitectura en Alumini, Inox, Ferro i Vidre","breadcrumb":{"@id":"https:\/\/www.garciafaura.com\/fr\/garcia-faura-signa-les-facanes-del-nou-hotel-bb-de-luxemburg\/#breadcrumb"},"inLanguage":"fr-FR","potentialAction":[{"@type":"ReadAction","target":["https:\/\/www.garciafaura.com\/fr\/garcia-faura-signa-les-facanes-del-nou-hotel-bb-de-luxemburg\/"]}]},{"@type":"ImageObject","inLanguage":"fr-FR","@id":"https:\/\/www.garciafaura.com\/fr\/garcia-faura-signa-les-facanes-del-nou-hotel-bb-de-luxemburg\/#primaryimage","url":"https:\/\/www.garciafaura.com\/wp-content\/uploads\/2024\/09\/Imatge-Hotel-BB.jpg","contentUrl":"https:\/\/www.garciafaura.com\/wp-content\/uploads\/2024\/09\/Imatge-Hotel-BB.jpg","width":768,"height":768,"caption":"Hotel B&B Cloche d'Or Luxemburg Luxemburgo Luxembourg Garcia Faura"},{"@type":"BreadcrumbList","@id":"https:\/\/www.garciafaura.com\/fr\/garcia-faura-signa-les-facanes-del-nou-hotel-bb-de-luxemburg\/#breadcrumb","itemListElement":[{"@type":"ListItem","position":1,"name":"Inici","item":"https:\/\/www.garciafaura.com\/fr\/"},{"@type":"ListItem","position":2,"name":"GARCIA FAURA signe les fa\u00e7ades de l&#8217;H\u00f4tel B&#038;B \u00e0 Luxembourg"}]},{"@type":"WebSite","@id":"https:\/\/www.garciafaura.com\/fr\/#website","url":"https:\/\/www.garciafaura.com\/fr\/","name":"GARCIA FAURA","description":"Arquitectura en Alumini, Inox, Ferro i Vidre","publisher":{"@id":"https:\/\/www.garciafaura.com\/fr\/#organization"},"potentialAction":[{"@type":"SearchAction","target":{"@type":"EntryPoint","urlTemplate":"https:\/\/www.garciafaura.com\/fr\/?s={search_term_string}"},"query-input":{"@type":"PropertyValueSpecification","valueRequired":true,"valueName":"search_term_string"}}],"inLanguage":"fr-FR"},{"@type":"Organization","@id":"https:\/\/www.garciafaura.com\/fr\/#organization","name":"GARCIA FAURA","url":"https:\/\/www.garciafaura.com\/fr\/","logo":{"@type":"ImageObject","inLanguage":"fr-FR","@id":"https:\/\/www.garciafaura.com\/fr\/#\/schema\/logo\/image\/","url":"https:\/\/www.garciafaura.com\/wp-content\/uploads\/2018\/09\/Garcia-Faura.png","contentUrl":"https:\/\/www.garciafaura.com\/wp-content\/uploads\/2018\/09\/Garcia-Faura.png","width":512,"height":512,"caption":"GARCIA FAURA"},"image":{"@id":"https:\/\/www.garciafaura.com\/fr\/#\/schema\/logo\/image\/"},"sameAs":["https:\/\/www.youtube.com\/user\/GARCIAFAURA"]},{"@type":"Person","@id":"https:\/\/www.garciafaura.com\/fr\/#\/schema\/person\/b4b75e69b33fac3446071909bec106b0","name":"David Achell","image":{"@type":"ImageObject","inLanguage":"fr-FR","@id":"https:\/\/www.garciafaura.com\/fr\/#\/schema\/person\/image\/","url":"https:\/\/secure.gravatar.com\/avatar\/03900210afc1f61bce737bcb4a79c02e2c997f171e3eca839b5a4cbe03846c90?s=96&d=blank&r=g","contentUrl":"https:\/\/secure.gravatar.com\/avatar\/03900210afc1f61bce737bcb4a79c02e2c997f171e3eca839b5a4cbe03846c90?s=96&d=blank&r=g","caption":"David Achell"}}]}},"_links":{"self":[{"href":"https:\/\/www.garciafaura.com\/fr\/wp-json\/wp\/v2\/posts\/37532","targetHints":{"allow":["GET"]}}],"collection":[{"href":"https:\/\/www.garciafaura.com\/fr\/wp-json\/wp\/v2\/posts"}],"about":[{"href":"https:\/\/www.garciafaura.com\/fr\/wp-json\/wp\/v2\/types\/post"}],"author":[{"embeddable":true,"href":"https:\/\/www.garciafaura.com\/fr\/wp-json\/wp\/v2\/users\/3"}],"replies":[{"embeddable":true,"href":"https:\/\/www.garciafaura.com\/fr\/wp-json\/wp\/v2\/comments?post=37532"}],"version-history":[{"count":3,"href":"https:\/\/www.garciafaura.com\/fr\/wp-json\/wp\/v2\/posts\/37532\/revisions"}],"predecessor-version":[{"id":37543,"href":"https:\/\/www.garciafaura.com\/fr\/wp-json\/wp\/v2\/posts\/37532\/revisions\/37543"}],"wp:featuredmedia":[{"embeddable":true,"href":"https:\/\/www.garciafaura.com\/fr\/wp-json\/wp\/v2\/media\/37527"}],"wp:attachment":[{"href":"https:\/\/www.garciafaura.com\/fr\/wp-json\/wp\/v2\/media?parent=37532"}],"wp:term":[{"taxonomy":"category","embeddable":true,"href":"https:\/\/www.garciafaura.com\/fr\/wp-json\/wp\/v2\/categories?post=37532"},{"taxonomy":"post_tag","embeddable":true,"href":"https:\/\/www.garciafaura.com\/fr\/wp-json\/wp\/v2\/tags?post=37532"},{"taxonomy":"post_series","embeddable":true,"href":"https:\/\/www.garciafaura.com\/fr\/wp-json\/wp\/v2\/post_series?post=37532"}],"curies":[{"name":"wp","href":"https:\/\/api.w.org\/{rel}","templated":true}]}}