{"id":37515,"date":"2024-09-26T09:00:32","date_gmt":"2024-09-26T07:00:32","guid":{"rendered":"https:\/\/www.garciafaura.com\/garcia-faura-participa-de-la-construccio-de-nous-edificis-de-lotan-a-luxemburg\/"},"modified":"2024-09-20T09:44:58","modified_gmt":"2024-09-20T07:44:58","slug":"garcia-faura-participa-de-la-construccio-de-nous-edificis-de-lotan-a-luxemburg","status":"publish","type":"post","link":"https:\/\/www.garciafaura.com\/fr\/garcia-faura-participa-de-la-construccio-de-nous-edificis-de-lotan-a-luxemburg\/","title":{"rendered":"GARCIA FAURA participe \u00e0 la construction des nouveaux b\u00e2timents de l&rsquo;OTAN au Luxembourg"},"content":{"rendered":"<h3 class=\"western\" lang=\"ca-ES\" style=\"text-align: justify;\"><span style=\"font-family: 'Open Sans';\"><span style=\"color: #000000;\"><span style=\"font-size: large;\"><span lang=\"fr-CA\">L&rsquo;entreprise a \u00e9t\u00e9 choisie pour r\u00e9aliser les fa\u00e7ades et les murs-rideaux\u00a0<\/span><\/span><\/span><span style=\"color: #000000;\"><span style=\"font-size: large;\"><span lang=\"fr-CA\">des nouveaux b\u00e2timents de service de ce complexe gouvernemental. Les\u00a0<\/span><\/span><\/span><span style=\"color: #000000;\"><span style=\"font-size: large;\"><span lang=\"fr-CA\">solutions propos\u00e9es par GARCIA FAURA pr\u00e9sentent les performances\u00a0<\/span><\/span><\/span><span style=\"color: #000000;\"><span style=\"font-size: large;\"><span lang=\"fr-CA\">thermiques les plus \u00e9lev\u00e9es du march\u00e9.<\/span><\/span><\/span><\/span><\/h3>\n<p class=\"western\" lang=\"ca-ES\" style=\"text-align: justify;\"><span style=\"color: #000000; font-family: 'Open Sans';\"><span lang=\"fr-CA\">L&rsquo;<strong>Agence OTAN de soutien et d&rsquo;acquisition (NSPA)<\/strong> est bas\u00e9e\u00a0dans la ville de Capellen au Luxembourg. Il a pour mission d&rsquo;apporter un soutien aux pays alli\u00e9s, partenaires et autres organisations internationales pour l&rsquo;acquisition et la maintenance d&rsquo;\u00e9quipements et de logistique, dans le cadre des op\u00e9rations men\u00e9es par l&rsquo;alliance des pays europ\u00e9ens et nord-am\u00e9ricains dans le domaine de la d\u00e9fense et de la s\u00e9curit\u00e9.<\/span><\/span><\/p>\n<p class=\"western\" lang=\"ca-ES\" style=\"text-align: justify;\"><span style=\"font-family: 'Open Sans';\"><span style=\"color: #000000;\"><span lang=\"fr-CA\">Plus de 50 ans apr\u00e8s la construction du site, l&rsquo;agence est aujourd&rsquo;hui en train de<\/span><\/span> <span style=\"color: #000000;\"><span lang=\"fr-CA\">moderniser le complexe et a entam\u00e9 la construction de deux nouveaux b\u00e2timents qui<\/span><\/span> <span style=\"color: #000000;\"><span lang=\"fr-CA\">abriteront les services administratifs. <\/span><\/span><span style=\"color: #000000;\"><span lang=\"fr-CA\">Pour les r\u00e9aliser, les entreprises de construction Soludec et Tralux ont fait confiance \u00e0\u00a0<\/span><\/span><span style=\"color: #000000;\"><span lang=\"fr-CA\"><strong>GARCIA FAURA<\/strong> pour la r\u00e9alisation des <strong>enveloppes<\/strong> des deux b\u00e2timents.<\/span><\/span><\/span><\/p>\n<p class=\"western\" lang=\"ca-ES\" style=\"text-align: justify;\"><span style=\"font-family: 'Open Sans';\"><span style=\"color: #000000;\"><span lang=\"fr-CA\">L&rsquo;un des objectifs du projet architectural, sign\u00e9 par HO Architectes, \u00e9tait d&rsquo;avoir une<\/span><\/span> <span style=\"color: #000000;\"><span lang=\"fr-CA\"><strong>fa\u00e7ade<\/strong> majoritairement vitr\u00e9e qui apporterait un maximum de lumi\u00e8re naturelle aux<\/span><\/span> <span style=\"color: #000000;\"><span lang=\"fr-CA\">plateformes de travail et avec une efficacit\u00e9 maximale. Dans cet objectif, 4.000 m\u00e8tres<\/span><\/span> <span style=\"color: #000000;\"><span lang=\"fr-CA\">carr\u00e9s de <strong>murs-rideaux<\/strong> seront d\u00e9velopp\u00e9s avec les performances thermiques les plus<\/span><\/span> <span style=\"color: #000000;\"><span lang=\"fr-CA\">\u00e9lev\u00e9es du march\u00e9, avec un triple vitrage pr\u00e9sentant un tr\u00e8s faible coefficient de<\/span><\/span> <span style=\"color: #000000;\"><span lang=\"fr-CA\">transfert thermique.\u00a0<\/span><\/span><\/span><\/p>\n<p class=\"western\" lang=\"ca-ES\" style=\"text-align: justify;\"><span style=\"font-family: 'Open Sans';\"><span style=\"color: #000000;\"><span lang=\"fr-CA\">Les travaux \u00e0 r\u00e9aliser par <strong>GARCIA FAURA<\/strong> comprennent d&rsquo;autres \u00e9l\u00e9ments, tels que de<\/span><\/span> <span style=\"color: #000000;\"><span lang=\"fr-CA\">bardage en t\u00f4le <strong>aluminium<\/strong>, des syst\u00e8mes motoris\u00e9s de lamelles orientable (BSO), de<\/span><\/span> <span style=\"color: #000000;\"><span lang=\"fr-CA\">casquette avec passerelles type caillebotis et jusqu&rsquo;\u00e0 une douzaine de portes<\/span><\/span> <span style=\"color: #000000;\"><span lang=\"fr-CA\">automatiques et manuelles.<\/span><\/span><\/span><\/p>\n<p class=\"western\" lang=\"ca-ES\" style=\"text-align: justify;\"><span style=\"font-family: 'Open Sans';\"><span style=\"color: #000000;\"><span lang=\"fr-CA\">Les deux b\u00e2timents ajouteront 12.000 m\u00e8tres carr\u00e9s de nouvelles constructions \u00e0 haut<\/span><\/span> <span style=\"color: #000000;\"><span lang=\"fr-CA\">niveau de performance \u00e9nerg\u00e9tique. <strong>GARCIA FAURA<\/strong> affecte au projet une \u00e9quipe<\/span><\/span> <span style=\"color: #000000;\"><span lang=\"fr-CA\">multidisciplinaire de professionnels exclusifs, compos\u00e9e de chefs de projet,<\/span><\/span> <span style=\"color: #000000;\"><span lang=\"fr-CA\">d&rsquo;ing\u00e9nieurs, d&rsquo;agents de fabrication et d&rsquo;assemblage, entre autres, ainsi qu&rsquo;une<\/span><\/span> <span style=\"color: #000000;\"><span lang=\"fr-CA\">\u00e9quipe sp\u00e9cifique de gestion de la qualit\u00e9. Une structure pr\u00eate \u00e0 faire face \u00e0 un projet<\/span><\/span> <span style=\"color: #000000;\"><span lang=\"fr-CA\">tr\u00e8s complexe qui devra \u00e9galement respecter des d\u00e9lais stricts.<\/span><\/span><\/span><\/p>\n","protected":false},"excerpt":{"rendered":"<p>L&rsquo;entreprise a \u00e9t\u00e9 choisie pour r\u00e9aliser les fa\u00e7ades et les murs-rideaux\u00a0des nouveaux b\u00e2timents de service de ce complexe gouvernemental. Les\u00a0solutions propos\u00e9es par GARCIA FAURA pr\u00e9sentent les performances\u00a0thermiques les plus \u00e9lev\u00e9es du march\u00e9. L&rsquo;Agence OTAN de soutien et d&rsquo;acquisition (NSPA) est&hellip;<\/p>\n","protected":false},"author":3,"featured_media":37512,"comment_status":"closed","ping_status":"open","sticky":false,"template":"","format":"standard","meta":{"footnotes":""},"categories":[2],"tags":[],"post_series":[],"class_list":["post-37515","post","type-post","status-publish","format-standard","has-post-thumbnail","hentry","category-actualite","entry","has-media"],"yoast_head":"<!-- This site is optimized with the Yoast SEO plugin v26.7 - https:\/\/yoast.com\/wordpress\/plugins\/seo\/ -->\n<title>GARCIA FAURA participe \u00e0 la construction des nouveaux b\u00e2timents de l&#039;OTAN au Luxembourg - GARCIA FAURA<\/title>\n<meta name=\"description\" content=\"Arquitectura en Alumini, Inox, Ferro i Vidre\" \/>\n<meta name=\"robots\" content=\"index, follow, max-snippet:-1, max-image-preview:large, max-video-preview:-1\" \/>\n<link rel=\"canonical\" href=\"https:\/\/www.garciafaura.com\/?p=37507\" \/>\n<meta property=\"og:locale\" content=\"fr_FR\" \/>\n<meta property=\"og:type\" content=\"article\" \/>\n<meta property=\"og:title\" content=\"GARCIA FAURA participe \u00e0 la construction des nouveaux b\u00e2timents de l&#039;OTAN au Luxembourg - GARCIA FAURA\" \/>\n<meta property=\"og:description\" content=\"Arquitectura en Alumini, Inox, Ferro i Vidre\" \/>\n<meta property=\"og:url\" content=\"https:\/\/www.garciafaura.com\/?p=37507\" \/>\n<meta property=\"og:site_name\" content=\"GARCIA FAURA\" \/>\n<meta property=\"article:published_time\" content=\"2024-09-26T07:00:32+00:00\" \/>\n<meta property=\"og:image\" content=\"https:\/\/www.garciafaura.com\/wp-content\/uploads\/2024\/09\/OTAN.jpeg\" \/>\n\t<meta property=\"og:image:width\" content=\"1280\" \/>\n\t<meta property=\"og:image:height\" content=\"846\" \/>\n\t<meta property=\"og:image:type\" content=\"image\/jpeg\" \/>\n<meta name=\"author\" content=\"David Achell\" \/>\n<meta name=\"twitter:card\" content=\"summary_large_image\" \/>\n<meta name=\"twitter:label1\" content=\"\u00c9crit par\" \/>\n\t<meta name=\"twitter:data1\" content=\"David Achell\" \/>\n\t<meta name=\"twitter:label2\" content=\"Dur\u00e9e de lecture estim\u00e9e\" \/>\n\t<meta name=\"twitter:data2\" content=\"2 minutes\" \/>\n<script type=\"application\/ld+json\" class=\"yoast-schema-graph\">{\"@context\":\"https:\/\/schema.org\",\"@graph\":[{\"@type\":\"Article\",\"@id\":\"https:\/\/www.garciafaura.com\/?p=37507#article\",\"isPartOf\":{\"@id\":\"https:\/\/www.garciafaura.com\/?p=37507\"},\"author\":{\"name\":\"David Achell\",\"@id\":\"https:\/\/www.garciafaura.com\/fr\/#\/schema\/person\/b4b75e69b33fac3446071909bec106b0\"},\"headline\":\"GARCIA FAURA participe \u00e0 la construction des nouveaux b\u00e2timents de l&rsquo;OTAN au Luxembourg\",\"datePublished\":\"2024-09-26T07:00:32+00:00\",\"mainEntityOfPage\":{\"@id\":\"https:\/\/www.garciafaura.com\/?p=37507\"},\"wordCount\":389,\"publisher\":{\"@id\":\"https:\/\/www.garciafaura.com\/fr\/#organization\"},\"image\":{\"@id\":\"https:\/\/www.garciafaura.com\/?p=37507#primaryimage\"},\"thumbnailUrl\":\"https:\/\/www.garciafaura.com\/wp-content\/uploads\/2024\/09\/OTAN.jpeg\",\"articleSection\":[\"Actualit\u00e9\"],\"inLanguage\":\"fr-FR\"},{\"@type\":\"WebPage\",\"@id\":\"https:\/\/www.garciafaura.com\/?p=37507\",\"url\":\"https:\/\/www.garciafaura.com\/?p=37507\",\"name\":\"GARCIA FAURA participe \u00e0 la construction des nouveaux b\u00e2timents de l'OTAN au Luxembourg - GARCIA FAURA\",\"isPartOf\":{\"@id\":\"https:\/\/www.garciafaura.com\/fr\/#website\"},\"primaryImageOfPage\":{\"@id\":\"https:\/\/www.garciafaura.com\/?p=37507#primaryimage\"},\"image\":{\"@id\":\"https:\/\/www.garciafaura.com\/?p=37507#primaryimage\"},\"thumbnailUrl\":\"https:\/\/www.garciafaura.com\/wp-content\/uploads\/2024\/09\/OTAN.jpeg\",\"datePublished\":\"2024-09-26T07:00:32+00:00\",\"description\":\"Arquitectura en Alumini, Inox, Ferro i Vidre\",\"breadcrumb\":{\"@id\":\"https:\/\/www.garciafaura.com\/?p=37507#breadcrumb\"},\"inLanguage\":\"fr-FR\",\"potentialAction\":[{\"@type\":\"ReadAction\",\"target\":[\"https:\/\/www.garciafaura.com\/?p=37507\"]}]},{\"@type\":\"ImageObject\",\"inLanguage\":\"fr-FR\",\"@id\":\"https:\/\/www.garciafaura.com\/?p=37507#primaryimage\",\"url\":\"https:\/\/www.garciafaura.com\/wp-content\/uploads\/2024\/09\/OTAN.jpeg\",\"contentUrl\":\"https:\/\/www.garciafaura.com\/wp-content\/uploads\/2024\/09\/OTAN.jpeg\",\"width\":1280,\"height\":846,\"caption\":\"Seu Sede Si\u00e8ge Headquarters OTAN Luxemburg Luxemburgo Garcia Faura\"},{\"@type\":\"BreadcrumbList\",\"@id\":\"https:\/\/www.garciafaura.com\/?p=37507#breadcrumb\",\"itemListElement\":[{\"@type\":\"ListItem\",\"position\":1,\"name\":\"Inici\",\"item\":\"https:\/\/www.garciafaura.com\/fr\/\"},{\"@type\":\"ListItem\",\"position\":2,\"name\":\"GARCIA FAURA participe \u00e0 la construction des nouveaux b\u00e2timents de l&#8217;OTAN au Luxembourg\"}]},{\"@type\":\"WebSite\",\"@id\":\"https:\/\/www.garciafaura.com\/fr\/#website\",\"url\":\"https:\/\/www.garciafaura.com\/fr\/\",\"name\":\"GARCIA FAURA\",\"description\":\"Arquitectura en Alumini, Inox, Ferro i Vidre\",\"publisher\":{\"@id\":\"https:\/\/www.garciafaura.com\/fr\/#organization\"},\"potentialAction\":[{\"@type\":\"SearchAction\",\"target\":{\"@type\":\"EntryPoint\",\"urlTemplate\":\"https:\/\/www.garciafaura.com\/fr\/?s={search_term_string}\"},\"query-input\":{\"@type\":\"PropertyValueSpecification\",\"valueRequired\":true,\"valueName\":\"search_term_string\"}}],\"inLanguage\":\"fr-FR\"},{\"@type\":\"Organization\",\"@id\":\"https:\/\/www.garciafaura.com\/fr\/#organization\",\"name\":\"GARCIA FAURA\",\"url\":\"https:\/\/www.garciafaura.com\/fr\/\",\"logo\":{\"@type\":\"ImageObject\",\"inLanguage\":\"fr-FR\",\"@id\":\"https:\/\/www.garciafaura.com\/fr\/#\/schema\/logo\/image\/\",\"url\":\"https:\/\/www.garciafaura.com\/wp-content\/uploads\/2018\/09\/Garcia-Faura.png\",\"contentUrl\":\"https:\/\/www.garciafaura.com\/wp-content\/uploads\/2018\/09\/Garcia-Faura.png\",\"width\":512,\"height\":512,\"caption\":\"GARCIA FAURA\"},\"image\":{\"@id\":\"https:\/\/www.garciafaura.com\/fr\/#\/schema\/logo\/image\/\"},\"sameAs\":[\"https:\/\/www.youtube.com\/user\/GARCIAFAURA\"]},{\"@type\":\"Person\",\"@id\":\"https:\/\/www.garciafaura.com\/fr\/#\/schema\/person\/b4b75e69b33fac3446071909bec106b0\",\"name\":\"David Achell\",\"image\":{\"@type\":\"ImageObject\",\"inLanguage\":\"fr-FR\",\"@id\":\"https:\/\/www.garciafaura.com\/fr\/#\/schema\/person\/image\/\",\"url\":\"https:\/\/secure.gravatar.com\/avatar\/03900210afc1f61bce737bcb4a79c02e2c997f171e3eca839b5a4cbe03846c90?s=96&d=blank&r=g\",\"contentUrl\":\"https:\/\/secure.gravatar.com\/avatar\/03900210afc1f61bce737bcb4a79c02e2c997f171e3eca839b5a4cbe03846c90?s=96&d=blank&r=g\",\"caption\":\"David Achell\"}}]}<\/script>\n<!-- \/ Yoast SEO plugin. -->","yoast_head_json":{"title":"GARCIA FAURA participe \u00e0 la construction des nouveaux b\u00e2timents de l'OTAN au Luxembourg - GARCIA FAURA","description":"Arquitectura en Alumini, Inox, Ferro i Vidre","robots":{"index":"index","follow":"follow","max-snippet":"max-snippet:-1","max-image-preview":"max-image-preview:large","max-video-preview":"max-video-preview:-1"},"canonical":"https:\/\/www.garciafaura.com\/?p=37507","og_locale":"fr_FR","og_type":"article","og_title":"GARCIA FAURA participe \u00e0 la construction des nouveaux b\u00e2timents de l'OTAN au Luxembourg - GARCIA FAURA","og_description":"Arquitectura en Alumini, Inox, Ferro i Vidre","og_url":"https:\/\/www.garciafaura.com\/?p=37507","og_site_name":"GARCIA FAURA","article_published_time":"2024-09-26T07:00:32+00:00","og_image":[{"width":1280,"height":846,"url":"https:\/\/www.garciafaura.com\/wp-content\/uploads\/2024\/09\/OTAN.jpeg","type":"image\/jpeg"}],"author":"David Achell","twitter_card":"summary_large_image","twitter_misc":{"\u00c9crit par":"David Achell","Dur\u00e9e de lecture estim\u00e9e":"2 minutes"},"schema":{"@context":"https:\/\/schema.org","@graph":[{"@type":"Article","@id":"https:\/\/www.garciafaura.com\/?p=37507#article","isPartOf":{"@id":"https:\/\/www.garciafaura.com\/?p=37507"},"author":{"name":"David Achell","@id":"https:\/\/www.garciafaura.com\/fr\/#\/schema\/person\/b4b75e69b33fac3446071909bec106b0"},"headline":"GARCIA FAURA participe \u00e0 la construction des nouveaux b\u00e2timents de l&rsquo;OTAN au Luxembourg","datePublished":"2024-09-26T07:00:32+00:00","mainEntityOfPage":{"@id":"https:\/\/www.garciafaura.com\/?p=37507"},"wordCount":389,"publisher":{"@id":"https:\/\/www.garciafaura.com\/fr\/#organization"},"image":{"@id":"https:\/\/www.garciafaura.com\/?p=37507#primaryimage"},"thumbnailUrl":"https:\/\/www.garciafaura.com\/wp-content\/uploads\/2024\/09\/OTAN.jpeg","articleSection":["Actualit\u00e9"],"inLanguage":"fr-FR"},{"@type":"WebPage","@id":"https:\/\/www.garciafaura.com\/?p=37507","url":"https:\/\/www.garciafaura.com\/?p=37507","name":"GARCIA FAURA participe \u00e0 la construction des nouveaux b\u00e2timents de l'OTAN au Luxembourg - GARCIA FAURA","isPartOf":{"@id":"https:\/\/www.garciafaura.com\/fr\/#website"},"primaryImageOfPage":{"@id":"https:\/\/www.garciafaura.com\/?p=37507#primaryimage"},"image":{"@id":"https:\/\/www.garciafaura.com\/?p=37507#primaryimage"},"thumbnailUrl":"https:\/\/www.garciafaura.com\/wp-content\/uploads\/2024\/09\/OTAN.jpeg","datePublished":"2024-09-26T07:00:32+00:00","description":"Arquitectura en Alumini, Inox, Ferro i Vidre","breadcrumb":{"@id":"https:\/\/www.garciafaura.com\/?p=37507#breadcrumb"},"inLanguage":"fr-FR","potentialAction":[{"@type":"ReadAction","target":["https:\/\/www.garciafaura.com\/?p=37507"]}]},{"@type":"ImageObject","inLanguage":"fr-FR","@id":"https:\/\/www.garciafaura.com\/?p=37507#primaryimage","url":"https:\/\/www.garciafaura.com\/wp-content\/uploads\/2024\/09\/OTAN.jpeg","contentUrl":"https:\/\/www.garciafaura.com\/wp-content\/uploads\/2024\/09\/OTAN.jpeg","width":1280,"height":846,"caption":"Seu Sede Si\u00e8ge Headquarters OTAN Luxemburg Luxemburgo Garcia Faura"},{"@type":"BreadcrumbList","@id":"https:\/\/www.garciafaura.com\/?p=37507#breadcrumb","itemListElement":[{"@type":"ListItem","position":1,"name":"Inici","item":"https:\/\/www.garciafaura.com\/fr\/"},{"@type":"ListItem","position":2,"name":"GARCIA FAURA participe \u00e0 la construction des nouveaux b\u00e2timents de l&#8217;OTAN au Luxembourg"}]},{"@type":"WebSite","@id":"https:\/\/www.garciafaura.com\/fr\/#website","url":"https:\/\/www.garciafaura.com\/fr\/","name":"GARCIA FAURA","description":"Arquitectura en Alumini, Inox, Ferro i Vidre","publisher":{"@id":"https:\/\/www.garciafaura.com\/fr\/#organization"},"potentialAction":[{"@type":"SearchAction","target":{"@type":"EntryPoint","urlTemplate":"https:\/\/www.garciafaura.com\/fr\/?s={search_term_string}"},"query-input":{"@type":"PropertyValueSpecification","valueRequired":true,"valueName":"search_term_string"}}],"inLanguage":"fr-FR"},{"@type":"Organization","@id":"https:\/\/www.garciafaura.com\/fr\/#organization","name":"GARCIA FAURA","url":"https:\/\/www.garciafaura.com\/fr\/","logo":{"@type":"ImageObject","inLanguage":"fr-FR","@id":"https:\/\/www.garciafaura.com\/fr\/#\/schema\/logo\/image\/","url":"https:\/\/www.garciafaura.com\/wp-content\/uploads\/2018\/09\/Garcia-Faura.png","contentUrl":"https:\/\/www.garciafaura.com\/wp-content\/uploads\/2018\/09\/Garcia-Faura.png","width":512,"height":512,"caption":"GARCIA FAURA"},"image":{"@id":"https:\/\/www.garciafaura.com\/fr\/#\/schema\/logo\/image\/"},"sameAs":["https:\/\/www.youtube.com\/user\/GARCIAFAURA"]},{"@type":"Person","@id":"https:\/\/www.garciafaura.com\/fr\/#\/schema\/person\/b4b75e69b33fac3446071909bec106b0","name":"David Achell","image":{"@type":"ImageObject","inLanguage":"fr-FR","@id":"https:\/\/www.garciafaura.com\/fr\/#\/schema\/person\/image\/","url":"https:\/\/secure.gravatar.com\/avatar\/03900210afc1f61bce737bcb4a79c02e2c997f171e3eca839b5a4cbe03846c90?s=96&d=blank&r=g","contentUrl":"https:\/\/secure.gravatar.com\/avatar\/03900210afc1f61bce737bcb4a79c02e2c997f171e3eca839b5a4cbe03846c90?s=96&d=blank&r=g","caption":"David Achell"}}]}},"_links":{"self":[{"href":"https:\/\/www.garciafaura.com\/fr\/wp-json\/wp\/v2\/posts\/37515","targetHints":{"allow":["GET"]}}],"collection":[{"href":"https:\/\/www.garciafaura.com\/fr\/wp-json\/wp\/v2\/posts"}],"about":[{"href":"https:\/\/www.garciafaura.com\/fr\/wp-json\/wp\/v2\/types\/post"}],"author":[{"embeddable":true,"href":"https:\/\/www.garciafaura.com\/fr\/wp-json\/wp\/v2\/users\/3"}],"replies":[{"embeddable":true,"href":"https:\/\/www.garciafaura.com\/fr\/wp-json\/wp\/v2\/comments?post=37515"}],"version-history":[{"count":2,"href":"https:\/\/www.garciafaura.com\/fr\/wp-json\/wp\/v2\/posts\/37515\/revisions"}],"predecessor-version":[{"id":37520,"href":"https:\/\/www.garciafaura.com\/fr\/wp-json\/wp\/v2\/posts\/37515\/revisions\/37520"}],"wp:featuredmedia":[{"embeddable":true,"href":"https:\/\/www.garciafaura.com\/fr\/wp-json\/wp\/v2\/media\/37512"}],"wp:attachment":[{"href":"https:\/\/www.garciafaura.com\/fr\/wp-json\/wp\/v2\/media?parent=37515"}],"wp:term":[{"taxonomy":"category","embeddable":true,"href":"https:\/\/www.garciafaura.com\/fr\/wp-json\/wp\/v2\/categories?post=37515"},{"taxonomy":"post_tag","embeddable":true,"href":"https:\/\/www.garciafaura.com\/fr\/wp-json\/wp\/v2\/tags?post=37515"},{"taxonomy":"post_series","embeddable":true,"href":"https:\/\/www.garciafaura.com\/fr\/wp-json\/wp\/v2\/post_series?post=37515"}],"curies":[{"name":"wp","href":"https:\/\/api.w.org\/{rel}","templated":true}]}}