{"id":37448,"date":"2024-08-08T10:17:19","date_gmt":"2024-08-08T08:17:19","guid":{"rendered":"https:\/\/www.garciafaura.com\/la-facana-de-lhotel-calderon-ja-llueix-el-mur-cortina-de-garcia-faura\/"},"modified":"2024-08-08T10:28:26","modified_gmt":"2024-08-08T08:28:26","slug":"la-facana-de-lhotel-calderon-ja-llueix-el-mur-cortina-de-garcia-faura","status":"publish","type":"post","link":"https:\/\/www.garciafaura.com\/fr\/la-facana-de-lhotel-calderon-ja-llueix-el-mur-cortina-de-garcia-faura\/","title":{"rendered":"La fa\u00e7ade de l&rsquo;H\u00f4tel Calder\u00f3n brille d\u00e9j\u00e0 avec le mur-rideau GARCIA FAURA"},"content":{"rendered":"<h3 align=\"justify\"><span style=\"font-family: 'Open Sans';\">GARCIA FAURA a d\u00e9velopp\u00e9, sp\u00e9cifiquement pour la r\u00e9novation de ce b\u00e2timent h\u00f4telier historique de Barcelone, plus de deux mille m\u00e8tres carr\u00e9s de mur-rideau qui aident le b\u00e2timent \u00e0 r\u00e9duire la consommation d&rsquo;\u00e9nergie.<\/span><\/h3>\n<p align=\"justify\"><span style=\"font-family: 'Open Sans';\">L&rsquo;<strong>H\u00f4tel Calder\u00f3n<\/strong>, un b\u00e2timent historique situ\u00e9 au num\u00e9ro 26 de la Rambla de <strong>Barcelone<\/strong>, a achev\u00e9 la r\u00e9habilitation fonctionnelle et \u00e9nerg\u00e9tique de ses <strong>fa\u00e7ades<\/strong>, tant ext\u00e9rieures que int\u00e9rieures, dans le but d&rsquo;am\u00e9liorer les performances thermiques et acoustiques.<\/span><\/p>\n<p align=\"justify\"><span style=\"font-family: 'Open Sans';\">Une fois les travaux termin\u00e9s, l&rsquo;h\u00f4tel <strong>a re\u00e7u le prix ReThink<\/strong> du Grupo Habitat Futura et Carrier pour la durabilit\u00e9 et la r\u00e9duction de la consommation d&rsquo;\u00e9nergie. En effet, la propri\u00e9t\u00e9 a r\u00e9ussi \u00e0 r\u00e9duire la consommation d&rsquo;\u00e9nergie primaire de 32% et les \u00e9missions de CO\u2082 par an de 34,4%.<\/span><\/p>\n<p align=\"justify\"><span style=\"font-family: 'Open Sans';\">L&rsquo;<strong>H\u00f4tel Calder\u00f3n<\/strong> date du d\u00e9but des ann\u00e9es 70 du si\u00e8cle dernier et <strong>est prot\u00e9g\u00e9 par le patrimoine de la mairie de Barcelone<\/strong>. En plus d&rsquo;avoir une volum\u00e9trie complexe, la <strong>fa\u00e7ade<\/strong> d&rsquo;origine ne disposait d&rsquo;aucune protection solaire et pr\u00e9sentait des probl\u00e8mes d&rsquo;\u00e9tanch\u00e9it\u00e9 \u00e0 l&rsquo;eau, \u00e0 l&rsquo;air et au bruit, ainsi qu&rsquo;aux fuites et \u00e0 l&rsquo;humidit\u00e9.<\/span><\/p>\n<p align=\"justify\"><span style=\"font-family: 'Open Sans';\">L&rsquo;action de <strong>GARCIA FAURA<\/strong> (en collaboration avec l&rsquo;entreprise de construction g\u00e9n\u00e9ral Villareyes) a consist\u00e9 en la fabrication et l&rsquo;installation de 2.075 m\u00e8tres carr\u00e9s de <strong>mur-rideau<\/strong> avec capots, et avec environ 500 m\u00e8tres carr\u00e9s de <strong>menuiseries d\u2019aluminium<\/strong> d\u2019ouverture oscillo-battantes, incorpor\u00e9es dans le <strong>mur rideau<\/strong>.<\/span><\/p>\n<p align=\"justify\"><span style=\"font-family: 'Open Sans';\">De plus, le <strong>mur-rideau<\/strong> des \u00e9tages inf\u00e9rieurs de l&rsquo;h\u00f4tel, en forme de socle, est \u00e9galement de <strong>GARCIA FAURA<\/strong>. Ils mesurent environ 510 m\u00e8tres carr\u00e9s, avec l&rsquo;ajout de <strong>menuiseries en aluminium<\/strong> d\u2019ouverture \u00e0 la fran\u00e7aise et aussi d\u2019ouverture oscillo-parall\u00e8les.<\/span><\/p>\n<p align=\"justify\"><span style=\"font-family: 'Open Sans';\">La r\u00e9novation de l&rsquo;<strong>H\u00f4tel Calder\u00f3n<\/strong>, financ\u00e9e par des fonds europ\u00e9ens Next G\u00e9n\u00e9ration, a \u00e9t\u00e9 r\u00e9alis\u00e9e avec le syst\u00e8me de rev\u00eatement, c&rsquo;est-\u00e0-dire en travaillant depuis l&rsquo;ext\u00e9rieur et sans affecter le d\u00e9veloppement du b\u00e2timent, en minimisant ainsi l&rsquo;impact sur l\u2019utilisation habituel de l\u2019h\u00f4tel.<\/span><\/p>\n","protected":false},"excerpt":{"rendered":"<p>GARCIA FAURA a d\u00e9velopp\u00e9, sp\u00e9cifiquement pour la r\u00e9novation de ce b\u00e2timent h\u00f4telier historique de Barcelone, plus de deux mille m\u00e8tres carr\u00e9s de mur-rideau qui aident le b\u00e2timent \u00e0 r\u00e9duire la consommation d&rsquo;\u00e9nergie. L&rsquo;H\u00f4tel Calder\u00f3n, un b\u00e2timent historique situ\u00e9 au num\u00e9ro&hellip;<\/p>\n","protected":false},"author":3,"featured_media":37444,"comment_status":"closed","ping_status":"open","sticky":false,"template":"","format":"standard","meta":{"footnotes":""},"categories":[2],"tags":[],"post_series":[],"class_list":["post-37448","post","type-post","status-publish","format-standard","has-post-thumbnail","hentry","category-actualite","entry","has-media"],"yoast_head":"<!-- This site is optimized with the Yoast SEO plugin v26.7 - https:\/\/yoast.com\/wordpress\/plugins\/seo\/ -->\n<title>La fa\u00e7ade de l&#039;H\u00f4tel Calder\u00f3n brille d\u00e9j\u00e0 avec le mur-rideau GARCIA FAURA - GARCIA FAURA<\/title>\n<meta name=\"description\" content=\"Arquitectura en Alumini, Inox, Ferro i Vidre\" \/>\n<meta name=\"robots\" content=\"index, follow, max-snippet:-1, max-image-preview:large, max-video-preview:-1\" \/>\n<link rel=\"canonical\" href=\"https:\/\/www.garciafaura.com\/fr\/la-facana-de-lhotel-calderon-ja-llueix-el-mur-cortina-de-garcia-faura\/\" \/>\n<meta property=\"og:locale\" content=\"fr_FR\" \/>\n<meta property=\"og:type\" content=\"article\" \/>\n<meta property=\"og:title\" content=\"La fa\u00e7ade de l&#039;H\u00f4tel Calder\u00f3n brille d\u00e9j\u00e0 avec le mur-rideau GARCIA FAURA - GARCIA FAURA\" \/>\n<meta property=\"og:description\" content=\"Arquitectura en Alumini, Inox, Ferro i Vidre\" \/>\n<meta property=\"og:url\" content=\"https:\/\/www.garciafaura.com\/fr\/la-facana-de-lhotel-calderon-ja-llueix-el-mur-cortina-de-garcia-faura\/\" \/>\n<meta property=\"og:site_name\" content=\"GARCIA FAURA\" \/>\n<meta property=\"article:published_time\" content=\"2024-08-08T08:17:19+00:00\" \/>\n<meta property=\"article:modified_time\" content=\"2024-08-08T08:28:26+00:00\" \/>\n<meta property=\"og:image\" content=\"https:\/\/www.garciafaura.com\/wp-content\/uploads\/2024\/08\/Hotel-Calderon-acabat-scaled.jpg\" \/>\n\t<meta property=\"og:image:width\" content=\"2560\" \/>\n\t<meta property=\"og:image:height\" content=\"1707\" \/>\n\t<meta property=\"og:image:type\" content=\"image\/jpeg\" \/>\n<meta name=\"author\" content=\"David Achell\" \/>\n<meta name=\"twitter:card\" content=\"summary_large_image\" \/>\n<meta name=\"twitter:label1\" content=\"\u00c9crit par\" \/>\n\t<meta name=\"twitter:data1\" content=\"David Achell\" \/>\n\t<meta name=\"twitter:label2\" content=\"Dur\u00e9e de lecture estim\u00e9e\" \/>\n\t<meta name=\"twitter:data2\" content=\"2 minutes\" \/>\n<script type=\"application\/ld+json\" class=\"yoast-schema-graph\">{\"@context\":\"https:\/\/schema.org\",\"@graph\":[{\"@type\":\"Article\",\"@id\":\"https:\/\/www.garciafaura.com\/fr\/la-facana-de-lhotel-calderon-ja-llueix-el-mur-cortina-de-garcia-faura\/#article\",\"isPartOf\":{\"@id\":\"https:\/\/www.garciafaura.com\/fr\/la-facana-de-lhotel-calderon-ja-llueix-el-mur-cortina-de-garcia-faura\/\"},\"author\":{\"name\":\"David Achell\",\"@id\":\"https:\/\/www.garciafaura.com\/fr\/#\/schema\/person\/b4b75e69b33fac3446071909bec106b0\"},\"headline\":\"La fa\u00e7ade de l&rsquo;H\u00f4tel Calder\u00f3n brille d\u00e9j\u00e0 avec le mur-rideau GARCIA FAURA\",\"datePublished\":\"2024-08-08T08:17:19+00:00\",\"dateModified\":\"2024-08-08T08:28:26+00:00\",\"mainEntityOfPage\":{\"@id\":\"https:\/\/www.garciafaura.com\/fr\/la-facana-de-lhotel-calderon-ja-llueix-el-mur-cortina-de-garcia-faura\/\"},\"wordCount\":395,\"publisher\":{\"@id\":\"https:\/\/www.garciafaura.com\/fr\/#organization\"},\"image\":{\"@id\":\"https:\/\/www.garciafaura.com\/fr\/la-facana-de-lhotel-calderon-ja-llueix-el-mur-cortina-de-garcia-faura\/#primaryimage\"},\"thumbnailUrl\":\"https:\/\/www.garciafaura.com\/wp-content\/uploads\/2024\/08\/Hotel-Calderon-acabat-scaled.jpg\",\"articleSection\":[\"Actualit\u00e9\"],\"inLanguage\":\"fr-FR\"},{\"@type\":\"WebPage\",\"@id\":\"https:\/\/www.garciafaura.com\/fr\/la-facana-de-lhotel-calderon-ja-llueix-el-mur-cortina-de-garcia-faura\/\",\"url\":\"https:\/\/www.garciafaura.com\/fr\/la-facana-de-lhotel-calderon-ja-llueix-el-mur-cortina-de-garcia-faura\/\",\"name\":\"La fa\u00e7ade de l'H\u00f4tel Calder\u00f3n brille d\u00e9j\u00e0 avec le mur-rideau GARCIA FAURA - GARCIA FAURA\",\"isPartOf\":{\"@id\":\"https:\/\/www.garciafaura.com\/fr\/#website\"},\"primaryImageOfPage\":{\"@id\":\"https:\/\/www.garciafaura.com\/fr\/la-facana-de-lhotel-calderon-ja-llueix-el-mur-cortina-de-garcia-faura\/#primaryimage\"},\"image\":{\"@id\":\"https:\/\/www.garciafaura.com\/fr\/la-facana-de-lhotel-calderon-ja-llueix-el-mur-cortina-de-garcia-faura\/#primaryimage\"},\"thumbnailUrl\":\"https:\/\/www.garciafaura.com\/wp-content\/uploads\/2024\/08\/Hotel-Calderon-acabat-scaled.jpg\",\"datePublished\":\"2024-08-08T08:17:19+00:00\",\"dateModified\":\"2024-08-08T08:28:26+00:00\",\"description\":\"Arquitectura en Alumini, Inox, Ferro i Vidre\",\"breadcrumb\":{\"@id\":\"https:\/\/www.garciafaura.com\/fr\/la-facana-de-lhotel-calderon-ja-llueix-el-mur-cortina-de-garcia-faura\/#breadcrumb\"},\"inLanguage\":\"fr-FR\",\"potentialAction\":[{\"@type\":\"ReadAction\",\"target\":[\"https:\/\/www.garciafaura.com\/fr\/la-facana-de-lhotel-calderon-ja-llueix-el-mur-cortina-de-garcia-faura\/\"]}]},{\"@type\":\"ImageObject\",\"inLanguage\":\"fr-FR\",\"@id\":\"https:\/\/www.garciafaura.com\/fr\/la-facana-de-lhotel-calderon-ja-llueix-el-mur-cortina-de-garcia-faura\/#primaryimage\",\"url\":\"https:\/\/www.garciafaura.com\/wp-content\/uploads\/2024\/08\/Hotel-Calderon-acabat-scaled.jpg\",\"contentUrl\":\"https:\/\/www.garciafaura.com\/wp-content\/uploads\/2024\/08\/Hotel-Calderon-acabat-scaled.jpg\",\"width\":2560,\"height\":1707},{\"@type\":\"BreadcrumbList\",\"@id\":\"https:\/\/www.garciafaura.com\/fr\/la-facana-de-lhotel-calderon-ja-llueix-el-mur-cortina-de-garcia-faura\/#breadcrumb\",\"itemListElement\":[{\"@type\":\"ListItem\",\"position\":1,\"name\":\"Inici\",\"item\":\"https:\/\/www.garciafaura.com\/fr\/\"},{\"@type\":\"ListItem\",\"position\":2,\"name\":\"La fa\u00e7ade de l&#8217;H\u00f4tel Calder\u00f3n brille d\u00e9j\u00e0 avec le mur-rideau GARCIA FAURA\"}]},{\"@type\":\"WebSite\",\"@id\":\"https:\/\/www.garciafaura.com\/fr\/#website\",\"url\":\"https:\/\/www.garciafaura.com\/fr\/\",\"name\":\"GARCIA FAURA\",\"description\":\"Arquitectura en Alumini, Inox, Ferro i Vidre\",\"publisher\":{\"@id\":\"https:\/\/www.garciafaura.com\/fr\/#organization\"},\"potentialAction\":[{\"@type\":\"SearchAction\",\"target\":{\"@type\":\"EntryPoint\",\"urlTemplate\":\"https:\/\/www.garciafaura.com\/fr\/?s={search_term_string}\"},\"query-input\":{\"@type\":\"PropertyValueSpecification\",\"valueRequired\":true,\"valueName\":\"search_term_string\"}}],\"inLanguage\":\"fr-FR\"},{\"@type\":\"Organization\",\"@id\":\"https:\/\/www.garciafaura.com\/fr\/#organization\",\"name\":\"GARCIA FAURA\",\"url\":\"https:\/\/www.garciafaura.com\/fr\/\",\"logo\":{\"@type\":\"ImageObject\",\"inLanguage\":\"fr-FR\",\"@id\":\"https:\/\/www.garciafaura.com\/fr\/#\/schema\/logo\/image\/\",\"url\":\"https:\/\/www.garciafaura.com\/wp-content\/uploads\/2018\/09\/Garcia-Faura.png\",\"contentUrl\":\"https:\/\/www.garciafaura.com\/wp-content\/uploads\/2018\/09\/Garcia-Faura.png\",\"width\":512,\"height\":512,\"caption\":\"GARCIA FAURA\"},\"image\":{\"@id\":\"https:\/\/www.garciafaura.com\/fr\/#\/schema\/logo\/image\/\"},\"sameAs\":[\"https:\/\/www.youtube.com\/user\/GARCIAFAURA\"]},{\"@type\":\"Person\",\"@id\":\"https:\/\/www.garciafaura.com\/fr\/#\/schema\/person\/b4b75e69b33fac3446071909bec106b0\",\"name\":\"David Achell\",\"image\":{\"@type\":\"ImageObject\",\"inLanguage\":\"fr-FR\",\"@id\":\"https:\/\/www.garciafaura.com\/fr\/#\/schema\/person\/image\/\",\"url\":\"https:\/\/secure.gravatar.com\/avatar\/03900210afc1f61bce737bcb4a79c02e2c997f171e3eca839b5a4cbe03846c90?s=96&d=blank&r=g\",\"contentUrl\":\"https:\/\/secure.gravatar.com\/avatar\/03900210afc1f61bce737bcb4a79c02e2c997f171e3eca839b5a4cbe03846c90?s=96&d=blank&r=g\",\"caption\":\"David Achell\"}}]}<\/script>\n<!-- \/ Yoast SEO plugin. -->","yoast_head_json":{"title":"La fa\u00e7ade de l'H\u00f4tel Calder\u00f3n brille d\u00e9j\u00e0 avec le mur-rideau GARCIA FAURA - GARCIA FAURA","description":"Arquitectura en Alumini, Inox, Ferro i Vidre","robots":{"index":"index","follow":"follow","max-snippet":"max-snippet:-1","max-image-preview":"max-image-preview:large","max-video-preview":"max-video-preview:-1"},"canonical":"https:\/\/www.garciafaura.com\/fr\/la-facana-de-lhotel-calderon-ja-llueix-el-mur-cortina-de-garcia-faura\/","og_locale":"fr_FR","og_type":"article","og_title":"La fa\u00e7ade de l'H\u00f4tel Calder\u00f3n brille d\u00e9j\u00e0 avec le mur-rideau GARCIA FAURA - GARCIA FAURA","og_description":"Arquitectura en Alumini, Inox, Ferro i Vidre","og_url":"https:\/\/www.garciafaura.com\/fr\/la-facana-de-lhotel-calderon-ja-llueix-el-mur-cortina-de-garcia-faura\/","og_site_name":"GARCIA FAURA","article_published_time":"2024-08-08T08:17:19+00:00","article_modified_time":"2024-08-08T08:28:26+00:00","og_image":[{"width":2560,"height":1707,"url":"https:\/\/www.garciafaura.com\/wp-content\/uploads\/2024\/08\/Hotel-Calderon-acabat-scaled.jpg","type":"image\/jpeg"}],"author":"David Achell","twitter_card":"summary_large_image","twitter_misc":{"\u00c9crit par":"David Achell","Dur\u00e9e de lecture estim\u00e9e":"2 minutes"},"schema":{"@context":"https:\/\/schema.org","@graph":[{"@type":"Article","@id":"https:\/\/www.garciafaura.com\/fr\/la-facana-de-lhotel-calderon-ja-llueix-el-mur-cortina-de-garcia-faura\/#article","isPartOf":{"@id":"https:\/\/www.garciafaura.com\/fr\/la-facana-de-lhotel-calderon-ja-llueix-el-mur-cortina-de-garcia-faura\/"},"author":{"name":"David Achell","@id":"https:\/\/www.garciafaura.com\/fr\/#\/schema\/person\/b4b75e69b33fac3446071909bec106b0"},"headline":"La fa\u00e7ade de l&rsquo;H\u00f4tel Calder\u00f3n brille d\u00e9j\u00e0 avec le mur-rideau GARCIA FAURA","datePublished":"2024-08-08T08:17:19+00:00","dateModified":"2024-08-08T08:28:26+00:00","mainEntityOfPage":{"@id":"https:\/\/www.garciafaura.com\/fr\/la-facana-de-lhotel-calderon-ja-llueix-el-mur-cortina-de-garcia-faura\/"},"wordCount":395,"publisher":{"@id":"https:\/\/www.garciafaura.com\/fr\/#organization"},"image":{"@id":"https:\/\/www.garciafaura.com\/fr\/la-facana-de-lhotel-calderon-ja-llueix-el-mur-cortina-de-garcia-faura\/#primaryimage"},"thumbnailUrl":"https:\/\/www.garciafaura.com\/wp-content\/uploads\/2024\/08\/Hotel-Calderon-acabat-scaled.jpg","articleSection":["Actualit\u00e9"],"inLanguage":"fr-FR"},{"@type":"WebPage","@id":"https:\/\/www.garciafaura.com\/fr\/la-facana-de-lhotel-calderon-ja-llueix-el-mur-cortina-de-garcia-faura\/","url":"https:\/\/www.garciafaura.com\/fr\/la-facana-de-lhotel-calderon-ja-llueix-el-mur-cortina-de-garcia-faura\/","name":"La fa\u00e7ade de l'H\u00f4tel Calder\u00f3n brille d\u00e9j\u00e0 avec le mur-rideau GARCIA FAURA - GARCIA FAURA","isPartOf":{"@id":"https:\/\/www.garciafaura.com\/fr\/#website"},"primaryImageOfPage":{"@id":"https:\/\/www.garciafaura.com\/fr\/la-facana-de-lhotel-calderon-ja-llueix-el-mur-cortina-de-garcia-faura\/#primaryimage"},"image":{"@id":"https:\/\/www.garciafaura.com\/fr\/la-facana-de-lhotel-calderon-ja-llueix-el-mur-cortina-de-garcia-faura\/#primaryimage"},"thumbnailUrl":"https:\/\/www.garciafaura.com\/wp-content\/uploads\/2024\/08\/Hotel-Calderon-acabat-scaled.jpg","datePublished":"2024-08-08T08:17:19+00:00","dateModified":"2024-08-08T08:28:26+00:00","description":"Arquitectura en Alumini, Inox, Ferro i Vidre","breadcrumb":{"@id":"https:\/\/www.garciafaura.com\/fr\/la-facana-de-lhotel-calderon-ja-llueix-el-mur-cortina-de-garcia-faura\/#breadcrumb"},"inLanguage":"fr-FR","potentialAction":[{"@type":"ReadAction","target":["https:\/\/www.garciafaura.com\/fr\/la-facana-de-lhotel-calderon-ja-llueix-el-mur-cortina-de-garcia-faura\/"]}]},{"@type":"ImageObject","inLanguage":"fr-FR","@id":"https:\/\/www.garciafaura.com\/fr\/la-facana-de-lhotel-calderon-ja-llueix-el-mur-cortina-de-garcia-faura\/#primaryimage","url":"https:\/\/www.garciafaura.com\/wp-content\/uploads\/2024\/08\/Hotel-Calderon-acabat-scaled.jpg","contentUrl":"https:\/\/www.garciafaura.com\/wp-content\/uploads\/2024\/08\/Hotel-Calderon-acabat-scaled.jpg","width":2560,"height":1707},{"@type":"BreadcrumbList","@id":"https:\/\/www.garciafaura.com\/fr\/la-facana-de-lhotel-calderon-ja-llueix-el-mur-cortina-de-garcia-faura\/#breadcrumb","itemListElement":[{"@type":"ListItem","position":1,"name":"Inici","item":"https:\/\/www.garciafaura.com\/fr\/"},{"@type":"ListItem","position":2,"name":"La fa\u00e7ade de l&#8217;H\u00f4tel Calder\u00f3n brille d\u00e9j\u00e0 avec le mur-rideau GARCIA FAURA"}]},{"@type":"WebSite","@id":"https:\/\/www.garciafaura.com\/fr\/#website","url":"https:\/\/www.garciafaura.com\/fr\/","name":"GARCIA FAURA","description":"Arquitectura en Alumini, Inox, Ferro i Vidre","publisher":{"@id":"https:\/\/www.garciafaura.com\/fr\/#organization"},"potentialAction":[{"@type":"SearchAction","target":{"@type":"EntryPoint","urlTemplate":"https:\/\/www.garciafaura.com\/fr\/?s={search_term_string}"},"query-input":{"@type":"PropertyValueSpecification","valueRequired":true,"valueName":"search_term_string"}}],"inLanguage":"fr-FR"},{"@type":"Organization","@id":"https:\/\/www.garciafaura.com\/fr\/#organization","name":"GARCIA FAURA","url":"https:\/\/www.garciafaura.com\/fr\/","logo":{"@type":"ImageObject","inLanguage":"fr-FR","@id":"https:\/\/www.garciafaura.com\/fr\/#\/schema\/logo\/image\/","url":"https:\/\/www.garciafaura.com\/wp-content\/uploads\/2018\/09\/Garcia-Faura.png","contentUrl":"https:\/\/www.garciafaura.com\/wp-content\/uploads\/2018\/09\/Garcia-Faura.png","width":512,"height":512,"caption":"GARCIA FAURA"},"image":{"@id":"https:\/\/www.garciafaura.com\/fr\/#\/schema\/logo\/image\/"},"sameAs":["https:\/\/www.youtube.com\/user\/GARCIAFAURA"]},{"@type":"Person","@id":"https:\/\/www.garciafaura.com\/fr\/#\/schema\/person\/b4b75e69b33fac3446071909bec106b0","name":"David Achell","image":{"@type":"ImageObject","inLanguage":"fr-FR","@id":"https:\/\/www.garciafaura.com\/fr\/#\/schema\/person\/image\/","url":"https:\/\/secure.gravatar.com\/avatar\/03900210afc1f61bce737bcb4a79c02e2c997f171e3eca839b5a4cbe03846c90?s=96&d=blank&r=g","contentUrl":"https:\/\/secure.gravatar.com\/avatar\/03900210afc1f61bce737bcb4a79c02e2c997f171e3eca839b5a4cbe03846c90?s=96&d=blank&r=g","caption":"David Achell"}}]}},"_links":{"self":[{"href":"https:\/\/www.garciafaura.com\/fr\/wp-json\/wp\/v2\/posts\/37448","targetHints":{"allow":["GET"]}}],"collection":[{"href":"https:\/\/www.garciafaura.com\/fr\/wp-json\/wp\/v2\/posts"}],"about":[{"href":"https:\/\/www.garciafaura.com\/fr\/wp-json\/wp\/v2\/types\/post"}],"author":[{"embeddable":true,"href":"https:\/\/www.garciafaura.com\/fr\/wp-json\/wp\/v2\/users\/3"}],"replies":[{"embeddable":true,"href":"https:\/\/www.garciafaura.com\/fr\/wp-json\/wp\/v2\/comments?post=37448"}],"version-history":[{"count":2,"href":"https:\/\/www.garciafaura.com\/fr\/wp-json\/wp\/v2\/posts\/37448\/revisions"}],"predecessor-version":[{"id":37453,"href":"https:\/\/www.garciafaura.com\/fr\/wp-json\/wp\/v2\/posts\/37448\/revisions\/37453"}],"wp:featuredmedia":[{"embeddable":true,"href":"https:\/\/www.garciafaura.com\/fr\/wp-json\/wp\/v2\/media\/37444"}],"wp:attachment":[{"href":"https:\/\/www.garciafaura.com\/fr\/wp-json\/wp\/v2\/media?parent=37448"}],"wp:term":[{"taxonomy":"category","embeddable":true,"href":"https:\/\/www.garciafaura.com\/fr\/wp-json\/wp\/v2\/categories?post=37448"},{"taxonomy":"post_tag","embeddable":true,"href":"https:\/\/www.garciafaura.com\/fr\/wp-json\/wp\/v2\/tags?post=37448"},{"taxonomy":"post_series","embeddable":true,"href":"https:\/\/www.garciafaura.com\/fr\/wp-json\/wp\/v2\/post_series?post=37448"}],"curies":[{"name":"wp","href":"https:\/\/api.w.org\/{rel}","templated":true}]}}