{"id":37429,"date":"2024-08-02T09:34:47","date_gmt":"2024-08-02T07:34:47","guid":{"rendered":"https:\/\/www.garciafaura.com\/garcia-faura-executa-la-rehabilitacio-dun-nou-edifici-del-complex-empresarial-cerro-de-los-gamos\/"},"modified":"2024-08-02T09:44:38","modified_gmt":"2024-08-02T07:44:38","slug":"garcia-faura-executa-la-rehabilitacio-dun-nou-edifici-del-complex-empresarial-cerro-de-los-gamos","status":"publish","type":"post","link":"https:\/\/www.garciafaura.com\/fr\/garcia-faura-executa-la-rehabilitacio-dun-nou-edifici-del-complex-empresarial-cerro-de-los-gamos\/","title":{"rendered":"GARCIA FAURA ex\u00e9cute la r\u00e9habilitation d&rsquo;un nouveau b\u00e2timent dans le complexe commercial Cerro de los Gamos"},"content":{"rendered":"<h3 class=\"western\" lang=\"ca-ES\" style=\"text-align: justify;\" align=\"justify\"><span style=\"color: #000000; font-size: 16px; font-family: 'Open Sans';\"><span lang=\"fr-FR\"><b>Apr\u00e8s avoir achev\u00e9 avec succ\u00e8s la r\u00e9habilitation de deux b\u00e2timents du complexe, la r\u00e9novation compl\u00e8te d&rsquo;un troisi\u00e8me b\u00e2timent est d\u00e9sormais abord\u00e9e, avec des travaux sur la fa\u00e7ade, les murs-rideaux et les menuiseries m\u00e9talliques.<\/b><\/span><\/span><\/h3>\n<p class=\"western\" lang=\"ca-ES\" style=\"text-align: justify;\" align=\"justify\"><span style=\"font-size: 16px; font-family: 'Open Sans';\"><span style=\"color: #000000;\"><span lang=\"fr-FR\">Le <\/span><\/span><a href=\"https:\/\/www.merlinproperties.com\/activos\/oficinas-cerro-gamos-1\/\" target=\"_blank\" rel=\"noopener\"><span style=\"color: #000000;\"><span lang=\"fr-FR\"><b>Parc d&rsquo;Activit\u00e9s Cerro de los Gamos<\/b><\/span><\/span><\/a><span style=\"color: #000000;\"><span lang=\"fr-FR\">, \u00e0 Pozuelo de Alarc\u00f3n (Madrid), est un ensemble de cinq b\u00e2timents ind\u00e9pendants de quatre \u00e9tages chacun, qui totalisent une superficie totale de 36.105 m\u00e8tres carr\u00e9s destin\u00e9s \u00e0 une activit\u00e9 commerciale \u00e0 valeur ajout\u00e9e.<\/span><\/span><\/span><\/p>\n<p class=\"western\" lang=\"ca-ES\" style=\"text-align: justify;\" align=\"justify\"><span style=\"color: #000000; font-size: 16px; font-family: 'Open Sans';\"><span lang=\"fr-FR\"><strong>GARCIA FAURA<\/strong> y a d\u00e9j\u00e0 travaill\u00e9 auparavant, en r\u00e9alisant les travaux de <strong>fa\u00e7ade<\/strong> et de <strong>menuiserie<\/strong> m\u00e9tallique de deux des b\u00e2timents d\u00e9j\u00e0 r\u00e9nov\u00e9s. La r\u00e9habilitation du b\u00e2timent 3 est en cours, pour laquelle l&rsquo;entreprise d\u00e9veloppe 2.000 m\u00e8tres carr\u00e9s de <strong>murs-rideaux<\/strong> et de <strong>menuiseries<\/strong> de haute performance technique. 3.800 m\u00e8tres carr\u00e9s de bardages en panneaux <strong>aluminium<\/strong> composite et 650 m\u00e8tres carr\u00e9s de couvertines en panneaux Sandwich, sont \u00e9galement fabriqu\u00e9s et install\u00e9s.<\/span><\/span><\/p>\n<p class=\"western\" lang=\"ca-ES\" style=\"text-align: justify;\"><span style=\"color: #000000; font-size: 16px; font-family: 'Open Sans';\"><span lang=\"fr-FR\">Le bon r\u00e9sultat en qualit\u00e9 et d\u00e9lais d&rsquo;ex\u00e9cution d\u00e9montr\u00e9 par <strong>GARCIA FAURA<\/strong> dans la r\u00e9habilitation des deux premiers b\u00e2timents a incit\u00e9 la propri\u00e9t\u00e9 \u00e0 faire \u00e0 nouveau confiance \u00e0 l&rsquo;entreprise pour la r\u00e9forme de ce troisi\u00e8me b\u00e2timent, qui accueillera de nouvelles entreprises dans ce parc d&rsquo;affaires destin\u00e9 au secteur de la technologie et de l\u2019innovation.<\/span><\/span><\/p>\n","protected":false},"excerpt":{"rendered":"<p>Apr\u00e8s avoir achev\u00e9 avec succ\u00e8s la r\u00e9habilitation de deux b\u00e2timents du complexe, la r\u00e9novation compl\u00e8te d&rsquo;un troisi\u00e8me b\u00e2timent est d\u00e9sormais abord\u00e9e, avec des travaux sur la fa\u00e7ade, les murs-rideaux et les menuiseries m\u00e9talliques. Le Parc d&rsquo;Activit\u00e9s Cerro de los Gamos,&hellip;<\/p>\n","protected":false},"author":3,"featured_media":37424,"comment_status":"closed","ping_status":"open","sticky":false,"template":"","format":"standard","meta":{"footnotes":""},"categories":[2],"tags":[],"post_series":[],"class_list":["post-37429","post","type-post","status-publish","format-standard","has-post-thumbnail","hentry","category-actualite","entry","has-media"],"yoast_head":"<!-- This site is optimized with the Yoast SEO plugin v26.7 - https:\/\/yoast.com\/wordpress\/plugins\/seo\/ -->\n<title>GARCIA FAURA ex\u00e9cute la r\u00e9habilitation d&#039;un nouveau b\u00e2timent dans le complexe commercial Cerro de los Gamos - GARCIA FAURA<\/title>\n<meta name=\"description\" content=\"Arquitectura en Alumini, Inox, Ferro i Vidre\" \/>\n<meta name=\"robots\" content=\"index, follow, max-snippet:-1, max-image-preview:large, max-video-preview:-1\" \/>\n<link rel=\"canonical\" href=\"https:\/\/www.garciafaura.com\/fr\/garcia-faura-executa-la-rehabilitacio-dun-nou-edifici-del-complex-empresarial-cerro-de-los-gamos\/\" \/>\n<meta property=\"og:locale\" content=\"fr_FR\" \/>\n<meta property=\"og:type\" content=\"article\" \/>\n<meta property=\"og:title\" content=\"GARCIA FAURA ex\u00e9cute la r\u00e9habilitation d&#039;un nouveau b\u00e2timent dans le complexe commercial Cerro de los Gamos - GARCIA FAURA\" \/>\n<meta property=\"og:description\" content=\"Arquitectura en Alumini, Inox, Ferro i Vidre\" \/>\n<meta property=\"og:url\" content=\"https:\/\/www.garciafaura.com\/fr\/garcia-faura-executa-la-rehabilitacio-dun-nou-edifici-del-complex-empresarial-cerro-de-los-gamos\/\" \/>\n<meta property=\"og:site_name\" content=\"GARCIA FAURA\" \/>\n<meta property=\"article:published_time\" content=\"2024-08-02T07:34:47+00:00\" \/>\n<meta property=\"article:modified_time\" content=\"2024-08-02T07:44:38+00:00\" \/>\n<meta property=\"og:image\" content=\"https:\/\/www.garciafaura.com\/wp-content\/uploads\/2024\/08\/Cerro-de-los-Gamos-scaled.jpg\" \/>\n\t<meta property=\"og:image:width\" content=\"2560\" \/>\n\t<meta property=\"og:image:height\" content=\"1920\" \/>\n\t<meta property=\"og:image:type\" content=\"image\/jpeg\" \/>\n<meta name=\"author\" content=\"David Achell\" \/>\n<meta name=\"twitter:card\" content=\"summary_large_image\" \/>\n<meta name=\"twitter:label1\" content=\"\u00c9crit par\" \/>\n\t<meta name=\"twitter:data1\" content=\"David Achell\" \/>\n\t<meta name=\"twitter:label2\" content=\"Dur\u00e9e de lecture estim\u00e9e\" \/>\n\t<meta name=\"twitter:data2\" content=\"2 minutes\" \/>\n<script type=\"application\/ld+json\" class=\"yoast-schema-graph\">{\"@context\":\"https:\/\/schema.org\",\"@graph\":[{\"@type\":\"Article\",\"@id\":\"https:\/\/www.garciafaura.com\/fr\/garcia-faura-executa-la-rehabilitacio-dun-nou-edifici-del-complex-empresarial-cerro-de-los-gamos\/#article\",\"isPartOf\":{\"@id\":\"https:\/\/www.garciafaura.com\/fr\/garcia-faura-executa-la-rehabilitacio-dun-nou-edifici-del-complex-empresarial-cerro-de-los-gamos\/\"},\"author\":{\"name\":\"David Achell\",\"@id\":\"https:\/\/www.garciafaura.com\/fr\/#\/schema\/person\/b4b75e69b33fac3446071909bec106b0\"},\"headline\":\"GARCIA FAURA ex\u00e9cute la r\u00e9habilitation d&rsquo;un nouveau b\u00e2timent dans le complexe commercial Cerro de los Gamos\",\"datePublished\":\"2024-08-02T07:34:47+00:00\",\"dateModified\":\"2024-08-02T07:44:38+00:00\",\"mainEntityOfPage\":{\"@id\":\"https:\/\/www.garciafaura.com\/fr\/garcia-faura-executa-la-rehabilitacio-dun-nou-edifici-del-complex-empresarial-cerro-de-los-gamos\/\"},\"wordCount\":263,\"publisher\":{\"@id\":\"https:\/\/www.garciafaura.com\/fr\/#organization\"},\"image\":{\"@id\":\"https:\/\/www.garciafaura.com\/fr\/garcia-faura-executa-la-rehabilitacio-dun-nou-edifici-del-complex-empresarial-cerro-de-los-gamos\/#primaryimage\"},\"thumbnailUrl\":\"https:\/\/www.garciafaura.com\/wp-content\/uploads\/2024\/08\/Cerro-de-los-Gamos-scaled.jpg\",\"articleSection\":[\"Actualit\u00e9\"],\"inLanguage\":\"fr-FR\"},{\"@type\":\"WebPage\",\"@id\":\"https:\/\/www.garciafaura.com\/fr\/garcia-faura-executa-la-rehabilitacio-dun-nou-edifici-del-complex-empresarial-cerro-de-los-gamos\/\",\"url\":\"https:\/\/www.garciafaura.com\/fr\/garcia-faura-executa-la-rehabilitacio-dun-nou-edifici-del-complex-empresarial-cerro-de-los-gamos\/\",\"name\":\"GARCIA FAURA ex\u00e9cute la r\u00e9habilitation d'un nouveau b\u00e2timent dans le complexe commercial Cerro de los Gamos - GARCIA FAURA\",\"isPartOf\":{\"@id\":\"https:\/\/www.garciafaura.com\/fr\/#website\"},\"primaryImageOfPage\":{\"@id\":\"https:\/\/www.garciafaura.com\/fr\/garcia-faura-executa-la-rehabilitacio-dun-nou-edifici-del-complex-empresarial-cerro-de-los-gamos\/#primaryimage\"},\"image\":{\"@id\":\"https:\/\/www.garciafaura.com\/fr\/garcia-faura-executa-la-rehabilitacio-dun-nou-edifici-del-complex-empresarial-cerro-de-los-gamos\/#primaryimage\"},\"thumbnailUrl\":\"https:\/\/www.garciafaura.com\/wp-content\/uploads\/2024\/08\/Cerro-de-los-Gamos-scaled.jpg\",\"datePublished\":\"2024-08-02T07:34:47+00:00\",\"dateModified\":\"2024-08-02T07:44:38+00:00\",\"description\":\"Arquitectura en Alumini, Inox, Ferro i Vidre\",\"breadcrumb\":{\"@id\":\"https:\/\/www.garciafaura.com\/fr\/garcia-faura-executa-la-rehabilitacio-dun-nou-edifici-del-complex-empresarial-cerro-de-los-gamos\/#breadcrumb\"},\"inLanguage\":\"fr-FR\",\"potentialAction\":[{\"@type\":\"ReadAction\",\"target\":[\"https:\/\/www.garciafaura.com\/fr\/garcia-faura-executa-la-rehabilitacio-dun-nou-edifici-del-complex-empresarial-cerro-de-los-gamos\/\"]}]},{\"@type\":\"ImageObject\",\"inLanguage\":\"fr-FR\",\"@id\":\"https:\/\/www.garciafaura.com\/fr\/garcia-faura-executa-la-rehabilitacio-dun-nou-edifici-del-complex-empresarial-cerro-de-los-gamos\/#primaryimage\",\"url\":\"https:\/\/www.garciafaura.com\/wp-content\/uploads\/2024\/08\/Cerro-de-los-Gamos-scaled.jpg\",\"contentUrl\":\"https:\/\/www.garciafaura.com\/wp-content\/uploads\/2024\/08\/Cerro-de-los-Gamos-scaled.jpg\",\"width\":2560,\"height\":1920},{\"@type\":\"BreadcrumbList\",\"@id\":\"https:\/\/www.garciafaura.com\/fr\/garcia-faura-executa-la-rehabilitacio-dun-nou-edifici-del-complex-empresarial-cerro-de-los-gamos\/#breadcrumb\",\"itemListElement\":[{\"@type\":\"ListItem\",\"position\":1,\"name\":\"Inici\",\"item\":\"https:\/\/www.garciafaura.com\/fr\/\"},{\"@type\":\"ListItem\",\"position\":2,\"name\":\"GARCIA FAURA ex\u00e9cute la r\u00e9habilitation d&#8217;un nouveau b\u00e2timent dans le complexe commercial Cerro de los Gamos\"}]},{\"@type\":\"WebSite\",\"@id\":\"https:\/\/www.garciafaura.com\/fr\/#website\",\"url\":\"https:\/\/www.garciafaura.com\/fr\/\",\"name\":\"GARCIA FAURA\",\"description\":\"Arquitectura en Alumini, Inox, Ferro i Vidre\",\"publisher\":{\"@id\":\"https:\/\/www.garciafaura.com\/fr\/#organization\"},\"potentialAction\":[{\"@type\":\"SearchAction\",\"target\":{\"@type\":\"EntryPoint\",\"urlTemplate\":\"https:\/\/www.garciafaura.com\/fr\/?s={search_term_string}\"},\"query-input\":{\"@type\":\"PropertyValueSpecification\",\"valueRequired\":true,\"valueName\":\"search_term_string\"}}],\"inLanguage\":\"fr-FR\"},{\"@type\":\"Organization\",\"@id\":\"https:\/\/www.garciafaura.com\/fr\/#organization\",\"name\":\"GARCIA FAURA\",\"url\":\"https:\/\/www.garciafaura.com\/fr\/\",\"logo\":{\"@type\":\"ImageObject\",\"inLanguage\":\"fr-FR\",\"@id\":\"https:\/\/www.garciafaura.com\/fr\/#\/schema\/logo\/image\/\",\"url\":\"https:\/\/www.garciafaura.com\/wp-content\/uploads\/2018\/09\/Garcia-Faura.png\",\"contentUrl\":\"https:\/\/www.garciafaura.com\/wp-content\/uploads\/2018\/09\/Garcia-Faura.png\",\"width\":512,\"height\":512,\"caption\":\"GARCIA FAURA\"},\"image\":{\"@id\":\"https:\/\/www.garciafaura.com\/fr\/#\/schema\/logo\/image\/\"},\"sameAs\":[\"https:\/\/www.youtube.com\/user\/GARCIAFAURA\"]},{\"@type\":\"Person\",\"@id\":\"https:\/\/www.garciafaura.com\/fr\/#\/schema\/person\/b4b75e69b33fac3446071909bec106b0\",\"name\":\"David Achell\",\"image\":{\"@type\":\"ImageObject\",\"inLanguage\":\"fr-FR\",\"@id\":\"https:\/\/www.garciafaura.com\/fr\/#\/schema\/person\/image\/\",\"url\":\"https:\/\/secure.gravatar.com\/avatar\/03900210afc1f61bce737bcb4a79c02e2c997f171e3eca839b5a4cbe03846c90?s=96&d=blank&r=g\",\"contentUrl\":\"https:\/\/secure.gravatar.com\/avatar\/03900210afc1f61bce737bcb4a79c02e2c997f171e3eca839b5a4cbe03846c90?s=96&d=blank&r=g\",\"caption\":\"David Achell\"}}]}<\/script>\n<!-- \/ Yoast SEO plugin. -->","yoast_head_json":{"title":"GARCIA FAURA ex\u00e9cute la r\u00e9habilitation d'un nouveau b\u00e2timent dans le complexe commercial Cerro de los Gamos - GARCIA FAURA","description":"Arquitectura en Alumini, Inox, Ferro i Vidre","robots":{"index":"index","follow":"follow","max-snippet":"max-snippet:-1","max-image-preview":"max-image-preview:large","max-video-preview":"max-video-preview:-1"},"canonical":"https:\/\/www.garciafaura.com\/fr\/garcia-faura-executa-la-rehabilitacio-dun-nou-edifici-del-complex-empresarial-cerro-de-los-gamos\/","og_locale":"fr_FR","og_type":"article","og_title":"GARCIA FAURA ex\u00e9cute la r\u00e9habilitation d'un nouveau b\u00e2timent dans le complexe commercial Cerro de los Gamos - GARCIA FAURA","og_description":"Arquitectura en Alumini, Inox, Ferro i Vidre","og_url":"https:\/\/www.garciafaura.com\/fr\/garcia-faura-executa-la-rehabilitacio-dun-nou-edifici-del-complex-empresarial-cerro-de-los-gamos\/","og_site_name":"GARCIA FAURA","article_published_time":"2024-08-02T07:34:47+00:00","article_modified_time":"2024-08-02T07:44:38+00:00","og_image":[{"width":2560,"height":1920,"url":"https:\/\/www.garciafaura.com\/wp-content\/uploads\/2024\/08\/Cerro-de-los-Gamos-scaled.jpg","type":"image\/jpeg"}],"author":"David Achell","twitter_card":"summary_large_image","twitter_misc":{"\u00c9crit par":"David Achell","Dur\u00e9e de lecture estim\u00e9e":"2 minutes"},"schema":{"@context":"https:\/\/schema.org","@graph":[{"@type":"Article","@id":"https:\/\/www.garciafaura.com\/fr\/garcia-faura-executa-la-rehabilitacio-dun-nou-edifici-del-complex-empresarial-cerro-de-los-gamos\/#article","isPartOf":{"@id":"https:\/\/www.garciafaura.com\/fr\/garcia-faura-executa-la-rehabilitacio-dun-nou-edifici-del-complex-empresarial-cerro-de-los-gamos\/"},"author":{"name":"David Achell","@id":"https:\/\/www.garciafaura.com\/fr\/#\/schema\/person\/b4b75e69b33fac3446071909bec106b0"},"headline":"GARCIA FAURA ex\u00e9cute la r\u00e9habilitation d&rsquo;un nouveau b\u00e2timent dans le complexe commercial Cerro de los Gamos","datePublished":"2024-08-02T07:34:47+00:00","dateModified":"2024-08-02T07:44:38+00:00","mainEntityOfPage":{"@id":"https:\/\/www.garciafaura.com\/fr\/garcia-faura-executa-la-rehabilitacio-dun-nou-edifici-del-complex-empresarial-cerro-de-los-gamos\/"},"wordCount":263,"publisher":{"@id":"https:\/\/www.garciafaura.com\/fr\/#organization"},"image":{"@id":"https:\/\/www.garciafaura.com\/fr\/garcia-faura-executa-la-rehabilitacio-dun-nou-edifici-del-complex-empresarial-cerro-de-los-gamos\/#primaryimage"},"thumbnailUrl":"https:\/\/www.garciafaura.com\/wp-content\/uploads\/2024\/08\/Cerro-de-los-Gamos-scaled.jpg","articleSection":["Actualit\u00e9"],"inLanguage":"fr-FR"},{"@type":"WebPage","@id":"https:\/\/www.garciafaura.com\/fr\/garcia-faura-executa-la-rehabilitacio-dun-nou-edifici-del-complex-empresarial-cerro-de-los-gamos\/","url":"https:\/\/www.garciafaura.com\/fr\/garcia-faura-executa-la-rehabilitacio-dun-nou-edifici-del-complex-empresarial-cerro-de-los-gamos\/","name":"GARCIA FAURA ex\u00e9cute la r\u00e9habilitation d'un nouveau b\u00e2timent dans le complexe commercial Cerro de los Gamos - GARCIA FAURA","isPartOf":{"@id":"https:\/\/www.garciafaura.com\/fr\/#website"},"primaryImageOfPage":{"@id":"https:\/\/www.garciafaura.com\/fr\/garcia-faura-executa-la-rehabilitacio-dun-nou-edifici-del-complex-empresarial-cerro-de-los-gamos\/#primaryimage"},"image":{"@id":"https:\/\/www.garciafaura.com\/fr\/garcia-faura-executa-la-rehabilitacio-dun-nou-edifici-del-complex-empresarial-cerro-de-los-gamos\/#primaryimage"},"thumbnailUrl":"https:\/\/www.garciafaura.com\/wp-content\/uploads\/2024\/08\/Cerro-de-los-Gamos-scaled.jpg","datePublished":"2024-08-02T07:34:47+00:00","dateModified":"2024-08-02T07:44:38+00:00","description":"Arquitectura en Alumini, Inox, Ferro i Vidre","breadcrumb":{"@id":"https:\/\/www.garciafaura.com\/fr\/garcia-faura-executa-la-rehabilitacio-dun-nou-edifici-del-complex-empresarial-cerro-de-los-gamos\/#breadcrumb"},"inLanguage":"fr-FR","potentialAction":[{"@type":"ReadAction","target":["https:\/\/www.garciafaura.com\/fr\/garcia-faura-executa-la-rehabilitacio-dun-nou-edifici-del-complex-empresarial-cerro-de-los-gamos\/"]}]},{"@type":"ImageObject","inLanguage":"fr-FR","@id":"https:\/\/www.garciafaura.com\/fr\/garcia-faura-executa-la-rehabilitacio-dun-nou-edifici-del-complex-empresarial-cerro-de-los-gamos\/#primaryimage","url":"https:\/\/www.garciafaura.com\/wp-content\/uploads\/2024\/08\/Cerro-de-los-Gamos-scaled.jpg","contentUrl":"https:\/\/www.garciafaura.com\/wp-content\/uploads\/2024\/08\/Cerro-de-los-Gamos-scaled.jpg","width":2560,"height":1920},{"@type":"BreadcrumbList","@id":"https:\/\/www.garciafaura.com\/fr\/garcia-faura-executa-la-rehabilitacio-dun-nou-edifici-del-complex-empresarial-cerro-de-los-gamos\/#breadcrumb","itemListElement":[{"@type":"ListItem","position":1,"name":"Inici","item":"https:\/\/www.garciafaura.com\/fr\/"},{"@type":"ListItem","position":2,"name":"GARCIA FAURA ex\u00e9cute la r\u00e9habilitation d&#8217;un nouveau b\u00e2timent dans le complexe commercial Cerro de los Gamos"}]},{"@type":"WebSite","@id":"https:\/\/www.garciafaura.com\/fr\/#website","url":"https:\/\/www.garciafaura.com\/fr\/","name":"GARCIA FAURA","description":"Arquitectura en Alumini, Inox, Ferro i Vidre","publisher":{"@id":"https:\/\/www.garciafaura.com\/fr\/#organization"},"potentialAction":[{"@type":"SearchAction","target":{"@type":"EntryPoint","urlTemplate":"https:\/\/www.garciafaura.com\/fr\/?s={search_term_string}"},"query-input":{"@type":"PropertyValueSpecification","valueRequired":true,"valueName":"search_term_string"}}],"inLanguage":"fr-FR"},{"@type":"Organization","@id":"https:\/\/www.garciafaura.com\/fr\/#organization","name":"GARCIA FAURA","url":"https:\/\/www.garciafaura.com\/fr\/","logo":{"@type":"ImageObject","inLanguage":"fr-FR","@id":"https:\/\/www.garciafaura.com\/fr\/#\/schema\/logo\/image\/","url":"https:\/\/www.garciafaura.com\/wp-content\/uploads\/2018\/09\/Garcia-Faura.png","contentUrl":"https:\/\/www.garciafaura.com\/wp-content\/uploads\/2018\/09\/Garcia-Faura.png","width":512,"height":512,"caption":"GARCIA FAURA"},"image":{"@id":"https:\/\/www.garciafaura.com\/fr\/#\/schema\/logo\/image\/"},"sameAs":["https:\/\/www.youtube.com\/user\/GARCIAFAURA"]},{"@type":"Person","@id":"https:\/\/www.garciafaura.com\/fr\/#\/schema\/person\/b4b75e69b33fac3446071909bec106b0","name":"David Achell","image":{"@type":"ImageObject","inLanguage":"fr-FR","@id":"https:\/\/www.garciafaura.com\/fr\/#\/schema\/person\/image\/","url":"https:\/\/secure.gravatar.com\/avatar\/03900210afc1f61bce737bcb4a79c02e2c997f171e3eca839b5a4cbe03846c90?s=96&d=blank&r=g","contentUrl":"https:\/\/secure.gravatar.com\/avatar\/03900210afc1f61bce737bcb4a79c02e2c997f171e3eca839b5a4cbe03846c90?s=96&d=blank&r=g","caption":"David Achell"}}]}},"_links":{"self":[{"href":"https:\/\/www.garciafaura.com\/fr\/wp-json\/wp\/v2\/posts\/37429","targetHints":{"allow":["GET"]}}],"collection":[{"href":"https:\/\/www.garciafaura.com\/fr\/wp-json\/wp\/v2\/posts"}],"about":[{"href":"https:\/\/www.garciafaura.com\/fr\/wp-json\/wp\/v2\/types\/post"}],"author":[{"embeddable":true,"href":"https:\/\/www.garciafaura.com\/fr\/wp-json\/wp\/v2\/users\/3"}],"replies":[{"embeddable":true,"href":"https:\/\/www.garciafaura.com\/fr\/wp-json\/wp\/v2\/comments?post=37429"}],"version-history":[{"count":3,"href":"https:\/\/www.garciafaura.com\/fr\/wp-json\/wp\/v2\/posts\/37429\/revisions"}],"predecessor-version":[{"id":37438,"href":"https:\/\/www.garciafaura.com\/fr\/wp-json\/wp\/v2\/posts\/37429\/revisions\/37438"}],"wp:featuredmedia":[{"embeddable":true,"href":"https:\/\/www.garciafaura.com\/fr\/wp-json\/wp\/v2\/media\/37424"}],"wp:attachment":[{"href":"https:\/\/www.garciafaura.com\/fr\/wp-json\/wp\/v2\/media?parent=37429"}],"wp:term":[{"taxonomy":"category","embeddable":true,"href":"https:\/\/www.garciafaura.com\/fr\/wp-json\/wp\/v2\/categories?post=37429"},{"taxonomy":"post_tag","embeddable":true,"href":"https:\/\/www.garciafaura.com\/fr\/wp-json\/wp\/v2\/tags?post=37429"},{"taxonomy":"post_series","embeddable":true,"href":"https:\/\/www.garciafaura.com\/fr\/wp-json\/wp\/v2\/post_series?post=37429"}],"curies":[{"name":"wp","href":"https:\/\/api.w.org\/{rel}","templated":true}]}}