{"id":37251,"date":"2024-07-24T12:48:20","date_gmt":"2024-07-24T10:48:20","guid":{"rendered":"https:\/\/www.garciafaura.com\/nou-impuls-al-departament-de-qualitat-de-garcia-faura\/"},"modified":"2024-07-24T12:59:13","modified_gmt":"2024-07-24T10:59:13","slug":"nou-impuls-al-departament-de-qualitat-de-garcia-faura","status":"publish","type":"post","link":"https:\/\/www.garciafaura.com\/fr\/nou-impuls-al-departament-de-qualitat-de-garcia-faura\/","title":{"rendered":"Nouvel \u00e9lan au D\u00e9partement Qualit\u00e9 de GARCIA FAURA"},"content":{"rendered":"<h3 class=\"western\" lang=\"ca-ES\" style=\"text-align: justify;\"><span style=\"font-size: large; font-family: 'Open Sans';\"><span lang=\"fr-FR\"><b>L&rsquo;entreprise r\u00e9organise sa structure interne pour donner une nouvelle impulsion \u00e0 la qualit\u00e9 de ses produits et services, et pour apporter une plus grande transversalit\u00e9 \u00e0 la t\u00e2che de gestion de la qualit\u00e9.<\/b><\/span><\/span><\/h3>\n<p class=\"western\" lang=\"ca-ES\" style=\"text-align: justify;\"><span lang=\"fr-FR\" style=\"font-family: 'Open Sans';\">Tout au long de son histoire, <strong>GARCIA FAURA<\/strong> s&rsquo;est distingu\u00e9e par son <strong>engagement envers la qualit\u00e9<\/strong>. Au d\u00e9but des ann\u00e9es 90 du si\u00e8cle dernier, alors que l&rsquo;entreprise qui avait suffisamment de travail comptait quelques dizaines de travailleurs, elle a cr\u00e9\u00e9 son propre <strong>D\u00e9partement Qualit\u00e9<\/strong>, int\u00e9gr\u00e9 dans la structure organisationnelle de l&rsquo;entreprise. En m\u00eame temps, elle est devenue l&rsquo;une des premi\u00e8res entreprises du secteur \u00e0 d\u00e9tenir la <strong>certification internationale de gestion de la qualit\u00e9 ISO 9001<\/strong> et, depuis lors, elle a investi de mani\u00e8re continue et permanente dans les ressources humaines et techniques pour <strong>garantir des niveaux de qualit\u00e9 sup\u00e9rieurs aux normes<\/strong>.<\/span><\/p>\n<p class=\"western\" lang=\"ca-ES\" style=\"text-align: justify;\"><span lang=\"fr-FR\" style=\"font-family: 'Open Sans';\">Avec la volont\u00e9 de maintenir cet engagement vivant et de donner un nouvel \u00e9lan \u00e0 l&rsquo;une des caract\u00e9ristiques de <strong>GARCIA FAURA<\/strong> les plus appr\u00e9ci\u00e9es par ses clients, l&rsquo;entreprise a r\u00e9organis\u00e9 sa structure interne, en augmentant le nombre de ressources humaines affect\u00e9es au d\u00e9partement et en le dotant d&rsquo;une plus grande transversalit\u00e9 au sein de la structure de l\u2019entreprise.<\/span><\/p>\n<p class=\"western\" lang=\"ca-ES\" style=\"text-align: justify;\"><span lang=\"fr-FR\" style=\"font-family: 'Open Sans';\">La nouvelle \u00e9quipe est dirig\u00e9e par <strong>Jes\u00fas Gonz\u00e1lez<\/strong>, <strong>ing\u00e9nieur qualit\u00e9<\/strong> avec une longue carri\u00e8re dans le domaine industriel et dans la <strong>gestion des processus et des contr\u00f4les de qualit\u00e9<\/strong>, tant en usine qu&rsquo;en installation. Justement, l&rsquo;un des objectifs de cette nouvelle \u00e9tape est d&rsquo;augmenter les normes de contr\u00f4le dans ces deux domaines du travail de l&rsquo;entreprise, tant dans la production en usine que lors du montage ult\u00e9rieur sur site. C&rsquo;est pour cette raison que nous disposons d&rsquo;une s\u00e9rie de <strong>techniciens de qualit\u00e9 sp\u00e9cifiques<\/strong>, tant dans la supervision de la production que dans les diff\u00e9rents processus d&rsquo;installation.<\/span><\/p>\n<p class=\"western\" lang=\"ca-ES\" style=\"text-align: justify;\"><span lang=\"fr-FR\" style=\"font-family: 'Open Sans';\">La nouvelle r\u00e9organisation du d\u00e9partement aborde \u00e9galement toute une phase de r\u00e9organisation des processus internes, de formation du personnel et de d\u00e9veloppement d&rsquo;outils technologiques au service de l&rsquo;un des objectifs majeurs de l&rsquo;entreprise pour cette ann\u00e9e 2024. Et le fait est que <strong>GARCIA FAURA<\/strong> a d\u00e9j\u00e0 travaill\u00e9 depuis quelques mois au d\u00e9veloppement de son <strong>concept Qualit\u00e9 360\u00ba<\/strong>, dans le but d&rsquo;<strong>\u00e9tendre la qualit\u00e9 manifeste de ses produits<\/strong> \u00e0 tous les processus de travail de l&rsquo;entreprise. L&rsquo;objectif ultime est non seulement de rester une <strong>entreprise de r\u00e9f\u00e9rence en termes de qualit\u00e9 globale<\/strong>, mais aussi de devenir pionni\u00e8re en mati\u00e8re d&rsquo;innovation appliqu\u00e9e \u00e0 la gestion d&rsquo;entreprise.<\/span><\/p>\n","protected":false},"excerpt":{"rendered":"<p>L&rsquo;entreprise r\u00e9organise sa structure interne pour donner une nouvelle impulsion \u00e0 la qualit\u00e9 de ses produits et services, et pour apporter une plus grande transversalit\u00e9 \u00e0 la t\u00e2che de gestion de la qualit\u00e9. Tout au long de son histoire, GARCIA&hellip;<\/p>\n","protected":false},"author":3,"featured_media":37243,"comment_status":"closed","ping_status":"open","sticky":false,"template":"","format":"gallery","meta":{"footnotes":""},"categories":[2],"tags":[],"post_series":[],"class_list":["post-37251","post","type-post","status-publish","format-gallery","has-post-thumbnail","hentry","category-actualite","post_format-post-format-gallery","entry","has-media"],"yoast_head":"<!-- This site is optimized with the Yoast SEO plugin v26.7 - https:\/\/yoast.com\/wordpress\/plugins\/seo\/ -->\n<title>Nouvel \u00e9lan au D\u00e9partement Qualit\u00e9 de GARCIA FAURA - GARCIA FAURA<\/title>\n<meta name=\"description\" content=\"Arquitectura en Alumini, Inox, Ferro i Vidre\" \/>\n<meta name=\"robots\" content=\"index, follow, max-snippet:-1, max-image-preview:large, max-video-preview:-1\" \/>\n<link rel=\"canonical\" href=\"https:\/\/www.garciafaura.com\/fr\/nou-impuls-al-departament-de-qualitat-de-garcia-faura\/\" \/>\n<meta property=\"og:locale\" content=\"fr_FR\" \/>\n<meta property=\"og:type\" content=\"article\" \/>\n<meta property=\"og:title\" content=\"Nouvel \u00e9lan au D\u00e9partement Qualit\u00e9 de GARCIA FAURA - GARCIA FAURA\" \/>\n<meta property=\"og:description\" content=\"Arquitectura en Alumini, Inox, Ferro i Vidre\" \/>\n<meta property=\"og:url\" content=\"https:\/\/www.garciafaura.com\/fr\/nou-impuls-al-departament-de-qualitat-de-garcia-faura\/\" \/>\n<meta property=\"og:site_name\" content=\"GARCIA FAURA\" \/>\n<meta property=\"article:published_time\" content=\"2024-07-24T10:48:20+00:00\" \/>\n<meta property=\"article:modified_time\" content=\"2024-07-24T10:59:13+00:00\" \/>\n<meta property=\"og:image\" content=\"https:\/\/www.garciafaura.com\/wp-content\/uploads\/2024\/07\/Departament-Qualitat-01-scaled.jpg\" \/>\n\t<meta property=\"og:image:width\" content=\"2560\" \/>\n\t<meta property=\"og:image:height\" content=\"1920\" \/>\n\t<meta property=\"og:image:type\" content=\"image\/jpeg\" \/>\n<meta name=\"author\" content=\"David Achell\" \/>\n<meta name=\"twitter:card\" content=\"summary_large_image\" \/>\n<meta name=\"twitter:label1\" content=\"\u00c9crit par\" \/>\n\t<meta name=\"twitter:data1\" content=\"David Achell\" \/>\n\t<meta name=\"twitter:label2\" content=\"Dur\u00e9e de lecture estim\u00e9e\" \/>\n\t<meta name=\"twitter:data2\" content=\"3 minutes\" \/>\n<script type=\"application\/ld+json\" class=\"yoast-schema-graph\">{\"@context\":\"https:\/\/schema.org\",\"@graph\":[{\"@type\":\"Article\",\"@id\":\"https:\/\/www.garciafaura.com\/fr\/nou-impuls-al-departament-de-qualitat-de-garcia-faura\/#article\",\"isPartOf\":{\"@id\":\"https:\/\/www.garciafaura.com\/fr\/nou-impuls-al-departament-de-qualitat-de-garcia-faura\/\"},\"author\":{\"name\":\"David Achell\",\"@id\":\"https:\/\/www.garciafaura.com\/fr\/#\/schema\/person\/b4b75e69b33fac3446071909bec106b0\"},\"headline\":\"Nouvel \u00e9lan au D\u00e9partement Qualit\u00e9 de GARCIA FAURA\",\"datePublished\":\"2024-07-24T10:48:20+00:00\",\"dateModified\":\"2024-07-24T10:59:13+00:00\",\"mainEntityOfPage\":{\"@id\":\"https:\/\/www.garciafaura.com\/fr\/nou-impuls-al-departament-de-qualitat-de-garcia-faura\/\"},\"wordCount\":457,\"publisher\":{\"@id\":\"https:\/\/www.garciafaura.com\/fr\/#organization\"},\"image\":{\"@id\":\"https:\/\/www.garciafaura.com\/fr\/nou-impuls-al-departament-de-qualitat-de-garcia-faura\/#primaryimage\"},\"thumbnailUrl\":\"https:\/\/www.garciafaura.com\/wp-content\/uploads\/2024\/07\/Departament-Qualitat-01-scaled.jpg\",\"articleSection\":[\"Actualit\u00e9\"],\"inLanguage\":\"fr-FR\"},{\"@type\":\"WebPage\",\"@id\":\"https:\/\/www.garciafaura.com\/fr\/nou-impuls-al-departament-de-qualitat-de-garcia-faura\/\",\"url\":\"https:\/\/www.garciafaura.com\/fr\/nou-impuls-al-departament-de-qualitat-de-garcia-faura\/\",\"name\":\"Nouvel \u00e9lan au D\u00e9partement Qualit\u00e9 de GARCIA FAURA - GARCIA FAURA\",\"isPartOf\":{\"@id\":\"https:\/\/www.garciafaura.com\/fr\/#website\"},\"primaryImageOfPage\":{\"@id\":\"https:\/\/www.garciafaura.com\/fr\/nou-impuls-al-departament-de-qualitat-de-garcia-faura\/#primaryimage\"},\"image\":{\"@id\":\"https:\/\/www.garciafaura.com\/fr\/nou-impuls-al-departament-de-qualitat-de-garcia-faura\/#primaryimage\"},\"thumbnailUrl\":\"https:\/\/www.garciafaura.com\/wp-content\/uploads\/2024\/07\/Departament-Qualitat-01-scaled.jpg\",\"datePublished\":\"2024-07-24T10:48:20+00:00\",\"dateModified\":\"2024-07-24T10:59:13+00:00\",\"description\":\"Arquitectura en Alumini, Inox, Ferro i Vidre\",\"breadcrumb\":{\"@id\":\"https:\/\/www.garciafaura.com\/fr\/nou-impuls-al-departament-de-qualitat-de-garcia-faura\/#breadcrumb\"},\"inLanguage\":\"fr-FR\",\"potentialAction\":[{\"@type\":\"ReadAction\",\"target\":[\"https:\/\/www.garciafaura.com\/fr\/nou-impuls-al-departament-de-qualitat-de-garcia-faura\/\"]}]},{\"@type\":\"ImageObject\",\"inLanguage\":\"fr-FR\",\"@id\":\"https:\/\/www.garciafaura.com\/fr\/nou-impuls-al-departament-de-qualitat-de-garcia-faura\/#primaryimage\",\"url\":\"https:\/\/www.garciafaura.com\/wp-content\/uploads\/2024\/07\/Departament-Qualitat-01-scaled.jpg\",\"contentUrl\":\"https:\/\/www.garciafaura.com\/wp-content\/uploads\/2024\/07\/Departament-Qualitat-01-scaled.jpg\",\"width\":2560,\"height\":1920},{\"@type\":\"BreadcrumbList\",\"@id\":\"https:\/\/www.garciafaura.com\/fr\/nou-impuls-al-departament-de-qualitat-de-garcia-faura\/#breadcrumb\",\"itemListElement\":[{\"@type\":\"ListItem\",\"position\":1,\"name\":\"Inici\",\"item\":\"https:\/\/www.garciafaura.com\/fr\/\"},{\"@type\":\"ListItem\",\"position\":2,\"name\":\"Nouvel \u00e9lan au D\u00e9partement Qualit\u00e9 de GARCIA FAURA\"}]},{\"@type\":\"WebSite\",\"@id\":\"https:\/\/www.garciafaura.com\/fr\/#website\",\"url\":\"https:\/\/www.garciafaura.com\/fr\/\",\"name\":\"GARCIA FAURA\",\"description\":\"Arquitectura en Alumini, Inox, Ferro i Vidre\",\"publisher\":{\"@id\":\"https:\/\/www.garciafaura.com\/fr\/#organization\"},\"potentialAction\":[{\"@type\":\"SearchAction\",\"target\":{\"@type\":\"EntryPoint\",\"urlTemplate\":\"https:\/\/www.garciafaura.com\/fr\/?s={search_term_string}\"},\"query-input\":{\"@type\":\"PropertyValueSpecification\",\"valueRequired\":true,\"valueName\":\"search_term_string\"}}],\"inLanguage\":\"fr-FR\"},{\"@type\":\"Organization\",\"@id\":\"https:\/\/www.garciafaura.com\/fr\/#organization\",\"name\":\"GARCIA FAURA\",\"url\":\"https:\/\/www.garciafaura.com\/fr\/\",\"logo\":{\"@type\":\"ImageObject\",\"inLanguage\":\"fr-FR\",\"@id\":\"https:\/\/www.garciafaura.com\/fr\/#\/schema\/logo\/image\/\",\"url\":\"https:\/\/www.garciafaura.com\/wp-content\/uploads\/2018\/09\/Garcia-Faura.png\",\"contentUrl\":\"https:\/\/www.garciafaura.com\/wp-content\/uploads\/2018\/09\/Garcia-Faura.png\",\"width\":512,\"height\":512,\"caption\":\"GARCIA FAURA\"},\"image\":{\"@id\":\"https:\/\/www.garciafaura.com\/fr\/#\/schema\/logo\/image\/\"},\"sameAs\":[\"https:\/\/www.youtube.com\/user\/GARCIAFAURA\"]},{\"@type\":\"Person\",\"@id\":\"https:\/\/www.garciafaura.com\/fr\/#\/schema\/person\/b4b75e69b33fac3446071909bec106b0\",\"name\":\"David Achell\",\"image\":{\"@type\":\"ImageObject\",\"inLanguage\":\"fr-FR\",\"@id\":\"https:\/\/www.garciafaura.com\/fr\/#\/schema\/person\/image\/\",\"url\":\"https:\/\/secure.gravatar.com\/avatar\/03900210afc1f61bce737bcb4a79c02e2c997f171e3eca839b5a4cbe03846c90?s=96&d=blank&r=g\",\"contentUrl\":\"https:\/\/secure.gravatar.com\/avatar\/03900210afc1f61bce737bcb4a79c02e2c997f171e3eca839b5a4cbe03846c90?s=96&d=blank&r=g\",\"caption\":\"David Achell\"}}]}<\/script>\n<!-- \/ Yoast SEO plugin. -->","yoast_head_json":{"title":"Nouvel \u00e9lan au D\u00e9partement Qualit\u00e9 de GARCIA FAURA - GARCIA FAURA","description":"Arquitectura en Alumini, Inox, Ferro i Vidre","robots":{"index":"index","follow":"follow","max-snippet":"max-snippet:-1","max-image-preview":"max-image-preview:large","max-video-preview":"max-video-preview:-1"},"canonical":"https:\/\/www.garciafaura.com\/fr\/nou-impuls-al-departament-de-qualitat-de-garcia-faura\/","og_locale":"fr_FR","og_type":"article","og_title":"Nouvel \u00e9lan au D\u00e9partement Qualit\u00e9 de GARCIA FAURA - GARCIA FAURA","og_description":"Arquitectura en Alumini, Inox, Ferro i Vidre","og_url":"https:\/\/www.garciafaura.com\/fr\/nou-impuls-al-departament-de-qualitat-de-garcia-faura\/","og_site_name":"GARCIA FAURA","article_published_time":"2024-07-24T10:48:20+00:00","article_modified_time":"2024-07-24T10:59:13+00:00","og_image":[{"width":2560,"height":1920,"url":"https:\/\/www.garciafaura.com\/wp-content\/uploads\/2024\/07\/Departament-Qualitat-01-scaled.jpg","type":"image\/jpeg"}],"author":"David Achell","twitter_card":"summary_large_image","twitter_misc":{"\u00c9crit par":"David Achell","Dur\u00e9e de lecture estim\u00e9e":"3 minutes"},"schema":{"@context":"https:\/\/schema.org","@graph":[{"@type":"Article","@id":"https:\/\/www.garciafaura.com\/fr\/nou-impuls-al-departament-de-qualitat-de-garcia-faura\/#article","isPartOf":{"@id":"https:\/\/www.garciafaura.com\/fr\/nou-impuls-al-departament-de-qualitat-de-garcia-faura\/"},"author":{"name":"David Achell","@id":"https:\/\/www.garciafaura.com\/fr\/#\/schema\/person\/b4b75e69b33fac3446071909bec106b0"},"headline":"Nouvel \u00e9lan au D\u00e9partement Qualit\u00e9 de GARCIA FAURA","datePublished":"2024-07-24T10:48:20+00:00","dateModified":"2024-07-24T10:59:13+00:00","mainEntityOfPage":{"@id":"https:\/\/www.garciafaura.com\/fr\/nou-impuls-al-departament-de-qualitat-de-garcia-faura\/"},"wordCount":457,"publisher":{"@id":"https:\/\/www.garciafaura.com\/fr\/#organization"},"image":{"@id":"https:\/\/www.garciafaura.com\/fr\/nou-impuls-al-departament-de-qualitat-de-garcia-faura\/#primaryimage"},"thumbnailUrl":"https:\/\/www.garciafaura.com\/wp-content\/uploads\/2024\/07\/Departament-Qualitat-01-scaled.jpg","articleSection":["Actualit\u00e9"],"inLanguage":"fr-FR"},{"@type":"WebPage","@id":"https:\/\/www.garciafaura.com\/fr\/nou-impuls-al-departament-de-qualitat-de-garcia-faura\/","url":"https:\/\/www.garciafaura.com\/fr\/nou-impuls-al-departament-de-qualitat-de-garcia-faura\/","name":"Nouvel \u00e9lan au D\u00e9partement Qualit\u00e9 de GARCIA FAURA - GARCIA FAURA","isPartOf":{"@id":"https:\/\/www.garciafaura.com\/fr\/#website"},"primaryImageOfPage":{"@id":"https:\/\/www.garciafaura.com\/fr\/nou-impuls-al-departament-de-qualitat-de-garcia-faura\/#primaryimage"},"image":{"@id":"https:\/\/www.garciafaura.com\/fr\/nou-impuls-al-departament-de-qualitat-de-garcia-faura\/#primaryimage"},"thumbnailUrl":"https:\/\/www.garciafaura.com\/wp-content\/uploads\/2024\/07\/Departament-Qualitat-01-scaled.jpg","datePublished":"2024-07-24T10:48:20+00:00","dateModified":"2024-07-24T10:59:13+00:00","description":"Arquitectura en Alumini, Inox, Ferro i Vidre","breadcrumb":{"@id":"https:\/\/www.garciafaura.com\/fr\/nou-impuls-al-departament-de-qualitat-de-garcia-faura\/#breadcrumb"},"inLanguage":"fr-FR","potentialAction":[{"@type":"ReadAction","target":["https:\/\/www.garciafaura.com\/fr\/nou-impuls-al-departament-de-qualitat-de-garcia-faura\/"]}]},{"@type":"ImageObject","inLanguage":"fr-FR","@id":"https:\/\/www.garciafaura.com\/fr\/nou-impuls-al-departament-de-qualitat-de-garcia-faura\/#primaryimage","url":"https:\/\/www.garciafaura.com\/wp-content\/uploads\/2024\/07\/Departament-Qualitat-01-scaled.jpg","contentUrl":"https:\/\/www.garciafaura.com\/wp-content\/uploads\/2024\/07\/Departament-Qualitat-01-scaled.jpg","width":2560,"height":1920},{"@type":"BreadcrumbList","@id":"https:\/\/www.garciafaura.com\/fr\/nou-impuls-al-departament-de-qualitat-de-garcia-faura\/#breadcrumb","itemListElement":[{"@type":"ListItem","position":1,"name":"Inici","item":"https:\/\/www.garciafaura.com\/fr\/"},{"@type":"ListItem","position":2,"name":"Nouvel \u00e9lan au D\u00e9partement Qualit\u00e9 de GARCIA FAURA"}]},{"@type":"WebSite","@id":"https:\/\/www.garciafaura.com\/fr\/#website","url":"https:\/\/www.garciafaura.com\/fr\/","name":"GARCIA FAURA","description":"Arquitectura en Alumini, Inox, Ferro i Vidre","publisher":{"@id":"https:\/\/www.garciafaura.com\/fr\/#organization"},"potentialAction":[{"@type":"SearchAction","target":{"@type":"EntryPoint","urlTemplate":"https:\/\/www.garciafaura.com\/fr\/?s={search_term_string}"},"query-input":{"@type":"PropertyValueSpecification","valueRequired":true,"valueName":"search_term_string"}}],"inLanguage":"fr-FR"},{"@type":"Organization","@id":"https:\/\/www.garciafaura.com\/fr\/#organization","name":"GARCIA FAURA","url":"https:\/\/www.garciafaura.com\/fr\/","logo":{"@type":"ImageObject","inLanguage":"fr-FR","@id":"https:\/\/www.garciafaura.com\/fr\/#\/schema\/logo\/image\/","url":"https:\/\/www.garciafaura.com\/wp-content\/uploads\/2018\/09\/Garcia-Faura.png","contentUrl":"https:\/\/www.garciafaura.com\/wp-content\/uploads\/2018\/09\/Garcia-Faura.png","width":512,"height":512,"caption":"GARCIA FAURA"},"image":{"@id":"https:\/\/www.garciafaura.com\/fr\/#\/schema\/logo\/image\/"},"sameAs":["https:\/\/www.youtube.com\/user\/GARCIAFAURA"]},{"@type":"Person","@id":"https:\/\/www.garciafaura.com\/fr\/#\/schema\/person\/b4b75e69b33fac3446071909bec106b0","name":"David Achell","image":{"@type":"ImageObject","inLanguage":"fr-FR","@id":"https:\/\/www.garciafaura.com\/fr\/#\/schema\/person\/image\/","url":"https:\/\/secure.gravatar.com\/avatar\/03900210afc1f61bce737bcb4a79c02e2c997f171e3eca839b5a4cbe03846c90?s=96&d=blank&r=g","contentUrl":"https:\/\/secure.gravatar.com\/avatar\/03900210afc1f61bce737bcb4a79c02e2c997f171e3eca839b5a4cbe03846c90?s=96&d=blank&r=g","caption":"David Achell"}}]}},"_links":{"self":[{"href":"https:\/\/www.garciafaura.com\/fr\/wp-json\/wp\/v2\/posts\/37251","targetHints":{"allow":["GET"]}}],"collection":[{"href":"https:\/\/www.garciafaura.com\/fr\/wp-json\/wp\/v2\/posts"}],"about":[{"href":"https:\/\/www.garciafaura.com\/fr\/wp-json\/wp\/v2\/types\/post"}],"author":[{"embeddable":true,"href":"https:\/\/www.garciafaura.com\/fr\/wp-json\/wp\/v2\/users\/3"}],"replies":[{"embeddable":true,"href":"https:\/\/www.garciafaura.com\/fr\/wp-json\/wp\/v2\/comments?post=37251"}],"version-history":[{"count":4,"href":"https:\/\/www.garciafaura.com\/fr\/wp-json\/wp\/v2\/posts\/37251\/revisions"}],"predecessor-version":[{"id":37265,"href":"https:\/\/www.garciafaura.com\/fr\/wp-json\/wp\/v2\/posts\/37251\/revisions\/37265"}],"wp:featuredmedia":[{"embeddable":true,"href":"https:\/\/www.garciafaura.com\/fr\/wp-json\/wp\/v2\/media\/37243"}],"wp:attachment":[{"href":"https:\/\/www.garciafaura.com\/fr\/wp-json\/wp\/v2\/media?parent=37251"}],"wp:term":[{"taxonomy":"category","embeddable":true,"href":"https:\/\/www.garciafaura.com\/fr\/wp-json\/wp\/v2\/categories?post=37251"},{"taxonomy":"post_tag","embeddable":true,"href":"https:\/\/www.garciafaura.com\/fr\/wp-json\/wp\/v2\/tags?post=37251"},{"taxonomy":"post_series","embeddable":true,"href":"https:\/\/www.garciafaura.com\/fr\/wp-json\/wp\/v2\/post_series?post=37251"}],"curies":[{"name":"wp","href":"https:\/\/api.w.org\/{rel}","templated":true}]}}