{"id":37234,"date":"2024-07-03T10:43:18","date_gmt":"2024-07-03T08:43:18","guid":{"rendered":"https:\/\/www.garciafaura.com\/garcia-faura-participa-en-el-projecte-innofab-per-regenerar-habitatges-de-forma-innovadora\/"},"modified":"2024-07-04T15:07:56","modified_gmt":"2024-07-04T13:07:56","slug":"garcia-faura-participa-en-el-projecte-innofab-per-regenerar-habitatges-de-forma-innovadora","status":"publish","type":"post","link":"https:\/\/www.garciafaura.com\/fr\/garcia-faura-participa-en-el-projecte-innofab-per-regenerar-habitatges-de-forma-innovadora\/","title":{"rendered":"GARCIA FAURA participe au projet InnoFAB pour r\u00e9g\u00e9n\u00e9rer les maisons de mani\u00e8re innovante"},"content":{"rendered":"<h3 style=\"text-align: justify;\" align=\"justify\"><span style=\"font-family: georgia, palatino;\"><span lang=\"fr-FR\"><b>Le projet, con\u00e7u par les architectes Pich Aguilera, a \u00e9t\u00e9 l&rsquo;une des propositions gagnantes du d\u00e9fi urbain lanc\u00e9 par la mairie de Barcelone pour r\u00e9g\u00e9n\u00e9rer les b\u00e2timents d&rsquo;habitation avec des syst\u00e8mes durables innovants.<\/b><\/span><\/span><\/h3>\n<p style=\"text-align: justify;\" align=\"justify\"><span style=\"font-family: georgia, palatino;\"><span lang=\"fr-FR\"><strong>GARCIA FAURA<\/strong> a fait partie du groupe de d\u00e9veloppement d&rsquo;une des solutions gagnantes du d\u00e9fi urbain lanc\u00e9 par la mairie de Barcelone sur la r\u00e9g\u00e9n\u00e9ration de b\u00e2timents r\u00e9sidentiels avec des syst\u00e8mes durables innovants, et pour lequel des solutions globales de r\u00e9habilitation \u00e0 travers des syst\u00e8mes constructifs innovants ont \u00e9t\u00e9 recherch\u00e9es.<\/span><\/span><\/p>\n<p lang=\"fr-FR\" style=\"text-align: justify;\" align=\"justify\"><span style=\"font-family: georgia, palatino;\">L&rsquo;une des solutions gagnantes de ce d\u00e9fi a \u00e9t\u00e9 <strong>InnoFAB<\/strong>, un projet pr\u00e9sent\u00e9 par l&rsquo;\u00e9quipe d&rsquo;architectes Pich Aguilera et avec la participation, outre <strong>GARCIA FAURA,<\/strong> de Metalperfil Ros, Verdtical Urban Biotechnology, Gradhermetic, Visendum, Schneider Electric, Sustein, Matimex, Solar Innova et Vivers Ter.<\/span><\/p>\n<p lang=\"fr-FR\" style=\"text-align: justify;\" align=\"justify\"><span style=\"font-family: georgia, palatino;\">Le projet pr\u00e9sente un syst\u00e8me modulaire r\u00e9g\u00e9n\u00e9rant, avec une structure m\u00e9tallique facile \u00e0 monter et \u00e0 d\u00e9monter, avec des syst\u00e8mes de fermeture et de finition industrialis\u00e9s, l\u00e9gers et multicouches, avec des mat\u00e9riaux qui, \u00e0 80%, proviennent de produits recycl\u00e9s ou qui peuvent r\u00e9utilisation<\/span><\/p>\n<p lang=\"fr-FR\" style=\"text-align: justify;\" align=\"justify\"><span style=\"font-family: georgia, palatino;\">En ce sens, les <strong>fen\u00eatres<\/strong> sont r\u00e9alis\u00e9es en <strong>aluminium<\/strong> recycl\u00e9 avec du verre \u00e0 faible consommation d&rsquo;\u00e9nergie et des syst\u00e8mes de protection solaire. Sont \u00e9galement inclus des toits verts avec stockage d&rsquo;eau de pluie et des jardini\u00e8res photovolta\u00efques combinant v\u00e9g\u00e9tation et production d&rsquo;\u00e9lectricit\u00e9, entre autres innovations.<\/span><\/p>\n<p lang=\"fr-FR\" style=\"text-align: justify;\" align=\"justify\"><span style=\"font-family: georgia, palatino;\">La proposition permet d&rsquo;augmenter le confort thermique, acoustique et lumineux, l&rsquo;utilisation de l&rsquo;eau de pluie, la r\u00e9duction de la demande \u00e9nerg\u00e9tique, l&rsquo;augmentation de la biodiversit\u00e9 gr\u00e2ce \u00e0 la v\u00e9g\u00e9tation int\u00e9gr\u00e9e et la promotion de la circularit\u00e9 gr\u00e2ce \u00e0 l&rsquo;utilisation de mat\u00e9riaux recycl\u00e9s, recyclables et r\u00e9utilisables.<\/span><\/p>\n<p lang=\"fr-FR\" style=\"text-align: justify;\" align=\"justify\"><span style=\"font-family: georgia, palatino;\">La solution <strong>InnoFAB<\/strong> et les deux autres qui ont remport\u00e9 le d\u00e9fi urbain sont actuellement en phase de test pilote. Pendant un an, les r\u00e9sultats des prototypes install\u00e9s dans les locaux du Campus Diagonal-Bes\u00f2s de l&rsquo;Universit\u00e9 Polit\u00e8cnica de Catalunya seront suivis.<\/span><\/p>\n","protected":false},"excerpt":{"rendered":"<p>Le projet, con\u00e7u par les architectes Pich Aguilera, a \u00e9t\u00e9 l&rsquo;une des propositions gagnantes du d\u00e9fi urbain lanc\u00e9 par la mairie de Barcelone pour r\u00e9g\u00e9n\u00e9rer les b\u00e2timents d&rsquo;habitation avec des syst\u00e8mes durables innovants. GARCIA FAURA a fait partie du groupe&hellip;<\/p>\n","protected":false},"author":3,"featured_media":37215,"comment_status":"closed","ping_status":"open","sticky":false,"template":"","format":"gallery","meta":{"footnotes":""},"categories":[2],"tags":[],"post_series":[],"class_list":["post-37234","post","type-post","status-publish","format-gallery","has-post-thumbnail","hentry","category-actualite","post_format-post-format-gallery","entry","has-media"],"yoast_head":"<!-- This site is optimized with the Yoast SEO plugin v26.7 - https:\/\/yoast.com\/wordpress\/plugins\/seo\/ -->\n<title>GARCIA FAURA participe au projet InnoFAB pour r\u00e9g\u00e9n\u00e9rer les maisons de mani\u00e8re innovante - GARCIA FAURA<\/title>\n<meta name=\"description\" content=\"Arquitectura en Alumini, Inox, Ferro i Vidre\" \/>\n<meta name=\"robots\" content=\"index, follow, max-snippet:-1, max-image-preview:large, max-video-preview:-1\" \/>\n<link rel=\"canonical\" href=\"https:\/\/www.garciafaura.com\/fr\/garcia-faura-participa-en-el-projecte-innofab-per-regenerar-habitatges-de-forma-innovadora\/\" \/>\n<meta property=\"og:locale\" content=\"fr_FR\" \/>\n<meta property=\"og:type\" content=\"article\" \/>\n<meta property=\"og:title\" content=\"GARCIA FAURA participe au projet InnoFAB pour r\u00e9g\u00e9n\u00e9rer les maisons de mani\u00e8re innovante - GARCIA FAURA\" \/>\n<meta property=\"og:description\" content=\"Arquitectura en Alumini, Inox, Ferro i Vidre\" \/>\n<meta property=\"og:url\" content=\"https:\/\/www.garciafaura.com\/fr\/garcia-faura-participa-en-el-projecte-innofab-per-regenerar-habitatges-de-forma-innovadora\/\" \/>\n<meta property=\"og:site_name\" content=\"GARCIA FAURA\" \/>\n<meta property=\"article:published_time\" content=\"2024-07-03T08:43:18+00:00\" \/>\n<meta property=\"article:modified_time\" content=\"2024-07-04T13:07:56+00:00\" \/>\n<meta property=\"og:image\" content=\"https:\/\/www.garciafaura.com\/wp-content\/uploads\/2024\/07\/InnoFAB-03-scaled.jpg\" \/>\n\t<meta property=\"og:image:width\" content=\"2560\" \/>\n\t<meta property=\"og:image:height\" content=\"1920\" \/>\n\t<meta property=\"og:image:type\" content=\"image\/jpeg\" \/>\n<meta name=\"author\" content=\"David Achell\" \/>\n<meta name=\"twitter:card\" content=\"summary_large_image\" \/>\n<meta name=\"twitter:label1\" content=\"\u00c9crit par\" \/>\n\t<meta name=\"twitter:data1\" content=\"David Achell\" \/>\n\t<meta name=\"twitter:label2\" content=\"Dur\u00e9e de lecture estim\u00e9e\" \/>\n\t<meta name=\"twitter:data2\" content=\"2 minutes\" \/>\n<script type=\"application\/ld+json\" class=\"yoast-schema-graph\">{\"@context\":\"https:\/\/schema.org\",\"@graph\":[{\"@type\":\"Article\",\"@id\":\"https:\/\/www.garciafaura.com\/fr\/garcia-faura-participa-en-el-projecte-innofab-per-regenerar-habitatges-de-forma-innovadora\/#article\",\"isPartOf\":{\"@id\":\"https:\/\/www.garciafaura.com\/fr\/garcia-faura-participa-en-el-projecte-innofab-per-regenerar-habitatges-de-forma-innovadora\/\"},\"author\":{\"name\":\"David Achell\",\"@id\":\"https:\/\/www.garciafaura.com\/fr\/#\/schema\/person\/b4b75e69b33fac3446071909bec106b0\"},\"headline\":\"GARCIA FAURA participe au projet InnoFAB pour r\u00e9g\u00e9n\u00e9rer les maisons de mani\u00e8re innovante\",\"datePublished\":\"2024-07-03T08:43:18+00:00\",\"dateModified\":\"2024-07-04T13:07:56+00:00\",\"mainEntityOfPage\":{\"@id\":\"https:\/\/www.garciafaura.com\/fr\/garcia-faura-participa-en-el-projecte-innofab-per-regenerar-habitatges-de-forma-innovadora\/\"},\"wordCount\":381,\"publisher\":{\"@id\":\"https:\/\/www.garciafaura.com\/fr\/#organization\"},\"image\":{\"@id\":\"https:\/\/www.garciafaura.com\/fr\/garcia-faura-participa-en-el-projecte-innofab-per-regenerar-habitatges-de-forma-innovadora\/#primaryimage\"},\"thumbnailUrl\":\"https:\/\/www.garciafaura.com\/wp-content\/uploads\/2024\/07\/InnoFAB-03-scaled.jpg\",\"articleSection\":[\"Actualit\u00e9\"],\"inLanguage\":\"fr-FR\"},{\"@type\":\"WebPage\",\"@id\":\"https:\/\/www.garciafaura.com\/fr\/garcia-faura-participa-en-el-projecte-innofab-per-regenerar-habitatges-de-forma-innovadora\/\",\"url\":\"https:\/\/www.garciafaura.com\/fr\/garcia-faura-participa-en-el-projecte-innofab-per-regenerar-habitatges-de-forma-innovadora\/\",\"name\":\"GARCIA FAURA participe au projet InnoFAB pour r\u00e9g\u00e9n\u00e9rer les maisons de mani\u00e8re innovante - GARCIA FAURA\",\"isPartOf\":{\"@id\":\"https:\/\/www.garciafaura.com\/fr\/#website\"},\"primaryImageOfPage\":{\"@id\":\"https:\/\/www.garciafaura.com\/fr\/garcia-faura-participa-en-el-projecte-innofab-per-regenerar-habitatges-de-forma-innovadora\/#primaryimage\"},\"image\":{\"@id\":\"https:\/\/www.garciafaura.com\/fr\/garcia-faura-participa-en-el-projecte-innofab-per-regenerar-habitatges-de-forma-innovadora\/#primaryimage\"},\"thumbnailUrl\":\"https:\/\/www.garciafaura.com\/wp-content\/uploads\/2024\/07\/InnoFAB-03-scaled.jpg\",\"datePublished\":\"2024-07-03T08:43:18+00:00\",\"dateModified\":\"2024-07-04T13:07:56+00:00\",\"description\":\"Arquitectura en Alumini, Inox, Ferro i Vidre\",\"breadcrumb\":{\"@id\":\"https:\/\/www.garciafaura.com\/fr\/garcia-faura-participa-en-el-projecte-innofab-per-regenerar-habitatges-de-forma-innovadora\/#breadcrumb\"},\"inLanguage\":\"fr-FR\",\"potentialAction\":[{\"@type\":\"ReadAction\",\"target\":[\"https:\/\/www.garciafaura.com\/fr\/garcia-faura-participa-en-el-projecte-innofab-per-regenerar-habitatges-de-forma-innovadora\/\"]}]},{\"@type\":\"ImageObject\",\"inLanguage\":\"fr-FR\",\"@id\":\"https:\/\/www.garciafaura.com\/fr\/garcia-faura-participa-en-el-projecte-innofab-per-regenerar-habitatges-de-forma-innovadora\/#primaryimage\",\"url\":\"https:\/\/www.garciafaura.com\/wp-content\/uploads\/2024\/07\/InnoFAB-03-scaled.jpg\",\"contentUrl\":\"https:\/\/www.garciafaura.com\/wp-content\/uploads\/2024\/07\/InnoFAB-03-scaled.jpg\",\"width\":2560,\"height\":1920},{\"@type\":\"BreadcrumbList\",\"@id\":\"https:\/\/www.garciafaura.com\/fr\/garcia-faura-participa-en-el-projecte-innofab-per-regenerar-habitatges-de-forma-innovadora\/#breadcrumb\",\"itemListElement\":[{\"@type\":\"ListItem\",\"position\":1,\"name\":\"Inici\",\"item\":\"https:\/\/www.garciafaura.com\/fr\/\"},{\"@type\":\"ListItem\",\"position\":2,\"name\":\"GARCIA FAURA participe au projet InnoFAB pour r\u00e9g\u00e9n\u00e9rer les maisons de mani\u00e8re innovante\"}]},{\"@type\":\"WebSite\",\"@id\":\"https:\/\/www.garciafaura.com\/fr\/#website\",\"url\":\"https:\/\/www.garciafaura.com\/fr\/\",\"name\":\"GARCIA FAURA\",\"description\":\"Arquitectura en Alumini, Inox, Ferro i Vidre\",\"publisher\":{\"@id\":\"https:\/\/www.garciafaura.com\/fr\/#organization\"},\"potentialAction\":[{\"@type\":\"SearchAction\",\"target\":{\"@type\":\"EntryPoint\",\"urlTemplate\":\"https:\/\/www.garciafaura.com\/fr\/?s={search_term_string}\"},\"query-input\":{\"@type\":\"PropertyValueSpecification\",\"valueRequired\":true,\"valueName\":\"search_term_string\"}}],\"inLanguage\":\"fr-FR\"},{\"@type\":\"Organization\",\"@id\":\"https:\/\/www.garciafaura.com\/fr\/#organization\",\"name\":\"GARCIA FAURA\",\"url\":\"https:\/\/www.garciafaura.com\/fr\/\",\"logo\":{\"@type\":\"ImageObject\",\"inLanguage\":\"fr-FR\",\"@id\":\"https:\/\/www.garciafaura.com\/fr\/#\/schema\/logo\/image\/\",\"url\":\"https:\/\/www.garciafaura.com\/wp-content\/uploads\/2018\/09\/Garcia-Faura.png\",\"contentUrl\":\"https:\/\/www.garciafaura.com\/wp-content\/uploads\/2018\/09\/Garcia-Faura.png\",\"width\":512,\"height\":512,\"caption\":\"GARCIA FAURA\"},\"image\":{\"@id\":\"https:\/\/www.garciafaura.com\/fr\/#\/schema\/logo\/image\/\"},\"sameAs\":[\"https:\/\/www.youtube.com\/user\/GARCIAFAURA\"]},{\"@type\":\"Person\",\"@id\":\"https:\/\/www.garciafaura.com\/fr\/#\/schema\/person\/b4b75e69b33fac3446071909bec106b0\",\"name\":\"David Achell\",\"image\":{\"@type\":\"ImageObject\",\"inLanguage\":\"fr-FR\",\"@id\":\"https:\/\/www.garciafaura.com\/fr\/#\/schema\/person\/image\/\",\"url\":\"https:\/\/secure.gravatar.com\/avatar\/03900210afc1f61bce737bcb4a79c02e2c997f171e3eca839b5a4cbe03846c90?s=96&d=blank&r=g\",\"contentUrl\":\"https:\/\/secure.gravatar.com\/avatar\/03900210afc1f61bce737bcb4a79c02e2c997f171e3eca839b5a4cbe03846c90?s=96&d=blank&r=g\",\"caption\":\"David Achell\"}}]}<\/script>\n<!-- \/ Yoast SEO plugin. -->","yoast_head_json":{"title":"GARCIA FAURA participe au projet InnoFAB pour r\u00e9g\u00e9n\u00e9rer les maisons de mani\u00e8re innovante - GARCIA FAURA","description":"Arquitectura en Alumini, Inox, Ferro i Vidre","robots":{"index":"index","follow":"follow","max-snippet":"max-snippet:-1","max-image-preview":"max-image-preview:large","max-video-preview":"max-video-preview:-1"},"canonical":"https:\/\/www.garciafaura.com\/fr\/garcia-faura-participa-en-el-projecte-innofab-per-regenerar-habitatges-de-forma-innovadora\/","og_locale":"fr_FR","og_type":"article","og_title":"GARCIA FAURA participe au projet InnoFAB pour r\u00e9g\u00e9n\u00e9rer les maisons de mani\u00e8re innovante - GARCIA FAURA","og_description":"Arquitectura en Alumini, Inox, Ferro i Vidre","og_url":"https:\/\/www.garciafaura.com\/fr\/garcia-faura-participa-en-el-projecte-innofab-per-regenerar-habitatges-de-forma-innovadora\/","og_site_name":"GARCIA FAURA","article_published_time":"2024-07-03T08:43:18+00:00","article_modified_time":"2024-07-04T13:07:56+00:00","og_image":[{"width":2560,"height":1920,"url":"https:\/\/www.garciafaura.com\/wp-content\/uploads\/2024\/07\/InnoFAB-03-scaled.jpg","type":"image\/jpeg"}],"author":"David Achell","twitter_card":"summary_large_image","twitter_misc":{"\u00c9crit par":"David Achell","Dur\u00e9e de lecture estim\u00e9e":"2 minutes"},"schema":{"@context":"https:\/\/schema.org","@graph":[{"@type":"Article","@id":"https:\/\/www.garciafaura.com\/fr\/garcia-faura-participa-en-el-projecte-innofab-per-regenerar-habitatges-de-forma-innovadora\/#article","isPartOf":{"@id":"https:\/\/www.garciafaura.com\/fr\/garcia-faura-participa-en-el-projecte-innofab-per-regenerar-habitatges-de-forma-innovadora\/"},"author":{"name":"David Achell","@id":"https:\/\/www.garciafaura.com\/fr\/#\/schema\/person\/b4b75e69b33fac3446071909bec106b0"},"headline":"GARCIA FAURA participe au projet InnoFAB pour r\u00e9g\u00e9n\u00e9rer les maisons de mani\u00e8re innovante","datePublished":"2024-07-03T08:43:18+00:00","dateModified":"2024-07-04T13:07:56+00:00","mainEntityOfPage":{"@id":"https:\/\/www.garciafaura.com\/fr\/garcia-faura-participa-en-el-projecte-innofab-per-regenerar-habitatges-de-forma-innovadora\/"},"wordCount":381,"publisher":{"@id":"https:\/\/www.garciafaura.com\/fr\/#organization"},"image":{"@id":"https:\/\/www.garciafaura.com\/fr\/garcia-faura-participa-en-el-projecte-innofab-per-regenerar-habitatges-de-forma-innovadora\/#primaryimage"},"thumbnailUrl":"https:\/\/www.garciafaura.com\/wp-content\/uploads\/2024\/07\/InnoFAB-03-scaled.jpg","articleSection":["Actualit\u00e9"],"inLanguage":"fr-FR"},{"@type":"WebPage","@id":"https:\/\/www.garciafaura.com\/fr\/garcia-faura-participa-en-el-projecte-innofab-per-regenerar-habitatges-de-forma-innovadora\/","url":"https:\/\/www.garciafaura.com\/fr\/garcia-faura-participa-en-el-projecte-innofab-per-regenerar-habitatges-de-forma-innovadora\/","name":"GARCIA FAURA participe au projet InnoFAB pour r\u00e9g\u00e9n\u00e9rer les maisons de mani\u00e8re innovante - GARCIA FAURA","isPartOf":{"@id":"https:\/\/www.garciafaura.com\/fr\/#website"},"primaryImageOfPage":{"@id":"https:\/\/www.garciafaura.com\/fr\/garcia-faura-participa-en-el-projecte-innofab-per-regenerar-habitatges-de-forma-innovadora\/#primaryimage"},"image":{"@id":"https:\/\/www.garciafaura.com\/fr\/garcia-faura-participa-en-el-projecte-innofab-per-regenerar-habitatges-de-forma-innovadora\/#primaryimage"},"thumbnailUrl":"https:\/\/www.garciafaura.com\/wp-content\/uploads\/2024\/07\/InnoFAB-03-scaled.jpg","datePublished":"2024-07-03T08:43:18+00:00","dateModified":"2024-07-04T13:07:56+00:00","description":"Arquitectura en Alumini, Inox, Ferro i Vidre","breadcrumb":{"@id":"https:\/\/www.garciafaura.com\/fr\/garcia-faura-participa-en-el-projecte-innofab-per-regenerar-habitatges-de-forma-innovadora\/#breadcrumb"},"inLanguage":"fr-FR","potentialAction":[{"@type":"ReadAction","target":["https:\/\/www.garciafaura.com\/fr\/garcia-faura-participa-en-el-projecte-innofab-per-regenerar-habitatges-de-forma-innovadora\/"]}]},{"@type":"ImageObject","inLanguage":"fr-FR","@id":"https:\/\/www.garciafaura.com\/fr\/garcia-faura-participa-en-el-projecte-innofab-per-regenerar-habitatges-de-forma-innovadora\/#primaryimage","url":"https:\/\/www.garciafaura.com\/wp-content\/uploads\/2024\/07\/InnoFAB-03-scaled.jpg","contentUrl":"https:\/\/www.garciafaura.com\/wp-content\/uploads\/2024\/07\/InnoFAB-03-scaled.jpg","width":2560,"height":1920},{"@type":"BreadcrumbList","@id":"https:\/\/www.garciafaura.com\/fr\/garcia-faura-participa-en-el-projecte-innofab-per-regenerar-habitatges-de-forma-innovadora\/#breadcrumb","itemListElement":[{"@type":"ListItem","position":1,"name":"Inici","item":"https:\/\/www.garciafaura.com\/fr\/"},{"@type":"ListItem","position":2,"name":"GARCIA FAURA participe au projet InnoFAB pour r\u00e9g\u00e9n\u00e9rer les maisons de mani\u00e8re innovante"}]},{"@type":"WebSite","@id":"https:\/\/www.garciafaura.com\/fr\/#website","url":"https:\/\/www.garciafaura.com\/fr\/","name":"GARCIA FAURA","description":"Arquitectura en Alumini, Inox, Ferro i Vidre","publisher":{"@id":"https:\/\/www.garciafaura.com\/fr\/#organization"},"potentialAction":[{"@type":"SearchAction","target":{"@type":"EntryPoint","urlTemplate":"https:\/\/www.garciafaura.com\/fr\/?s={search_term_string}"},"query-input":{"@type":"PropertyValueSpecification","valueRequired":true,"valueName":"search_term_string"}}],"inLanguage":"fr-FR"},{"@type":"Organization","@id":"https:\/\/www.garciafaura.com\/fr\/#organization","name":"GARCIA FAURA","url":"https:\/\/www.garciafaura.com\/fr\/","logo":{"@type":"ImageObject","inLanguage":"fr-FR","@id":"https:\/\/www.garciafaura.com\/fr\/#\/schema\/logo\/image\/","url":"https:\/\/www.garciafaura.com\/wp-content\/uploads\/2018\/09\/Garcia-Faura.png","contentUrl":"https:\/\/www.garciafaura.com\/wp-content\/uploads\/2018\/09\/Garcia-Faura.png","width":512,"height":512,"caption":"GARCIA FAURA"},"image":{"@id":"https:\/\/www.garciafaura.com\/fr\/#\/schema\/logo\/image\/"},"sameAs":["https:\/\/www.youtube.com\/user\/GARCIAFAURA"]},{"@type":"Person","@id":"https:\/\/www.garciafaura.com\/fr\/#\/schema\/person\/b4b75e69b33fac3446071909bec106b0","name":"David Achell","image":{"@type":"ImageObject","inLanguage":"fr-FR","@id":"https:\/\/www.garciafaura.com\/fr\/#\/schema\/person\/image\/","url":"https:\/\/secure.gravatar.com\/avatar\/03900210afc1f61bce737bcb4a79c02e2c997f171e3eca839b5a4cbe03846c90?s=96&d=blank&r=g","contentUrl":"https:\/\/secure.gravatar.com\/avatar\/03900210afc1f61bce737bcb4a79c02e2c997f171e3eca839b5a4cbe03846c90?s=96&d=blank&r=g","caption":"David Achell"}}]}},"_links":{"self":[{"href":"https:\/\/www.garciafaura.com\/fr\/wp-json\/wp\/v2\/posts\/37234","targetHints":{"allow":["GET"]}}],"collection":[{"href":"https:\/\/www.garciafaura.com\/fr\/wp-json\/wp\/v2\/posts"}],"about":[{"href":"https:\/\/www.garciafaura.com\/fr\/wp-json\/wp\/v2\/types\/post"}],"author":[{"embeddable":true,"href":"https:\/\/www.garciafaura.com\/fr\/wp-json\/wp\/v2\/users\/3"}],"replies":[{"embeddable":true,"href":"https:\/\/www.garciafaura.com\/fr\/wp-json\/wp\/v2\/comments?post=37234"}],"version-history":[{"count":2,"href":"https:\/\/www.garciafaura.com\/fr\/wp-json\/wp\/v2\/posts\/37234\/revisions"}],"predecessor-version":[{"id":37235,"href":"https:\/\/www.garciafaura.com\/fr\/wp-json\/wp\/v2\/posts\/37234\/revisions\/37235"}],"wp:featuredmedia":[{"embeddable":true,"href":"https:\/\/www.garciafaura.com\/fr\/wp-json\/wp\/v2\/media\/37215"}],"wp:attachment":[{"href":"https:\/\/www.garciafaura.com\/fr\/wp-json\/wp\/v2\/media?parent=37234"}],"wp:term":[{"taxonomy":"category","embeddable":true,"href":"https:\/\/www.garciafaura.com\/fr\/wp-json\/wp\/v2\/categories?post=37234"},{"taxonomy":"post_tag","embeddable":true,"href":"https:\/\/www.garciafaura.com\/fr\/wp-json\/wp\/v2\/tags?post=37234"},{"taxonomy":"post_series","embeddable":true,"href":"https:\/\/www.garciafaura.com\/fr\/wp-json\/wp\/v2\/post_series?post=37234"}],"curies":[{"name":"wp","href":"https:\/\/api.w.org\/{rel}","templated":true}]}}