{"id":36908,"date":"2024-04-30T09:15:27","date_gmt":"2024-04-30T07:15:27","guid":{"rendered":"https:\/\/www.garciafaura.com\/garcia-faura-en-plena-reforma-de-ledifici-estel-de-barcelona\/"},"modified":"2024-04-30T09:38:46","modified_gmt":"2024-04-30T07:38:46","slug":"garcia-faura-en-plena-reforma-de-ledifici-estel-de-barcelona","status":"publish","type":"post","link":"https:\/\/www.garciafaura.com\/fr\/garcia-faura-en-plena-reforma-de-ledifici-estel-de-barcelona\/","title":{"rendered":"GARCIA FAURA, en pleine r\u00e9novation du b\u00e2timent Estel \u00e0 Barcelone"},"content":{"rendered":"<h3 style=\"text-align: justify;\" align=\"justify\"><b>Pendant plus d&rsquo;une d\u00e9cennie, cette propri\u00e9t\u00e9 situ\u00e9e dans l&rsquo;Eixample de la ville de Barcelone, a \u00e9t\u00e9 abandonn\u00e9e, apr\u00e8s avoir cess\u00e9 d&rsquo;\u00eatre le si\u00e8ge de Telef\u00f3nica. Il est actuellement transform\u00e9 en un complexe de bureaux ultramoderne avec la participation de GARCIA FAURA.<\/b><\/h3>\n<p style=\"text-align: justify;\">Le <strong>b\u00e2timent Estel<\/strong> a \u00e9t\u00e9 construit en 1975 dans le quartier de l&rsquo;Eixample de Barcelone, plus pr\u00e9cis\u00e9ment entre les rues Cal\u00e0bria, Viladomat et Mallorca, avec l&rsquo;entr\u00e9e principale sur l&rsquo;Avenue Roma. Elle a \u00e9t\u00e9 le si\u00e8ge de Telef\u00f3nica jusqu&rsquo;en 2011, date \u00e0 laquelle l&rsquo;op\u00e9rateur a d\u00e9m\u00e9nag\u00e9 dans le quartier de Sant Mart\u00ed.<\/p>\n<p style=\"text-align: justify;\">Aujourd&rsquo;hui, gr\u00e2ce au projet architectural du cabinet Blanch + Conca Arquitectura, les plus de 40.000 m\u00e8tres carr\u00e9s de la propri\u00e9t\u00e9 sont transform\u00e9s en un complexe de bureaux ultramodernes et d&rsquo;autres espaces tels qu&rsquo;un auditorium, des salles de r\u00e9union salles et aux \u00e9v\u00e9nements, salle de sport et espaces de divertissement et de socialisation.<\/p>\n<p style=\"text-align: justify;\">Au rez-de-chauss\u00e9e se trouveront des locaux commerciaux et de restauration. De plus, le b\u00e2timent disposera de pr\u00e8s de 8.000 m\u00e8tres carr\u00e9s de terrasses et de jardins.<\/p>\n<p style=\"text-align: justify;\">L&rsquo;un des points forts du <strong>b\u00e2timent Estel<\/strong> r\u00e9nov\u00e9 sera son positionnement en mati\u00e8re d&rsquo;efficacit\u00e9 \u00e9nerg\u00e9tique. En effet, 35 % de la consommation \u00e9nerg\u00e9tique du b\u00e2timent devrait provenir de sources propres, avec l&rsquo;installation de panneaux photovolta\u00efques.<\/p>\n<p style=\"text-align: justify;\">Le complexe aspire aux plus hautes certifications de durabilit\u00e9 et de bien-\u00eatre telles que LEED Platinum, WELL Platinum, SmartScore Platinum, WidesCore Platinum ou Zero Net Carbon. Une contribution fondamentale \u00e0 ce positionnement sera apport\u00e9e par les <strong>fa\u00e7ades<\/strong> et les <strong>menuiseries<\/strong> ext\u00e9rieures du nouveau b\u00e2timent.<\/p>\n<p style=\"text-align: justify;\"><strong>Travaux de GARCIA FAURA<\/strong><\/p>\n<p style=\"text-align: justify;\">Dans ce projet, <strong>GARCIA FAURA<\/strong> construira et installera 6.100 m\u00e8tres carr\u00e9s de <strong>mur-rideau<\/strong> avec syst\u00e8me SG et double peau avec des lames sp\u00e9ciales en <strong>aluminium<\/strong> extrud\u00e9, 3.272 m\u00e8tres carr\u00e9s de <strong>mur-rideau<\/strong> avec capot et serreur et une verri\u00e8re de 170 m\u00e8tres carr\u00e9s dans la cour.<\/p>\n<p style=\"text-align: justify;\">L&rsquo;essentiel des travaux concernera cependant la <strong>fa\u00e7ade<\/strong> principale de l&rsquo;Avenue Roma, o\u00f9 sera install\u00e9 un <strong>mur-rideau<\/strong> en forme d&rsquo;\u00e9cailles, tra\u00e7ant le volume du b\u00e2timent. En m\u00eame temps, il donne forme \u00e0 une peau ext\u00e9rieure travaill\u00e9e exclusivement par le <strong>Bureau Technique de GARCIA FAURA<\/strong> pour all\u00e9ger la <strong>fa\u00e7ade<\/strong> et rechercher la simplicit\u00e9 exig\u00e9e par le projet architectural.<\/p>\n<p style=\"text-align: justify;\">Ce <strong>mur-rideau<\/strong> est compos\u00e9 de deux grands profil\u00e9s verticaux et de lames horizontales cr\u00e9\u00e9es par des profil\u00e9s en <strong>aluminium<\/strong> d\u00e9velopp\u00e9s sp\u00e9cialement pour le projet. De plus, les ancrages et fixations de la peau ext\u00e9rieure, cr\u00e9\u00e9s avec une structure en fer pour supporter ad\u00e9quatement le poids des profil\u00e9s en <strong>aluminium<\/strong>, maintiennent la simplicit\u00e9 maximale du projet. La partie inf\u00e9rieure de cette peau ext\u00e9rieure pr\u00e9sente en outre un dessin incurv\u00e9 qui a rendu son \u00e9laboration encore plus complexe, mais qui permet de conf\u00e9rer encore plus d&rsquo;unicit\u00e9 \u00e0 la <strong>fa\u00e7ade<\/strong>.<\/p>\n","protected":false},"excerpt":{"rendered":"<p>Pendant plus d&rsquo;une d\u00e9cennie, cette propri\u00e9t\u00e9 situ\u00e9e dans l&rsquo;Eixample de la ville de Barcelone, a \u00e9t\u00e9 abandonn\u00e9e, apr\u00e8s avoir cess\u00e9 d&rsquo;\u00eatre le si\u00e8ge de Telef\u00f3nica. Il est actuellement transform\u00e9 en un complexe de bureaux ultramoderne avec la participation de GARCIA&hellip;<\/p>\n","protected":false},"author":3,"featured_media":34422,"comment_status":"closed","ping_status":"open","sticky":false,"template":"","format":"standard","meta":{"footnotes":""},"categories":[2],"tags":[],"post_series":[],"class_list":["post-36908","post","type-post","status-publish","format-standard","has-post-thumbnail","hentry","category-actualite","entry","has-media"],"yoast_head":"<!-- This site is optimized with the Yoast SEO plugin v26.7 - https:\/\/yoast.com\/wordpress\/plugins\/seo\/ -->\n<title>GARCIA FAURA, en pleine r\u00e9novation du b\u00e2timent Estel \u00e0 Barcelone - GARCIA FAURA<\/title>\n<meta name=\"description\" content=\"Arquitectura en Alumini, Inox, Ferro i Vidre\" \/>\n<meta name=\"robots\" content=\"index, follow, max-snippet:-1, max-image-preview:large, max-video-preview:-1\" \/>\n<link rel=\"canonical\" href=\"https:\/\/www.garciafaura.com\/fr\/garcia-faura-en-plena-reforma-de-ledifici-estel-de-barcelona\/\" \/>\n<meta property=\"og:locale\" content=\"fr_FR\" \/>\n<meta property=\"og:type\" content=\"article\" \/>\n<meta property=\"og:title\" content=\"GARCIA FAURA, en pleine r\u00e9novation du b\u00e2timent Estel \u00e0 Barcelone - GARCIA FAURA\" \/>\n<meta property=\"og:description\" content=\"Arquitectura en Alumini, Inox, Ferro i Vidre\" \/>\n<meta property=\"og:url\" content=\"https:\/\/www.garciafaura.com\/fr\/garcia-faura-en-plena-reforma-de-ledifici-estel-de-barcelona\/\" \/>\n<meta property=\"og:site_name\" content=\"GARCIA FAURA\" \/>\n<meta property=\"article:published_time\" content=\"2024-04-30T07:15:27+00:00\" \/>\n<meta property=\"article:modified_time\" content=\"2024-04-30T07:38:46+00:00\" \/>\n<meta property=\"og:image\" content=\"https:\/\/www.garciafaura.com\/wp-content\/uploads\/2024\/01\/Edificio-Estel-2-2.jpeg\" \/>\n\t<meta property=\"og:image:width\" content=\"1408\" \/>\n\t<meta property=\"og:image:height\" content=\"800\" \/>\n\t<meta property=\"og:image:type\" content=\"image\/jpeg\" \/>\n<meta name=\"author\" content=\"David Achell\" \/>\n<meta name=\"twitter:card\" content=\"summary_large_image\" \/>\n<meta name=\"twitter:label1\" content=\"\u00c9crit par\" \/>\n\t<meta name=\"twitter:data1\" content=\"David Achell\" \/>\n\t<meta name=\"twitter:label2\" content=\"Dur\u00e9e de lecture estim\u00e9e\" \/>\n\t<meta name=\"twitter:data2\" content=\"3 minutes\" \/>\n<script type=\"application\/ld+json\" class=\"yoast-schema-graph\">{\"@context\":\"https:\/\/schema.org\",\"@graph\":[{\"@type\":\"Article\",\"@id\":\"https:\/\/www.garciafaura.com\/fr\/garcia-faura-en-plena-reforma-de-ledifici-estel-de-barcelona\/#article\",\"isPartOf\":{\"@id\":\"https:\/\/www.garciafaura.com\/fr\/garcia-faura-en-plena-reforma-de-ledifici-estel-de-barcelona\/\"},\"author\":{\"name\":\"David Achell\",\"@id\":\"https:\/\/www.garciafaura.com\/fr\/#\/schema\/person\/b4b75e69b33fac3446071909bec106b0\"},\"headline\":\"GARCIA FAURA, en pleine r\u00e9novation du b\u00e2timent Estel \u00e0 Barcelone\",\"datePublished\":\"2024-04-30T07:15:27+00:00\",\"dateModified\":\"2024-04-30T07:38:46+00:00\",\"mainEntityOfPage\":{\"@id\":\"https:\/\/www.garciafaura.com\/fr\/garcia-faura-en-plena-reforma-de-ledifici-estel-de-barcelona\/\"},\"wordCount\":530,\"publisher\":{\"@id\":\"https:\/\/www.garciafaura.com\/fr\/#organization\"},\"image\":{\"@id\":\"https:\/\/www.garciafaura.com\/fr\/garcia-faura-en-plena-reforma-de-ledifici-estel-de-barcelona\/#primaryimage\"},\"thumbnailUrl\":\"https:\/\/www.garciafaura.com\/wp-content\/uploads\/2024\/01\/Edificio-Estel-2-2.jpeg\",\"articleSection\":[\"Actualit\u00e9\"],\"inLanguage\":\"fr-FR\"},{\"@type\":\"WebPage\",\"@id\":\"https:\/\/www.garciafaura.com\/fr\/garcia-faura-en-plena-reforma-de-ledifici-estel-de-barcelona\/\",\"url\":\"https:\/\/www.garciafaura.com\/fr\/garcia-faura-en-plena-reforma-de-ledifici-estel-de-barcelona\/\",\"name\":\"GARCIA FAURA, en pleine r\u00e9novation du b\u00e2timent Estel \u00e0 Barcelone - GARCIA FAURA\",\"isPartOf\":{\"@id\":\"https:\/\/www.garciafaura.com\/fr\/#website\"},\"primaryImageOfPage\":{\"@id\":\"https:\/\/www.garciafaura.com\/fr\/garcia-faura-en-plena-reforma-de-ledifici-estel-de-barcelona\/#primaryimage\"},\"image\":{\"@id\":\"https:\/\/www.garciafaura.com\/fr\/garcia-faura-en-plena-reforma-de-ledifici-estel-de-barcelona\/#primaryimage\"},\"thumbnailUrl\":\"https:\/\/www.garciafaura.com\/wp-content\/uploads\/2024\/01\/Edificio-Estel-2-2.jpeg\",\"datePublished\":\"2024-04-30T07:15:27+00:00\",\"dateModified\":\"2024-04-30T07:38:46+00:00\",\"description\":\"Arquitectura en Alumini, Inox, Ferro i Vidre\",\"breadcrumb\":{\"@id\":\"https:\/\/www.garciafaura.com\/fr\/garcia-faura-en-plena-reforma-de-ledifici-estel-de-barcelona\/#breadcrumb\"},\"inLanguage\":\"fr-FR\",\"potentialAction\":[{\"@type\":\"ReadAction\",\"target\":[\"https:\/\/www.garciafaura.com\/fr\/garcia-faura-en-plena-reforma-de-ledifici-estel-de-barcelona\/\"]}]},{\"@type\":\"ImageObject\",\"inLanguage\":\"fr-FR\",\"@id\":\"https:\/\/www.garciafaura.com\/fr\/garcia-faura-en-plena-reforma-de-ledifici-estel-de-barcelona\/#primaryimage\",\"url\":\"https:\/\/www.garciafaura.com\/wp-content\/uploads\/2024\/01\/Edificio-Estel-2-2.jpeg\",\"contentUrl\":\"https:\/\/www.garciafaura.com\/wp-content\/uploads\/2024\/01\/Edificio-Estel-2-2.jpeg\",\"width\":1408,\"height\":800,\"caption\":\"Garcia Faura Estel\"},{\"@type\":\"BreadcrumbList\",\"@id\":\"https:\/\/www.garciafaura.com\/fr\/garcia-faura-en-plena-reforma-de-ledifici-estel-de-barcelona\/#breadcrumb\",\"itemListElement\":[{\"@type\":\"ListItem\",\"position\":1,\"name\":\"Inici\",\"item\":\"https:\/\/www.garciafaura.com\/fr\/\"},{\"@type\":\"ListItem\",\"position\":2,\"name\":\"GARCIA FAURA, en pleine r\u00e9novation du b\u00e2timent Estel \u00e0 Barcelone\"}]},{\"@type\":\"WebSite\",\"@id\":\"https:\/\/www.garciafaura.com\/fr\/#website\",\"url\":\"https:\/\/www.garciafaura.com\/fr\/\",\"name\":\"GARCIA FAURA\",\"description\":\"Arquitectura en Alumini, Inox, Ferro i Vidre\",\"publisher\":{\"@id\":\"https:\/\/www.garciafaura.com\/fr\/#organization\"},\"potentialAction\":[{\"@type\":\"SearchAction\",\"target\":{\"@type\":\"EntryPoint\",\"urlTemplate\":\"https:\/\/www.garciafaura.com\/fr\/?s={search_term_string}\"},\"query-input\":{\"@type\":\"PropertyValueSpecification\",\"valueRequired\":true,\"valueName\":\"search_term_string\"}}],\"inLanguage\":\"fr-FR\"},{\"@type\":\"Organization\",\"@id\":\"https:\/\/www.garciafaura.com\/fr\/#organization\",\"name\":\"GARCIA FAURA\",\"url\":\"https:\/\/www.garciafaura.com\/fr\/\",\"logo\":{\"@type\":\"ImageObject\",\"inLanguage\":\"fr-FR\",\"@id\":\"https:\/\/www.garciafaura.com\/fr\/#\/schema\/logo\/image\/\",\"url\":\"https:\/\/www.garciafaura.com\/wp-content\/uploads\/2018\/09\/Garcia-Faura.png\",\"contentUrl\":\"https:\/\/www.garciafaura.com\/wp-content\/uploads\/2018\/09\/Garcia-Faura.png\",\"width\":512,\"height\":512,\"caption\":\"GARCIA FAURA\"},\"image\":{\"@id\":\"https:\/\/www.garciafaura.com\/fr\/#\/schema\/logo\/image\/\"},\"sameAs\":[\"https:\/\/www.youtube.com\/user\/GARCIAFAURA\"]},{\"@type\":\"Person\",\"@id\":\"https:\/\/www.garciafaura.com\/fr\/#\/schema\/person\/b4b75e69b33fac3446071909bec106b0\",\"name\":\"David Achell\",\"image\":{\"@type\":\"ImageObject\",\"inLanguage\":\"fr-FR\",\"@id\":\"https:\/\/www.garciafaura.com\/fr\/#\/schema\/person\/image\/\",\"url\":\"https:\/\/secure.gravatar.com\/avatar\/03900210afc1f61bce737bcb4a79c02e2c997f171e3eca839b5a4cbe03846c90?s=96&d=blank&r=g\",\"contentUrl\":\"https:\/\/secure.gravatar.com\/avatar\/03900210afc1f61bce737bcb4a79c02e2c997f171e3eca839b5a4cbe03846c90?s=96&d=blank&r=g\",\"caption\":\"David Achell\"}}]}<\/script>\n<!-- \/ Yoast SEO plugin. -->","yoast_head_json":{"title":"GARCIA FAURA, en pleine r\u00e9novation du b\u00e2timent Estel \u00e0 Barcelone - GARCIA FAURA","description":"Arquitectura en Alumini, Inox, Ferro i Vidre","robots":{"index":"index","follow":"follow","max-snippet":"max-snippet:-1","max-image-preview":"max-image-preview:large","max-video-preview":"max-video-preview:-1"},"canonical":"https:\/\/www.garciafaura.com\/fr\/garcia-faura-en-plena-reforma-de-ledifici-estel-de-barcelona\/","og_locale":"fr_FR","og_type":"article","og_title":"GARCIA FAURA, en pleine r\u00e9novation du b\u00e2timent Estel \u00e0 Barcelone - GARCIA FAURA","og_description":"Arquitectura en Alumini, Inox, Ferro i Vidre","og_url":"https:\/\/www.garciafaura.com\/fr\/garcia-faura-en-plena-reforma-de-ledifici-estel-de-barcelona\/","og_site_name":"GARCIA FAURA","article_published_time":"2024-04-30T07:15:27+00:00","article_modified_time":"2024-04-30T07:38:46+00:00","og_image":[{"width":1408,"height":800,"url":"https:\/\/www.garciafaura.com\/wp-content\/uploads\/2024\/01\/Edificio-Estel-2-2.jpeg","type":"image\/jpeg"}],"author":"David Achell","twitter_card":"summary_large_image","twitter_misc":{"\u00c9crit par":"David Achell","Dur\u00e9e de lecture estim\u00e9e":"3 minutes"},"schema":{"@context":"https:\/\/schema.org","@graph":[{"@type":"Article","@id":"https:\/\/www.garciafaura.com\/fr\/garcia-faura-en-plena-reforma-de-ledifici-estel-de-barcelona\/#article","isPartOf":{"@id":"https:\/\/www.garciafaura.com\/fr\/garcia-faura-en-plena-reforma-de-ledifici-estel-de-barcelona\/"},"author":{"name":"David Achell","@id":"https:\/\/www.garciafaura.com\/fr\/#\/schema\/person\/b4b75e69b33fac3446071909bec106b0"},"headline":"GARCIA FAURA, en pleine r\u00e9novation du b\u00e2timent Estel \u00e0 Barcelone","datePublished":"2024-04-30T07:15:27+00:00","dateModified":"2024-04-30T07:38:46+00:00","mainEntityOfPage":{"@id":"https:\/\/www.garciafaura.com\/fr\/garcia-faura-en-plena-reforma-de-ledifici-estel-de-barcelona\/"},"wordCount":530,"publisher":{"@id":"https:\/\/www.garciafaura.com\/fr\/#organization"},"image":{"@id":"https:\/\/www.garciafaura.com\/fr\/garcia-faura-en-plena-reforma-de-ledifici-estel-de-barcelona\/#primaryimage"},"thumbnailUrl":"https:\/\/www.garciafaura.com\/wp-content\/uploads\/2024\/01\/Edificio-Estel-2-2.jpeg","articleSection":["Actualit\u00e9"],"inLanguage":"fr-FR"},{"@type":"WebPage","@id":"https:\/\/www.garciafaura.com\/fr\/garcia-faura-en-plena-reforma-de-ledifici-estel-de-barcelona\/","url":"https:\/\/www.garciafaura.com\/fr\/garcia-faura-en-plena-reforma-de-ledifici-estel-de-barcelona\/","name":"GARCIA FAURA, en pleine r\u00e9novation du b\u00e2timent Estel \u00e0 Barcelone - GARCIA FAURA","isPartOf":{"@id":"https:\/\/www.garciafaura.com\/fr\/#website"},"primaryImageOfPage":{"@id":"https:\/\/www.garciafaura.com\/fr\/garcia-faura-en-plena-reforma-de-ledifici-estel-de-barcelona\/#primaryimage"},"image":{"@id":"https:\/\/www.garciafaura.com\/fr\/garcia-faura-en-plena-reforma-de-ledifici-estel-de-barcelona\/#primaryimage"},"thumbnailUrl":"https:\/\/www.garciafaura.com\/wp-content\/uploads\/2024\/01\/Edificio-Estel-2-2.jpeg","datePublished":"2024-04-30T07:15:27+00:00","dateModified":"2024-04-30T07:38:46+00:00","description":"Arquitectura en Alumini, Inox, Ferro i Vidre","breadcrumb":{"@id":"https:\/\/www.garciafaura.com\/fr\/garcia-faura-en-plena-reforma-de-ledifici-estel-de-barcelona\/#breadcrumb"},"inLanguage":"fr-FR","potentialAction":[{"@type":"ReadAction","target":["https:\/\/www.garciafaura.com\/fr\/garcia-faura-en-plena-reforma-de-ledifici-estel-de-barcelona\/"]}]},{"@type":"ImageObject","inLanguage":"fr-FR","@id":"https:\/\/www.garciafaura.com\/fr\/garcia-faura-en-plena-reforma-de-ledifici-estel-de-barcelona\/#primaryimage","url":"https:\/\/www.garciafaura.com\/wp-content\/uploads\/2024\/01\/Edificio-Estel-2-2.jpeg","contentUrl":"https:\/\/www.garciafaura.com\/wp-content\/uploads\/2024\/01\/Edificio-Estel-2-2.jpeg","width":1408,"height":800,"caption":"Garcia Faura Estel"},{"@type":"BreadcrumbList","@id":"https:\/\/www.garciafaura.com\/fr\/garcia-faura-en-plena-reforma-de-ledifici-estel-de-barcelona\/#breadcrumb","itemListElement":[{"@type":"ListItem","position":1,"name":"Inici","item":"https:\/\/www.garciafaura.com\/fr\/"},{"@type":"ListItem","position":2,"name":"GARCIA FAURA, en pleine r\u00e9novation du b\u00e2timent Estel \u00e0 Barcelone"}]},{"@type":"WebSite","@id":"https:\/\/www.garciafaura.com\/fr\/#website","url":"https:\/\/www.garciafaura.com\/fr\/","name":"GARCIA FAURA","description":"Arquitectura en Alumini, Inox, Ferro i Vidre","publisher":{"@id":"https:\/\/www.garciafaura.com\/fr\/#organization"},"potentialAction":[{"@type":"SearchAction","target":{"@type":"EntryPoint","urlTemplate":"https:\/\/www.garciafaura.com\/fr\/?s={search_term_string}"},"query-input":{"@type":"PropertyValueSpecification","valueRequired":true,"valueName":"search_term_string"}}],"inLanguage":"fr-FR"},{"@type":"Organization","@id":"https:\/\/www.garciafaura.com\/fr\/#organization","name":"GARCIA FAURA","url":"https:\/\/www.garciafaura.com\/fr\/","logo":{"@type":"ImageObject","inLanguage":"fr-FR","@id":"https:\/\/www.garciafaura.com\/fr\/#\/schema\/logo\/image\/","url":"https:\/\/www.garciafaura.com\/wp-content\/uploads\/2018\/09\/Garcia-Faura.png","contentUrl":"https:\/\/www.garciafaura.com\/wp-content\/uploads\/2018\/09\/Garcia-Faura.png","width":512,"height":512,"caption":"GARCIA FAURA"},"image":{"@id":"https:\/\/www.garciafaura.com\/fr\/#\/schema\/logo\/image\/"},"sameAs":["https:\/\/www.youtube.com\/user\/GARCIAFAURA"]},{"@type":"Person","@id":"https:\/\/www.garciafaura.com\/fr\/#\/schema\/person\/b4b75e69b33fac3446071909bec106b0","name":"David Achell","image":{"@type":"ImageObject","inLanguage":"fr-FR","@id":"https:\/\/www.garciafaura.com\/fr\/#\/schema\/person\/image\/","url":"https:\/\/secure.gravatar.com\/avatar\/03900210afc1f61bce737bcb4a79c02e2c997f171e3eca839b5a4cbe03846c90?s=96&d=blank&r=g","contentUrl":"https:\/\/secure.gravatar.com\/avatar\/03900210afc1f61bce737bcb4a79c02e2c997f171e3eca839b5a4cbe03846c90?s=96&d=blank&r=g","caption":"David Achell"}}]}},"_links":{"self":[{"href":"https:\/\/www.garciafaura.com\/fr\/wp-json\/wp\/v2\/posts\/36908","targetHints":{"allow":["GET"]}}],"collection":[{"href":"https:\/\/www.garciafaura.com\/fr\/wp-json\/wp\/v2\/posts"}],"about":[{"href":"https:\/\/www.garciafaura.com\/fr\/wp-json\/wp\/v2\/types\/post"}],"author":[{"embeddable":true,"href":"https:\/\/www.garciafaura.com\/fr\/wp-json\/wp\/v2\/users\/3"}],"replies":[{"embeddable":true,"href":"https:\/\/www.garciafaura.com\/fr\/wp-json\/wp\/v2\/comments?post=36908"}],"version-history":[{"count":5,"href":"https:\/\/www.garciafaura.com\/fr\/wp-json\/wp\/v2\/posts\/36908\/revisions"}],"predecessor-version":[{"id":36923,"href":"https:\/\/www.garciafaura.com\/fr\/wp-json\/wp\/v2\/posts\/36908\/revisions\/36923"}],"wp:featuredmedia":[{"embeddable":true,"href":"https:\/\/www.garciafaura.com\/fr\/wp-json\/wp\/v2\/media\/34422"}],"wp:attachment":[{"href":"https:\/\/www.garciafaura.com\/fr\/wp-json\/wp\/v2\/media?parent=36908"}],"wp:term":[{"taxonomy":"category","embeddable":true,"href":"https:\/\/www.garciafaura.com\/fr\/wp-json\/wp\/v2\/categories?post=36908"},{"taxonomy":"post_tag","embeddable":true,"href":"https:\/\/www.garciafaura.com\/fr\/wp-json\/wp\/v2\/tags?post=36908"},{"taxonomy":"post_series","embeddable":true,"href":"https:\/\/www.garciafaura.com\/fr\/wp-json\/wp\/v2\/post_series?post=36908"}],"curies":[{"name":"wp","href":"https:\/\/api.w.org\/{rel}","templated":true}]}}