{"id":35582,"date":"2024-03-12T10:25:06","date_gmt":"2024-03-12T08:25:06","guid":{"rendered":"https:\/\/www.garciafaura.com\/garcia-faura-interve-en-la-renovacio-dequipaments-i-la-millora-energetica-de-lilla-de-serveis-del-mercat-de-la-sagrada-familia\/"},"modified":"2024-03-12T10:55:08","modified_gmt":"2024-03-12T08:55:08","slug":"garcia-faura-interve-en-la-renovacio-dequipaments-i-la-millora-energetica-de-lilla-de-serveis-del-mercat-de-la-sagrada-familia","status":"publish","type":"post","link":"https:\/\/www.garciafaura.com\/fr\/garcia-faura-interve-en-la-renovacio-dequipaments-i-la-millora-energetica-de-lilla-de-serveis-del-mercat-de-la-sagrada-familia\/","title":{"rendered":"GARCIA FAURA intervient dans la r\u00e9novation des \u00e9quipements et l&rsquo;am\u00e9lioration \u00e9nerg\u00e9tique de la zone de services du march\u00e9 de la Sagrada Familia"},"content":{"rendered":"<h3 style=\"text-align: justify;\"><b>La mairie de Barcelone r\u00e9alise la r\u00e9organisation et l&rsquo;am\u00e9lioration de l&rsquo;efficacit\u00e9 \u00e9nerg\u00e9tique du march\u00e9 de la Sagrada Familia et du reste des \u00e9quipements publics situ\u00e9s sur l&rsquo;\u00eele situ\u00e9e entre les rues Padilla et Mallorca, dans le quartier de l&rsquo;Eixample de la capitale catalane.<\/b><\/h3>\n<p style=\"text-align: justify;\">La mairie de Barcelone a commenc\u00e9 la r\u00e9habilitation globale de l&rsquo;\u00eele comprise entre les rues Mallorca, Padilla et Proven\u00e7a, environ 8.107 m\u00e8tres carr\u00e9s de superficie o\u00f9 se trouvent diverses installations telles que le march\u00e9 de la Sagrada Familia, une maison pour personnes \u00e2g\u00e9es, un jardin d&rsquo;enfants, un centre civique et une biblioth\u00e8que. La r\u00e9forme vise \u00e0 reconnecter le quartier avec le jardin int\u00e9rieur de l&rsquo;\u00eele et les installations entre elles, \u00e0 r\u00e9organiser les usages du b\u00e2timent de service et \u00e0 minimiser l&rsquo;impact environnemental de l&rsquo;ensemble des installations.<\/p>\n<p style=\"text-align: justify;\">Les travaux ont \u00e9t\u00e9 divis\u00e9s en deux interventions distinctes et <strong>GARCIA FAURA<\/strong> participe aux deux.<\/p>\n<p style=\"text-align: justify;\">Concernant la r\u00e9novation du march\u00e9 de la Sagrada Familia, l&rsquo;objectif principal des travaux est l&rsquo;optimisation de l&rsquo;\u00e9nergie, c&rsquo;est pourquoi un nouveau toit durable avec des panneaux photovolta\u00efques sera install\u00e9 avec lequel il est pr\u00e9vu de r\u00e9duire le rayonnement solaire direct entre 10 et 20 %. Une s\u00e9rie de modules seront fabriqu\u00e9s et install\u00e9s pour les syst\u00e8mes de ventilation du toit, compos\u00e9s de lames et de fen\u00eatres \u00e0 ouverture motoris\u00e9e int\u00e9gr\u00e9es.<\/p>\n<p style=\"text-align: justify;\">Une <strong>fa\u00e7ade de mur-rideau<\/strong> de 450 m\u00e8tres carr\u00e9s sera \u00e9galement r\u00e9alis\u00e9e, ainsi que d&rsquo;autres interventions telles que des vitrages, de bardage m\u00e9tallique ou bardage en panneaux sandwich.<\/p>\n<p style=\"text-align: justify;\">En ce qui concerne le domaine des \u00e9quipements sociaux, <strong>GARCIA FAURA<\/strong> r\u00e9alisera 850 m\u00e8tres carr\u00e9s de <strong>murs-rideaux<\/strong>, qui seront int\u00e9gr\u00e9s \u00e0 une cinquantaine de modules de portes-fen\u00eatres et de vitrages fixes. huit portes d&rsquo;acc\u00e8s \u00e0 ouverture automatique et une s\u00e9rie de rev\u00eatements ext\u00e9rieurs en <strong>fa\u00e7ade<\/strong> seront \u00e9galement fabriqu\u00e9s et install\u00e9s.<\/p>\n<p style=\"text-align: justify;\">Avec ces travaux, on attend une r\u00e9duction de 25% de la demande de climatisation, en plus d&rsquo;une am\u00e9lioration de l&rsquo;absorption acoustique, de l&rsquo;am\u00e9nagement du passage qui relie le quartier \u00e0 la place int\u00e9rieure et de la r\u00e9organisation des usages des services de l&rsquo;\u00eele.<\/p>\n","protected":false},"excerpt":{"rendered":"<p>La mairie de Barcelone r\u00e9alise la r\u00e9organisation et l&rsquo;am\u00e9lioration de l&rsquo;efficacit\u00e9 \u00e9nerg\u00e9tique du march\u00e9 de la Sagrada Familia et du reste des \u00e9quipements publics situ\u00e9s sur l&rsquo;\u00eele situ\u00e9e entre les rues Padilla et Mallorca, dans le quartier de l&rsquo;Eixample de&hellip;<\/p>\n","protected":false},"author":3,"featured_media":0,"comment_status":"closed","ping_status":"open","sticky":false,"template":"","format":"gallery","meta":{"footnotes":""},"categories":[2],"tags":[],"post_series":[],"class_list":["post-35582","post","type-post","status-publish","format-gallery","hentry","category-actualite","post_format-post-format-gallery","entry","has-media"],"yoast_head":"<!-- This site is optimized with the Yoast SEO plugin v26.7 - https:\/\/yoast.com\/wordpress\/plugins\/seo\/ -->\n<title>GARCIA FAURA intervient dans la r\u00e9novation des \u00e9quipements et l&#039;am\u00e9lioration \u00e9nerg\u00e9tique de la zone de services du march\u00e9 de la Sagrada Familia - GARCIA FAURA<\/title>\n<meta name=\"description\" content=\"Arquitectura en Alumini, Inox, Ferro i Vidre\" \/>\n<meta name=\"robots\" content=\"index, follow, max-snippet:-1, max-image-preview:large, max-video-preview:-1\" \/>\n<link rel=\"canonical\" href=\"https:\/\/www.garciafaura.com\/fr\/garcia-faura-interve-en-la-renovacio-dequipaments-i-la-millora-energetica-de-lilla-de-serveis-del-mercat-de-la-sagrada-familia\/\" \/>\n<meta property=\"og:locale\" content=\"fr_FR\" \/>\n<meta property=\"og:type\" content=\"article\" \/>\n<meta property=\"og:title\" content=\"GARCIA FAURA intervient dans la r\u00e9novation des \u00e9quipements et l&#039;am\u00e9lioration \u00e9nerg\u00e9tique de la zone de services du march\u00e9 de la Sagrada Familia - GARCIA FAURA\" \/>\n<meta property=\"og:description\" content=\"Arquitectura en Alumini, Inox, Ferro i Vidre\" \/>\n<meta property=\"og:url\" content=\"https:\/\/www.garciafaura.com\/fr\/garcia-faura-interve-en-la-renovacio-dequipaments-i-la-millora-energetica-de-lilla-de-serveis-del-mercat-de-la-sagrada-familia\/\" \/>\n<meta property=\"og:site_name\" content=\"GARCIA FAURA\" \/>\n<meta property=\"article:published_time\" content=\"2024-03-12T08:25:06+00:00\" \/>\n<meta property=\"article:modified_time\" content=\"2024-03-12T08:55:08+00:00\" \/>\n<meta name=\"author\" content=\"David Achell\" \/>\n<meta name=\"twitter:card\" content=\"summary_large_image\" \/>\n<meta name=\"twitter:label1\" content=\"\u00c9crit par\" \/>\n\t<meta name=\"twitter:data1\" content=\"David Achell\" \/>\n\t<meta name=\"twitter:label2\" content=\"Dur\u00e9e de lecture estim\u00e9e\" \/>\n\t<meta name=\"twitter:data2\" content=\"2 minutes\" \/>\n<script type=\"application\/ld+json\" class=\"yoast-schema-graph\">{\"@context\":\"https:\/\/schema.org\",\"@graph\":[{\"@type\":\"Article\",\"@id\":\"https:\/\/www.garciafaura.com\/fr\/garcia-faura-interve-en-la-renovacio-dequipaments-i-la-millora-energetica-de-lilla-de-serveis-del-mercat-de-la-sagrada-familia\/#article\",\"isPartOf\":{\"@id\":\"https:\/\/www.garciafaura.com\/fr\/garcia-faura-interve-en-la-renovacio-dequipaments-i-la-millora-energetica-de-lilla-de-serveis-del-mercat-de-la-sagrada-familia\/\"},\"author\":{\"name\":\"David Achell\",\"@id\":\"https:\/\/www.garciafaura.com\/fr\/#\/schema\/person\/b4b75e69b33fac3446071909bec106b0\"},\"headline\":\"GARCIA FAURA intervient dans la r\u00e9novation des \u00e9quipements et l&rsquo;am\u00e9lioration \u00e9nerg\u00e9tique de la zone de services du march\u00e9 de la Sagrada Familia\",\"datePublished\":\"2024-03-12T08:25:06+00:00\",\"dateModified\":\"2024-03-12T08:55:08+00:00\",\"mainEntityOfPage\":{\"@id\":\"https:\/\/www.garciafaura.com\/fr\/garcia-faura-interve-en-la-renovacio-dequipaments-i-la-millora-energetica-de-lilla-de-serveis-del-mercat-de-la-sagrada-familia\/\"},\"wordCount\":420,\"publisher\":{\"@id\":\"https:\/\/www.garciafaura.com\/fr\/#organization\"},\"articleSection\":[\"Actualit\u00e9\"],\"inLanguage\":\"fr-FR\"},{\"@type\":\"WebPage\",\"@id\":\"https:\/\/www.garciafaura.com\/fr\/garcia-faura-interve-en-la-renovacio-dequipaments-i-la-millora-energetica-de-lilla-de-serveis-del-mercat-de-la-sagrada-familia\/\",\"url\":\"https:\/\/www.garciafaura.com\/fr\/garcia-faura-interve-en-la-renovacio-dequipaments-i-la-millora-energetica-de-lilla-de-serveis-del-mercat-de-la-sagrada-familia\/\",\"name\":\"GARCIA FAURA intervient dans la r\u00e9novation des \u00e9quipements et l'am\u00e9lioration \u00e9nerg\u00e9tique de la zone de services du march\u00e9 de la Sagrada Familia - GARCIA FAURA\",\"isPartOf\":{\"@id\":\"https:\/\/www.garciafaura.com\/fr\/#website\"},\"datePublished\":\"2024-03-12T08:25:06+00:00\",\"dateModified\":\"2024-03-12T08:55:08+00:00\",\"description\":\"Arquitectura en Alumini, Inox, Ferro i Vidre\",\"breadcrumb\":{\"@id\":\"https:\/\/www.garciafaura.com\/fr\/garcia-faura-interve-en-la-renovacio-dequipaments-i-la-millora-energetica-de-lilla-de-serveis-del-mercat-de-la-sagrada-familia\/#breadcrumb\"},\"inLanguage\":\"fr-FR\",\"potentialAction\":[{\"@type\":\"ReadAction\",\"target\":[\"https:\/\/www.garciafaura.com\/fr\/garcia-faura-interve-en-la-renovacio-dequipaments-i-la-millora-energetica-de-lilla-de-serveis-del-mercat-de-la-sagrada-familia\/\"]}]},{\"@type\":\"BreadcrumbList\",\"@id\":\"https:\/\/www.garciafaura.com\/fr\/garcia-faura-interve-en-la-renovacio-dequipaments-i-la-millora-energetica-de-lilla-de-serveis-del-mercat-de-la-sagrada-familia\/#breadcrumb\",\"itemListElement\":[{\"@type\":\"ListItem\",\"position\":1,\"name\":\"Inici\",\"item\":\"https:\/\/www.garciafaura.com\/fr\/\"},{\"@type\":\"ListItem\",\"position\":2,\"name\":\"GARCIA FAURA intervient dans la r\u00e9novation des \u00e9quipements et l&#8217;am\u00e9lioration \u00e9nerg\u00e9tique de la zone de services du march\u00e9 de la Sagrada Familia\"}]},{\"@type\":\"WebSite\",\"@id\":\"https:\/\/www.garciafaura.com\/fr\/#website\",\"url\":\"https:\/\/www.garciafaura.com\/fr\/\",\"name\":\"GARCIA FAURA\",\"description\":\"Arquitectura en Alumini, Inox, Ferro i Vidre\",\"publisher\":{\"@id\":\"https:\/\/www.garciafaura.com\/fr\/#organization\"},\"potentialAction\":[{\"@type\":\"SearchAction\",\"target\":{\"@type\":\"EntryPoint\",\"urlTemplate\":\"https:\/\/www.garciafaura.com\/fr\/?s={search_term_string}\"},\"query-input\":{\"@type\":\"PropertyValueSpecification\",\"valueRequired\":true,\"valueName\":\"search_term_string\"}}],\"inLanguage\":\"fr-FR\"},{\"@type\":\"Organization\",\"@id\":\"https:\/\/www.garciafaura.com\/fr\/#organization\",\"name\":\"GARCIA FAURA\",\"url\":\"https:\/\/www.garciafaura.com\/fr\/\",\"logo\":{\"@type\":\"ImageObject\",\"inLanguage\":\"fr-FR\",\"@id\":\"https:\/\/www.garciafaura.com\/fr\/#\/schema\/logo\/image\/\",\"url\":\"https:\/\/www.garciafaura.com\/wp-content\/uploads\/2018\/09\/Garcia-Faura.png\",\"contentUrl\":\"https:\/\/www.garciafaura.com\/wp-content\/uploads\/2018\/09\/Garcia-Faura.png\",\"width\":512,\"height\":512,\"caption\":\"GARCIA FAURA\"},\"image\":{\"@id\":\"https:\/\/www.garciafaura.com\/fr\/#\/schema\/logo\/image\/\"},\"sameAs\":[\"https:\/\/www.youtube.com\/user\/GARCIAFAURA\"]},{\"@type\":\"Person\",\"@id\":\"https:\/\/www.garciafaura.com\/fr\/#\/schema\/person\/b4b75e69b33fac3446071909bec106b0\",\"name\":\"David Achell\",\"image\":{\"@type\":\"ImageObject\",\"inLanguage\":\"fr-FR\",\"@id\":\"https:\/\/www.garciafaura.com\/fr\/#\/schema\/person\/image\/\",\"url\":\"https:\/\/secure.gravatar.com\/avatar\/03900210afc1f61bce737bcb4a79c02e2c997f171e3eca839b5a4cbe03846c90?s=96&d=blank&r=g\",\"contentUrl\":\"https:\/\/secure.gravatar.com\/avatar\/03900210afc1f61bce737bcb4a79c02e2c997f171e3eca839b5a4cbe03846c90?s=96&d=blank&r=g\",\"caption\":\"David Achell\"}}]}<\/script>\n<!-- \/ Yoast SEO plugin. -->","yoast_head_json":{"title":"GARCIA FAURA intervient dans la r\u00e9novation des \u00e9quipements et l'am\u00e9lioration \u00e9nerg\u00e9tique de la zone de services du march\u00e9 de la Sagrada Familia - GARCIA FAURA","description":"Arquitectura en Alumini, Inox, Ferro i Vidre","robots":{"index":"index","follow":"follow","max-snippet":"max-snippet:-1","max-image-preview":"max-image-preview:large","max-video-preview":"max-video-preview:-1"},"canonical":"https:\/\/www.garciafaura.com\/fr\/garcia-faura-interve-en-la-renovacio-dequipaments-i-la-millora-energetica-de-lilla-de-serveis-del-mercat-de-la-sagrada-familia\/","og_locale":"fr_FR","og_type":"article","og_title":"GARCIA FAURA intervient dans la r\u00e9novation des \u00e9quipements et l'am\u00e9lioration \u00e9nerg\u00e9tique de la zone de services du march\u00e9 de la Sagrada Familia - GARCIA FAURA","og_description":"Arquitectura en Alumini, Inox, Ferro i Vidre","og_url":"https:\/\/www.garciafaura.com\/fr\/garcia-faura-interve-en-la-renovacio-dequipaments-i-la-millora-energetica-de-lilla-de-serveis-del-mercat-de-la-sagrada-familia\/","og_site_name":"GARCIA FAURA","article_published_time":"2024-03-12T08:25:06+00:00","article_modified_time":"2024-03-12T08:55:08+00:00","author":"David Achell","twitter_card":"summary_large_image","twitter_misc":{"\u00c9crit par":"David Achell","Dur\u00e9e de lecture estim\u00e9e":"2 minutes"},"schema":{"@context":"https:\/\/schema.org","@graph":[{"@type":"Article","@id":"https:\/\/www.garciafaura.com\/fr\/garcia-faura-interve-en-la-renovacio-dequipaments-i-la-millora-energetica-de-lilla-de-serveis-del-mercat-de-la-sagrada-familia\/#article","isPartOf":{"@id":"https:\/\/www.garciafaura.com\/fr\/garcia-faura-interve-en-la-renovacio-dequipaments-i-la-millora-energetica-de-lilla-de-serveis-del-mercat-de-la-sagrada-familia\/"},"author":{"name":"David Achell","@id":"https:\/\/www.garciafaura.com\/fr\/#\/schema\/person\/b4b75e69b33fac3446071909bec106b0"},"headline":"GARCIA FAURA intervient dans la r\u00e9novation des \u00e9quipements et l&rsquo;am\u00e9lioration \u00e9nerg\u00e9tique de la zone de services du march\u00e9 de la Sagrada Familia","datePublished":"2024-03-12T08:25:06+00:00","dateModified":"2024-03-12T08:55:08+00:00","mainEntityOfPage":{"@id":"https:\/\/www.garciafaura.com\/fr\/garcia-faura-interve-en-la-renovacio-dequipaments-i-la-millora-energetica-de-lilla-de-serveis-del-mercat-de-la-sagrada-familia\/"},"wordCount":420,"publisher":{"@id":"https:\/\/www.garciafaura.com\/fr\/#organization"},"articleSection":["Actualit\u00e9"],"inLanguage":"fr-FR"},{"@type":"WebPage","@id":"https:\/\/www.garciafaura.com\/fr\/garcia-faura-interve-en-la-renovacio-dequipaments-i-la-millora-energetica-de-lilla-de-serveis-del-mercat-de-la-sagrada-familia\/","url":"https:\/\/www.garciafaura.com\/fr\/garcia-faura-interve-en-la-renovacio-dequipaments-i-la-millora-energetica-de-lilla-de-serveis-del-mercat-de-la-sagrada-familia\/","name":"GARCIA FAURA intervient dans la r\u00e9novation des \u00e9quipements et l'am\u00e9lioration \u00e9nerg\u00e9tique de la zone de services du march\u00e9 de la Sagrada Familia - GARCIA FAURA","isPartOf":{"@id":"https:\/\/www.garciafaura.com\/fr\/#website"},"datePublished":"2024-03-12T08:25:06+00:00","dateModified":"2024-03-12T08:55:08+00:00","description":"Arquitectura en Alumini, Inox, Ferro i Vidre","breadcrumb":{"@id":"https:\/\/www.garciafaura.com\/fr\/garcia-faura-interve-en-la-renovacio-dequipaments-i-la-millora-energetica-de-lilla-de-serveis-del-mercat-de-la-sagrada-familia\/#breadcrumb"},"inLanguage":"fr-FR","potentialAction":[{"@type":"ReadAction","target":["https:\/\/www.garciafaura.com\/fr\/garcia-faura-interve-en-la-renovacio-dequipaments-i-la-millora-energetica-de-lilla-de-serveis-del-mercat-de-la-sagrada-familia\/"]}]},{"@type":"BreadcrumbList","@id":"https:\/\/www.garciafaura.com\/fr\/garcia-faura-interve-en-la-renovacio-dequipaments-i-la-millora-energetica-de-lilla-de-serveis-del-mercat-de-la-sagrada-familia\/#breadcrumb","itemListElement":[{"@type":"ListItem","position":1,"name":"Inici","item":"https:\/\/www.garciafaura.com\/fr\/"},{"@type":"ListItem","position":2,"name":"GARCIA FAURA intervient dans la r\u00e9novation des \u00e9quipements et l&#8217;am\u00e9lioration \u00e9nerg\u00e9tique de la zone de services du march\u00e9 de la Sagrada Familia"}]},{"@type":"WebSite","@id":"https:\/\/www.garciafaura.com\/fr\/#website","url":"https:\/\/www.garciafaura.com\/fr\/","name":"GARCIA FAURA","description":"Arquitectura en Alumini, Inox, Ferro i Vidre","publisher":{"@id":"https:\/\/www.garciafaura.com\/fr\/#organization"},"potentialAction":[{"@type":"SearchAction","target":{"@type":"EntryPoint","urlTemplate":"https:\/\/www.garciafaura.com\/fr\/?s={search_term_string}"},"query-input":{"@type":"PropertyValueSpecification","valueRequired":true,"valueName":"search_term_string"}}],"inLanguage":"fr-FR"},{"@type":"Organization","@id":"https:\/\/www.garciafaura.com\/fr\/#organization","name":"GARCIA FAURA","url":"https:\/\/www.garciafaura.com\/fr\/","logo":{"@type":"ImageObject","inLanguage":"fr-FR","@id":"https:\/\/www.garciafaura.com\/fr\/#\/schema\/logo\/image\/","url":"https:\/\/www.garciafaura.com\/wp-content\/uploads\/2018\/09\/Garcia-Faura.png","contentUrl":"https:\/\/www.garciafaura.com\/wp-content\/uploads\/2018\/09\/Garcia-Faura.png","width":512,"height":512,"caption":"GARCIA FAURA"},"image":{"@id":"https:\/\/www.garciafaura.com\/fr\/#\/schema\/logo\/image\/"},"sameAs":["https:\/\/www.youtube.com\/user\/GARCIAFAURA"]},{"@type":"Person","@id":"https:\/\/www.garciafaura.com\/fr\/#\/schema\/person\/b4b75e69b33fac3446071909bec106b0","name":"David Achell","image":{"@type":"ImageObject","inLanguage":"fr-FR","@id":"https:\/\/www.garciafaura.com\/fr\/#\/schema\/person\/image\/","url":"https:\/\/secure.gravatar.com\/avatar\/03900210afc1f61bce737bcb4a79c02e2c997f171e3eca839b5a4cbe03846c90?s=96&d=blank&r=g","contentUrl":"https:\/\/secure.gravatar.com\/avatar\/03900210afc1f61bce737bcb4a79c02e2c997f171e3eca839b5a4cbe03846c90?s=96&d=blank&r=g","caption":"David Achell"}}]}},"_links":{"self":[{"href":"https:\/\/www.garciafaura.com\/fr\/wp-json\/wp\/v2\/posts\/35582","targetHints":{"allow":["GET"]}}],"collection":[{"href":"https:\/\/www.garciafaura.com\/fr\/wp-json\/wp\/v2\/posts"}],"about":[{"href":"https:\/\/www.garciafaura.com\/fr\/wp-json\/wp\/v2\/types\/post"}],"author":[{"embeddable":true,"href":"https:\/\/www.garciafaura.com\/fr\/wp-json\/wp\/v2\/users\/3"}],"replies":[{"embeddable":true,"href":"https:\/\/www.garciafaura.com\/fr\/wp-json\/wp\/v2\/comments?post=35582"}],"version-history":[{"count":7,"href":"https:\/\/www.garciafaura.com\/fr\/wp-json\/wp\/v2\/posts\/35582\/revisions"}],"predecessor-version":[{"id":35589,"href":"https:\/\/www.garciafaura.com\/fr\/wp-json\/wp\/v2\/posts\/35582\/revisions\/35589"}],"wp:attachment":[{"href":"https:\/\/www.garciafaura.com\/fr\/wp-json\/wp\/v2\/media?parent=35582"}],"wp:term":[{"taxonomy":"category","embeddable":true,"href":"https:\/\/www.garciafaura.com\/fr\/wp-json\/wp\/v2\/categories?post=35582"},{"taxonomy":"post_tag","embeddable":true,"href":"https:\/\/www.garciafaura.com\/fr\/wp-json\/wp\/v2\/tags?post=35582"},{"taxonomy":"post_series","embeddable":true,"href":"https:\/\/www.garciafaura.com\/fr\/wp-json\/wp\/v2\/post_series?post=35582"}],"curies":[{"name":"wp","href":"https:\/\/api.w.org\/{rel}","templated":true}]}}