{"id":35548,"date":"2024-03-04T12:07:30","date_gmt":"2024-03-04T10:07:30","guid":{"rendered":"https:\/\/www.garciafaura.com\/garcia-faura-renova-la-facana-del-colegio-valdeluz-de-madrid\/"},"modified":"2024-03-04T12:19:16","modified_gmt":"2024-03-04T10:19:16","slug":"garcia-faura-renova-la-facana-del-colegio-valdeluz-de-madrid","status":"publish","type":"post","link":"https:\/\/www.garciafaura.com\/fr\/garcia-faura-renova-la-facana-del-colegio-valdeluz-de-madrid\/","title":{"rendered":"GARCIA FAURA r\u00e9novera la fa\u00e7ade de l&rsquo;\u00e9cole Colegio Valdeluz de Madrid"},"content":{"rendered":"<h3 align=\"justify\"><span style=\"font-family: Arial, sans-serif;\"><span lang=\"fr-FR\"><b>Le confort des personnes qui utilisent un b\u00e2timent est tr\u00e8s important, et encore plus s&rsquo;il s&rsquo;agit d&rsquo;un centre \u00e9ducatif fr\u00e9quent\u00e9 par des \u00e9l\u00e8ves de la maternelle au lyc\u00e9e. C&rsquo;est pour cette raison que Dragados et le Colegio Valdeluz a fait confiance \u00e0 GARCIA FAURA pour am\u00e9liorer l&rsquo;efficacit\u00e9 \u00e9nerg\u00e9tique de ses installations \u00e9ducatives.<\/b><\/span><\/span><\/h3>\n<p align=\"justify\"><span style=\"font-family: Arial, sans-serif;\"><span lang=\"fr-FR\">Le <strong>Colegio Valdeluz<\/strong> est un \u00e9tablissement d&rsquo;enseignement avec plus de cinquante ans d&rsquo;histoire. Il est situ\u00e9 rue Ferm\u00edn Caballero, \u00e0 Madrid, dans la partie nord de la capitale espagnole, sur un terrain qui occupe plus de 33.000 m\u00e8tres carr\u00e9s entre des b\u00e2timents \u00e9ducatifs, sportifs et de services.<\/span><\/span><\/p>\n<p align=\"justify\"><span style=\"font-family: Arial, sans-serif;\"><span lang=\"fr-FR\">\u00c0 travers un projet architectural du bureau form\u00e9 par Antonio Zapatero et Ang\u00e9lica Holgu\u00edn, <strong>GARCIA FAURA<\/strong> ex\u00e9cute la r\u00e9habilitation de la <strong>fa\u00e7ade<\/strong> des installations scolaires dans le but d&rsquo;am\u00e9liorer son efficacit\u00e9 \u00e9nerg\u00e9tique et de gagner en bien-\u00eatre tant pour les \u00e9tudiants que pour les enseignants.<\/span><\/span><\/p>\n<p align=\"justify\"><span style=\"font-family: Arial, sans-serif;\"><span lang=\"fr-FR\">Les travaux consistent en la pose d&rsquo;un millier de m\u00e8tres carr\u00e9s de bardage, constitu\u00e9s de modules de <strong>fa\u00e7ade<\/strong> en panneaux composites et de brise-soleil \u00e0 lames orientables en <strong>aluminium<\/strong>. Les panneaux sont constitu\u00e9s de t\u00f4les ext\u00e9rieures en <strong>aluminium<\/strong> et d&rsquo;un noyau int\u00e9rieur en r\u00e9sines \u00e0 charge min\u00e9rale, composant ignifuge et classification internationale d\u2019haute r\u00e9sistance B-s1-d0.<\/span><\/span><\/p>\n<p align=\"justify\"><span style=\"font-family: Arial, sans-serif;\"><span lang=\"fr-FR\"><strong>GARCIA FAURA<\/strong> installera \u00e9galement dans le centre \u00e9ducatif de Madrid 350 unit\u00e9s de <strong>menuiseries<\/strong>, en ouvrant cach\u00e9 en <strong>aluminium<\/strong> avec diff\u00e9rents types d&rsquo;ouverture, 1.400 m\u00e8tres carr\u00e9s de vitrage et plus de 3.000 m\u00e8tres lin\u00e9aires de couvertines et autres t\u00f4les d\u2019habillage.<\/span><\/span><\/p>\n","protected":false},"excerpt":{"rendered":"<p>Le confort des personnes qui utilisent un b\u00e2timent est tr\u00e8s important, et encore plus s&rsquo;il s&rsquo;agit d&rsquo;un centre \u00e9ducatif fr\u00e9quent\u00e9 par des \u00e9l\u00e8ves de la maternelle au lyc\u00e9e. C&rsquo;est pour cette raison que Dragados et le Colegio Valdeluz a fait&hellip;<\/p>\n","protected":false},"author":3,"featured_media":35544,"comment_status":"closed","ping_status":"open","sticky":false,"template":"","format":"gallery","meta":{"footnotes":""},"categories":[2],"tags":[],"post_series":[],"class_list":["post-35548","post","type-post","status-publish","format-gallery","has-post-thumbnail","hentry","category-actualite","post_format-post-format-gallery","entry","has-media"],"yoast_head":"<!-- This site is optimized with the Yoast SEO plugin v26.7 - https:\/\/yoast.com\/wordpress\/plugins\/seo\/ -->\n<title>GARCIA FAURA r\u00e9novera la fa\u00e7ade de l&#039;\u00e9cole Colegio Valdeluz de Madrid - GARCIA FAURA<\/title>\n<meta name=\"description\" content=\"Arquitectura en Alumini, Inox, Ferro i Vidre\" \/>\n<meta name=\"robots\" content=\"index, follow, max-snippet:-1, max-image-preview:large, max-video-preview:-1\" \/>\n<link rel=\"canonical\" href=\"https:\/\/www.garciafaura.com\/fr\/garcia-faura-renova-la-facana-del-colegio-valdeluz-de-madrid\/\" \/>\n<meta property=\"og:locale\" content=\"fr_FR\" \/>\n<meta property=\"og:type\" content=\"article\" \/>\n<meta property=\"og:title\" content=\"GARCIA FAURA r\u00e9novera la fa\u00e7ade de l&#039;\u00e9cole Colegio Valdeluz de Madrid - GARCIA FAURA\" \/>\n<meta property=\"og:description\" content=\"Arquitectura en Alumini, Inox, Ferro i Vidre\" \/>\n<meta property=\"og:url\" content=\"https:\/\/www.garciafaura.com\/fr\/garcia-faura-renova-la-facana-del-colegio-valdeluz-de-madrid\/\" \/>\n<meta property=\"og:site_name\" content=\"GARCIA FAURA\" \/>\n<meta property=\"article:published_time\" content=\"2024-03-04T10:07:30+00:00\" \/>\n<meta property=\"article:modified_time\" content=\"2024-03-04T10:19:16+00:00\" \/>\n<meta property=\"og:image\" content=\"https:\/\/www.garciafaura.com\/wp-content\/uploads\/2024\/03\/VALELUZ-01.jpg\" \/>\n\t<meta property=\"og:image:width\" content=\"1200\" \/>\n\t<meta property=\"og:image:height\" content=\"628\" \/>\n\t<meta property=\"og:image:type\" content=\"image\/jpeg\" \/>\n<meta name=\"author\" content=\"David Achell\" \/>\n<meta name=\"twitter:card\" content=\"summary_large_image\" \/>\n<meta name=\"twitter:label1\" content=\"\u00c9crit par\" \/>\n\t<meta name=\"twitter:data1\" content=\"David Achell\" \/>\n\t<meta name=\"twitter:label2\" content=\"Dur\u00e9e de lecture estim\u00e9e\" \/>\n\t<meta name=\"twitter:data2\" content=\"2 minutes\" \/>\n<script type=\"application\/ld+json\" class=\"yoast-schema-graph\">{\"@context\":\"https:\/\/schema.org\",\"@graph\":[{\"@type\":\"Article\",\"@id\":\"https:\/\/www.garciafaura.com\/fr\/garcia-faura-renova-la-facana-del-colegio-valdeluz-de-madrid\/#article\",\"isPartOf\":{\"@id\":\"https:\/\/www.garciafaura.com\/fr\/garcia-faura-renova-la-facana-del-colegio-valdeluz-de-madrid\/\"},\"author\":{\"name\":\"David Achell\",\"@id\":\"https:\/\/www.garciafaura.com\/fr\/#\/schema\/person\/b4b75e69b33fac3446071909bec106b0\"},\"headline\":\"GARCIA FAURA r\u00e9novera la fa\u00e7ade de l&rsquo;\u00e9cole Colegio Valdeluz de Madrid\",\"datePublished\":\"2024-03-04T10:07:30+00:00\",\"dateModified\":\"2024-03-04T10:19:16+00:00\",\"mainEntityOfPage\":{\"@id\":\"https:\/\/www.garciafaura.com\/fr\/garcia-faura-renova-la-facana-del-colegio-valdeluz-de-madrid\/\"},\"wordCount\":295,\"publisher\":{\"@id\":\"https:\/\/www.garciafaura.com\/fr\/#organization\"},\"image\":{\"@id\":\"https:\/\/www.garciafaura.com\/fr\/garcia-faura-renova-la-facana-del-colegio-valdeluz-de-madrid\/#primaryimage\"},\"thumbnailUrl\":\"https:\/\/www.garciafaura.com\/wp-content\/uploads\/2024\/03\/VALELUZ-01.jpg\",\"articleSection\":[\"Actualit\u00e9\"],\"inLanguage\":\"fr-FR\"},{\"@type\":\"WebPage\",\"@id\":\"https:\/\/www.garciafaura.com\/fr\/garcia-faura-renova-la-facana-del-colegio-valdeluz-de-madrid\/\",\"url\":\"https:\/\/www.garciafaura.com\/fr\/garcia-faura-renova-la-facana-del-colegio-valdeluz-de-madrid\/\",\"name\":\"GARCIA FAURA r\u00e9novera la fa\u00e7ade de l'\u00e9cole Colegio Valdeluz de Madrid - GARCIA FAURA\",\"isPartOf\":{\"@id\":\"https:\/\/www.garciafaura.com\/fr\/#website\"},\"primaryImageOfPage\":{\"@id\":\"https:\/\/www.garciafaura.com\/fr\/garcia-faura-renova-la-facana-del-colegio-valdeluz-de-madrid\/#primaryimage\"},\"image\":{\"@id\":\"https:\/\/www.garciafaura.com\/fr\/garcia-faura-renova-la-facana-del-colegio-valdeluz-de-madrid\/#primaryimage\"},\"thumbnailUrl\":\"https:\/\/www.garciafaura.com\/wp-content\/uploads\/2024\/03\/VALELUZ-01.jpg\",\"datePublished\":\"2024-03-04T10:07:30+00:00\",\"dateModified\":\"2024-03-04T10:19:16+00:00\",\"description\":\"Arquitectura en Alumini, Inox, Ferro i Vidre\",\"breadcrumb\":{\"@id\":\"https:\/\/www.garciafaura.com\/fr\/garcia-faura-renova-la-facana-del-colegio-valdeluz-de-madrid\/#breadcrumb\"},\"inLanguage\":\"fr-FR\",\"potentialAction\":[{\"@type\":\"ReadAction\",\"target\":[\"https:\/\/www.garciafaura.com\/fr\/garcia-faura-renova-la-facana-del-colegio-valdeluz-de-madrid\/\"]}]},{\"@type\":\"ImageObject\",\"inLanguage\":\"fr-FR\",\"@id\":\"https:\/\/www.garciafaura.com\/fr\/garcia-faura-renova-la-facana-del-colegio-valdeluz-de-madrid\/#primaryimage\",\"url\":\"https:\/\/www.garciafaura.com\/wp-content\/uploads\/2024\/03\/VALELUZ-01.jpg\",\"contentUrl\":\"https:\/\/www.garciafaura.com\/wp-content\/uploads\/2024\/03\/VALELUZ-01.jpg\",\"width\":1200,\"height\":628},{\"@type\":\"BreadcrumbList\",\"@id\":\"https:\/\/www.garciafaura.com\/fr\/garcia-faura-renova-la-facana-del-colegio-valdeluz-de-madrid\/#breadcrumb\",\"itemListElement\":[{\"@type\":\"ListItem\",\"position\":1,\"name\":\"Inici\",\"item\":\"https:\/\/www.garciafaura.com\/fr\/\"},{\"@type\":\"ListItem\",\"position\":2,\"name\":\"GARCIA FAURA r\u00e9novera la fa\u00e7ade de l&#8217;\u00e9cole Colegio Valdeluz de Madrid\"}]},{\"@type\":\"WebSite\",\"@id\":\"https:\/\/www.garciafaura.com\/fr\/#website\",\"url\":\"https:\/\/www.garciafaura.com\/fr\/\",\"name\":\"GARCIA FAURA\",\"description\":\"Arquitectura en Alumini, Inox, Ferro i Vidre\",\"publisher\":{\"@id\":\"https:\/\/www.garciafaura.com\/fr\/#organization\"},\"potentialAction\":[{\"@type\":\"SearchAction\",\"target\":{\"@type\":\"EntryPoint\",\"urlTemplate\":\"https:\/\/www.garciafaura.com\/fr\/?s={search_term_string}\"},\"query-input\":{\"@type\":\"PropertyValueSpecification\",\"valueRequired\":true,\"valueName\":\"search_term_string\"}}],\"inLanguage\":\"fr-FR\"},{\"@type\":\"Organization\",\"@id\":\"https:\/\/www.garciafaura.com\/fr\/#organization\",\"name\":\"GARCIA FAURA\",\"url\":\"https:\/\/www.garciafaura.com\/fr\/\",\"logo\":{\"@type\":\"ImageObject\",\"inLanguage\":\"fr-FR\",\"@id\":\"https:\/\/www.garciafaura.com\/fr\/#\/schema\/logo\/image\/\",\"url\":\"https:\/\/www.garciafaura.com\/wp-content\/uploads\/2018\/09\/Garcia-Faura.png\",\"contentUrl\":\"https:\/\/www.garciafaura.com\/wp-content\/uploads\/2018\/09\/Garcia-Faura.png\",\"width\":512,\"height\":512,\"caption\":\"GARCIA FAURA\"},\"image\":{\"@id\":\"https:\/\/www.garciafaura.com\/fr\/#\/schema\/logo\/image\/\"},\"sameAs\":[\"https:\/\/www.youtube.com\/user\/GARCIAFAURA\"]},{\"@type\":\"Person\",\"@id\":\"https:\/\/www.garciafaura.com\/fr\/#\/schema\/person\/b4b75e69b33fac3446071909bec106b0\",\"name\":\"David Achell\",\"image\":{\"@type\":\"ImageObject\",\"inLanguage\":\"fr-FR\",\"@id\":\"https:\/\/www.garciafaura.com\/fr\/#\/schema\/person\/image\/\",\"url\":\"https:\/\/secure.gravatar.com\/avatar\/03900210afc1f61bce737bcb4a79c02e2c997f171e3eca839b5a4cbe03846c90?s=96&d=blank&r=g\",\"contentUrl\":\"https:\/\/secure.gravatar.com\/avatar\/03900210afc1f61bce737bcb4a79c02e2c997f171e3eca839b5a4cbe03846c90?s=96&d=blank&r=g\",\"caption\":\"David Achell\"}}]}<\/script>\n<!-- \/ Yoast SEO plugin. -->","yoast_head_json":{"title":"GARCIA FAURA r\u00e9novera la fa\u00e7ade de l'\u00e9cole Colegio Valdeluz de Madrid - GARCIA FAURA","description":"Arquitectura en Alumini, Inox, Ferro i Vidre","robots":{"index":"index","follow":"follow","max-snippet":"max-snippet:-1","max-image-preview":"max-image-preview:large","max-video-preview":"max-video-preview:-1"},"canonical":"https:\/\/www.garciafaura.com\/fr\/garcia-faura-renova-la-facana-del-colegio-valdeluz-de-madrid\/","og_locale":"fr_FR","og_type":"article","og_title":"GARCIA FAURA r\u00e9novera la fa\u00e7ade de l'\u00e9cole Colegio Valdeluz de Madrid - GARCIA FAURA","og_description":"Arquitectura en Alumini, Inox, Ferro i Vidre","og_url":"https:\/\/www.garciafaura.com\/fr\/garcia-faura-renova-la-facana-del-colegio-valdeluz-de-madrid\/","og_site_name":"GARCIA FAURA","article_published_time":"2024-03-04T10:07:30+00:00","article_modified_time":"2024-03-04T10:19:16+00:00","og_image":[{"width":1200,"height":628,"url":"https:\/\/www.garciafaura.com\/wp-content\/uploads\/2024\/03\/VALELUZ-01.jpg","type":"image\/jpeg"}],"author":"David Achell","twitter_card":"summary_large_image","twitter_misc":{"\u00c9crit par":"David Achell","Dur\u00e9e de lecture estim\u00e9e":"2 minutes"},"schema":{"@context":"https:\/\/schema.org","@graph":[{"@type":"Article","@id":"https:\/\/www.garciafaura.com\/fr\/garcia-faura-renova-la-facana-del-colegio-valdeluz-de-madrid\/#article","isPartOf":{"@id":"https:\/\/www.garciafaura.com\/fr\/garcia-faura-renova-la-facana-del-colegio-valdeluz-de-madrid\/"},"author":{"name":"David Achell","@id":"https:\/\/www.garciafaura.com\/fr\/#\/schema\/person\/b4b75e69b33fac3446071909bec106b0"},"headline":"GARCIA FAURA r\u00e9novera la fa\u00e7ade de l&rsquo;\u00e9cole Colegio Valdeluz de Madrid","datePublished":"2024-03-04T10:07:30+00:00","dateModified":"2024-03-04T10:19:16+00:00","mainEntityOfPage":{"@id":"https:\/\/www.garciafaura.com\/fr\/garcia-faura-renova-la-facana-del-colegio-valdeluz-de-madrid\/"},"wordCount":295,"publisher":{"@id":"https:\/\/www.garciafaura.com\/fr\/#organization"},"image":{"@id":"https:\/\/www.garciafaura.com\/fr\/garcia-faura-renova-la-facana-del-colegio-valdeluz-de-madrid\/#primaryimage"},"thumbnailUrl":"https:\/\/www.garciafaura.com\/wp-content\/uploads\/2024\/03\/VALELUZ-01.jpg","articleSection":["Actualit\u00e9"],"inLanguage":"fr-FR"},{"@type":"WebPage","@id":"https:\/\/www.garciafaura.com\/fr\/garcia-faura-renova-la-facana-del-colegio-valdeluz-de-madrid\/","url":"https:\/\/www.garciafaura.com\/fr\/garcia-faura-renova-la-facana-del-colegio-valdeluz-de-madrid\/","name":"GARCIA FAURA r\u00e9novera la fa\u00e7ade de l'\u00e9cole Colegio Valdeluz de Madrid - GARCIA FAURA","isPartOf":{"@id":"https:\/\/www.garciafaura.com\/fr\/#website"},"primaryImageOfPage":{"@id":"https:\/\/www.garciafaura.com\/fr\/garcia-faura-renova-la-facana-del-colegio-valdeluz-de-madrid\/#primaryimage"},"image":{"@id":"https:\/\/www.garciafaura.com\/fr\/garcia-faura-renova-la-facana-del-colegio-valdeluz-de-madrid\/#primaryimage"},"thumbnailUrl":"https:\/\/www.garciafaura.com\/wp-content\/uploads\/2024\/03\/VALELUZ-01.jpg","datePublished":"2024-03-04T10:07:30+00:00","dateModified":"2024-03-04T10:19:16+00:00","description":"Arquitectura en Alumini, Inox, Ferro i Vidre","breadcrumb":{"@id":"https:\/\/www.garciafaura.com\/fr\/garcia-faura-renova-la-facana-del-colegio-valdeluz-de-madrid\/#breadcrumb"},"inLanguage":"fr-FR","potentialAction":[{"@type":"ReadAction","target":["https:\/\/www.garciafaura.com\/fr\/garcia-faura-renova-la-facana-del-colegio-valdeluz-de-madrid\/"]}]},{"@type":"ImageObject","inLanguage":"fr-FR","@id":"https:\/\/www.garciafaura.com\/fr\/garcia-faura-renova-la-facana-del-colegio-valdeluz-de-madrid\/#primaryimage","url":"https:\/\/www.garciafaura.com\/wp-content\/uploads\/2024\/03\/VALELUZ-01.jpg","contentUrl":"https:\/\/www.garciafaura.com\/wp-content\/uploads\/2024\/03\/VALELUZ-01.jpg","width":1200,"height":628},{"@type":"BreadcrumbList","@id":"https:\/\/www.garciafaura.com\/fr\/garcia-faura-renova-la-facana-del-colegio-valdeluz-de-madrid\/#breadcrumb","itemListElement":[{"@type":"ListItem","position":1,"name":"Inici","item":"https:\/\/www.garciafaura.com\/fr\/"},{"@type":"ListItem","position":2,"name":"GARCIA FAURA r\u00e9novera la fa\u00e7ade de l&#8217;\u00e9cole Colegio Valdeluz de Madrid"}]},{"@type":"WebSite","@id":"https:\/\/www.garciafaura.com\/fr\/#website","url":"https:\/\/www.garciafaura.com\/fr\/","name":"GARCIA FAURA","description":"Arquitectura en Alumini, Inox, Ferro i Vidre","publisher":{"@id":"https:\/\/www.garciafaura.com\/fr\/#organization"},"potentialAction":[{"@type":"SearchAction","target":{"@type":"EntryPoint","urlTemplate":"https:\/\/www.garciafaura.com\/fr\/?s={search_term_string}"},"query-input":{"@type":"PropertyValueSpecification","valueRequired":true,"valueName":"search_term_string"}}],"inLanguage":"fr-FR"},{"@type":"Organization","@id":"https:\/\/www.garciafaura.com\/fr\/#organization","name":"GARCIA FAURA","url":"https:\/\/www.garciafaura.com\/fr\/","logo":{"@type":"ImageObject","inLanguage":"fr-FR","@id":"https:\/\/www.garciafaura.com\/fr\/#\/schema\/logo\/image\/","url":"https:\/\/www.garciafaura.com\/wp-content\/uploads\/2018\/09\/Garcia-Faura.png","contentUrl":"https:\/\/www.garciafaura.com\/wp-content\/uploads\/2018\/09\/Garcia-Faura.png","width":512,"height":512,"caption":"GARCIA FAURA"},"image":{"@id":"https:\/\/www.garciafaura.com\/fr\/#\/schema\/logo\/image\/"},"sameAs":["https:\/\/www.youtube.com\/user\/GARCIAFAURA"]},{"@type":"Person","@id":"https:\/\/www.garciafaura.com\/fr\/#\/schema\/person\/b4b75e69b33fac3446071909bec106b0","name":"David Achell","image":{"@type":"ImageObject","inLanguage":"fr-FR","@id":"https:\/\/www.garciafaura.com\/fr\/#\/schema\/person\/image\/","url":"https:\/\/secure.gravatar.com\/avatar\/03900210afc1f61bce737bcb4a79c02e2c997f171e3eca839b5a4cbe03846c90?s=96&d=blank&r=g","contentUrl":"https:\/\/secure.gravatar.com\/avatar\/03900210afc1f61bce737bcb4a79c02e2c997f171e3eca839b5a4cbe03846c90?s=96&d=blank&r=g","caption":"David Achell"}}]}},"_links":{"self":[{"href":"https:\/\/www.garciafaura.com\/fr\/wp-json\/wp\/v2\/posts\/35548","targetHints":{"allow":["GET"]}}],"collection":[{"href":"https:\/\/www.garciafaura.com\/fr\/wp-json\/wp\/v2\/posts"}],"about":[{"href":"https:\/\/www.garciafaura.com\/fr\/wp-json\/wp\/v2\/types\/post"}],"author":[{"embeddable":true,"href":"https:\/\/www.garciafaura.com\/fr\/wp-json\/wp\/v2\/users\/3"}],"replies":[{"embeddable":true,"href":"https:\/\/www.garciafaura.com\/fr\/wp-json\/wp\/v2\/comments?post=35548"}],"version-history":[{"count":2,"href":"https:\/\/www.garciafaura.com\/fr\/wp-json\/wp\/v2\/posts\/35548\/revisions"}],"predecessor-version":[{"id":35553,"href":"https:\/\/www.garciafaura.com\/fr\/wp-json\/wp\/v2\/posts\/35548\/revisions\/35553"}],"wp:featuredmedia":[{"embeddable":true,"href":"https:\/\/www.garciafaura.com\/fr\/wp-json\/wp\/v2\/media\/35544"}],"wp:attachment":[{"href":"https:\/\/www.garciafaura.com\/fr\/wp-json\/wp\/v2\/media?parent=35548"}],"wp:term":[{"taxonomy":"category","embeddable":true,"href":"https:\/\/www.garciafaura.com\/fr\/wp-json\/wp\/v2\/categories?post=35548"},{"taxonomy":"post_tag","embeddable":true,"href":"https:\/\/www.garciafaura.com\/fr\/wp-json\/wp\/v2\/tags?post=35548"},{"taxonomy":"post_series","embeddable":true,"href":"https:\/\/www.garciafaura.com\/fr\/wp-json\/wp\/v2\/post_series?post=35548"}],"curies":[{"name":"wp","href":"https:\/\/api.w.org\/{rel}","templated":true}]}}