{"id":35007,"date":"2024-02-06T17:03:49","date_gmt":"2024-02-06T15:03:49","guid":{"rendered":"https:\/\/www.garciafaura.com\/tancaments-daltes-prestacions-de-garcia-faura-per-a-la-residencia-destudiants-del-carrer-doctor-trueta-de-barcelona\/"},"modified":"2024-02-06T17:15:05","modified_gmt":"2024-02-06T15:15:05","slug":"tancaments-daltes-prestacions-de-garcia-faura-per-a-la-residencia-destudiants-del-carrer-doctor-trueta-de-barcelona","status":"publish","type":"post","link":"https:\/\/www.garciafaura.com\/fr\/tancaments-daltes-prestacions-de-garcia-faura-per-a-la-residencia-destudiants-del-carrer-doctor-trueta-de-barcelona\/","title":{"rendered":"Menuiseries de haute performance r\u00e9alis\u00e9es par GARCIA FAURA, pour la r\u00e9sidence \u00e9tudiante de la rue Doctor Trueta \u00e0 Barcelone"},"content":{"rendered":"<h3 align=\"justify\"><span style=\"font-family: Arial, sans-serif;\"><span lang=\"fr-FR\"><b>GARCIA FAURA fabriquera et installera des menuiseries \u00e0 rupture de pont thermique et des vitrages \u00e0 hautes performances acoustiques et thermiques dans la nouvelle r\u00e9sidence \u00e9tudiante en construction dans le quartier technologique 22@ de la capitale catalane.<\/b><\/span><\/span><\/h3>\n<p lang=\"fr-FR\" align=\"justify\"><span style=\"font-family: Arial, sans-serif;\">Dans la rue Doctor Trueta \u00e0 Barcelone, au c\u0153ur du quartier technologique 22@, une nouvelle r\u00e9sidence \u00e9tudiante est en cours de construction. C&rsquo;est un b\u00e2timent qui veut retrouver l&rsquo;image des anciennes usines qui remplissaient le quartier de Poble Nou au d\u00e9but du XXe si\u00e8cle.<\/span><\/p>\n<p lang=\"fr-FR\" align=\"justify\"><span style=\"font-family: Arial, sans-serif;\">Ainsi, le b\u00e2timent retrouvera l&rsquo;ancienne conception artisanale dans des aspects tels que la <strong>fa\u00e7ade<\/strong>, o\u00f9 la brique (principal mat\u00e9riau de construction au d\u00e9but du si\u00e8cle dernier) sera pr\u00e9dominante et deviendra la marque de fabrique du b\u00e2timent.<\/span><\/p>\n<p lang=\"fr-FR\" align=\"justify\"><span style=\"font-family: Arial, sans-serif;\">La <strong>fa\u00e7ade<\/strong> comportera \u00e9galement des espaces vides et des balcons qui g\u00e9n\u00e9reront une seconde peau qui ajoutera une protection suppl\u00e9mentaire en termes d&rsquo;efficacit\u00e9 thermique.<\/span><\/p>\n<p align=\"justify\"><span style=\"font-family: Arial, sans-serif;\"><span lang=\"fr-FR\">Pour ce projet, <strong>GARCIA FAURA<\/strong> fabriquera et installera 170 <strong>menuiseries en aluminium \u00e0 rupture de pont thermique et vitrages \u00e0 hautes performances acoustiques et thermiques<\/strong>. Les travaux seront r\u00e9alis\u00e9s tout au long de cette ann\u00e9e 2024.<\/span><\/span><\/p>\n<p align=\"justify\"><span style=\"font-family: Arial, sans-serif;\"><span lang=\"fr-FR\"><strong>GARCIA FAURA<\/strong> a d\u00e9j\u00e0 r\u00e9alis\u00e9 des travaux pour des r\u00e9sidences \u00e9tudiantes \u00e0 Barcelone, comme deux dans la rue Pallars ou une autre dans le m\u00eame quartier 22@.<\/span><\/span><\/p>\n","protected":false},"excerpt":{"rendered":"<p>GARCIA FAURA fabriquera et installera des menuiseries \u00e0 rupture de pont thermique et des vitrages \u00e0 hautes performances acoustiques et thermiques dans la nouvelle r\u00e9sidence \u00e9tudiante en construction dans le quartier technologique 22@ de la capitale catalane. Dans la rue&hellip;<\/p>\n","protected":false},"author":3,"featured_media":35004,"comment_status":"closed","ping_status":"open","sticky":false,"template":"","format":"standard","meta":{"footnotes":""},"categories":[2],"tags":[],"post_series":[],"class_list":["post-35007","post","type-post","status-publish","format-standard","has-post-thumbnail","hentry","category-actualite","entry","has-media"],"yoast_head":"<!-- This site is optimized with the Yoast SEO plugin v26.7 - https:\/\/yoast.com\/wordpress\/plugins\/seo\/ -->\n<title>Menuiseries de haute performance r\u00e9alis\u00e9es par GARCIA FAURA, pour la r\u00e9sidence \u00e9tudiante de la rue Doctor Trueta \u00e0 Barcelone - GARCIA FAURA<\/title>\n<meta name=\"description\" content=\"Arquitectura en Alumini, Inox, Ferro i Vidre\" \/>\n<meta name=\"robots\" content=\"index, follow, max-snippet:-1, max-image-preview:large, max-video-preview:-1\" \/>\n<link rel=\"canonical\" href=\"https:\/\/www.garciafaura.com\/fr\/tancaments-daltes-prestacions-de-garcia-faura-per-a-la-residencia-destudiants-del-carrer-doctor-trueta-de-barcelona\/\" \/>\n<meta property=\"og:locale\" content=\"fr_FR\" \/>\n<meta property=\"og:type\" content=\"article\" \/>\n<meta property=\"og:title\" content=\"Menuiseries de haute performance r\u00e9alis\u00e9es par GARCIA FAURA, pour la r\u00e9sidence \u00e9tudiante de la rue Doctor Trueta \u00e0 Barcelone - GARCIA FAURA\" \/>\n<meta property=\"og:description\" content=\"Arquitectura en Alumini, Inox, Ferro i Vidre\" \/>\n<meta property=\"og:url\" content=\"https:\/\/www.garciafaura.com\/fr\/tancaments-daltes-prestacions-de-garcia-faura-per-a-la-residencia-destudiants-del-carrer-doctor-trueta-de-barcelona\/\" \/>\n<meta property=\"og:site_name\" content=\"GARCIA FAURA\" \/>\n<meta property=\"article:published_time\" content=\"2024-02-06T15:03:49+00:00\" \/>\n<meta property=\"article:modified_time\" content=\"2024-02-06T15:15:05+00:00\" \/>\n<meta property=\"og:image\" content=\"https:\/\/www.garciafaura.com\/wp-content\/uploads\/2024\/02\/Residencia-Trueta.jpg\" \/>\n\t<meta property=\"og:image:width\" content=\"1599\" \/>\n\t<meta property=\"og:image:height\" content=\"1199\" \/>\n\t<meta property=\"og:image:type\" content=\"image\/jpeg\" \/>\n<meta name=\"author\" content=\"David Achell\" \/>\n<meta name=\"twitter:card\" content=\"summary_large_image\" \/>\n<meta name=\"twitter:label1\" content=\"\u00c9crit par\" \/>\n\t<meta name=\"twitter:data1\" content=\"David Achell\" \/>\n\t<meta name=\"twitter:label2\" content=\"Dur\u00e9e de lecture estim\u00e9e\" \/>\n\t<meta name=\"twitter:data2\" content=\"2 minutes\" \/>\n<script type=\"application\/ld+json\" class=\"yoast-schema-graph\">{\"@context\":\"https:\/\/schema.org\",\"@graph\":[{\"@type\":\"Article\",\"@id\":\"https:\/\/www.garciafaura.com\/fr\/tancaments-daltes-prestacions-de-garcia-faura-per-a-la-residencia-destudiants-del-carrer-doctor-trueta-de-barcelona\/#article\",\"isPartOf\":{\"@id\":\"https:\/\/www.garciafaura.com\/fr\/tancaments-daltes-prestacions-de-garcia-faura-per-a-la-residencia-destudiants-del-carrer-doctor-trueta-de-barcelona\/\"},\"author\":{\"name\":\"David Achell\",\"@id\":\"https:\/\/www.garciafaura.com\/fr\/#\/schema\/person\/b4b75e69b33fac3446071909bec106b0\"},\"headline\":\"Menuiseries de haute performance r\u00e9alis\u00e9es par GARCIA FAURA, pour la r\u00e9sidence \u00e9tudiante de la rue Doctor Trueta \u00e0 Barcelone\",\"datePublished\":\"2024-02-06T15:03:49+00:00\",\"dateModified\":\"2024-02-06T15:15:05+00:00\",\"mainEntityOfPage\":{\"@id\":\"https:\/\/www.garciafaura.com\/fr\/tancaments-daltes-prestacions-de-garcia-faura-per-a-la-residencia-destudiants-del-carrer-doctor-trueta-de-barcelona\/\"},\"wordCount\":242,\"publisher\":{\"@id\":\"https:\/\/www.garciafaura.com\/fr\/#organization\"},\"image\":{\"@id\":\"https:\/\/www.garciafaura.com\/fr\/tancaments-daltes-prestacions-de-garcia-faura-per-a-la-residencia-destudiants-del-carrer-doctor-trueta-de-barcelona\/#primaryimage\"},\"thumbnailUrl\":\"https:\/\/www.garciafaura.com\/wp-content\/uploads\/2024\/02\/Residencia-Trueta.jpg\",\"articleSection\":[\"Actualit\u00e9\"],\"inLanguage\":\"fr-FR\"},{\"@type\":\"WebPage\",\"@id\":\"https:\/\/www.garciafaura.com\/fr\/tancaments-daltes-prestacions-de-garcia-faura-per-a-la-residencia-destudiants-del-carrer-doctor-trueta-de-barcelona\/\",\"url\":\"https:\/\/www.garciafaura.com\/fr\/tancaments-daltes-prestacions-de-garcia-faura-per-a-la-residencia-destudiants-del-carrer-doctor-trueta-de-barcelona\/\",\"name\":\"Menuiseries de haute performance r\u00e9alis\u00e9es par GARCIA FAURA, pour la r\u00e9sidence \u00e9tudiante de la rue Doctor Trueta \u00e0 Barcelone - GARCIA FAURA\",\"isPartOf\":{\"@id\":\"https:\/\/www.garciafaura.com\/fr\/#website\"},\"primaryImageOfPage\":{\"@id\":\"https:\/\/www.garciafaura.com\/fr\/tancaments-daltes-prestacions-de-garcia-faura-per-a-la-residencia-destudiants-del-carrer-doctor-trueta-de-barcelona\/#primaryimage\"},\"image\":{\"@id\":\"https:\/\/www.garciafaura.com\/fr\/tancaments-daltes-prestacions-de-garcia-faura-per-a-la-residencia-destudiants-del-carrer-doctor-trueta-de-barcelona\/#primaryimage\"},\"thumbnailUrl\":\"https:\/\/www.garciafaura.com\/wp-content\/uploads\/2024\/02\/Residencia-Trueta.jpg\",\"datePublished\":\"2024-02-06T15:03:49+00:00\",\"dateModified\":\"2024-02-06T15:15:05+00:00\",\"description\":\"Arquitectura en Alumini, Inox, Ferro i Vidre\",\"breadcrumb\":{\"@id\":\"https:\/\/www.garciafaura.com\/fr\/tancaments-daltes-prestacions-de-garcia-faura-per-a-la-residencia-destudiants-del-carrer-doctor-trueta-de-barcelona\/#breadcrumb\"},\"inLanguage\":\"fr-FR\",\"potentialAction\":[{\"@type\":\"ReadAction\",\"target\":[\"https:\/\/www.garciafaura.com\/fr\/tancaments-daltes-prestacions-de-garcia-faura-per-a-la-residencia-destudiants-del-carrer-doctor-trueta-de-barcelona\/\"]}]},{\"@type\":\"ImageObject\",\"inLanguage\":\"fr-FR\",\"@id\":\"https:\/\/www.garciafaura.com\/fr\/tancaments-daltes-prestacions-de-garcia-faura-per-a-la-residencia-destudiants-del-carrer-doctor-trueta-de-barcelona\/#primaryimage\",\"url\":\"https:\/\/www.garciafaura.com\/wp-content\/uploads\/2024\/02\/Residencia-Trueta.jpg\",\"contentUrl\":\"https:\/\/www.garciafaura.com\/wp-content\/uploads\/2024\/02\/Residencia-Trueta.jpg\",\"width\":1599,\"height\":1199},{\"@type\":\"BreadcrumbList\",\"@id\":\"https:\/\/www.garciafaura.com\/fr\/tancaments-daltes-prestacions-de-garcia-faura-per-a-la-residencia-destudiants-del-carrer-doctor-trueta-de-barcelona\/#breadcrumb\",\"itemListElement\":[{\"@type\":\"ListItem\",\"position\":1,\"name\":\"Inici\",\"item\":\"https:\/\/www.garciafaura.com\/fr\/\"},{\"@type\":\"ListItem\",\"position\":2,\"name\":\"Menuiseries de haute performance r\u00e9alis\u00e9es par GARCIA FAURA, pour la r\u00e9sidence \u00e9tudiante de la rue Doctor Trueta \u00e0 Barcelone\"}]},{\"@type\":\"WebSite\",\"@id\":\"https:\/\/www.garciafaura.com\/fr\/#website\",\"url\":\"https:\/\/www.garciafaura.com\/fr\/\",\"name\":\"GARCIA FAURA\",\"description\":\"Arquitectura en Alumini, Inox, Ferro i Vidre\",\"publisher\":{\"@id\":\"https:\/\/www.garciafaura.com\/fr\/#organization\"},\"potentialAction\":[{\"@type\":\"SearchAction\",\"target\":{\"@type\":\"EntryPoint\",\"urlTemplate\":\"https:\/\/www.garciafaura.com\/fr\/?s={search_term_string}\"},\"query-input\":{\"@type\":\"PropertyValueSpecification\",\"valueRequired\":true,\"valueName\":\"search_term_string\"}}],\"inLanguage\":\"fr-FR\"},{\"@type\":\"Organization\",\"@id\":\"https:\/\/www.garciafaura.com\/fr\/#organization\",\"name\":\"GARCIA FAURA\",\"url\":\"https:\/\/www.garciafaura.com\/fr\/\",\"logo\":{\"@type\":\"ImageObject\",\"inLanguage\":\"fr-FR\",\"@id\":\"https:\/\/www.garciafaura.com\/fr\/#\/schema\/logo\/image\/\",\"url\":\"https:\/\/www.garciafaura.com\/wp-content\/uploads\/2018\/09\/Garcia-Faura.png\",\"contentUrl\":\"https:\/\/www.garciafaura.com\/wp-content\/uploads\/2018\/09\/Garcia-Faura.png\",\"width\":512,\"height\":512,\"caption\":\"GARCIA FAURA\"},\"image\":{\"@id\":\"https:\/\/www.garciafaura.com\/fr\/#\/schema\/logo\/image\/\"},\"sameAs\":[\"https:\/\/www.youtube.com\/user\/GARCIAFAURA\"]},{\"@type\":\"Person\",\"@id\":\"https:\/\/www.garciafaura.com\/fr\/#\/schema\/person\/b4b75e69b33fac3446071909bec106b0\",\"name\":\"David Achell\",\"image\":{\"@type\":\"ImageObject\",\"inLanguage\":\"fr-FR\",\"@id\":\"https:\/\/www.garciafaura.com\/fr\/#\/schema\/person\/image\/\",\"url\":\"https:\/\/secure.gravatar.com\/avatar\/03900210afc1f61bce737bcb4a79c02e2c997f171e3eca839b5a4cbe03846c90?s=96&d=blank&r=g\",\"contentUrl\":\"https:\/\/secure.gravatar.com\/avatar\/03900210afc1f61bce737bcb4a79c02e2c997f171e3eca839b5a4cbe03846c90?s=96&d=blank&r=g\",\"caption\":\"David Achell\"}}]}<\/script>\n<!-- \/ Yoast SEO plugin. -->","yoast_head_json":{"title":"Menuiseries de haute performance r\u00e9alis\u00e9es par GARCIA FAURA, pour la r\u00e9sidence \u00e9tudiante de la rue Doctor Trueta \u00e0 Barcelone - GARCIA FAURA","description":"Arquitectura en Alumini, Inox, Ferro i Vidre","robots":{"index":"index","follow":"follow","max-snippet":"max-snippet:-1","max-image-preview":"max-image-preview:large","max-video-preview":"max-video-preview:-1"},"canonical":"https:\/\/www.garciafaura.com\/fr\/tancaments-daltes-prestacions-de-garcia-faura-per-a-la-residencia-destudiants-del-carrer-doctor-trueta-de-barcelona\/","og_locale":"fr_FR","og_type":"article","og_title":"Menuiseries de haute performance r\u00e9alis\u00e9es par GARCIA FAURA, pour la r\u00e9sidence \u00e9tudiante de la rue Doctor Trueta \u00e0 Barcelone - GARCIA FAURA","og_description":"Arquitectura en Alumini, Inox, Ferro i Vidre","og_url":"https:\/\/www.garciafaura.com\/fr\/tancaments-daltes-prestacions-de-garcia-faura-per-a-la-residencia-destudiants-del-carrer-doctor-trueta-de-barcelona\/","og_site_name":"GARCIA FAURA","article_published_time":"2024-02-06T15:03:49+00:00","article_modified_time":"2024-02-06T15:15:05+00:00","og_image":[{"width":1599,"height":1199,"url":"https:\/\/www.garciafaura.com\/wp-content\/uploads\/2024\/02\/Residencia-Trueta.jpg","type":"image\/jpeg"}],"author":"David Achell","twitter_card":"summary_large_image","twitter_misc":{"\u00c9crit par":"David Achell","Dur\u00e9e de lecture estim\u00e9e":"2 minutes"},"schema":{"@context":"https:\/\/schema.org","@graph":[{"@type":"Article","@id":"https:\/\/www.garciafaura.com\/fr\/tancaments-daltes-prestacions-de-garcia-faura-per-a-la-residencia-destudiants-del-carrer-doctor-trueta-de-barcelona\/#article","isPartOf":{"@id":"https:\/\/www.garciafaura.com\/fr\/tancaments-daltes-prestacions-de-garcia-faura-per-a-la-residencia-destudiants-del-carrer-doctor-trueta-de-barcelona\/"},"author":{"name":"David Achell","@id":"https:\/\/www.garciafaura.com\/fr\/#\/schema\/person\/b4b75e69b33fac3446071909bec106b0"},"headline":"Menuiseries de haute performance r\u00e9alis\u00e9es par GARCIA FAURA, pour la r\u00e9sidence \u00e9tudiante de la rue Doctor Trueta \u00e0 Barcelone","datePublished":"2024-02-06T15:03:49+00:00","dateModified":"2024-02-06T15:15:05+00:00","mainEntityOfPage":{"@id":"https:\/\/www.garciafaura.com\/fr\/tancaments-daltes-prestacions-de-garcia-faura-per-a-la-residencia-destudiants-del-carrer-doctor-trueta-de-barcelona\/"},"wordCount":242,"publisher":{"@id":"https:\/\/www.garciafaura.com\/fr\/#organization"},"image":{"@id":"https:\/\/www.garciafaura.com\/fr\/tancaments-daltes-prestacions-de-garcia-faura-per-a-la-residencia-destudiants-del-carrer-doctor-trueta-de-barcelona\/#primaryimage"},"thumbnailUrl":"https:\/\/www.garciafaura.com\/wp-content\/uploads\/2024\/02\/Residencia-Trueta.jpg","articleSection":["Actualit\u00e9"],"inLanguage":"fr-FR"},{"@type":"WebPage","@id":"https:\/\/www.garciafaura.com\/fr\/tancaments-daltes-prestacions-de-garcia-faura-per-a-la-residencia-destudiants-del-carrer-doctor-trueta-de-barcelona\/","url":"https:\/\/www.garciafaura.com\/fr\/tancaments-daltes-prestacions-de-garcia-faura-per-a-la-residencia-destudiants-del-carrer-doctor-trueta-de-barcelona\/","name":"Menuiseries de haute performance r\u00e9alis\u00e9es par GARCIA FAURA, pour la r\u00e9sidence \u00e9tudiante de la rue Doctor Trueta \u00e0 Barcelone - GARCIA FAURA","isPartOf":{"@id":"https:\/\/www.garciafaura.com\/fr\/#website"},"primaryImageOfPage":{"@id":"https:\/\/www.garciafaura.com\/fr\/tancaments-daltes-prestacions-de-garcia-faura-per-a-la-residencia-destudiants-del-carrer-doctor-trueta-de-barcelona\/#primaryimage"},"image":{"@id":"https:\/\/www.garciafaura.com\/fr\/tancaments-daltes-prestacions-de-garcia-faura-per-a-la-residencia-destudiants-del-carrer-doctor-trueta-de-barcelona\/#primaryimage"},"thumbnailUrl":"https:\/\/www.garciafaura.com\/wp-content\/uploads\/2024\/02\/Residencia-Trueta.jpg","datePublished":"2024-02-06T15:03:49+00:00","dateModified":"2024-02-06T15:15:05+00:00","description":"Arquitectura en Alumini, Inox, Ferro i Vidre","breadcrumb":{"@id":"https:\/\/www.garciafaura.com\/fr\/tancaments-daltes-prestacions-de-garcia-faura-per-a-la-residencia-destudiants-del-carrer-doctor-trueta-de-barcelona\/#breadcrumb"},"inLanguage":"fr-FR","potentialAction":[{"@type":"ReadAction","target":["https:\/\/www.garciafaura.com\/fr\/tancaments-daltes-prestacions-de-garcia-faura-per-a-la-residencia-destudiants-del-carrer-doctor-trueta-de-barcelona\/"]}]},{"@type":"ImageObject","inLanguage":"fr-FR","@id":"https:\/\/www.garciafaura.com\/fr\/tancaments-daltes-prestacions-de-garcia-faura-per-a-la-residencia-destudiants-del-carrer-doctor-trueta-de-barcelona\/#primaryimage","url":"https:\/\/www.garciafaura.com\/wp-content\/uploads\/2024\/02\/Residencia-Trueta.jpg","contentUrl":"https:\/\/www.garciafaura.com\/wp-content\/uploads\/2024\/02\/Residencia-Trueta.jpg","width":1599,"height":1199},{"@type":"BreadcrumbList","@id":"https:\/\/www.garciafaura.com\/fr\/tancaments-daltes-prestacions-de-garcia-faura-per-a-la-residencia-destudiants-del-carrer-doctor-trueta-de-barcelona\/#breadcrumb","itemListElement":[{"@type":"ListItem","position":1,"name":"Inici","item":"https:\/\/www.garciafaura.com\/fr\/"},{"@type":"ListItem","position":2,"name":"Menuiseries de haute performance r\u00e9alis\u00e9es par GARCIA FAURA, pour la r\u00e9sidence \u00e9tudiante de la rue Doctor Trueta \u00e0 Barcelone"}]},{"@type":"WebSite","@id":"https:\/\/www.garciafaura.com\/fr\/#website","url":"https:\/\/www.garciafaura.com\/fr\/","name":"GARCIA FAURA","description":"Arquitectura en Alumini, Inox, Ferro i Vidre","publisher":{"@id":"https:\/\/www.garciafaura.com\/fr\/#organization"},"potentialAction":[{"@type":"SearchAction","target":{"@type":"EntryPoint","urlTemplate":"https:\/\/www.garciafaura.com\/fr\/?s={search_term_string}"},"query-input":{"@type":"PropertyValueSpecification","valueRequired":true,"valueName":"search_term_string"}}],"inLanguage":"fr-FR"},{"@type":"Organization","@id":"https:\/\/www.garciafaura.com\/fr\/#organization","name":"GARCIA FAURA","url":"https:\/\/www.garciafaura.com\/fr\/","logo":{"@type":"ImageObject","inLanguage":"fr-FR","@id":"https:\/\/www.garciafaura.com\/fr\/#\/schema\/logo\/image\/","url":"https:\/\/www.garciafaura.com\/wp-content\/uploads\/2018\/09\/Garcia-Faura.png","contentUrl":"https:\/\/www.garciafaura.com\/wp-content\/uploads\/2018\/09\/Garcia-Faura.png","width":512,"height":512,"caption":"GARCIA FAURA"},"image":{"@id":"https:\/\/www.garciafaura.com\/fr\/#\/schema\/logo\/image\/"},"sameAs":["https:\/\/www.youtube.com\/user\/GARCIAFAURA"]},{"@type":"Person","@id":"https:\/\/www.garciafaura.com\/fr\/#\/schema\/person\/b4b75e69b33fac3446071909bec106b0","name":"David Achell","image":{"@type":"ImageObject","inLanguage":"fr-FR","@id":"https:\/\/www.garciafaura.com\/fr\/#\/schema\/person\/image\/","url":"https:\/\/secure.gravatar.com\/avatar\/03900210afc1f61bce737bcb4a79c02e2c997f171e3eca839b5a4cbe03846c90?s=96&d=blank&r=g","contentUrl":"https:\/\/secure.gravatar.com\/avatar\/03900210afc1f61bce737bcb4a79c02e2c997f171e3eca839b5a4cbe03846c90?s=96&d=blank&r=g","caption":"David Achell"}}]}},"_links":{"self":[{"href":"https:\/\/www.garciafaura.com\/fr\/wp-json\/wp\/v2\/posts\/35007","targetHints":{"allow":["GET"]}}],"collection":[{"href":"https:\/\/www.garciafaura.com\/fr\/wp-json\/wp\/v2\/posts"}],"about":[{"href":"https:\/\/www.garciafaura.com\/fr\/wp-json\/wp\/v2\/types\/post"}],"author":[{"embeddable":true,"href":"https:\/\/www.garciafaura.com\/fr\/wp-json\/wp\/v2\/users\/3"}],"replies":[{"embeddable":true,"href":"https:\/\/www.garciafaura.com\/fr\/wp-json\/wp\/v2\/comments?post=35007"}],"version-history":[{"count":3,"href":"https:\/\/www.garciafaura.com\/fr\/wp-json\/wp\/v2\/posts\/35007\/revisions"}],"predecessor-version":[{"id":35019,"href":"https:\/\/www.garciafaura.com\/fr\/wp-json\/wp\/v2\/posts\/35007\/revisions\/35019"}],"wp:featuredmedia":[{"embeddable":true,"href":"https:\/\/www.garciafaura.com\/fr\/wp-json\/wp\/v2\/media\/35004"}],"wp:attachment":[{"href":"https:\/\/www.garciafaura.com\/fr\/wp-json\/wp\/v2\/media?parent=35007"}],"wp:term":[{"taxonomy":"category","embeddable":true,"href":"https:\/\/www.garciafaura.com\/fr\/wp-json\/wp\/v2\/categories?post=35007"},{"taxonomy":"post_tag","embeddable":true,"href":"https:\/\/www.garciafaura.com\/fr\/wp-json\/wp\/v2\/tags?post=35007"},{"taxonomy":"post_series","embeddable":true,"href":"https:\/\/www.garciafaura.com\/fr\/wp-json\/wp\/v2\/post_series?post=35007"}],"curies":[{"name":"wp","href":"https:\/\/api.w.org\/{rel}","templated":true}]}}