{"id":34716,"date":"2024-01-22T11:58:44","date_gmt":"2024-01-22T09:58:44","guid":{"rendered":"https:\/\/www.garciafaura.com\/garcia-faura-rehabilita-ledifici-central-del-consorci-de-la-zona-franca-de-barcelona-per-fer-lo-mes-eficient-energeticament\/"},"modified":"2024-01-22T12:06:34","modified_gmt":"2024-01-22T10:06:34","slug":"garcia-faura-rehabilita-ledifici-central-del-consorci-de-la-zona-franca-de-barcelona-per-fer-lo-mes-eficient-energeticament","status":"publish","type":"post","link":"https:\/\/www.garciafaura.com\/fr\/garcia-faura-rehabilita-ledifici-central-del-consorci-de-la-zona-franca-de-barcelona-per-fer-lo-mes-eficient-energeticament\/","title":{"rendered":"GARCIA FAURA r\u00e9habilite le b\u00e2timent central du Consorci de la Zona Franca de Barcelona pour le rendre plus \u00e9conome en \u00e9nergie"},"content":{"rendered":"<h3 lang=\"fr-FR\" align=\"justify\"><span style=\"font-family: Arial, sans-serif;\"><b>Le Consorci de la Zona Franca de Barcelona a fait confiance \u00e0 GARCIA FAURA pour adapter son b\u00e2timent central aux exigences actuelles en mati\u00e8re d&rsquo;efficacit\u00e9 \u00e9nerg\u00e9tique. L&rsquo;entreprise a adapt\u00e9 ses proc\u00e9d\u00e9s de production pour minimiser l&rsquo;impact \u00e9cologique de ces travaux.<\/b><\/span><\/h3>\n<p lang=\"fr-FR\" align=\"justify\"><span style=\"font-family: Arial, sans-serif;\">Le Consorci de la Zona Franca de Barcelona est l&rsquo;entit\u00e9 qui g\u00e8re la zone industrielle de la Zona Franca et sa zone douani\u00e8re. Deux de ses principales fonctions sont la promotion de l&rsquo;activit\u00e9 \u00e9conomique de la ville et la promotion de la projection de la capitale catalane dans les domaines des foires, de la logistique et de l&rsquo;immobilier.<\/span><\/p>\n<p align=\"justify\"><span style=\"font-family: Arial, sans-serif;\"><span lang=\"fr-FR\">L&rsquo;entit\u00e9 a con\u00e7u l&rsquo;adaptation de son immeuble de bureaux centraux, construit en 2001, pour le rendre plus \u00e9conome en \u00e9nergie, un projet auquel participe <strong>GARCIA FAURA<\/strong>. Pour le d\u00e9veloppement de ce projet, l&rsquo;entreprise a r\u00e9alis\u00e9 une adaptation sp\u00e9cifique du syst\u00e8me de gestion environnementale du Consorci adapt\u00e9 aux exigences des travaux.<\/span><\/span><\/p>\n<p align=\"justify\"><span style=\"font-family: Arial, sans-serif;\"><span lang=\"fr-FR\">En ce sens, les mat\u00e9riaux avec le pourcentage maximum de produits recycl\u00e9s ont \u00e9t\u00e9 privil\u00e9gi\u00e9s, les emballages \u00e0 usage unique ont \u00e9t\u00e9 r\u00e9duits et un plan a \u00e9t\u00e9 \u00e9labor\u00e9 pour optimiser le transport et les trajets de l&rsquo;usine au site, ce qui permet de r\u00e9duire le volume d\u2019\u00e9missions de dioxyde de carbone.<\/span><\/span><\/p>\n<p align=\"justify\"><span style=\"font-family: Arial, sans-serif;\"><span lang=\"fr-FR\"><b>Mur-rideau et menuiseries en mat\u00e9riaux recycl\u00e9s<\/b><\/span><\/span><\/p>\n<p align=\"justify\"><span style=\"font-family: Arial, sans-serif;\"><span lang=\"fr-FR\">Concr\u00e8tement, les travaux de <strong>GARCIA FAURA<\/strong> consistent en le d\u00e9mant\u00e8lement de la fa\u00e7ade actuelle du b\u00e2timent pour installer 2.500 m\u00e8tres carr\u00e9s de mur-rideau compos\u00e9 de vitrage \u00e0 haute performance thermique et acoustique et de profil\u00e9s \u00e0 75 % d&rsquo;aluminium recycl\u00e9 issu d&rsquo;une utilisation post-consommation.<\/span><\/span><\/p>\n<p align=\"justify\"><span style=\"font-family: Arial, sans-serif;\"><span lang=\"fr-FR\"><strong>GARCIA FAURA<\/strong> d\u00e9veloppe, fabrique et installe \u00e9galement dans le b\u00e2timent 65 unit\u00e9s de menuiseries en aluminium int\u00e9gr\u00e9es \u00e0 la fa\u00e7ade et reli\u00e9es \u00e0 un syst\u00e8me de s\u00e9curit\u00e9 et de contr\u00f4le climatique. Ainsi, ces menuiseries s&rsquo;ouvriront ou se fermeront automatiquement en fonction de la m\u00e9t\u00e9o ext\u00e9rieure.<\/span><\/span><\/p>\n<p align=\"justify\"><span style=\"font-family: Arial, sans-serif;\"><span lang=\"fr-FR\">Six unit\u00e9s de portes d&rsquo;acc\u00e8s, le rev\u00eatement de fa\u00e7ade en panneau sandwich et les brise soleils seront \u00e9galement install\u00e9s dans l&rsquo;ensemble de la structure, en plus de d\u00e9velopper d&rsquo;autres t\u00e2ches sp\u00e9cialis\u00e9es dans le cadre des travaux globaux de r\u00e9habilitation du b\u00e2timent.<\/span><\/span><\/p>\n","protected":false},"excerpt":{"rendered":"<p>Le Consorci de la Zona Franca de Barcelona a fait confiance \u00e0 GARCIA FAURA pour adapter son b\u00e2timent central aux exigences actuelles en mati\u00e8re d&rsquo;efficacit\u00e9 \u00e9nerg\u00e9tique. L&rsquo;entreprise a adapt\u00e9 ses proc\u00e9d\u00e9s de production pour minimiser l&rsquo;impact \u00e9cologique de ces travaux.&hellip;<\/p>\n","protected":false},"author":3,"featured_media":34712,"comment_status":"closed","ping_status":"open","sticky":false,"template":"","format":"standard","meta":{"footnotes":""},"categories":[2],"tags":[],"post_series":[],"class_list":["post-34716","post","type-post","status-publish","format-standard","has-post-thumbnail","hentry","category-actualite","entry","has-media"],"yoast_head":"<!-- This site is optimized with the Yoast SEO plugin v26.7 - https:\/\/yoast.com\/wordpress\/plugins\/seo\/ -->\n<title>GARCIA FAURA r\u00e9habilite le b\u00e2timent central du Consorci de la Zona Franca de Barcelona pour le rendre plus \u00e9conome en \u00e9nergie - GARCIA FAURA<\/title>\n<meta name=\"description\" content=\"Arquitectura en Alumini, Inox, Ferro i Vidre\" \/>\n<meta name=\"robots\" content=\"index, follow, max-snippet:-1, max-image-preview:large, max-video-preview:-1\" \/>\n<link rel=\"canonical\" href=\"https:\/\/www.garciafaura.com\/fr\/garcia-faura-rehabilita-ledifici-central-del-consorci-de-la-zona-franca-de-barcelona-per-fer-lo-mes-eficient-energeticament\/\" \/>\n<meta property=\"og:locale\" content=\"fr_FR\" \/>\n<meta property=\"og:type\" content=\"article\" \/>\n<meta property=\"og:title\" content=\"GARCIA FAURA r\u00e9habilite le b\u00e2timent central du Consorci de la Zona Franca de Barcelona pour le rendre plus \u00e9conome en \u00e9nergie - GARCIA FAURA\" \/>\n<meta property=\"og:description\" content=\"Arquitectura en Alumini, Inox, Ferro i Vidre\" \/>\n<meta property=\"og:url\" content=\"https:\/\/www.garciafaura.com\/fr\/garcia-faura-rehabilita-ledifici-central-del-consorci-de-la-zona-franca-de-barcelona-per-fer-lo-mes-eficient-energeticament\/\" \/>\n<meta property=\"og:site_name\" content=\"GARCIA FAURA\" \/>\n<meta property=\"article:published_time\" content=\"2024-01-22T09:58:44+00:00\" \/>\n<meta property=\"article:modified_time\" content=\"2024-01-22T10:06:34+00:00\" \/>\n<meta property=\"og:image\" content=\"https:\/\/www.garciafaura.com\/wp-content\/uploads\/2024\/01\/Foto_ConsorciZonaFranca.jpeg\" \/>\n\t<meta property=\"og:image:width\" content=\"1200\" \/>\n\t<meta property=\"og:image:height\" content=\"643\" \/>\n\t<meta property=\"og:image:type\" content=\"image\/jpeg\" \/>\n<meta name=\"author\" content=\"David Achell\" \/>\n<meta name=\"twitter:card\" content=\"summary_large_image\" \/>\n<meta name=\"twitter:label1\" content=\"\u00c9crit par\" \/>\n\t<meta name=\"twitter:data1\" content=\"David Achell\" \/>\n\t<meta name=\"twitter:label2\" content=\"Dur\u00e9e de lecture estim\u00e9e\" \/>\n\t<meta name=\"twitter:data2\" content=\"2 minutes\" \/>\n<script type=\"application\/ld+json\" class=\"yoast-schema-graph\">{\"@context\":\"https:\/\/schema.org\",\"@graph\":[{\"@type\":\"Article\",\"@id\":\"https:\/\/www.garciafaura.com\/fr\/garcia-faura-rehabilita-ledifici-central-del-consorci-de-la-zona-franca-de-barcelona-per-fer-lo-mes-eficient-energeticament\/#article\",\"isPartOf\":{\"@id\":\"https:\/\/www.garciafaura.com\/fr\/garcia-faura-rehabilita-ledifici-central-del-consorci-de-la-zona-franca-de-barcelona-per-fer-lo-mes-eficient-energeticament\/\"},\"author\":{\"name\":\"David Achell\",\"@id\":\"https:\/\/www.garciafaura.com\/fr\/#\/schema\/person\/b4b75e69b33fac3446071909bec106b0\"},\"headline\":\"GARCIA FAURA r\u00e9habilite le b\u00e2timent central du Consorci de la Zona Franca de Barcelona pour le rendre plus \u00e9conome en \u00e9nergie\",\"datePublished\":\"2024-01-22T09:58:44+00:00\",\"dateModified\":\"2024-01-22T10:06:34+00:00\",\"mainEntityOfPage\":{\"@id\":\"https:\/\/www.garciafaura.com\/fr\/garcia-faura-rehabilita-ledifici-central-del-consorci-de-la-zona-franca-de-barcelona-per-fer-lo-mes-eficient-energeticament\/\"},\"wordCount\":417,\"publisher\":{\"@id\":\"https:\/\/www.garciafaura.com\/fr\/#organization\"},\"image\":{\"@id\":\"https:\/\/www.garciafaura.com\/fr\/garcia-faura-rehabilita-ledifici-central-del-consorci-de-la-zona-franca-de-barcelona-per-fer-lo-mes-eficient-energeticament\/#primaryimage\"},\"thumbnailUrl\":\"https:\/\/www.garciafaura.com\/wp-content\/uploads\/2024\/01\/Foto_ConsorciZonaFranca.jpeg\",\"articleSection\":[\"Actualit\u00e9\"],\"inLanguage\":\"fr-FR\"},{\"@type\":\"WebPage\",\"@id\":\"https:\/\/www.garciafaura.com\/fr\/garcia-faura-rehabilita-ledifici-central-del-consorci-de-la-zona-franca-de-barcelona-per-fer-lo-mes-eficient-energeticament\/\",\"url\":\"https:\/\/www.garciafaura.com\/fr\/garcia-faura-rehabilita-ledifici-central-del-consorci-de-la-zona-franca-de-barcelona-per-fer-lo-mes-eficient-energeticament\/\",\"name\":\"GARCIA FAURA r\u00e9habilite le b\u00e2timent central du Consorci de la Zona Franca de Barcelona pour le rendre plus \u00e9conome en \u00e9nergie - GARCIA FAURA\",\"isPartOf\":{\"@id\":\"https:\/\/www.garciafaura.com\/fr\/#website\"},\"primaryImageOfPage\":{\"@id\":\"https:\/\/www.garciafaura.com\/fr\/garcia-faura-rehabilita-ledifici-central-del-consorci-de-la-zona-franca-de-barcelona-per-fer-lo-mes-eficient-energeticament\/#primaryimage\"},\"image\":{\"@id\":\"https:\/\/www.garciafaura.com\/fr\/garcia-faura-rehabilita-ledifici-central-del-consorci-de-la-zona-franca-de-barcelona-per-fer-lo-mes-eficient-energeticament\/#primaryimage\"},\"thumbnailUrl\":\"https:\/\/www.garciafaura.com\/wp-content\/uploads\/2024\/01\/Foto_ConsorciZonaFranca.jpeg\",\"datePublished\":\"2024-01-22T09:58:44+00:00\",\"dateModified\":\"2024-01-22T10:06:34+00:00\",\"description\":\"Arquitectura en Alumini, Inox, Ferro i Vidre\",\"breadcrumb\":{\"@id\":\"https:\/\/www.garciafaura.com\/fr\/garcia-faura-rehabilita-ledifici-central-del-consorci-de-la-zona-franca-de-barcelona-per-fer-lo-mes-eficient-energeticament\/#breadcrumb\"},\"inLanguage\":\"fr-FR\",\"potentialAction\":[{\"@type\":\"ReadAction\",\"target\":[\"https:\/\/www.garciafaura.com\/fr\/garcia-faura-rehabilita-ledifici-central-del-consorci-de-la-zona-franca-de-barcelona-per-fer-lo-mes-eficient-energeticament\/\"]}]},{\"@type\":\"ImageObject\",\"inLanguage\":\"fr-FR\",\"@id\":\"https:\/\/www.garciafaura.com\/fr\/garcia-faura-rehabilita-ledifici-central-del-consorci-de-la-zona-franca-de-barcelona-per-fer-lo-mes-eficient-energeticament\/#primaryimage\",\"url\":\"https:\/\/www.garciafaura.com\/wp-content\/uploads\/2024\/01\/Foto_ConsorciZonaFranca.jpeg\",\"contentUrl\":\"https:\/\/www.garciafaura.com\/wp-content\/uploads\/2024\/01\/Foto_ConsorciZonaFranca.jpeg\",\"width\":1200,\"height\":643},{\"@type\":\"BreadcrumbList\",\"@id\":\"https:\/\/www.garciafaura.com\/fr\/garcia-faura-rehabilita-ledifici-central-del-consorci-de-la-zona-franca-de-barcelona-per-fer-lo-mes-eficient-energeticament\/#breadcrumb\",\"itemListElement\":[{\"@type\":\"ListItem\",\"position\":1,\"name\":\"Inici\",\"item\":\"https:\/\/www.garciafaura.com\/fr\/\"},{\"@type\":\"ListItem\",\"position\":2,\"name\":\"GARCIA FAURA r\u00e9habilite le b\u00e2timent central du Consorci de la Zona Franca de Barcelona pour le rendre plus \u00e9conome en \u00e9nergie\"}]},{\"@type\":\"WebSite\",\"@id\":\"https:\/\/www.garciafaura.com\/fr\/#website\",\"url\":\"https:\/\/www.garciafaura.com\/fr\/\",\"name\":\"GARCIA FAURA\",\"description\":\"Arquitectura en Alumini, Inox, Ferro i Vidre\",\"publisher\":{\"@id\":\"https:\/\/www.garciafaura.com\/fr\/#organization\"},\"potentialAction\":[{\"@type\":\"SearchAction\",\"target\":{\"@type\":\"EntryPoint\",\"urlTemplate\":\"https:\/\/www.garciafaura.com\/fr\/?s={search_term_string}\"},\"query-input\":{\"@type\":\"PropertyValueSpecification\",\"valueRequired\":true,\"valueName\":\"search_term_string\"}}],\"inLanguage\":\"fr-FR\"},{\"@type\":\"Organization\",\"@id\":\"https:\/\/www.garciafaura.com\/fr\/#organization\",\"name\":\"GARCIA FAURA\",\"url\":\"https:\/\/www.garciafaura.com\/fr\/\",\"logo\":{\"@type\":\"ImageObject\",\"inLanguage\":\"fr-FR\",\"@id\":\"https:\/\/www.garciafaura.com\/fr\/#\/schema\/logo\/image\/\",\"url\":\"https:\/\/www.garciafaura.com\/wp-content\/uploads\/2018\/09\/Garcia-Faura.png\",\"contentUrl\":\"https:\/\/www.garciafaura.com\/wp-content\/uploads\/2018\/09\/Garcia-Faura.png\",\"width\":512,\"height\":512,\"caption\":\"GARCIA FAURA\"},\"image\":{\"@id\":\"https:\/\/www.garciafaura.com\/fr\/#\/schema\/logo\/image\/\"},\"sameAs\":[\"https:\/\/www.youtube.com\/user\/GARCIAFAURA\"]},{\"@type\":\"Person\",\"@id\":\"https:\/\/www.garciafaura.com\/fr\/#\/schema\/person\/b4b75e69b33fac3446071909bec106b0\",\"name\":\"David Achell\",\"image\":{\"@type\":\"ImageObject\",\"inLanguage\":\"fr-FR\",\"@id\":\"https:\/\/www.garciafaura.com\/fr\/#\/schema\/person\/image\/\",\"url\":\"https:\/\/secure.gravatar.com\/avatar\/03900210afc1f61bce737bcb4a79c02e2c997f171e3eca839b5a4cbe03846c90?s=96&d=blank&r=g\",\"contentUrl\":\"https:\/\/secure.gravatar.com\/avatar\/03900210afc1f61bce737bcb4a79c02e2c997f171e3eca839b5a4cbe03846c90?s=96&d=blank&r=g\",\"caption\":\"David Achell\"}}]}<\/script>\n<!-- \/ Yoast SEO plugin. -->","yoast_head_json":{"title":"GARCIA FAURA r\u00e9habilite le b\u00e2timent central du Consorci de la Zona Franca de Barcelona pour le rendre plus \u00e9conome en \u00e9nergie - GARCIA FAURA","description":"Arquitectura en Alumini, Inox, Ferro i Vidre","robots":{"index":"index","follow":"follow","max-snippet":"max-snippet:-1","max-image-preview":"max-image-preview:large","max-video-preview":"max-video-preview:-1"},"canonical":"https:\/\/www.garciafaura.com\/fr\/garcia-faura-rehabilita-ledifici-central-del-consorci-de-la-zona-franca-de-barcelona-per-fer-lo-mes-eficient-energeticament\/","og_locale":"fr_FR","og_type":"article","og_title":"GARCIA FAURA r\u00e9habilite le b\u00e2timent central du Consorci de la Zona Franca de Barcelona pour le rendre plus \u00e9conome en \u00e9nergie - GARCIA FAURA","og_description":"Arquitectura en Alumini, Inox, Ferro i Vidre","og_url":"https:\/\/www.garciafaura.com\/fr\/garcia-faura-rehabilita-ledifici-central-del-consorci-de-la-zona-franca-de-barcelona-per-fer-lo-mes-eficient-energeticament\/","og_site_name":"GARCIA FAURA","article_published_time":"2024-01-22T09:58:44+00:00","article_modified_time":"2024-01-22T10:06:34+00:00","og_image":[{"width":1200,"height":643,"url":"https:\/\/www.garciafaura.com\/wp-content\/uploads\/2024\/01\/Foto_ConsorciZonaFranca.jpeg","type":"image\/jpeg"}],"author":"David Achell","twitter_card":"summary_large_image","twitter_misc":{"\u00c9crit par":"David Achell","Dur\u00e9e de lecture estim\u00e9e":"2 minutes"},"schema":{"@context":"https:\/\/schema.org","@graph":[{"@type":"Article","@id":"https:\/\/www.garciafaura.com\/fr\/garcia-faura-rehabilita-ledifici-central-del-consorci-de-la-zona-franca-de-barcelona-per-fer-lo-mes-eficient-energeticament\/#article","isPartOf":{"@id":"https:\/\/www.garciafaura.com\/fr\/garcia-faura-rehabilita-ledifici-central-del-consorci-de-la-zona-franca-de-barcelona-per-fer-lo-mes-eficient-energeticament\/"},"author":{"name":"David Achell","@id":"https:\/\/www.garciafaura.com\/fr\/#\/schema\/person\/b4b75e69b33fac3446071909bec106b0"},"headline":"GARCIA FAURA r\u00e9habilite le b\u00e2timent central du Consorci de la Zona Franca de Barcelona pour le rendre plus \u00e9conome en \u00e9nergie","datePublished":"2024-01-22T09:58:44+00:00","dateModified":"2024-01-22T10:06:34+00:00","mainEntityOfPage":{"@id":"https:\/\/www.garciafaura.com\/fr\/garcia-faura-rehabilita-ledifici-central-del-consorci-de-la-zona-franca-de-barcelona-per-fer-lo-mes-eficient-energeticament\/"},"wordCount":417,"publisher":{"@id":"https:\/\/www.garciafaura.com\/fr\/#organization"},"image":{"@id":"https:\/\/www.garciafaura.com\/fr\/garcia-faura-rehabilita-ledifici-central-del-consorci-de-la-zona-franca-de-barcelona-per-fer-lo-mes-eficient-energeticament\/#primaryimage"},"thumbnailUrl":"https:\/\/www.garciafaura.com\/wp-content\/uploads\/2024\/01\/Foto_ConsorciZonaFranca.jpeg","articleSection":["Actualit\u00e9"],"inLanguage":"fr-FR"},{"@type":"WebPage","@id":"https:\/\/www.garciafaura.com\/fr\/garcia-faura-rehabilita-ledifici-central-del-consorci-de-la-zona-franca-de-barcelona-per-fer-lo-mes-eficient-energeticament\/","url":"https:\/\/www.garciafaura.com\/fr\/garcia-faura-rehabilita-ledifici-central-del-consorci-de-la-zona-franca-de-barcelona-per-fer-lo-mes-eficient-energeticament\/","name":"GARCIA FAURA r\u00e9habilite le b\u00e2timent central du Consorci de la Zona Franca de Barcelona pour le rendre plus \u00e9conome en \u00e9nergie - GARCIA FAURA","isPartOf":{"@id":"https:\/\/www.garciafaura.com\/fr\/#website"},"primaryImageOfPage":{"@id":"https:\/\/www.garciafaura.com\/fr\/garcia-faura-rehabilita-ledifici-central-del-consorci-de-la-zona-franca-de-barcelona-per-fer-lo-mes-eficient-energeticament\/#primaryimage"},"image":{"@id":"https:\/\/www.garciafaura.com\/fr\/garcia-faura-rehabilita-ledifici-central-del-consorci-de-la-zona-franca-de-barcelona-per-fer-lo-mes-eficient-energeticament\/#primaryimage"},"thumbnailUrl":"https:\/\/www.garciafaura.com\/wp-content\/uploads\/2024\/01\/Foto_ConsorciZonaFranca.jpeg","datePublished":"2024-01-22T09:58:44+00:00","dateModified":"2024-01-22T10:06:34+00:00","description":"Arquitectura en Alumini, Inox, Ferro i Vidre","breadcrumb":{"@id":"https:\/\/www.garciafaura.com\/fr\/garcia-faura-rehabilita-ledifici-central-del-consorci-de-la-zona-franca-de-barcelona-per-fer-lo-mes-eficient-energeticament\/#breadcrumb"},"inLanguage":"fr-FR","potentialAction":[{"@type":"ReadAction","target":["https:\/\/www.garciafaura.com\/fr\/garcia-faura-rehabilita-ledifici-central-del-consorci-de-la-zona-franca-de-barcelona-per-fer-lo-mes-eficient-energeticament\/"]}]},{"@type":"ImageObject","inLanguage":"fr-FR","@id":"https:\/\/www.garciafaura.com\/fr\/garcia-faura-rehabilita-ledifici-central-del-consorci-de-la-zona-franca-de-barcelona-per-fer-lo-mes-eficient-energeticament\/#primaryimage","url":"https:\/\/www.garciafaura.com\/wp-content\/uploads\/2024\/01\/Foto_ConsorciZonaFranca.jpeg","contentUrl":"https:\/\/www.garciafaura.com\/wp-content\/uploads\/2024\/01\/Foto_ConsorciZonaFranca.jpeg","width":1200,"height":643},{"@type":"BreadcrumbList","@id":"https:\/\/www.garciafaura.com\/fr\/garcia-faura-rehabilita-ledifici-central-del-consorci-de-la-zona-franca-de-barcelona-per-fer-lo-mes-eficient-energeticament\/#breadcrumb","itemListElement":[{"@type":"ListItem","position":1,"name":"Inici","item":"https:\/\/www.garciafaura.com\/fr\/"},{"@type":"ListItem","position":2,"name":"GARCIA FAURA r\u00e9habilite le b\u00e2timent central du Consorci de la Zona Franca de Barcelona pour le rendre plus \u00e9conome en \u00e9nergie"}]},{"@type":"WebSite","@id":"https:\/\/www.garciafaura.com\/fr\/#website","url":"https:\/\/www.garciafaura.com\/fr\/","name":"GARCIA FAURA","description":"Arquitectura en Alumini, Inox, Ferro i Vidre","publisher":{"@id":"https:\/\/www.garciafaura.com\/fr\/#organization"},"potentialAction":[{"@type":"SearchAction","target":{"@type":"EntryPoint","urlTemplate":"https:\/\/www.garciafaura.com\/fr\/?s={search_term_string}"},"query-input":{"@type":"PropertyValueSpecification","valueRequired":true,"valueName":"search_term_string"}}],"inLanguage":"fr-FR"},{"@type":"Organization","@id":"https:\/\/www.garciafaura.com\/fr\/#organization","name":"GARCIA FAURA","url":"https:\/\/www.garciafaura.com\/fr\/","logo":{"@type":"ImageObject","inLanguage":"fr-FR","@id":"https:\/\/www.garciafaura.com\/fr\/#\/schema\/logo\/image\/","url":"https:\/\/www.garciafaura.com\/wp-content\/uploads\/2018\/09\/Garcia-Faura.png","contentUrl":"https:\/\/www.garciafaura.com\/wp-content\/uploads\/2018\/09\/Garcia-Faura.png","width":512,"height":512,"caption":"GARCIA FAURA"},"image":{"@id":"https:\/\/www.garciafaura.com\/fr\/#\/schema\/logo\/image\/"},"sameAs":["https:\/\/www.youtube.com\/user\/GARCIAFAURA"]},{"@type":"Person","@id":"https:\/\/www.garciafaura.com\/fr\/#\/schema\/person\/b4b75e69b33fac3446071909bec106b0","name":"David Achell","image":{"@type":"ImageObject","inLanguage":"fr-FR","@id":"https:\/\/www.garciafaura.com\/fr\/#\/schema\/person\/image\/","url":"https:\/\/secure.gravatar.com\/avatar\/03900210afc1f61bce737bcb4a79c02e2c997f171e3eca839b5a4cbe03846c90?s=96&d=blank&r=g","contentUrl":"https:\/\/secure.gravatar.com\/avatar\/03900210afc1f61bce737bcb4a79c02e2c997f171e3eca839b5a4cbe03846c90?s=96&d=blank&r=g","caption":"David Achell"}}]}},"_links":{"self":[{"href":"https:\/\/www.garciafaura.com\/fr\/wp-json\/wp\/v2\/posts\/34716","targetHints":{"allow":["GET"]}}],"collection":[{"href":"https:\/\/www.garciafaura.com\/fr\/wp-json\/wp\/v2\/posts"}],"about":[{"href":"https:\/\/www.garciafaura.com\/fr\/wp-json\/wp\/v2\/types\/post"}],"author":[{"embeddable":true,"href":"https:\/\/www.garciafaura.com\/fr\/wp-json\/wp\/v2\/users\/3"}],"replies":[{"embeddable":true,"href":"https:\/\/www.garciafaura.com\/fr\/wp-json\/wp\/v2\/comments?post=34716"}],"version-history":[{"count":1,"href":"https:\/\/www.garciafaura.com\/fr\/wp-json\/wp\/v2\/posts\/34716\/revisions"}],"predecessor-version":[{"id":34721,"href":"https:\/\/www.garciafaura.com\/fr\/wp-json\/wp\/v2\/posts\/34716\/revisions\/34721"}],"wp:featuredmedia":[{"embeddable":true,"href":"https:\/\/www.garciafaura.com\/fr\/wp-json\/wp\/v2\/media\/34712"}],"wp:attachment":[{"href":"https:\/\/www.garciafaura.com\/fr\/wp-json\/wp\/v2\/media?parent=34716"}],"wp:term":[{"taxonomy":"category","embeddable":true,"href":"https:\/\/www.garciafaura.com\/fr\/wp-json\/wp\/v2\/categories?post=34716"},{"taxonomy":"post_tag","embeddable":true,"href":"https:\/\/www.garciafaura.com\/fr\/wp-json\/wp\/v2\/tags?post=34716"},{"taxonomy":"post_series","embeddable":true,"href":"https:\/\/www.garciafaura.com\/fr\/wp-json\/wp\/v2\/post_series?post=34716"}],"curies":[{"name":"wp","href":"https:\/\/api.w.org\/{rel}","templated":true}]}}