{"id":34409,"date":"2024-01-08T16:25:18","date_gmt":"2024-01-08T14:25:18","guid":{"rendered":"https:\/\/www.garciafaura.com\/garcia-faura-vesteix-els-habitatges-de-ricardo-bofill-a-platja-daro\/"},"modified":"2024-01-08T16:39:06","modified_gmt":"2024-01-08T14:39:06","slug":"garcia-faura-vesteix-els-habitatges-de-ricardo-bofill-a-platja-daro","status":"publish","type":"post","link":"https:\/\/www.garciafaura.com\/fr\/garcia-faura-vesteix-els-habitatges-de-ricardo-bofill-a-platja-daro\/","title":{"rendered":"GARCIA FAURA habille les maisons con\u00e7ues par Ricardo Bofill \u00e0 Platja d&rsquo;Aro (Girone)"},"content":{"rendered":"<h3 style=\"text-align: justify;\" align=\"justify\"><span style=\"font-family: Arial, sans-serif;\"><span lang=\"fr-FR\"><b>Le complexe r\u00e9sidentiel con\u00e7u par RBTA (Taller d&rsquo;Arquitectura Ricardo Bofill) a fait confiance \u00e0 GARCIA FAURA pour apporter confort et hautes performances techniques \u00e0 ce complexe construit en bord de mer sur la Costa Brava (Girone).<\/b><\/span><\/span><\/h3>\n<p lang=\"fr-FR\" style=\"text-align: justify;\" align=\"justify\"><span style=\"font-family: Arial, sans-serif;\">Sur le front de mer de la Costa Brava, sept nouveaux b\u00e2timents sont en cours de construction, d\u00e9velopp\u00e9s par le c\u00e9l\u00e8bre bureau d&rsquo;architecture Ricardo Bofill Taller d&rsquo;Arquitectura. Il s&rsquo;agit d&rsquo;un d\u00e9veloppement Kronos Homes de 85 logements dans la ville de Platja d&rsquo;Aro (Girone).<\/span><\/p>\n<p lang=\"fr-FR\" style=\"text-align: justify;\" align=\"justify\"><span style=\"font-family: Arial, sans-serif;\">Le projet pr\u00e9sente des appartements durables et efficaces, au design ouvert, au style moderne et avec une distribution int\u00e9rieure soign\u00e9e pour offrir le maximum de confort possible et \u00e9galement le maximum de lumi\u00e8re naturelle, gr\u00e2ce aux grandes fen\u00eatres face \u00e0 la mer.<\/span><\/p>\n<p style=\"text-align: justify;\" align=\"justify\"><span style=\"font-family: Arial, sans-serif;\"><span lang=\"fr-FR\"><strong>GARCIA FAURA<\/strong> fabrique et installe 480 unit\u00e9s de <strong>menuiserie en aluminium<\/strong> \u00e0 rupture de pont thermique et diff\u00e9rents types d&rsquo;ouverture, en fonction des besoins du projet. Il disposera \u00e9galement de plus de 2.600 m\u00e8tres carr\u00e9s de vitrages \u00e0 faible \u00e9missivit\u00e9 et d\u2019isolation acoustique.<\/span><\/span><\/p>\n<p style=\"text-align: justify;\" align=\"justify\"><span style=\"font-family: Arial, sans-serif;\"><span lang=\"fr-FR\">Les travaux comprennent \u00e9galement le rev\u00eatement ext\u00e9rieur des b\u00e2timents \u00e0 l&rsquo;aide de panneaux de verre, avec plus de 6.700 m\u00e8tres carr\u00e9s de surface, ainsi que l&rsquo;ensemble des garde-corps ext\u00e9rieurs, \u00e9galement \u0153uvre de <strong>GARCIA FAURA<\/strong>.<\/span><\/span><\/p>\n","protected":false},"excerpt":{"rendered":"<p>Le complexe r\u00e9sidentiel con\u00e7u par RBTA (Taller d&rsquo;Arquitectura Ricardo Bofill) a fait confiance \u00e0 GARCIA FAURA pour apporter confort et hautes performances techniques \u00e0 ce complexe construit en bord de mer sur la Costa Brava (Girone). Sur le front de&hellip;<\/p>\n","protected":false},"author":3,"featured_media":33447,"comment_status":"closed","ping_status":"open","sticky":false,"template":"","format":"gallery","meta":{"footnotes":""},"categories":[2],"tags":[],"post_series":[],"class_list":["post-34409","post","type-post","status-publish","format-gallery","has-post-thumbnail","hentry","category-actualite","post_format-post-format-gallery","entry","has-media"],"yoast_head":"<!-- This site is optimized with the Yoast SEO plugin v26.7 - https:\/\/yoast.com\/wordpress\/plugins\/seo\/ -->\n<title>GARCIA FAURA habille les maisons con\u00e7ues par Ricardo Bofill \u00e0 Platja d&#039;Aro (Girone) - GARCIA FAURA<\/title>\n<meta name=\"description\" content=\"Arquitectura en Alumini, Inox, Ferro i Vidre\" \/>\n<meta name=\"robots\" content=\"index, follow, max-snippet:-1, max-image-preview:large, max-video-preview:-1\" \/>\n<link rel=\"canonical\" href=\"https:\/\/www.garciafaura.com\/fr\/garcia-faura-vesteix-els-habitatges-de-ricardo-bofill-a-platja-daro\/\" \/>\n<meta property=\"og:locale\" content=\"fr_FR\" \/>\n<meta property=\"og:type\" content=\"article\" \/>\n<meta property=\"og:title\" content=\"GARCIA FAURA habille les maisons con\u00e7ues par Ricardo Bofill \u00e0 Platja d&#039;Aro (Girone) - GARCIA FAURA\" \/>\n<meta property=\"og:description\" content=\"Arquitectura en Alumini, Inox, Ferro i Vidre\" \/>\n<meta property=\"og:url\" content=\"https:\/\/www.garciafaura.com\/fr\/garcia-faura-vesteix-els-habitatges-de-ricardo-bofill-a-platja-daro\/\" \/>\n<meta property=\"og:site_name\" content=\"GARCIA FAURA\" \/>\n<meta property=\"article:published_time\" content=\"2024-01-08T14:25:18+00:00\" \/>\n<meta property=\"article:modified_time\" content=\"2024-01-08T14:39:06+00:00\" \/>\n<meta property=\"og:image\" content=\"https:\/\/www.garciafaura.com\/wp-content\/uploads\/2023\/10\/BravaPlatjaAro_03a.jpg\" \/>\n\t<meta property=\"og:image:width\" content=\"1200\" \/>\n\t<meta property=\"og:image:height\" content=\"628\" \/>\n\t<meta property=\"og:image:type\" content=\"image\/jpeg\" \/>\n<meta name=\"author\" content=\"David Achell\" \/>\n<meta name=\"twitter:card\" content=\"summary_large_image\" \/>\n<meta name=\"twitter:label1\" content=\"\u00c9crit par\" \/>\n\t<meta name=\"twitter:data1\" content=\"David Achell\" \/>\n\t<meta name=\"twitter:label2\" content=\"Dur\u00e9e de lecture estim\u00e9e\" \/>\n\t<meta name=\"twitter:data2\" content=\"2 minutes\" \/>\n<script type=\"application\/ld+json\" class=\"yoast-schema-graph\">{\"@context\":\"https:\/\/schema.org\",\"@graph\":[{\"@type\":\"Article\",\"@id\":\"https:\/\/www.garciafaura.com\/fr\/garcia-faura-vesteix-els-habitatges-de-ricardo-bofill-a-platja-daro\/#article\",\"isPartOf\":{\"@id\":\"https:\/\/www.garciafaura.com\/fr\/garcia-faura-vesteix-els-habitatges-de-ricardo-bofill-a-platja-daro\/\"},\"author\":{\"name\":\"David Achell\",\"@id\":\"https:\/\/www.garciafaura.com\/fr\/#\/schema\/person\/b4b75e69b33fac3446071909bec106b0\"},\"headline\":\"GARCIA FAURA habille les maisons con\u00e7ues par Ricardo Bofill \u00e0 Platja d&rsquo;Aro (Girone)\",\"datePublished\":\"2024-01-08T14:25:18+00:00\",\"dateModified\":\"2024-01-08T14:39:06+00:00\",\"mainEntityOfPage\":{\"@id\":\"https:\/\/www.garciafaura.com\/fr\/garcia-faura-vesteix-els-habitatges-de-ricardo-bofill-a-platja-daro\/\"},\"wordCount\":236,\"publisher\":{\"@id\":\"https:\/\/www.garciafaura.com\/fr\/#organization\"},\"image\":{\"@id\":\"https:\/\/www.garciafaura.com\/fr\/garcia-faura-vesteix-els-habitatges-de-ricardo-bofill-a-platja-daro\/#primaryimage\"},\"thumbnailUrl\":\"https:\/\/www.garciafaura.com\/wp-content\/uploads\/2023\/10\/BravaPlatjaAro_03a.jpg\",\"articleSection\":[\"Actualit\u00e9\"],\"inLanguage\":\"fr-FR\"},{\"@type\":\"WebPage\",\"@id\":\"https:\/\/www.garciafaura.com\/fr\/garcia-faura-vesteix-els-habitatges-de-ricardo-bofill-a-platja-daro\/\",\"url\":\"https:\/\/www.garciafaura.com\/fr\/garcia-faura-vesteix-els-habitatges-de-ricardo-bofill-a-platja-daro\/\",\"name\":\"GARCIA FAURA habille les maisons con\u00e7ues par Ricardo Bofill \u00e0 Platja d'Aro (Girone) - GARCIA FAURA\",\"isPartOf\":{\"@id\":\"https:\/\/www.garciafaura.com\/fr\/#website\"},\"primaryImageOfPage\":{\"@id\":\"https:\/\/www.garciafaura.com\/fr\/garcia-faura-vesteix-els-habitatges-de-ricardo-bofill-a-platja-daro\/#primaryimage\"},\"image\":{\"@id\":\"https:\/\/www.garciafaura.com\/fr\/garcia-faura-vesteix-els-habitatges-de-ricardo-bofill-a-platja-daro\/#primaryimage\"},\"thumbnailUrl\":\"https:\/\/www.garciafaura.com\/wp-content\/uploads\/2023\/10\/BravaPlatjaAro_03a.jpg\",\"datePublished\":\"2024-01-08T14:25:18+00:00\",\"dateModified\":\"2024-01-08T14:39:06+00:00\",\"description\":\"Arquitectura en Alumini, Inox, Ferro i Vidre\",\"breadcrumb\":{\"@id\":\"https:\/\/www.garciafaura.com\/fr\/garcia-faura-vesteix-els-habitatges-de-ricardo-bofill-a-platja-daro\/#breadcrumb\"},\"inLanguage\":\"fr-FR\",\"potentialAction\":[{\"@type\":\"ReadAction\",\"target\":[\"https:\/\/www.garciafaura.com\/fr\/garcia-faura-vesteix-els-habitatges-de-ricardo-bofill-a-platja-daro\/\"]}]},{\"@type\":\"ImageObject\",\"inLanguage\":\"fr-FR\",\"@id\":\"https:\/\/www.garciafaura.com\/fr\/garcia-faura-vesteix-els-habitatges-de-ricardo-bofill-a-platja-daro\/#primaryimage\",\"url\":\"https:\/\/www.garciafaura.com\/wp-content\/uploads\/2023\/10\/BravaPlatjaAro_03a.jpg\",\"contentUrl\":\"https:\/\/www.garciafaura.com\/wp-content\/uploads\/2023\/10\/BravaPlatjaAro_03a.jpg\",\"width\":1200,\"height\":628},{\"@type\":\"BreadcrumbList\",\"@id\":\"https:\/\/www.garciafaura.com\/fr\/garcia-faura-vesteix-els-habitatges-de-ricardo-bofill-a-platja-daro\/#breadcrumb\",\"itemListElement\":[{\"@type\":\"ListItem\",\"position\":1,\"name\":\"Inici\",\"item\":\"https:\/\/www.garciafaura.com\/fr\/\"},{\"@type\":\"ListItem\",\"position\":2,\"name\":\"GARCIA FAURA habille les maisons con\u00e7ues par Ricardo Bofill \u00e0 Platja d&#8217;Aro (Girone)\"}]},{\"@type\":\"WebSite\",\"@id\":\"https:\/\/www.garciafaura.com\/fr\/#website\",\"url\":\"https:\/\/www.garciafaura.com\/fr\/\",\"name\":\"GARCIA FAURA\",\"description\":\"Arquitectura en Alumini, Inox, Ferro i Vidre\",\"publisher\":{\"@id\":\"https:\/\/www.garciafaura.com\/fr\/#organization\"},\"potentialAction\":[{\"@type\":\"SearchAction\",\"target\":{\"@type\":\"EntryPoint\",\"urlTemplate\":\"https:\/\/www.garciafaura.com\/fr\/?s={search_term_string}\"},\"query-input\":{\"@type\":\"PropertyValueSpecification\",\"valueRequired\":true,\"valueName\":\"search_term_string\"}}],\"inLanguage\":\"fr-FR\"},{\"@type\":\"Organization\",\"@id\":\"https:\/\/www.garciafaura.com\/fr\/#organization\",\"name\":\"GARCIA FAURA\",\"url\":\"https:\/\/www.garciafaura.com\/fr\/\",\"logo\":{\"@type\":\"ImageObject\",\"inLanguage\":\"fr-FR\",\"@id\":\"https:\/\/www.garciafaura.com\/fr\/#\/schema\/logo\/image\/\",\"url\":\"https:\/\/www.garciafaura.com\/wp-content\/uploads\/2018\/09\/Garcia-Faura.png\",\"contentUrl\":\"https:\/\/www.garciafaura.com\/wp-content\/uploads\/2018\/09\/Garcia-Faura.png\",\"width\":512,\"height\":512,\"caption\":\"GARCIA FAURA\"},\"image\":{\"@id\":\"https:\/\/www.garciafaura.com\/fr\/#\/schema\/logo\/image\/\"},\"sameAs\":[\"https:\/\/www.youtube.com\/user\/GARCIAFAURA\"]},{\"@type\":\"Person\",\"@id\":\"https:\/\/www.garciafaura.com\/fr\/#\/schema\/person\/b4b75e69b33fac3446071909bec106b0\",\"name\":\"David Achell\",\"image\":{\"@type\":\"ImageObject\",\"inLanguage\":\"fr-FR\",\"@id\":\"https:\/\/www.garciafaura.com\/fr\/#\/schema\/person\/image\/\",\"url\":\"https:\/\/secure.gravatar.com\/avatar\/03900210afc1f61bce737bcb4a79c02e2c997f171e3eca839b5a4cbe03846c90?s=96&d=blank&r=g\",\"contentUrl\":\"https:\/\/secure.gravatar.com\/avatar\/03900210afc1f61bce737bcb4a79c02e2c997f171e3eca839b5a4cbe03846c90?s=96&d=blank&r=g\",\"caption\":\"David Achell\"}}]}<\/script>\n<!-- \/ Yoast SEO plugin. -->","yoast_head_json":{"title":"GARCIA FAURA habille les maisons con\u00e7ues par Ricardo Bofill \u00e0 Platja d'Aro (Girone) - GARCIA FAURA","description":"Arquitectura en Alumini, Inox, Ferro i Vidre","robots":{"index":"index","follow":"follow","max-snippet":"max-snippet:-1","max-image-preview":"max-image-preview:large","max-video-preview":"max-video-preview:-1"},"canonical":"https:\/\/www.garciafaura.com\/fr\/garcia-faura-vesteix-els-habitatges-de-ricardo-bofill-a-platja-daro\/","og_locale":"fr_FR","og_type":"article","og_title":"GARCIA FAURA habille les maisons con\u00e7ues par Ricardo Bofill \u00e0 Platja d'Aro (Girone) - GARCIA FAURA","og_description":"Arquitectura en Alumini, Inox, Ferro i Vidre","og_url":"https:\/\/www.garciafaura.com\/fr\/garcia-faura-vesteix-els-habitatges-de-ricardo-bofill-a-platja-daro\/","og_site_name":"GARCIA FAURA","article_published_time":"2024-01-08T14:25:18+00:00","article_modified_time":"2024-01-08T14:39:06+00:00","og_image":[{"width":1200,"height":628,"url":"https:\/\/www.garciafaura.com\/wp-content\/uploads\/2023\/10\/BravaPlatjaAro_03a.jpg","type":"image\/jpeg"}],"author":"David Achell","twitter_card":"summary_large_image","twitter_misc":{"\u00c9crit par":"David Achell","Dur\u00e9e de lecture estim\u00e9e":"2 minutes"},"schema":{"@context":"https:\/\/schema.org","@graph":[{"@type":"Article","@id":"https:\/\/www.garciafaura.com\/fr\/garcia-faura-vesteix-els-habitatges-de-ricardo-bofill-a-platja-daro\/#article","isPartOf":{"@id":"https:\/\/www.garciafaura.com\/fr\/garcia-faura-vesteix-els-habitatges-de-ricardo-bofill-a-platja-daro\/"},"author":{"name":"David Achell","@id":"https:\/\/www.garciafaura.com\/fr\/#\/schema\/person\/b4b75e69b33fac3446071909bec106b0"},"headline":"GARCIA FAURA habille les maisons con\u00e7ues par Ricardo Bofill \u00e0 Platja d&rsquo;Aro (Girone)","datePublished":"2024-01-08T14:25:18+00:00","dateModified":"2024-01-08T14:39:06+00:00","mainEntityOfPage":{"@id":"https:\/\/www.garciafaura.com\/fr\/garcia-faura-vesteix-els-habitatges-de-ricardo-bofill-a-platja-daro\/"},"wordCount":236,"publisher":{"@id":"https:\/\/www.garciafaura.com\/fr\/#organization"},"image":{"@id":"https:\/\/www.garciafaura.com\/fr\/garcia-faura-vesteix-els-habitatges-de-ricardo-bofill-a-platja-daro\/#primaryimage"},"thumbnailUrl":"https:\/\/www.garciafaura.com\/wp-content\/uploads\/2023\/10\/BravaPlatjaAro_03a.jpg","articleSection":["Actualit\u00e9"],"inLanguage":"fr-FR"},{"@type":"WebPage","@id":"https:\/\/www.garciafaura.com\/fr\/garcia-faura-vesteix-els-habitatges-de-ricardo-bofill-a-platja-daro\/","url":"https:\/\/www.garciafaura.com\/fr\/garcia-faura-vesteix-els-habitatges-de-ricardo-bofill-a-platja-daro\/","name":"GARCIA FAURA habille les maisons con\u00e7ues par Ricardo Bofill \u00e0 Platja d'Aro (Girone) - GARCIA FAURA","isPartOf":{"@id":"https:\/\/www.garciafaura.com\/fr\/#website"},"primaryImageOfPage":{"@id":"https:\/\/www.garciafaura.com\/fr\/garcia-faura-vesteix-els-habitatges-de-ricardo-bofill-a-platja-daro\/#primaryimage"},"image":{"@id":"https:\/\/www.garciafaura.com\/fr\/garcia-faura-vesteix-els-habitatges-de-ricardo-bofill-a-platja-daro\/#primaryimage"},"thumbnailUrl":"https:\/\/www.garciafaura.com\/wp-content\/uploads\/2023\/10\/BravaPlatjaAro_03a.jpg","datePublished":"2024-01-08T14:25:18+00:00","dateModified":"2024-01-08T14:39:06+00:00","description":"Arquitectura en Alumini, Inox, Ferro i Vidre","breadcrumb":{"@id":"https:\/\/www.garciafaura.com\/fr\/garcia-faura-vesteix-els-habitatges-de-ricardo-bofill-a-platja-daro\/#breadcrumb"},"inLanguage":"fr-FR","potentialAction":[{"@type":"ReadAction","target":["https:\/\/www.garciafaura.com\/fr\/garcia-faura-vesteix-els-habitatges-de-ricardo-bofill-a-platja-daro\/"]}]},{"@type":"ImageObject","inLanguage":"fr-FR","@id":"https:\/\/www.garciafaura.com\/fr\/garcia-faura-vesteix-els-habitatges-de-ricardo-bofill-a-platja-daro\/#primaryimage","url":"https:\/\/www.garciafaura.com\/wp-content\/uploads\/2023\/10\/BravaPlatjaAro_03a.jpg","contentUrl":"https:\/\/www.garciafaura.com\/wp-content\/uploads\/2023\/10\/BravaPlatjaAro_03a.jpg","width":1200,"height":628},{"@type":"BreadcrumbList","@id":"https:\/\/www.garciafaura.com\/fr\/garcia-faura-vesteix-els-habitatges-de-ricardo-bofill-a-platja-daro\/#breadcrumb","itemListElement":[{"@type":"ListItem","position":1,"name":"Inici","item":"https:\/\/www.garciafaura.com\/fr\/"},{"@type":"ListItem","position":2,"name":"GARCIA FAURA habille les maisons con\u00e7ues par Ricardo Bofill \u00e0 Platja d&#8217;Aro (Girone)"}]},{"@type":"WebSite","@id":"https:\/\/www.garciafaura.com\/fr\/#website","url":"https:\/\/www.garciafaura.com\/fr\/","name":"GARCIA FAURA","description":"Arquitectura en Alumini, Inox, Ferro i Vidre","publisher":{"@id":"https:\/\/www.garciafaura.com\/fr\/#organization"},"potentialAction":[{"@type":"SearchAction","target":{"@type":"EntryPoint","urlTemplate":"https:\/\/www.garciafaura.com\/fr\/?s={search_term_string}"},"query-input":{"@type":"PropertyValueSpecification","valueRequired":true,"valueName":"search_term_string"}}],"inLanguage":"fr-FR"},{"@type":"Organization","@id":"https:\/\/www.garciafaura.com\/fr\/#organization","name":"GARCIA FAURA","url":"https:\/\/www.garciafaura.com\/fr\/","logo":{"@type":"ImageObject","inLanguage":"fr-FR","@id":"https:\/\/www.garciafaura.com\/fr\/#\/schema\/logo\/image\/","url":"https:\/\/www.garciafaura.com\/wp-content\/uploads\/2018\/09\/Garcia-Faura.png","contentUrl":"https:\/\/www.garciafaura.com\/wp-content\/uploads\/2018\/09\/Garcia-Faura.png","width":512,"height":512,"caption":"GARCIA FAURA"},"image":{"@id":"https:\/\/www.garciafaura.com\/fr\/#\/schema\/logo\/image\/"},"sameAs":["https:\/\/www.youtube.com\/user\/GARCIAFAURA"]},{"@type":"Person","@id":"https:\/\/www.garciafaura.com\/fr\/#\/schema\/person\/b4b75e69b33fac3446071909bec106b0","name":"David Achell","image":{"@type":"ImageObject","inLanguage":"fr-FR","@id":"https:\/\/www.garciafaura.com\/fr\/#\/schema\/person\/image\/","url":"https:\/\/secure.gravatar.com\/avatar\/03900210afc1f61bce737bcb4a79c02e2c997f171e3eca839b5a4cbe03846c90?s=96&d=blank&r=g","contentUrl":"https:\/\/secure.gravatar.com\/avatar\/03900210afc1f61bce737bcb4a79c02e2c997f171e3eca839b5a4cbe03846c90?s=96&d=blank&r=g","caption":"David Achell"}}]}},"_links":{"self":[{"href":"https:\/\/www.garciafaura.com\/fr\/wp-json\/wp\/v2\/posts\/34409","targetHints":{"allow":["GET"]}}],"collection":[{"href":"https:\/\/www.garciafaura.com\/fr\/wp-json\/wp\/v2\/posts"}],"about":[{"href":"https:\/\/www.garciafaura.com\/fr\/wp-json\/wp\/v2\/types\/post"}],"author":[{"embeddable":true,"href":"https:\/\/www.garciafaura.com\/fr\/wp-json\/wp\/v2\/users\/3"}],"replies":[{"embeddable":true,"href":"https:\/\/www.garciafaura.com\/fr\/wp-json\/wp\/v2\/comments?post=34409"}],"version-history":[{"count":2,"href":"https:\/\/www.garciafaura.com\/fr\/wp-json\/wp\/v2\/posts\/34409\/revisions"}],"predecessor-version":[{"id":34415,"href":"https:\/\/www.garciafaura.com\/fr\/wp-json\/wp\/v2\/posts\/34409\/revisions\/34415"}],"wp:featuredmedia":[{"embeddable":true,"href":"https:\/\/www.garciafaura.com\/fr\/wp-json\/wp\/v2\/media\/33447"}],"wp:attachment":[{"href":"https:\/\/www.garciafaura.com\/fr\/wp-json\/wp\/v2\/media?parent=34409"}],"wp:term":[{"taxonomy":"category","embeddable":true,"href":"https:\/\/www.garciafaura.com\/fr\/wp-json\/wp\/v2\/categories?post=34409"},{"taxonomy":"post_tag","embeddable":true,"href":"https:\/\/www.garciafaura.com\/fr\/wp-json\/wp\/v2\/tags?post=34409"},{"taxonomy":"post_series","embeddable":true,"href":"https:\/\/www.garciafaura.com\/fr\/wp-json\/wp\/v2\/post_series?post=34409"}],"curies":[{"name":"wp","href":"https:\/\/api.w.org\/{rel}","templated":true}]}}