{"id":34181,"date":"2023-12-18T12:37:29","date_gmt":"2023-12-18T10:37:29","guid":{"rendered":"https:\/\/www.garciafaura.com\/tancaments-daltes-prestacions-tecniques-per-al-nou-edifici-doficines-i-residencia-al-22-de-barcelona\/"},"modified":"2023-12-18T12:45:36","modified_gmt":"2023-12-18T10:45:36","slug":"tancaments-daltes-prestacions-tecniques-per-al-nou-edifici-doficines-i-residencia-al-22-de-barcelona","status":"publish","type":"post","link":"https:\/\/www.garciafaura.com\/fr\/tancaments-daltes-prestacions-tecniques-per-al-nou-edifici-doficines-i-residencia-al-22-de-barcelona\/","title":{"rendered":"Menuiseries \u00e0 haute performance technique pour le nouvel immeuble de bureaux et de r\u00e9sidences du 22@ \u00e0 Barcelone"},"content":{"rendered":"<h3 style=\"text-align: justify;\"><strong>Le confort des personnes qui r\u00e9sident ou utilisent une propri\u00e9t\u00e9 est l&rsquo;un des principaux objectifs de GARCIA FAURA. Et si nous parlons des seniors, cet objectif devient encore plus important.<\/strong><\/h3>\n<p style=\"text-align: justify;\">Il s&rsquo;agit d&rsquo;un d\u00e9veloppement situ\u00e9 au num\u00e9ro 28 de la rue Llacuna dans la capitale catalane qui abritera une r\u00e9sidence pour personnes \u00e2g\u00e9es, de 6.450 m\u00e8tres carr\u00e9s, et un complexe de bureaux ultramoderne, de 6.450 m\u00e8tres carr\u00e9s, dont 1.600 seront \u00eatre des patios et des terrasses.<\/p>\n<p style=\"text-align: justify;\">L&rsquo;architecture du b\u00e2timent a \u00e9t\u00e9 con\u00e7ue dans une perspective globale, avec une attention particuli\u00e8re port\u00e9e au volume, \u00e0 la lumi\u00e8re et \u00e0 la couleur comme \u00e9l\u00e9ments cl\u00e9s pour cr\u00e9er des environnements de travail flexibles et des espaces de vie confortables. De plus, il b\u00e9n\u00e9ficiera de la <strong>certification environnementale LEED Gold<\/strong>.<\/p>\n<p style=\"text-align: justify;\"><strong>GARCIA FAURA<\/strong> est responsable de la fabrication et de l&rsquo;installation des <strong>menuiseries en aluminium et vitrage<\/strong>, ainsi que de l&rsquo;intervention en <strong>fa\u00e7ades<\/strong>, \u00e0 partir de bardage en panneaux composites d\u2019<strong>aluminium<\/strong> et de <strong>fa\u00e7ades<\/strong> ventil\u00e9es form\u00e9es d&rsquo;une double peau \u00e0 base de lames en t\u00f4le.<\/p>\n<p style=\"text-align: justify;\">Ainsi, environ 550 m\u00e8tres carr\u00e9s de sous-structure en <strong>aluminium<\/strong> pour la <strong>fa\u00e7ade<\/strong> ventil\u00e9e, d&rsquo;isolation en laine de roche pour le bardage et de lames en t\u00f4le profil\u00e9e et perfor\u00e9e de g\u00e9om\u00e9tries variables sont fournis. L&rsquo;intervention est compl\u00e9t\u00e9e par plus de 2.000 m\u00e8tres carr\u00e9s de bardage en panneaux composite d\u2019<strong>aluminium<\/strong>.<\/p>\n<p style=\"text-align: justify;\">Quant aux <strong>menuiseries en aluminium<\/strong>, avec profil\u00e9s \u00e0 rupture de pont thermique, celles-ci totalisent 400 unit\u00e9s, entre celles correspondant \u00e0 l&rsquo;immeuble de bureaux et celles du module d&rsquo;habitation. Tous dot\u00e9s de hautes caract\u00e9ristiques techniques pour garantir le confort et l&rsquo;isolement des utilisateurs de ce nouveau b\u00e2timent d&rsquo;entreprise et de services.<\/p>\n","protected":false},"excerpt":{"rendered":"<p>Le confort des personnes qui r\u00e9sident ou utilisent une propri\u00e9t\u00e9 est l&rsquo;un des principaux objectifs de GARCIA FAURA. Et si nous parlons des seniors, cet objectif devient encore plus important. Il s&rsquo;agit d&rsquo;un d\u00e9veloppement situ\u00e9 au num\u00e9ro 28 de la&hellip;<\/p>\n","protected":false},"author":3,"featured_media":31951,"comment_status":"closed","ping_status":"open","sticky":false,"template":"","format":"standard","meta":{"footnotes":""},"categories":[2],"tags":[],"post_series":[],"class_list":["post-34181","post","type-post","status-publish","format-standard","has-post-thumbnail","hentry","category-actualite","entry","has-media"],"yoast_head":"<!-- This site is optimized with the Yoast SEO plugin v26.7 - https:\/\/yoast.com\/wordpress\/plugins\/seo\/ -->\n<title>Menuiseries \u00e0 haute performance technique pour le nouvel immeuble de bureaux et de r\u00e9sidences du 22@ \u00e0 Barcelone - GARCIA FAURA<\/title>\n<meta name=\"description\" content=\"Arquitectura en Alumini, Inox, Ferro i Vidre\" \/>\n<meta name=\"robots\" content=\"index, follow, max-snippet:-1, max-image-preview:large, max-video-preview:-1\" \/>\n<link rel=\"canonical\" href=\"https:\/\/www.garciafaura.com\/fr\/tancaments-daltes-prestacions-tecniques-per-al-nou-edifici-doficines-i-residencia-al-22-de-barcelona\/\" \/>\n<meta property=\"og:locale\" content=\"fr_FR\" \/>\n<meta property=\"og:type\" content=\"article\" \/>\n<meta property=\"og:title\" content=\"Menuiseries \u00e0 haute performance technique pour le nouvel immeuble de bureaux et de r\u00e9sidences du 22@ \u00e0 Barcelone - GARCIA FAURA\" \/>\n<meta property=\"og:description\" content=\"Arquitectura en Alumini, Inox, Ferro i Vidre\" \/>\n<meta property=\"og:url\" content=\"https:\/\/www.garciafaura.com\/fr\/tancaments-daltes-prestacions-tecniques-per-al-nou-edifici-doficines-i-residencia-al-22-de-barcelona\/\" \/>\n<meta property=\"og:site_name\" content=\"GARCIA FAURA\" \/>\n<meta property=\"article:published_time\" content=\"2023-12-18T10:37:29+00:00\" \/>\n<meta property=\"article:modified_time\" content=\"2023-12-18T10:45:36+00:00\" \/>\n<meta property=\"og:image\" content=\"https:\/\/www.garciafaura.com\/wp-content\/uploads\/2023\/04\/llacuna-1-baixa.jpg\" \/>\n\t<meta property=\"og:image:width\" content=\"1200\" \/>\n\t<meta property=\"og:image:height\" content=\"628\" \/>\n\t<meta property=\"og:image:type\" content=\"image\/jpeg\" \/>\n<meta name=\"author\" content=\"David Achell\" \/>\n<meta name=\"twitter:card\" content=\"summary_large_image\" \/>\n<meta name=\"twitter:label1\" content=\"\u00c9crit par\" \/>\n\t<meta name=\"twitter:data1\" content=\"David Achell\" \/>\n\t<meta name=\"twitter:label2\" content=\"Dur\u00e9e de lecture estim\u00e9e\" \/>\n\t<meta name=\"twitter:data2\" content=\"2 minutes\" \/>\n<script type=\"application\/ld+json\" class=\"yoast-schema-graph\">{\"@context\":\"https:\/\/schema.org\",\"@graph\":[{\"@type\":\"Article\",\"@id\":\"https:\/\/www.garciafaura.com\/fr\/tancaments-daltes-prestacions-tecniques-per-al-nou-edifici-doficines-i-residencia-al-22-de-barcelona\/#article\",\"isPartOf\":{\"@id\":\"https:\/\/www.garciafaura.com\/fr\/tancaments-daltes-prestacions-tecniques-per-al-nou-edifici-doficines-i-residencia-al-22-de-barcelona\/\"},\"author\":{\"name\":\"David Achell\",\"@id\":\"https:\/\/www.garciafaura.com\/fr\/#\/schema\/person\/b4b75e69b33fac3446071909bec106b0\"},\"headline\":\"Menuiseries \u00e0 haute performance technique pour le nouvel immeuble de bureaux et de r\u00e9sidences du 22@ \u00e0 Barcelone\",\"datePublished\":\"2023-12-18T10:37:29+00:00\",\"dateModified\":\"2023-12-18T10:45:36+00:00\",\"mainEntityOfPage\":{\"@id\":\"https:\/\/www.garciafaura.com\/fr\/tancaments-daltes-prestacions-tecniques-per-al-nou-edifici-doficines-i-residencia-al-22-de-barcelona\/\"},\"wordCount\":330,\"publisher\":{\"@id\":\"https:\/\/www.garciafaura.com\/fr\/#organization\"},\"image\":{\"@id\":\"https:\/\/www.garciafaura.com\/fr\/tancaments-daltes-prestacions-tecniques-per-al-nou-edifici-doficines-i-residencia-al-22-de-barcelona\/#primaryimage\"},\"thumbnailUrl\":\"https:\/\/www.garciafaura.com\/wp-content\/uploads\/2023\/04\/llacuna-1-baixa.jpg\",\"articleSection\":[\"Actualit\u00e9\"],\"inLanguage\":\"fr-FR\"},{\"@type\":\"WebPage\",\"@id\":\"https:\/\/www.garciafaura.com\/fr\/tancaments-daltes-prestacions-tecniques-per-al-nou-edifici-doficines-i-residencia-al-22-de-barcelona\/\",\"url\":\"https:\/\/www.garciafaura.com\/fr\/tancaments-daltes-prestacions-tecniques-per-al-nou-edifici-doficines-i-residencia-al-22-de-barcelona\/\",\"name\":\"Menuiseries \u00e0 haute performance technique pour le nouvel immeuble de bureaux et de r\u00e9sidences du 22@ \u00e0 Barcelone - GARCIA FAURA\",\"isPartOf\":{\"@id\":\"https:\/\/www.garciafaura.com\/fr\/#website\"},\"primaryImageOfPage\":{\"@id\":\"https:\/\/www.garciafaura.com\/fr\/tancaments-daltes-prestacions-tecniques-per-al-nou-edifici-doficines-i-residencia-al-22-de-barcelona\/#primaryimage\"},\"image\":{\"@id\":\"https:\/\/www.garciafaura.com\/fr\/tancaments-daltes-prestacions-tecniques-per-al-nou-edifici-doficines-i-residencia-al-22-de-barcelona\/#primaryimage\"},\"thumbnailUrl\":\"https:\/\/www.garciafaura.com\/wp-content\/uploads\/2023\/04\/llacuna-1-baixa.jpg\",\"datePublished\":\"2023-12-18T10:37:29+00:00\",\"dateModified\":\"2023-12-18T10:45:36+00:00\",\"description\":\"Arquitectura en Alumini, Inox, Ferro i Vidre\",\"breadcrumb\":{\"@id\":\"https:\/\/www.garciafaura.com\/fr\/tancaments-daltes-prestacions-tecniques-per-al-nou-edifici-doficines-i-residencia-al-22-de-barcelona\/#breadcrumb\"},\"inLanguage\":\"fr-FR\",\"potentialAction\":[{\"@type\":\"ReadAction\",\"target\":[\"https:\/\/www.garciafaura.com\/fr\/tancaments-daltes-prestacions-tecniques-per-al-nou-edifici-doficines-i-residencia-al-22-de-barcelona\/\"]}]},{\"@type\":\"ImageObject\",\"inLanguage\":\"fr-FR\",\"@id\":\"https:\/\/www.garciafaura.com\/fr\/tancaments-daltes-prestacions-tecniques-per-al-nou-edifici-doficines-i-residencia-al-22-de-barcelona\/#primaryimage\",\"url\":\"https:\/\/www.garciafaura.com\/wp-content\/uploads\/2023\/04\/llacuna-1-baixa.jpg\",\"contentUrl\":\"https:\/\/www.garciafaura.com\/wp-content\/uploads\/2023\/04\/llacuna-1-baixa.jpg\",\"width\":1200,\"height\":628},{\"@type\":\"BreadcrumbList\",\"@id\":\"https:\/\/www.garciafaura.com\/fr\/tancaments-daltes-prestacions-tecniques-per-al-nou-edifici-doficines-i-residencia-al-22-de-barcelona\/#breadcrumb\",\"itemListElement\":[{\"@type\":\"ListItem\",\"position\":1,\"name\":\"Inici\",\"item\":\"https:\/\/www.garciafaura.com\/fr\/\"},{\"@type\":\"ListItem\",\"position\":2,\"name\":\"Menuiseries \u00e0 haute performance technique pour le nouvel immeuble de bureaux et de r\u00e9sidences du 22@ \u00e0 Barcelone\"}]},{\"@type\":\"WebSite\",\"@id\":\"https:\/\/www.garciafaura.com\/fr\/#website\",\"url\":\"https:\/\/www.garciafaura.com\/fr\/\",\"name\":\"GARCIA FAURA\",\"description\":\"Arquitectura en Alumini, Inox, Ferro i Vidre\",\"publisher\":{\"@id\":\"https:\/\/www.garciafaura.com\/fr\/#organization\"},\"potentialAction\":[{\"@type\":\"SearchAction\",\"target\":{\"@type\":\"EntryPoint\",\"urlTemplate\":\"https:\/\/www.garciafaura.com\/fr\/?s={search_term_string}\"},\"query-input\":{\"@type\":\"PropertyValueSpecification\",\"valueRequired\":true,\"valueName\":\"search_term_string\"}}],\"inLanguage\":\"fr-FR\"},{\"@type\":\"Organization\",\"@id\":\"https:\/\/www.garciafaura.com\/fr\/#organization\",\"name\":\"GARCIA FAURA\",\"url\":\"https:\/\/www.garciafaura.com\/fr\/\",\"logo\":{\"@type\":\"ImageObject\",\"inLanguage\":\"fr-FR\",\"@id\":\"https:\/\/www.garciafaura.com\/fr\/#\/schema\/logo\/image\/\",\"url\":\"https:\/\/www.garciafaura.com\/wp-content\/uploads\/2018\/09\/Garcia-Faura.png\",\"contentUrl\":\"https:\/\/www.garciafaura.com\/wp-content\/uploads\/2018\/09\/Garcia-Faura.png\",\"width\":512,\"height\":512,\"caption\":\"GARCIA FAURA\"},\"image\":{\"@id\":\"https:\/\/www.garciafaura.com\/fr\/#\/schema\/logo\/image\/\"},\"sameAs\":[\"https:\/\/www.youtube.com\/user\/GARCIAFAURA\"]},{\"@type\":\"Person\",\"@id\":\"https:\/\/www.garciafaura.com\/fr\/#\/schema\/person\/b4b75e69b33fac3446071909bec106b0\",\"name\":\"David Achell\",\"image\":{\"@type\":\"ImageObject\",\"inLanguage\":\"fr-FR\",\"@id\":\"https:\/\/www.garciafaura.com\/fr\/#\/schema\/person\/image\/\",\"url\":\"https:\/\/secure.gravatar.com\/avatar\/03900210afc1f61bce737bcb4a79c02e2c997f171e3eca839b5a4cbe03846c90?s=96&d=blank&r=g\",\"contentUrl\":\"https:\/\/secure.gravatar.com\/avatar\/03900210afc1f61bce737bcb4a79c02e2c997f171e3eca839b5a4cbe03846c90?s=96&d=blank&r=g\",\"caption\":\"David Achell\"}}]}<\/script>\n<!-- \/ Yoast SEO plugin. -->","yoast_head_json":{"title":"Menuiseries \u00e0 haute performance technique pour le nouvel immeuble de bureaux et de r\u00e9sidences du 22@ \u00e0 Barcelone - GARCIA FAURA","description":"Arquitectura en Alumini, Inox, Ferro i Vidre","robots":{"index":"index","follow":"follow","max-snippet":"max-snippet:-1","max-image-preview":"max-image-preview:large","max-video-preview":"max-video-preview:-1"},"canonical":"https:\/\/www.garciafaura.com\/fr\/tancaments-daltes-prestacions-tecniques-per-al-nou-edifici-doficines-i-residencia-al-22-de-barcelona\/","og_locale":"fr_FR","og_type":"article","og_title":"Menuiseries \u00e0 haute performance technique pour le nouvel immeuble de bureaux et de r\u00e9sidences du 22@ \u00e0 Barcelone - GARCIA FAURA","og_description":"Arquitectura en Alumini, Inox, Ferro i Vidre","og_url":"https:\/\/www.garciafaura.com\/fr\/tancaments-daltes-prestacions-tecniques-per-al-nou-edifici-doficines-i-residencia-al-22-de-barcelona\/","og_site_name":"GARCIA FAURA","article_published_time":"2023-12-18T10:37:29+00:00","article_modified_time":"2023-12-18T10:45:36+00:00","og_image":[{"width":1200,"height":628,"url":"https:\/\/www.garciafaura.com\/wp-content\/uploads\/2023\/04\/llacuna-1-baixa.jpg","type":"image\/jpeg"}],"author":"David Achell","twitter_card":"summary_large_image","twitter_misc":{"\u00c9crit par":"David Achell","Dur\u00e9e de lecture estim\u00e9e":"2 minutes"},"schema":{"@context":"https:\/\/schema.org","@graph":[{"@type":"Article","@id":"https:\/\/www.garciafaura.com\/fr\/tancaments-daltes-prestacions-tecniques-per-al-nou-edifici-doficines-i-residencia-al-22-de-barcelona\/#article","isPartOf":{"@id":"https:\/\/www.garciafaura.com\/fr\/tancaments-daltes-prestacions-tecniques-per-al-nou-edifici-doficines-i-residencia-al-22-de-barcelona\/"},"author":{"name":"David Achell","@id":"https:\/\/www.garciafaura.com\/fr\/#\/schema\/person\/b4b75e69b33fac3446071909bec106b0"},"headline":"Menuiseries \u00e0 haute performance technique pour le nouvel immeuble de bureaux et de r\u00e9sidences du 22@ \u00e0 Barcelone","datePublished":"2023-12-18T10:37:29+00:00","dateModified":"2023-12-18T10:45:36+00:00","mainEntityOfPage":{"@id":"https:\/\/www.garciafaura.com\/fr\/tancaments-daltes-prestacions-tecniques-per-al-nou-edifici-doficines-i-residencia-al-22-de-barcelona\/"},"wordCount":330,"publisher":{"@id":"https:\/\/www.garciafaura.com\/fr\/#organization"},"image":{"@id":"https:\/\/www.garciafaura.com\/fr\/tancaments-daltes-prestacions-tecniques-per-al-nou-edifici-doficines-i-residencia-al-22-de-barcelona\/#primaryimage"},"thumbnailUrl":"https:\/\/www.garciafaura.com\/wp-content\/uploads\/2023\/04\/llacuna-1-baixa.jpg","articleSection":["Actualit\u00e9"],"inLanguage":"fr-FR"},{"@type":"WebPage","@id":"https:\/\/www.garciafaura.com\/fr\/tancaments-daltes-prestacions-tecniques-per-al-nou-edifici-doficines-i-residencia-al-22-de-barcelona\/","url":"https:\/\/www.garciafaura.com\/fr\/tancaments-daltes-prestacions-tecniques-per-al-nou-edifici-doficines-i-residencia-al-22-de-barcelona\/","name":"Menuiseries \u00e0 haute performance technique pour le nouvel immeuble de bureaux et de r\u00e9sidences du 22@ \u00e0 Barcelone - GARCIA FAURA","isPartOf":{"@id":"https:\/\/www.garciafaura.com\/fr\/#website"},"primaryImageOfPage":{"@id":"https:\/\/www.garciafaura.com\/fr\/tancaments-daltes-prestacions-tecniques-per-al-nou-edifici-doficines-i-residencia-al-22-de-barcelona\/#primaryimage"},"image":{"@id":"https:\/\/www.garciafaura.com\/fr\/tancaments-daltes-prestacions-tecniques-per-al-nou-edifici-doficines-i-residencia-al-22-de-barcelona\/#primaryimage"},"thumbnailUrl":"https:\/\/www.garciafaura.com\/wp-content\/uploads\/2023\/04\/llacuna-1-baixa.jpg","datePublished":"2023-12-18T10:37:29+00:00","dateModified":"2023-12-18T10:45:36+00:00","description":"Arquitectura en Alumini, Inox, Ferro i Vidre","breadcrumb":{"@id":"https:\/\/www.garciafaura.com\/fr\/tancaments-daltes-prestacions-tecniques-per-al-nou-edifici-doficines-i-residencia-al-22-de-barcelona\/#breadcrumb"},"inLanguage":"fr-FR","potentialAction":[{"@type":"ReadAction","target":["https:\/\/www.garciafaura.com\/fr\/tancaments-daltes-prestacions-tecniques-per-al-nou-edifici-doficines-i-residencia-al-22-de-barcelona\/"]}]},{"@type":"ImageObject","inLanguage":"fr-FR","@id":"https:\/\/www.garciafaura.com\/fr\/tancaments-daltes-prestacions-tecniques-per-al-nou-edifici-doficines-i-residencia-al-22-de-barcelona\/#primaryimage","url":"https:\/\/www.garciafaura.com\/wp-content\/uploads\/2023\/04\/llacuna-1-baixa.jpg","contentUrl":"https:\/\/www.garciafaura.com\/wp-content\/uploads\/2023\/04\/llacuna-1-baixa.jpg","width":1200,"height":628},{"@type":"BreadcrumbList","@id":"https:\/\/www.garciafaura.com\/fr\/tancaments-daltes-prestacions-tecniques-per-al-nou-edifici-doficines-i-residencia-al-22-de-barcelona\/#breadcrumb","itemListElement":[{"@type":"ListItem","position":1,"name":"Inici","item":"https:\/\/www.garciafaura.com\/fr\/"},{"@type":"ListItem","position":2,"name":"Menuiseries \u00e0 haute performance technique pour le nouvel immeuble de bureaux et de r\u00e9sidences du 22@ \u00e0 Barcelone"}]},{"@type":"WebSite","@id":"https:\/\/www.garciafaura.com\/fr\/#website","url":"https:\/\/www.garciafaura.com\/fr\/","name":"GARCIA FAURA","description":"Arquitectura en Alumini, Inox, Ferro i Vidre","publisher":{"@id":"https:\/\/www.garciafaura.com\/fr\/#organization"},"potentialAction":[{"@type":"SearchAction","target":{"@type":"EntryPoint","urlTemplate":"https:\/\/www.garciafaura.com\/fr\/?s={search_term_string}"},"query-input":{"@type":"PropertyValueSpecification","valueRequired":true,"valueName":"search_term_string"}}],"inLanguage":"fr-FR"},{"@type":"Organization","@id":"https:\/\/www.garciafaura.com\/fr\/#organization","name":"GARCIA FAURA","url":"https:\/\/www.garciafaura.com\/fr\/","logo":{"@type":"ImageObject","inLanguage":"fr-FR","@id":"https:\/\/www.garciafaura.com\/fr\/#\/schema\/logo\/image\/","url":"https:\/\/www.garciafaura.com\/wp-content\/uploads\/2018\/09\/Garcia-Faura.png","contentUrl":"https:\/\/www.garciafaura.com\/wp-content\/uploads\/2018\/09\/Garcia-Faura.png","width":512,"height":512,"caption":"GARCIA FAURA"},"image":{"@id":"https:\/\/www.garciafaura.com\/fr\/#\/schema\/logo\/image\/"},"sameAs":["https:\/\/www.youtube.com\/user\/GARCIAFAURA"]},{"@type":"Person","@id":"https:\/\/www.garciafaura.com\/fr\/#\/schema\/person\/b4b75e69b33fac3446071909bec106b0","name":"David Achell","image":{"@type":"ImageObject","inLanguage":"fr-FR","@id":"https:\/\/www.garciafaura.com\/fr\/#\/schema\/person\/image\/","url":"https:\/\/secure.gravatar.com\/avatar\/03900210afc1f61bce737bcb4a79c02e2c997f171e3eca839b5a4cbe03846c90?s=96&d=blank&r=g","contentUrl":"https:\/\/secure.gravatar.com\/avatar\/03900210afc1f61bce737bcb4a79c02e2c997f171e3eca839b5a4cbe03846c90?s=96&d=blank&r=g","caption":"David Achell"}}]}},"_links":{"self":[{"href":"https:\/\/www.garciafaura.com\/fr\/wp-json\/wp\/v2\/posts\/34181","targetHints":{"allow":["GET"]}}],"collection":[{"href":"https:\/\/www.garciafaura.com\/fr\/wp-json\/wp\/v2\/posts"}],"about":[{"href":"https:\/\/www.garciafaura.com\/fr\/wp-json\/wp\/v2\/types\/post"}],"author":[{"embeddable":true,"href":"https:\/\/www.garciafaura.com\/fr\/wp-json\/wp\/v2\/users\/3"}],"replies":[{"embeddable":true,"href":"https:\/\/www.garciafaura.com\/fr\/wp-json\/wp\/v2\/comments?post=34181"}],"version-history":[{"count":3,"href":"https:\/\/www.garciafaura.com\/fr\/wp-json\/wp\/v2\/posts\/34181\/revisions"}],"predecessor-version":[{"id":34188,"href":"https:\/\/www.garciafaura.com\/fr\/wp-json\/wp\/v2\/posts\/34181\/revisions\/34188"}],"wp:featuredmedia":[{"embeddable":true,"href":"https:\/\/www.garciafaura.com\/fr\/wp-json\/wp\/v2\/media\/31951"}],"wp:attachment":[{"href":"https:\/\/www.garciafaura.com\/fr\/wp-json\/wp\/v2\/media?parent=34181"}],"wp:term":[{"taxonomy":"category","embeddable":true,"href":"https:\/\/www.garciafaura.com\/fr\/wp-json\/wp\/v2\/categories?post=34181"},{"taxonomy":"post_tag","embeddable":true,"href":"https:\/\/www.garciafaura.com\/fr\/wp-json\/wp\/v2\/tags?post=34181"},{"taxonomy":"post_series","embeddable":true,"href":"https:\/\/www.garciafaura.com\/fr\/wp-json\/wp\/v2\/post_series?post=34181"}],"curies":[{"name":"wp","href":"https:\/\/api.w.org\/{rel}","templated":true}]}}