{"id":33783,"date":"2023-11-27T11:22:54","date_gmt":"2023-11-27T09:22:54","guid":{"rendered":"https:\/\/www.garciafaura.com\/garcia-faura-ameliorera-lefficacite-energetique-de-lancien-siege-pharmaceutique-de-novartis-a-barcelone\/"},"modified":"2023-11-27T11:30:07","modified_gmt":"2023-11-27T09:30:07","slug":"garcia-faura-ameliorera-lefficacite-energetique-de-lancien-siege-pharmaceutique-de-novartis-a-barcelone","status":"publish","type":"post","link":"https:\/\/www.garciafaura.com\/fr\/garcia-faura-ameliorera-lefficacite-energetique-de-lancien-siege-pharmaceutique-de-novartis-a-barcelone\/","title":{"rendered":"GARCIA FAURA am\u00e9liorera l&rsquo;efficacit\u00e9 \u00e9nerg\u00e9tique de l&rsquo;ancien si\u00e8ge pharmaceutique de Novartis \u00e0 Barcelone"},"content":{"rendered":"<p><strong>Fin 2022, la multinationale pharmaceutique Novartis a vendu le b\u00e2timent de son si\u00e8ge espagnol, sur la Gran Via de les Corts Catalanes \u00e0 Barcelone (au milieu du quartier de l&rsquo;Eixample), propri\u00e9t\u00e9 qu&rsquo;elle occupait depuis les ann\u00e9es 1970 et qu&rsquo;elle est aujourd&rsquo;hui en cours de transformation en complexe de bureaux.<\/strong><\/p>\n<p>L&rsquo;ancien si\u00e8ge de l&rsquo;entreprise pharmaceutique Novartis est enti\u00e8rement r\u00e9nov\u00e9, tant en fa\u00e7ade qu&rsquo;en int\u00e9rieur, pour en faire un espace de travail moderne et durable d&rsquo;environ 13.000 m\u00e8tres carr\u00e9s. Il y aura un auditorium, des \u00e9tablissements de restauration, des salles de r\u00e9union polyvalentes et un espace ouvert avec vue sur la ville de Barcelone.<\/p>\n<p>Quant \u00e0 la fa\u00e7ade, elle est actuellement constitu\u00e9e de panneaux et de menuiseries en acier sans rupture de pont thermique. L&rsquo;intervention de GARCIA FAURA permettra de r\u00e9duire l&rsquo;incidence du froid et de la chaleur, ainsi que le bruit \u00e9lev\u00e9 enregistr\u00e9 \u00e0 l&rsquo;int\u00e9rieur du b\u00e2timent.<\/p>\n<p>Le Bureau Technique et l&rsquo;usine de GARCIA FAURA, en collaboration avec plusieurs entreprises productrices, ont d\u00e9velopp\u00e9 un ensemble de solutions techniques qui maintiennent l&rsquo;une des principales caract\u00e9ristiques esth\u00e9tiques de la fa\u00e7ade : la g\u00e9om\u00e9trie du vitrage aux angles incurv\u00e9s.<\/p>\n<p>Les vitrages actuels sont remplac\u00e9s par des vitrages plus performantes techniquement. De plus, un cadre en bois de pin est ajout\u00e9 pour g\u00e9n\u00e9rer l&rsquo;espace n\u00e9cessaire \u00e0 la nouvelle dimension du vitrage. L&rsquo;espace est rev\u00eatu de laine de roche et ferm\u00e9 par des panneaux DM hydrofuges, doubl\u00e9s de m\u00e9lamine et une solive en bois usin\u00e9e, suivant la g\u00e9om\u00e9trie des vitrages.<\/p>\n<p>Au total, GARCIA FAURA intervient sur la fa\u00e7ade du b\u00e2timent Novartis avec 551 unit\u00e9s de menuiseries, dont des fixes (478 unit\u00e9s) et des portes-fen\u00eatres (72 unit\u00e9s).<\/p>\n","protected":false},"excerpt":{"rendered":"<p>Fin 2022, la multinationale pharmaceutique Novartis a vendu le b\u00e2timent de son si\u00e8ge espagnol, sur la Gran Via de les Corts Catalanes \u00e0 Barcelone (au milieu du quartier de l&rsquo;Eixample), propri\u00e9t\u00e9 qu&rsquo;elle occupait depuis les ann\u00e9es 1970 et qu&rsquo;elle est&hellip;<\/p>\n","protected":false},"author":3,"featured_media":33763,"comment_status":"closed","ping_status":"open","sticky":false,"template":"","format":"gallery","meta":{"footnotes":""},"categories":[2],"tags":[],"post_series":[],"class_list":["post-33783","post","type-post","status-publish","format-gallery","has-post-thumbnail","hentry","category-actualite","post_format-post-format-gallery","entry","has-media"],"yoast_head":"<!-- This site is optimized with the Yoast SEO plugin v26.7 - https:\/\/yoast.com\/wordpress\/plugins\/seo\/ -->\n<title>GARCIA FAURA am\u00e9liorera l&#039;efficacit\u00e9 \u00e9nerg\u00e9tique de l&#039;ancien si\u00e8ge pharmaceutique de Novartis \u00e0 Barcelone - GARCIA FAURA<\/title>\n<meta name=\"description\" content=\"Fin 2022, la multinationale pharmaceutique Novartis a vendu le b\u00e2timent de son si\u00e8ge espagnol, sur la Gran Via de les Corts Catalanes \u00e0 Barcelone (au milieu du quartier de l&#039;Eixample), propri\u00e9t\u00e9 qu&#039;elle occupait depuis les ann\u00e9es 1970 et qu&#039;elle est aujourd&#039;hui en cours de transformation en complexe de bureaux.\" \/>\n<meta name=\"robots\" content=\"index, follow, max-snippet:-1, max-image-preview:large, max-video-preview:-1\" \/>\n<link rel=\"canonical\" href=\"https:\/\/www.garciafaura.com\/fr\/garcia-faura-ameliorera-lefficacite-energetique-de-lancien-siege-pharmaceutique-de-novartis-a-barcelone\/\" \/>\n<meta property=\"og:locale\" content=\"fr_FR\" \/>\n<meta property=\"og:type\" content=\"article\" \/>\n<meta property=\"og:title\" content=\"GARCIA FAURA am\u00e9liorera l&#039;efficacit\u00e9 \u00e9nerg\u00e9tique de l&#039;ancien si\u00e8ge pharmaceutique de Novartis \u00e0 Barcelone - GARCIA FAURA\" \/>\n<meta property=\"og:description\" content=\"Fin 2022, la multinationale pharmaceutique Novartis a vendu le b\u00e2timent de son si\u00e8ge espagnol, sur la Gran Via de les Corts Catalanes \u00e0 Barcelone (au milieu du quartier de l&#039;Eixample), propri\u00e9t\u00e9 qu&#039;elle occupait depuis les ann\u00e9es 1970 et qu&#039;elle est aujourd&#039;hui en cours de transformation en complexe de bureaux.\" \/>\n<meta property=\"og:url\" content=\"https:\/\/www.garciafaura.com\/fr\/garcia-faura-ameliorera-lefficacite-energetique-de-lancien-siege-pharmaceutique-de-novartis-a-barcelone\/\" \/>\n<meta property=\"og:site_name\" content=\"GARCIA FAURA\" \/>\n<meta property=\"article:published_time\" content=\"2023-11-27T09:22:54+00:00\" \/>\n<meta property=\"article:modified_time\" content=\"2023-11-27T09:30:07+00:00\" \/>\n<meta property=\"og:image\" content=\"https:\/\/www.garciafaura.com\/wp-content\/uploads\/2023\/11\/Novartis01.jpeg\" \/>\n\t<meta property=\"og:image:width\" content=\"1200\" \/>\n\t<meta property=\"og:image:height\" content=\"628\" \/>\n\t<meta property=\"og:image:type\" content=\"image\/jpeg\" \/>\n<meta name=\"author\" content=\"David Achell\" \/>\n<meta name=\"twitter:card\" content=\"summary_large_image\" \/>\n<meta name=\"twitter:label1\" content=\"\u00c9crit par\" \/>\n\t<meta name=\"twitter:data1\" content=\"David Achell\" \/>\n\t<meta name=\"twitter:label2\" content=\"Dur\u00e9e de lecture estim\u00e9e\" \/>\n\t<meta name=\"twitter:data2\" content=\"2 minutes\" \/>\n<script type=\"application\/ld+json\" class=\"yoast-schema-graph\">{\"@context\":\"https:\/\/schema.org\",\"@graph\":[{\"@type\":\"Article\",\"@id\":\"https:\/\/www.garciafaura.com\/fr\/garcia-faura-ameliorera-lefficacite-energetique-de-lancien-siege-pharmaceutique-de-novartis-a-barcelone\/#article\",\"isPartOf\":{\"@id\":\"https:\/\/www.garciafaura.com\/fr\/garcia-faura-ameliorera-lefficacite-energetique-de-lancien-siege-pharmaceutique-de-novartis-a-barcelone\/\"},\"author\":{\"name\":\"David Achell\",\"@id\":\"https:\/\/www.garciafaura.com\/fr\/#\/schema\/person\/b4b75e69b33fac3446071909bec106b0\"},\"headline\":\"GARCIA FAURA am\u00e9liorera l&rsquo;efficacit\u00e9 \u00e9nerg\u00e9tique de l&rsquo;ancien si\u00e8ge pharmaceutique de Novartis \u00e0 Barcelone\",\"datePublished\":\"2023-11-27T09:22:54+00:00\",\"dateModified\":\"2023-11-27T09:30:07+00:00\",\"mainEntityOfPage\":{\"@id\":\"https:\/\/www.garciafaura.com\/fr\/garcia-faura-ameliorera-lefficacite-energetique-de-lancien-siege-pharmaceutique-de-novartis-a-barcelone\/\"},\"wordCount\":331,\"publisher\":{\"@id\":\"https:\/\/www.garciafaura.com\/fr\/#organization\"},\"image\":{\"@id\":\"https:\/\/www.garciafaura.com\/fr\/garcia-faura-ameliorera-lefficacite-energetique-de-lancien-siege-pharmaceutique-de-novartis-a-barcelone\/#primaryimage\"},\"thumbnailUrl\":\"https:\/\/www.garciafaura.com\/wp-content\/uploads\/2023\/11\/Novartis01.jpeg\",\"articleSection\":[\"Actualit\u00e9\"],\"inLanguage\":\"fr-FR\"},{\"@type\":\"WebPage\",\"@id\":\"https:\/\/www.garciafaura.com\/fr\/garcia-faura-ameliorera-lefficacite-energetique-de-lancien-siege-pharmaceutique-de-novartis-a-barcelone\/\",\"url\":\"https:\/\/www.garciafaura.com\/fr\/garcia-faura-ameliorera-lefficacite-energetique-de-lancien-siege-pharmaceutique-de-novartis-a-barcelone\/\",\"name\":\"GARCIA FAURA am\u00e9liorera l'efficacit\u00e9 \u00e9nerg\u00e9tique de l'ancien si\u00e8ge pharmaceutique de Novartis \u00e0 Barcelone - GARCIA FAURA\",\"isPartOf\":{\"@id\":\"https:\/\/www.garciafaura.com\/fr\/#website\"},\"primaryImageOfPage\":{\"@id\":\"https:\/\/www.garciafaura.com\/fr\/garcia-faura-ameliorera-lefficacite-energetique-de-lancien-siege-pharmaceutique-de-novartis-a-barcelone\/#primaryimage\"},\"image\":{\"@id\":\"https:\/\/www.garciafaura.com\/fr\/garcia-faura-ameliorera-lefficacite-energetique-de-lancien-siege-pharmaceutique-de-novartis-a-barcelone\/#primaryimage\"},\"thumbnailUrl\":\"https:\/\/www.garciafaura.com\/wp-content\/uploads\/2023\/11\/Novartis01.jpeg\",\"datePublished\":\"2023-11-27T09:22:54+00:00\",\"dateModified\":\"2023-11-27T09:30:07+00:00\",\"description\":\"Fin 2022, la multinationale pharmaceutique Novartis a vendu le b\u00e2timent de son si\u00e8ge espagnol, sur la Gran Via de les Corts Catalanes \u00e0 Barcelone (au milieu du quartier de l'Eixample), propri\u00e9t\u00e9 qu'elle occupait depuis les ann\u00e9es 1970 et qu'elle est aujourd'hui en cours de transformation en complexe de bureaux.\",\"breadcrumb\":{\"@id\":\"https:\/\/www.garciafaura.com\/fr\/garcia-faura-ameliorera-lefficacite-energetique-de-lancien-siege-pharmaceutique-de-novartis-a-barcelone\/#breadcrumb\"},\"inLanguage\":\"fr-FR\",\"potentialAction\":[{\"@type\":\"ReadAction\",\"target\":[\"https:\/\/www.garciafaura.com\/fr\/garcia-faura-ameliorera-lefficacite-energetique-de-lancien-siege-pharmaceutique-de-novartis-a-barcelone\/\"]}]},{\"@type\":\"ImageObject\",\"inLanguage\":\"fr-FR\",\"@id\":\"https:\/\/www.garciafaura.com\/fr\/garcia-faura-ameliorera-lefficacite-energetique-de-lancien-siege-pharmaceutique-de-novartis-a-barcelone\/#primaryimage\",\"url\":\"https:\/\/www.garciafaura.com\/wp-content\/uploads\/2023\/11\/Novartis01.jpeg\",\"contentUrl\":\"https:\/\/www.garciafaura.com\/wp-content\/uploads\/2023\/11\/Novartis01.jpeg\",\"width\":1200,\"height\":628},{\"@type\":\"BreadcrumbList\",\"@id\":\"https:\/\/www.garciafaura.com\/fr\/garcia-faura-ameliorera-lefficacite-energetique-de-lancien-siege-pharmaceutique-de-novartis-a-barcelone\/#breadcrumb\",\"itemListElement\":[{\"@type\":\"ListItem\",\"position\":1,\"name\":\"Inici\",\"item\":\"https:\/\/www.garciafaura.com\/fr\/\"},{\"@type\":\"ListItem\",\"position\":2,\"name\":\"GARCIA FAURA am\u00e9liorera l&#8217;efficacit\u00e9 \u00e9nerg\u00e9tique de l&#8217;ancien si\u00e8ge pharmaceutique de Novartis \u00e0 Barcelone\"}]},{\"@type\":\"WebSite\",\"@id\":\"https:\/\/www.garciafaura.com\/fr\/#website\",\"url\":\"https:\/\/www.garciafaura.com\/fr\/\",\"name\":\"GARCIA FAURA\",\"description\":\"Arquitectura en Alumini, Inox, Ferro i Vidre\",\"publisher\":{\"@id\":\"https:\/\/www.garciafaura.com\/fr\/#organization\"},\"potentialAction\":[{\"@type\":\"SearchAction\",\"target\":{\"@type\":\"EntryPoint\",\"urlTemplate\":\"https:\/\/www.garciafaura.com\/fr\/?s={search_term_string}\"},\"query-input\":{\"@type\":\"PropertyValueSpecification\",\"valueRequired\":true,\"valueName\":\"search_term_string\"}}],\"inLanguage\":\"fr-FR\"},{\"@type\":\"Organization\",\"@id\":\"https:\/\/www.garciafaura.com\/fr\/#organization\",\"name\":\"GARCIA FAURA\",\"url\":\"https:\/\/www.garciafaura.com\/fr\/\",\"logo\":{\"@type\":\"ImageObject\",\"inLanguage\":\"fr-FR\",\"@id\":\"https:\/\/www.garciafaura.com\/fr\/#\/schema\/logo\/image\/\",\"url\":\"https:\/\/www.garciafaura.com\/wp-content\/uploads\/2018\/09\/Garcia-Faura.png\",\"contentUrl\":\"https:\/\/www.garciafaura.com\/wp-content\/uploads\/2018\/09\/Garcia-Faura.png\",\"width\":512,\"height\":512,\"caption\":\"GARCIA FAURA\"},\"image\":{\"@id\":\"https:\/\/www.garciafaura.com\/fr\/#\/schema\/logo\/image\/\"},\"sameAs\":[\"https:\/\/www.youtube.com\/user\/GARCIAFAURA\"]},{\"@type\":\"Person\",\"@id\":\"https:\/\/www.garciafaura.com\/fr\/#\/schema\/person\/b4b75e69b33fac3446071909bec106b0\",\"name\":\"David Achell\",\"image\":{\"@type\":\"ImageObject\",\"inLanguage\":\"fr-FR\",\"@id\":\"https:\/\/www.garciafaura.com\/fr\/#\/schema\/person\/image\/\",\"url\":\"https:\/\/secure.gravatar.com\/avatar\/03900210afc1f61bce737bcb4a79c02e2c997f171e3eca839b5a4cbe03846c90?s=96&d=blank&r=g\",\"contentUrl\":\"https:\/\/secure.gravatar.com\/avatar\/03900210afc1f61bce737bcb4a79c02e2c997f171e3eca839b5a4cbe03846c90?s=96&d=blank&r=g\",\"caption\":\"David Achell\"}}]}<\/script>\n<!-- \/ Yoast SEO plugin. -->","yoast_head_json":{"title":"GARCIA FAURA am\u00e9liorera l'efficacit\u00e9 \u00e9nerg\u00e9tique de l'ancien si\u00e8ge pharmaceutique de Novartis \u00e0 Barcelone - GARCIA FAURA","description":"Fin 2022, la multinationale pharmaceutique Novartis a vendu le b\u00e2timent de son si\u00e8ge espagnol, sur la Gran Via de les Corts Catalanes \u00e0 Barcelone (au milieu du quartier de l'Eixample), propri\u00e9t\u00e9 qu'elle occupait depuis les ann\u00e9es 1970 et qu'elle est aujourd'hui en cours de transformation en complexe de bureaux.","robots":{"index":"index","follow":"follow","max-snippet":"max-snippet:-1","max-image-preview":"max-image-preview:large","max-video-preview":"max-video-preview:-1"},"canonical":"https:\/\/www.garciafaura.com\/fr\/garcia-faura-ameliorera-lefficacite-energetique-de-lancien-siege-pharmaceutique-de-novartis-a-barcelone\/","og_locale":"fr_FR","og_type":"article","og_title":"GARCIA FAURA am\u00e9liorera l'efficacit\u00e9 \u00e9nerg\u00e9tique de l'ancien si\u00e8ge pharmaceutique de Novartis \u00e0 Barcelone - GARCIA FAURA","og_description":"Fin 2022, la multinationale pharmaceutique Novartis a vendu le b\u00e2timent de son si\u00e8ge espagnol, sur la Gran Via de les Corts Catalanes \u00e0 Barcelone (au milieu du quartier de l'Eixample), propri\u00e9t\u00e9 qu'elle occupait depuis les ann\u00e9es 1970 et qu'elle est aujourd'hui en cours de transformation en complexe de bureaux.","og_url":"https:\/\/www.garciafaura.com\/fr\/garcia-faura-ameliorera-lefficacite-energetique-de-lancien-siege-pharmaceutique-de-novartis-a-barcelone\/","og_site_name":"GARCIA FAURA","article_published_time":"2023-11-27T09:22:54+00:00","article_modified_time":"2023-11-27T09:30:07+00:00","og_image":[{"width":1200,"height":628,"url":"https:\/\/www.garciafaura.com\/wp-content\/uploads\/2023\/11\/Novartis01.jpeg","type":"image\/jpeg"}],"author":"David Achell","twitter_card":"summary_large_image","twitter_misc":{"\u00c9crit par":"David Achell","Dur\u00e9e de lecture estim\u00e9e":"2 minutes"},"schema":{"@context":"https:\/\/schema.org","@graph":[{"@type":"Article","@id":"https:\/\/www.garciafaura.com\/fr\/garcia-faura-ameliorera-lefficacite-energetique-de-lancien-siege-pharmaceutique-de-novartis-a-barcelone\/#article","isPartOf":{"@id":"https:\/\/www.garciafaura.com\/fr\/garcia-faura-ameliorera-lefficacite-energetique-de-lancien-siege-pharmaceutique-de-novartis-a-barcelone\/"},"author":{"name":"David Achell","@id":"https:\/\/www.garciafaura.com\/fr\/#\/schema\/person\/b4b75e69b33fac3446071909bec106b0"},"headline":"GARCIA FAURA am\u00e9liorera l&rsquo;efficacit\u00e9 \u00e9nerg\u00e9tique de l&rsquo;ancien si\u00e8ge pharmaceutique de Novartis \u00e0 Barcelone","datePublished":"2023-11-27T09:22:54+00:00","dateModified":"2023-11-27T09:30:07+00:00","mainEntityOfPage":{"@id":"https:\/\/www.garciafaura.com\/fr\/garcia-faura-ameliorera-lefficacite-energetique-de-lancien-siege-pharmaceutique-de-novartis-a-barcelone\/"},"wordCount":331,"publisher":{"@id":"https:\/\/www.garciafaura.com\/fr\/#organization"},"image":{"@id":"https:\/\/www.garciafaura.com\/fr\/garcia-faura-ameliorera-lefficacite-energetique-de-lancien-siege-pharmaceutique-de-novartis-a-barcelone\/#primaryimage"},"thumbnailUrl":"https:\/\/www.garciafaura.com\/wp-content\/uploads\/2023\/11\/Novartis01.jpeg","articleSection":["Actualit\u00e9"],"inLanguage":"fr-FR"},{"@type":"WebPage","@id":"https:\/\/www.garciafaura.com\/fr\/garcia-faura-ameliorera-lefficacite-energetique-de-lancien-siege-pharmaceutique-de-novartis-a-barcelone\/","url":"https:\/\/www.garciafaura.com\/fr\/garcia-faura-ameliorera-lefficacite-energetique-de-lancien-siege-pharmaceutique-de-novartis-a-barcelone\/","name":"GARCIA FAURA am\u00e9liorera l'efficacit\u00e9 \u00e9nerg\u00e9tique de l'ancien si\u00e8ge pharmaceutique de Novartis \u00e0 Barcelone - GARCIA FAURA","isPartOf":{"@id":"https:\/\/www.garciafaura.com\/fr\/#website"},"primaryImageOfPage":{"@id":"https:\/\/www.garciafaura.com\/fr\/garcia-faura-ameliorera-lefficacite-energetique-de-lancien-siege-pharmaceutique-de-novartis-a-barcelone\/#primaryimage"},"image":{"@id":"https:\/\/www.garciafaura.com\/fr\/garcia-faura-ameliorera-lefficacite-energetique-de-lancien-siege-pharmaceutique-de-novartis-a-barcelone\/#primaryimage"},"thumbnailUrl":"https:\/\/www.garciafaura.com\/wp-content\/uploads\/2023\/11\/Novartis01.jpeg","datePublished":"2023-11-27T09:22:54+00:00","dateModified":"2023-11-27T09:30:07+00:00","description":"Fin 2022, la multinationale pharmaceutique Novartis a vendu le b\u00e2timent de son si\u00e8ge espagnol, sur la Gran Via de les Corts Catalanes \u00e0 Barcelone (au milieu du quartier de l'Eixample), propri\u00e9t\u00e9 qu'elle occupait depuis les ann\u00e9es 1970 et qu'elle est aujourd'hui en cours de transformation en complexe de bureaux.","breadcrumb":{"@id":"https:\/\/www.garciafaura.com\/fr\/garcia-faura-ameliorera-lefficacite-energetique-de-lancien-siege-pharmaceutique-de-novartis-a-barcelone\/#breadcrumb"},"inLanguage":"fr-FR","potentialAction":[{"@type":"ReadAction","target":["https:\/\/www.garciafaura.com\/fr\/garcia-faura-ameliorera-lefficacite-energetique-de-lancien-siege-pharmaceutique-de-novartis-a-barcelone\/"]}]},{"@type":"ImageObject","inLanguage":"fr-FR","@id":"https:\/\/www.garciafaura.com\/fr\/garcia-faura-ameliorera-lefficacite-energetique-de-lancien-siege-pharmaceutique-de-novartis-a-barcelone\/#primaryimage","url":"https:\/\/www.garciafaura.com\/wp-content\/uploads\/2023\/11\/Novartis01.jpeg","contentUrl":"https:\/\/www.garciafaura.com\/wp-content\/uploads\/2023\/11\/Novartis01.jpeg","width":1200,"height":628},{"@type":"BreadcrumbList","@id":"https:\/\/www.garciafaura.com\/fr\/garcia-faura-ameliorera-lefficacite-energetique-de-lancien-siege-pharmaceutique-de-novartis-a-barcelone\/#breadcrumb","itemListElement":[{"@type":"ListItem","position":1,"name":"Inici","item":"https:\/\/www.garciafaura.com\/fr\/"},{"@type":"ListItem","position":2,"name":"GARCIA FAURA am\u00e9liorera l&#8217;efficacit\u00e9 \u00e9nerg\u00e9tique de l&#8217;ancien si\u00e8ge pharmaceutique de Novartis \u00e0 Barcelone"}]},{"@type":"WebSite","@id":"https:\/\/www.garciafaura.com\/fr\/#website","url":"https:\/\/www.garciafaura.com\/fr\/","name":"GARCIA FAURA","description":"Arquitectura en Alumini, Inox, Ferro i Vidre","publisher":{"@id":"https:\/\/www.garciafaura.com\/fr\/#organization"},"potentialAction":[{"@type":"SearchAction","target":{"@type":"EntryPoint","urlTemplate":"https:\/\/www.garciafaura.com\/fr\/?s={search_term_string}"},"query-input":{"@type":"PropertyValueSpecification","valueRequired":true,"valueName":"search_term_string"}}],"inLanguage":"fr-FR"},{"@type":"Organization","@id":"https:\/\/www.garciafaura.com\/fr\/#organization","name":"GARCIA FAURA","url":"https:\/\/www.garciafaura.com\/fr\/","logo":{"@type":"ImageObject","inLanguage":"fr-FR","@id":"https:\/\/www.garciafaura.com\/fr\/#\/schema\/logo\/image\/","url":"https:\/\/www.garciafaura.com\/wp-content\/uploads\/2018\/09\/Garcia-Faura.png","contentUrl":"https:\/\/www.garciafaura.com\/wp-content\/uploads\/2018\/09\/Garcia-Faura.png","width":512,"height":512,"caption":"GARCIA FAURA"},"image":{"@id":"https:\/\/www.garciafaura.com\/fr\/#\/schema\/logo\/image\/"},"sameAs":["https:\/\/www.youtube.com\/user\/GARCIAFAURA"]},{"@type":"Person","@id":"https:\/\/www.garciafaura.com\/fr\/#\/schema\/person\/b4b75e69b33fac3446071909bec106b0","name":"David Achell","image":{"@type":"ImageObject","inLanguage":"fr-FR","@id":"https:\/\/www.garciafaura.com\/fr\/#\/schema\/person\/image\/","url":"https:\/\/secure.gravatar.com\/avatar\/03900210afc1f61bce737bcb4a79c02e2c997f171e3eca839b5a4cbe03846c90?s=96&d=blank&r=g","contentUrl":"https:\/\/secure.gravatar.com\/avatar\/03900210afc1f61bce737bcb4a79c02e2c997f171e3eca839b5a4cbe03846c90?s=96&d=blank&r=g","caption":"David Achell"}}]}},"_links":{"self":[{"href":"https:\/\/www.garciafaura.com\/fr\/wp-json\/wp\/v2\/posts\/33783","targetHints":{"allow":["GET"]}}],"collection":[{"href":"https:\/\/www.garciafaura.com\/fr\/wp-json\/wp\/v2\/posts"}],"about":[{"href":"https:\/\/www.garciafaura.com\/fr\/wp-json\/wp\/v2\/types\/post"}],"author":[{"embeddable":true,"href":"https:\/\/www.garciafaura.com\/fr\/wp-json\/wp\/v2\/users\/3"}],"replies":[{"embeddable":true,"href":"https:\/\/www.garciafaura.com\/fr\/wp-json\/wp\/v2\/comments?post=33783"}],"version-history":[{"count":1,"href":"https:\/\/www.garciafaura.com\/fr\/wp-json\/wp\/v2\/posts\/33783\/revisions"}],"predecessor-version":[{"id":33786,"href":"https:\/\/www.garciafaura.com\/fr\/wp-json\/wp\/v2\/posts\/33783\/revisions\/33786"}],"wp:featuredmedia":[{"embeddable":true,"href":"https:\/\/www.garciafaura.com\/fr\/wp-json\/wp\/v2\/media\/33763"}],"wp:attachment":[{"href":"https:\/\/www.garciafaura.com\/fr\/wp-json\/wp\/v2\/media?parent=33783"}],"wp:term":[{"taxonomy":"category","embeddable":true,"href":"https:\/\/www.garciafaura.com\/fr\/wp-json\/wp\/v2\/categories?post=33783"},{"taxonomy":"post_tag","embeddable":true,"href":"https:\/\/www.garciafaura.com\/fr\/wp-json\/wp\/v2\/tags?post=33783"},{"taxonomy":"post_series","embeddable":true,"href":"https:\/\/www.garciafaura.com\/fr\/wp-json\/wp\/v2\/post_series?post=33783"}],"curies":[{"name":"wp","href":"https:\/\/api.w.org\/{rel}","templated":true}]}}