{"id":33743,"date":"2023-11-14T15:59:56","date_gmt":"2023-11-14T13:59:56","guid":{"rendered":"https:\/\/www.garciafaura.com\/garcia-faura-fabrica-els-murs-cortina-i-els-tancaments-de-la-nova-fabrica-de-balfego\/"},"modified":"2023-11-14T16:48:58","modified_gmt":"2023-11-14T14:48:58","slug":"garcia-faura-fabrica-els-murs-cortina-i-els-tancaments-de-la-nova-fabrica-de-balfego","status":"publish","type":"post","link":"https:\/\/www.garciafaura.com\/fr\/garcia-faura-fabrica-els-murs-cortina-i-els-tancaments-de-la-nova-fabrica-de-balfego\/","title":{"rendered":"GARCIA FAURA fabrique des murs-rideaux et des menuiseries pour la nouvelle usine de la soci\u00e9t\u00e9 Balfeg\u00f3"},"content":{"rendered":"<h3 style=\"text-align: justify;\">Le groupe thonier Balfeg\u00f3 construit une nouvelle usine de transformation \u00e0 L&rsquo;Ametlla de Mar (Tarragone), qui remplacera les installations qui ont br\u00fbl\u00e9 lors d&rsquo;un incendie en juin 2018. La nouvelle usine aura des murs-rideaux et des menuiseries de GARCIA FAURA.<\/h3>\n<p style=\"text-align: justify;\">Au d\u00e9but de l&rsquo;\u00e9t\u00e9 2018, un incendie a br\u00fbl\u00e9 80% de l\u2019usine de l&rsquo;entreprise de p\u00eache au thon rouge <a href=\"https:\/\/balfego.com\/en\/\" target=\"_blank\" rel=\"noopener\"><strong>Group Balfeg\u00f3<\/strong><\/a>. L&rsquo;entreprise a d\u00e9cid\u00e9 de construire un nouveau b\u00e2timent industriel pour maintenir son activit\u00e9 \u00e0 L&rsquo;Ametlla de Mar, actuellement en phase finale de construction.<\/p>\n<p style=\"text-align: justify;\">Pour ce projet, <strong>GARCIA FAURA<\/strong> d\u00e9veloppe, fabrique et installe pr\u00e8s de mille m\u00e8tres carr\u00e9s de <strong>murs-rideaux<\/strong> dans diff\u00e9rentes zones des installations, de type fixe ou avec ouvrants int\u00e9gr\u00e9s.<\/p>\n<p style=\"text-align: justify;\">De plus, une trentaine de <strong>menuiseries de hautes performances<\/strong> seront \u00e9galement install\u00e9es, entre les portes d&rsquo;acc\u00e8s et les fen\u00eatres ou portes-fen\u00eatres. De m\u00eame, les vitrages auront \u00e9galement des performances thermiques et acoustiques \u00e9lev\u00e9es, avec des vitrages \u00e0 chambre \u00e0 gaz argon et des couches \u00e0 faible \u00e9missivit\u00e9.<\/p>\n","protected":false},"excerpt":{"rendered":"<p>Le groupe thonier Balfeg\u00f3 construit une nouvelle usine de transformation \u00e0 L&rsquo;Ametlla de Mar (Tarragone), qui remplacera les installations qui ont br\u00fbl\u00e9 lors d&rsquo;un incendie en juin 2018. La nouvelle usine aura des murs-rideaux et des menuiseries de GARCIA FAURA.&hellip;<\/p>\n","protected":false},"author":3,"featured_media":32300,"comment_status":"closed","ping_status":"open","sticky":false,"template":"","format":"standard","meta":{"footnotes":""},"categories":[2],"tags":[],"post_series":[],"class_list":["post-33743","post","type-post","status-publish","format-standard","has-post-thumbnail","hentry","category-actualite","entry","has-media"],"yoast_head":"<!-- This site is optimized with the Yoast SEO plugin v26.7 - https:\/\/yoast.com\/wordpress\/plugins\/seo\/ -->\n<title>GARCIA FAURA fabrique des murs-rideaux et des menuiseries pour la nouvelle usine de la soci\u00e9t\u00e9 Balfeg\u00f3 - GARCIA FAURA<\/title>\n<meta name=\"description\" content=\"Arquitectura en Alumini, Inox, Ferro i Vidre\" \/>\n<meta name=\"robots\" content=\"index, follow, max-snippet:-1, max-image-preview:large, max-video-preview:-1\" \/>\n<link rel=\"canonical\" href=\"https:\/\/www.garciafaura.com\/fr\/garcia-faura-fabrica-els-murs-cortina-i-els-tancaments-de-la-nova-fabrica-de-balfego\/\" \/>\n<meta property=\"og:locale\" content=\"fr_FR\" \/>\n<meta property=\"og:type\" content=\"article\" \/>\n<meta property=\"og:title\" content=\"GARCIA FAURA fabrique des murs-rideaux et des menuiseries pour la nouvelle usine de la soci\u00e9t\u00e9 Balfeg\u00f3 - GARCIA FAURA\" \/>\n<meta property=\"og:description\" content=\"Arquitectura en Alumini, Inox, Ferro i Vidre\" \/>\n<meta property=\"og:url\" content=\"https:\/\/www.garciafaura.com\/fr\/garcia-faura-fabrica-els-murs-cortina-i-els-tancaments-de-la-nova-fabrica-de-balfego\/\" \/>\n<meta property=\"og:site_name\" content=\"GARCIA FAURA\" \/>\n<meta property=\"article:published_time\" content=\"2023-11-14T13:59:56+00:00\" \/>\n<meta property=\"article:modified_time\" content=\"2023-11-14T14:48:58+00:00\" \/>\n<meta property=\"og:image\" content=\"https:\/\/www.garciafaura.com\/wp-content\/uploads\/2023\/07\/Nau-Ballfego.jpg\" \/>\n\t<meta property=\"og:image:width\" content=\"1200\" \/>\n\t<meta property=\"og:image:height\" content=\"628\" \/>\n\t<meta property=\"og:image:type\" content=\"image\/jpeg\" \/>\n<meta name=\"author\" content=\"David Achell\" \/>\n<meta name=\"twitter:card\" content=\"summary_large_image\" \/>\n<meta name=\"twitter:label1\" content=\"\u00c9crit par\" \/>\n\t<meta name=\"twitter:data1\" content=\"David Achell\" \/>\n\t<meta name=\"twitter:label2\" content=\"Dur\u00e9e de lecture estim\u00e9e\" \/>\n\t<meta name=\"twitter:data2\" content=\"1 minute\" \/>\n<script type=\"application\/ld+json\" class=\"yoast-schema-graph\">{\"@context\":\"https:\/\/schema.org\",\"@graph\":[{\"@type\":\"Article\",\"@id\":\"https:\/\/www.garciafaura.com\/fr\/garcia-faura-fabrica-els-murs-cortina-i-els-tancaments-de-la-nova-fabrica-de-balfego\/#article\",\"isPartOf\":{\"@id\":\"https:\/\/www.garciafaura.com\/fr\/garcia-faura-fabrica-els-murs-cortina-i-els-tancaments-de-la-nova-fabrica-de-balfego\/\"},\"author\":{\"name\":\"David Achell\",\"@id\":\"https:\/\/www.garciafaura.com\/fr\/#\/schema\/person\/b4b75e69b33fac3446071909bec106b0\"},\"headline\":\"GARCIA FAURA fabrique des murs-rideaux et des menuiseries pour la nouvelle usine de la soci\u00e9t\u00e9 Balfeg\u00f3\",\"datePublished\":\"2023-11-14T13:59:56+00:00\",\"dateModified\":\"2023-11-14T14:48:58+00:00\",\"mainEntityOfPage\":{\"@id\":\"https:\/\/www.garciafaura.com\/fr\/garcia-faura-fabrica-els-murs-cortina-i-els-tancaments-de-la-nova-fabrica-de-balfego\/\"},\"wordCount\":195,\"publisher\":{\"@id\":\"https:\/\/www.garciafaura.com\/fr\/#organization\"},\"image\":{\"@id\":\"https:\/\/www.garciafaura.com\/fr\/garcia-faura-fabrica-els-murs-cortina-i-els-tancaments-de-la-nova-fabrica-de-balfego\/#primaryimage\"},\"thumbnailUrl\":\"https:\/\/www.garciafaura.com\/wp-content\/uploads\/2023\/07\/Nau-Ballfego.jpg\",\"articleSection\":[\"Actualit\u00e9\"],\"inLanguage\":\"fr-FR\"},{\"@type\":\"WebPage\",\"@id\":\"https:\/\/www.garciafaura.com\/fr\/garcia-faura-fabrica-els-murs-cortina-i-els-tancaments-de-la-nova-fabrica-de-balfego\/\",\"url\":\"https:\/\/www.garciafaura.com\/fr\/garcia-faura-fabrica-els-murs-cortina-i-els-tancaments-de-la-nova-fabrica-de-balfego\/\",\"name\":\"GARCIA FAURA fabrique des murs-rideaux et des menuiseries pour la nouvelle usine de la soci\u00e9t\u00e9 Balfeg\u00f3 - GARCIA FAURA\",\"isPartOf\":{\"@id\":\"https:\/\/www.garciafaura.com\/fr\/#website\"},\"primaryImageOfPage\":{\"@id\":\"https:\/\/www.garciafaura.com\/fr\/garcia-faura-fabrica-els-murs-cortina-i-els-tancaments-de-la-nova-fabrica-de-balfego\/#primaryimage\"},\"image\":{\"@id\":\"https:\/\/www.garciafaura.com\/fr\/garcia-faura-fabrica-els-murs-cortina-i-els-tancaments-de-la-nova-fabrica-de-balfego\/#primaryimage\"},\"thumbnailUrl\":\"https:\/\/www.garciafaura.com\/wp-content\/uploads\/2023\/07\/Nau-Ballfego.jpg\",\"datePublished\":\"2023-11-14T13:59:56+00:00\",\"dateModified\":\"2023-11-14T14:48:58+00:00\",\"description\":\"Arquitectura en Alumini, Inox, Ferro i Vidre\",\"breadcrumb\":{\"@id\":\"https:\/\/www.garciafaura.com\/fr\/garcia-faura-fabrica-els-murs-cortina-i-els-tancaments-de-la-nova-fabrica-de-balfego\/#breadcrumb\"},\"inLanguage\":\"fr-FR\",\"potentialAction\":[{\"@type\":\"ReadAction\",\"target\":[\"https:\/\/www.garciafaura.com\/fr\/garcia-faura-fabrica-els-murs-cortina-i-els-tancaments-de-la-nova-fabrica-de-balfego\/\"]}]},{\"@type\":\"ImageObject\",\"inLanguage\":\"fr-FR\",\"@id\":\"https:\/\/www.garciafaura.com\/fr\/garcia-faura-fabrica-els-murs-cortina-i-els-tancaments-de-la-nova-fabrica-de-balfego\/#primaryimage\",\"url\":\"https:\/\/www.garciafaura.com\/wp-content\/uploads\/2023\/07\/Nau-Ballfego.jpg\",\"contentUrl\":\"https:\/\/www.garciafaura.com\/wp-content\/uploads\/2023\/07\/Nau-Ballfego.jpg\",\"width\":1200,\"height\":628},{\"@type\":\"BreadcrumbList\",\"@id\":\"https:\/\/www.garciafaura.com\/fr\/garcia-faura-fabrica-els-murs-cortina-i-els-tancaments-de-la-nova-fabrica-de-balfego\/#breadcrumb\",\"itemListElement\":[{\"@type\":\"ListItem\",\"position\":1,\"name\":\"Inici\",\"item\":\"https:\/\/www.garciafaura.com\/fr\/\"},{\"@type\":\"ListItem\",\"position\":2,\"name\":\"GARCIA FAURA fabrique des murs-rideaux et des menuiseries pour la nouvelle usine de la soci\u00e9t\u00e9 Balfeg\u00f3\"}]},{\"@type\":\"WebSite\",\"@id\":\"https:\/\/www.garciafaura.com\/fr\/#website\",\"url\":\"https:\/\/www.garciafaura.com\/fr\/\",\"name\":\"GARCIA FAURA\",\"description\":\"Arquitectura en Alumini, Inox, Ferro i Vidre\",\"publisher\":{\"@id\":\"https:\/\/www.garciafaura.com\/fr\/#organization\"},\"potentialAction\":[{\"@type\":\"SearchAction\",\"target\":{\"@type\":\"EntryPoint\",\"urlTemplate\":\"https:\/\/www.garciafaura.com\/fr\/?s={search_term_string}\"},\"query-input\":{\"@type\":\"PropertyValueSpecification\",\"valueRequired\":true,\"valueName\":\"search_term_string\"}}],\"inLanguage\":\"fr-FR\"},{\"@type\":\"Organization\",\"@id\":\"https:\/\/www.garciafaura.com\/fr\/#organization\",\"name\":\"GARCIA FAURA\",\"url\":\"https:\/\/www.garciafaura.com\/fr\/\",\"logo\":{\"@type\":\"ImageObject\",\"inLanguage\":\"fr-FR\",\"@id\":\"https:\/\/www.garciafaura.com\/fr\/#\/schema\/logo\/image\/\",\"url\":\"https:\/\/www.garciafaura.com\/wp-content\/uploads\/2018\/09\/Garcia-Faura.png\",\"contentUrl\":\"https:\/\/www.garciafaura.com\/wp-content\/uploads\/2018\/09\/Garcia-Faura.png\",\"width\":512,\"height\":512,\"caption\":\"GARCIA FAURA\"},\"image\":{\"@id\":\"https:\/\/www.garciafaura.com\/fr\/#\/schema\/logo\/image\/\"},\"sameAs\":[\"https:\/\/www.youtube.com\/user\/GARCIAFAURA\"]},{\"@type\":\"Person\",\"@id\":\"https:\/\/www.garciafaura.com\/fr\/#\/schema\/person\/b4b75e69b33fac3446071909bec106b0\",\"name\":\"David Achell\",\"image\":{\"@type\":\"ImageObject\",\"inLanguage\":\"fr-FR\",\"@id\":\"https:\/\/www.garciafaura.com\/fr\/#\/schema\/person\/image\/\",\"url\":\"https:\/\/secure.gravatar.com\/avatar\/03900210afc1f61bce737bcb4a79c02e2c997f171e3eca839b5a4cbe03846c90?s=96&d=blank&r=g\",\"contentUrl\":\"https:\/\/secure.gravatar.com\/avatar\/03900210afc1f61bce737bcb4a79c02e2c997f171e3eca839b5a4cbe03846c90?s=96&d=blank&r=g\",\"caption\":\"David Achell\"}}]}<\/script>\n<!-- \/ Yoast SEO plugin. -->","yoast_head_json":{"title":"GARCIA FAURA fabrique des murs-rideaux et des menuiseries pour la nouvelle usine de la soci\u00e9t\u00e9 Balfeg\u00f3 - GARCIA FAURA","description":"Arquitectura en Alumini, Inox, Ferro i Vidre","robots":{"index":"index","follow":"follow","max-snippet":"max-snippet:-1","max-image-preview":"max-image-preview:large","max-video-preview":"max-video-preview:-1"},"canonical":"https:\/\/www.garciafaura.com\/fr\/garcia-faura-fabrica-els-murs-cortina-i-els-tancaments-de-la-nova-fabrica-de-balfego\/","og_locale":"fr_FR","og_type":"article","og_title":"GARCIA FAURA fabrique des murs-rideaux et des menuiseries pour la nouvelle usine de la soci\u00e9t\u00e9 Balfeg\u00f3 - GARCIA FAURA","og_description":"Arquitectura en Alumini, Inox, Ferro i Vidre","og_url":"https:\/\/www.garciafaura.com\/fr\/garcia-faura-fabrica-els-murs-cortina-i-els-tancaments-de-la-nova-fabrica-de-balfego\/","og_site_name":"GARCIA FAURA","article_published_time":"2023-11-14T13:59:56+00:00","article_modified_time":"2023-11-14T14:48:58+00:00","og_image":[{"width":1200,"height":628,"url":"https:\/\/www.garciafaura.com\/wp-content\/uploads\/2023\/07\/Nau-Ballfego.jpg","type":"image\/jpeg"}],"author":"David Achell","twitter_card":"summary_large_image","twitter_misc":{"\u00c9crit par":"David Achell","Dur\u00e9e de lecture estim\u00e9e":"1 minute"},"schema":{"@context":"https:\/\/schema.org","@graph":[{"@type":"Article","@id":"https:\/\/www.garciafaura.com\/fr\/garcia-faura-fabrica-els-murs-cortina-i-els-tancaments-de-la-nova-fabrica-de-balfego\/#article","isPartOf":{"@id":"https:\/\/www.garciafaura.com\/fr\/garcia-faura-fabrica-els-murs-cortina-i-els-tancaments-de-la-nova-fabrica-de-balfego\/"},"author":{"name":"David Achell","@id":"https:\/\/www.garciafaura.com\/fr\/#\/schema\/person\/b4b75e69b33fac3446071909bec106b0"},"headline":"GARCIA FAURA fabrique des murs-rideaux et des menuiseries pour la nouvelle usine de la soci\u00e9t\u00e9 Balfeg\u00f3","datePublished":"2023-11-14T13:59:56+00:00","dateModified":"2023-11-14T14:48:58+00:00","mainEntityOfPage":{"@id":"https:\/\/www.garciafaura.com\/fr\/garcia-faura-fabrica-els-murs-cortina-i-els-tancaments-de-la-nova-fabrica-de-balfego\/"},"wordCount":195,"publisher":{"@id":"https:\/\/www.garciafaura.com\/fr\/#organization"},"image":{"@id":"https:\/\/www.garciafaura.com\/fr\/garcia-faura-fabrica-els-murs-cortina-i-els-tancaments-de-la-nova-fabrica-de-balfego\/#primaryimage"},"thumbnailUrl":"https:\/\/www.garciafaura.com\/wp-content\/uploads\/2023\/07\/Nau-Ballfego.jpg","articleSection":["Actualit\u00e9"],"inLanguage":"fr-FR"},{"@type":"WebPage","@id":"https:\/\/www.garciafaura.com\/fr\/garcia-faura-fabrica-els-murs-cortina-i-els-tancaments-de-la-nova-fabrica-de-balfego\/","url":"https:\/\/www.garciafaura.com\/fr\/garcia-faura-fabrica-els-murs-cortina-i-els-tancaments-de-la-nova-fabrica-de-balfego\/","name":"GARCIA FAURA fabrique des murs-rideaux et des menuiseries pour la nouvelle usine de la soci\u00e9t\u00e9 Balfeg\u00f3 - GARCIA FAURA","isPartOf":{"@id":"https:\/\/www.garciafaura.com\/fr\/#website"},"primaryImageOfPage":{"@id":"https:\/\/www.garciafaura.com\/fr\/garcia-faura-fabrica-els-murs-cortina-i-els-tancaments-de-la-nova-fabrica-de-balfego\/#primaryimage"},"image":{"@id":"https:\/\/www.garciafaura.com\/fr\/garcia-faura-fabrica-els-murs-cortina-i-els-tancaments-de-la-nova-fabrica-de-balfego\/#primaryimage"},"thumbnailUrl":"https:\/\/www.garciafaura.com\/wp-content\/uploads\/2023\/07\/Nau-Ballfego.jpg","datePublished":"2023-11-14T13:59:56+00:00","dateModified":"2023-11-14T14:48:58+00:00","description":"Arquitectura en Alumini, Inox, Ferro i Vidre","breadcrumb":{"@id":"https:\/\/www.garciafaura.com\/fr\/garcia-faura-fabrica-els-murs-cortina-i-els-tancaments-de-la-nova-fabrica-de-balfego\/#breadcrumb"},"inLanguage":"fr-FR","potentialAction":[{"@type":"ReadAction","target":["https:\/\/www.garciafaura.com\/fr\/garcia-faura-fabrica-els-murs-cortina-i-els-tancaments-de-la-nova-fabrica-de-balfego\/"]}]},{"@type":"ImageObject","inLanguage":"fr-FR","@id":"https:\/\/www.garciafaura.com\/fr\/garcia-faura-fabrica-els-murs-cortina-i-els-tancaments-de-la-nova-fabrica-de-balfego\/#primaryimage","url":"https:\/\/www.garciafaura.com\/wp-content\/uploads\/2023\/07\/Nau-Ballfego.jpg","contentUrl":"https:\/\/www.garciafaura.com\/wp-content\/uploads\/2023\/07\/Nau-Ballfego.jpg","width":1200,"height":628},{"@type":"BreadcrumbList","@id":"https:\/\/www.garciafaura.com\/fr\/garcia-faura-fabrica-els-murs-cortina-i-els-tancaments-de-la-nova-fabrica-de-balfego\/#breadcrumb","itemListElement":[{"@type":"ListItem","position":1,"name":"Inici","item":"https:\/\/www.garciafaura.com\/fr\/"},{"@type":"ListItem","position":2,"name":"GARCIA FAURA fabrique des murs-rideaux et des menuiseries pour la nouvelle usine de la soci\u00e9t\u00e9 Balfeg\u00f3"}]},{"@type":"WebSite","@id":"https:\/\/www.garciafaura.com\/fr\/#website","url":"https:\/\/www.garciafaura.com\/fr\/","name":"GARCIA FAURA","description":"Arquitectura en Alumini, Inox, Ferro i Vidre","publisher":{"@id":"https:\/\/www.garciafaura.com\/fr\/#organization"},"potentialAction":[{"@type":"SearchAction","target":{"@type":"EntryPoint","urlTemplate":"https:\/\/www.garciafaura.com\/fr\/?s={search_term_string}"},"query-input":{"@type":"PropertyValueSpecification","valueRequired":true,"valueName":"search_term_string"}}],"inLanguage":"fr-FR"},{"@type":"Organization","@id":"https:\/\/www.garciafaura.com\/fr\/#organization","name":"GARCIA FAURA","url":"https:\/\/www.garciafaura.com\/fr\/","logo":{"@type":"ImageObject","inLanguage":"fr-FR","@id":"https:\/\/www.garciafaura.com\/fr\/#\/schema\/logo\/image\/","url":"https:\/\/www.garciafaura.com\/wp-content\/uploads\/2018\/09\/Garcia-Faura.png","contentUrl":"https:\/\/www.garciafaura.com\/wp-content\/uploads\/2018\/09\/Garcia-Faura.png","width":512,"height":512,"caption":"GARCIA FAURA"},"image":{"@id":"https:\/\/www.garciafaura.com\/fr\/#\/schema\/logo\/image\/"},"sameAs":["https:\/\/www.youtube.com\/user\/GARCIAFAURA"]},{"@type":"Person","@id":"https:\/\/www.garciafaura.com\/fr\/#\/schema\/person\/b4b75e69b33fac3446071909bec106b0","name":"David Achell","image":{"@type":"ImageObject","inLanguage":"fr-FR","@id":"https:\/\/www.garciafaura.com\/fr\/#\/schema\/person\/image\/","url":"https:\/\/secure.gravatar.com\/avatar\/03900210afc1f61bce737bcb4a79c02e2c997f171e3eca839b5a4cbe03846c90?s=96&d=blank&r=g","contentUrl":"https:\/\/secure.gravatar.com\/avatar\/03900210afc1f61bce737bcb4a79c02e2c997f171e3eca839b5a4cbe03846c90?s=96&d=blank&r=g","caption":"David Achell"}}]}},"_links":{"self":[{"href":"https:\/\/www.garciafaura.com\/fr\/wp-json\/wp\/v2\/posts\/33743","targetHints":{"allow":["GET"]}}],"collection":[{"href":"https:\/\/www.garciafaura.com\/fr\/wp-json\/wp\/v2\/posts"}],"about":[{"href":"https:\/\/www.garciafaura.com\/fr\/wp-json\/wp\/v2\/types\/post"}],"author":[{"embeddable":true,"href":"https:\/\/www.garciafaura.com\/fr\/wp-json\/wp\/v2\/users\/3"}],"replies":[{"embeddable":true,"href":"https:\/\/www.garciafaura.com\/fr\/wp-json\/wp\/v2\/comments?post=33743"}],"version-history":[{"count":5,"href":"https:\/\/www.garciafaura.com\/fr\/wp-json\/wp\/v2\/posts\/33743\/revisions"}],"predecessor-version":[{"id":33757,"href":"https:\/\/www.garciafaura.com\/fr\/wp-json\/wp\/v2\/posts\/33743\/revisions\/33757"}],"wp:featuredmedia":[{"embeddable":true,"href":"https:\/\/www.garciafaura.com\/fr\/wp-json\/wp\/v2\/media\/32300"}],"wp:attachment":[{"href":"https:\/\/www.garciafaura.com\/fr\/wp-json\/wp\/v2\/media?parent=33743"}],"wp:term":[{"taxonomy":"category","embeddable":true,"href":"https:\/\/www.garciafaura.com\/fr\/wp-json\/wp\/v2\/categories?post=33743"},{"taxonomy":"post_tag","embeddable":true,"href":"https:\/\/www.garciafaura.com\/fr\/wp-json\/wp\/v2\/tags?post=33743"},{"taxonomy":"post_series","embeddable":true,"href":"https:\/\/www.garciafaura.com\/fr\/wp-json\/wp\/v2\/post_series?post=33743"}],"curies":[{"name":"wp","href":"https:\/\/api.w.org\/{rel}","templated":true}]}}