{"id":33424,"date":"2023-10-09T13:01:12","date_gmt":"2023-10-09T11:01:12","guid":{"rendered":"https:\/\/www.garciafaura.com\/garcia-faura-interve-en-lampliacio-del-reial-club-de-polo-de-barcelona\/"},"modified":"2023-10-09T13:08:20","modified_gmt":"2023-10-09T11:08:20","slug":"garcia-faura-interve-en-lampliacio-del-reial-club-de-polo-de-barcelona","status":"publish","type":"post","link":"https:\/\/www.garciafaura.com\/fr\/garcia-faura-interve-en-lampliacio-del-reial-club-de-polo-de-barcelona\/","title":{"rendered":"GARCIA FAURA a particip\u00e9 \u00e0 l&rsquo;agrandissement du Reial Club de Polo de Barcelone"},"content":{"rendered":"<h3 style=\"text-align: justify;\">GARCIA FAURA marquera de son empreinte les travaux d&rsquo;agrandissement du Real Club de Polo de Barcelone. L&rsquo;association sportive, qui a une histoire de cent vingt-six ans, \u00e9rige un nouveau b\u00e2timent, d&rsquo;environ 9.000 m\u00e8tres carr\u00e9s, qui structurera et reliera les espaces int\u00e9rieurs et ext\u00e9rieurs de ses installations \u00e0 l&rsquo;Avenue Diagonal de Barcelone.<\/h3>\n<p style=\"text-align: justify;\">Le nouveau b\u00e2timent sera situ\u00e9 entre le chalet historique, les piscines ext\u00e9rieures et la piste de saut. Justement, l&rsquo;une des principales fonctions de la nouvelle construction sera de r\u00e9nover la tribune de cette piste olympique de saut d&rsquo;obstacles, avec plus de capacit\u00e9 et une meilleure vue et perspective.<\/p>\n<p style=\"text-align: justify;\">La nouvelle construction, con\u00e7ue par le cabinet d&rsquo;architecture Batlle i Roig, abritera \u00e9galement, entre autres, une salle de sport, deux piscines couvertes et une salle de congr\u00e8s. La partie inf\u00e9rieure sera couverte et servira \u00e0 relier toutes les installations du club gr\u00e2ce \u00e0 une conception moderne, accessible et durable, tout en rempla\u00e7ant d&rsquo;autres b\u00e2timents devenus obsol\u00e8tes.<\/p>\n<p style=\"text-align: justify;\">Pour ce projet, <strong>GARCIA FAURA<\/strong> fabriquera et installera une cinquantaine de <strong>menuiseries en aluminium et vitrage<\/strong>, de diff\u00e9rents types et ouvertures, entre portes, <strong>fen\u00eatres<\/strong> et fixes. 320 m\u00e8tres carr\u00e9s de <strong>murs-rideaux<\/strong> avec profil\u00e9s en <strong>aluminium<\/strong> sont \u00e9galement en cours de d\u00e9veloppement.<\/p>\n","protected":false},"excerpt":{"rendered":"<p>GARCIA FAURA marquera de son empreinte les travaux d&rsquo;agrandissement du Real Club de Polo de Barcelone. L&rsquo;association sportive, qui a une histoire de cent vingt-six ans, \u00e9rige un nouveau b\u00e2timent, d&rsquo;environ 9.000 m\u00e8tres carr\u00e9s, qui structurera et reliera les espaces&hellip;<\/p>\n","protected":false},"author":3,"featured_media":32462,"comment_status":"closed","ping_status":"open","sticky":false,"template":"","format":"gallery","meta":{"footnotes":""},"categories":[2],"tags":[],"post_series":[],"class_list":["post-33424","post","type-post","status-publish","format-gallery","has-post-thumbnail","hentry","category-actualite","post_format-post-format-gallery","entry","has-media"],"yoast_head":"<!-- This site is optimized with the Yoast SEO plugin v26.7 - https:\/\/yoast.com\/wordpress\/plugins\/seo\/ -->\n<title>GARCIA FAURA a particip\u00e9 \u00e0 l&#039;agrandissement du Reial Club de Polo de Barcelone - GARCIA FAURA<\/title>\n<meta name=\"description\" content=\"Arquitectura en Alumini, Inox, Ferro i Vidre\" \/>\n<meta name=\"robots\" content=\"index, follow, max-snippet:-1, max-image-preview:large, max-video-preview:-1\" \/>\n<link rel=\"canonical\" href=\"https:\/\/www.garciafaura.com\/fr\/garcia-faura-interve-en-lampliacio-del-reial-club-de-polo-de-barcelona\/\" \/>\n<meta property=\"og:locale\" content=\"fr_FR\" \/>\n<meta property=\"og:type\" content=\"article\" \/>\n<meta property=\"og:title\" content=\"GARCIA FAURA a particip\u00e9 \u00e0 l&#039;agrandissement du Reial Club de Polo de Barcelone - GARCIA FAURA\" \/>\n<meta property=\"og:description\" content=\"Arquitectura en Alumini, Inox, Ferro i Vidre\" \/>\n<meta property=\"og:url\" content=\"https:\/\/www.garciafaura.com\/fr\/garcia-faura-interve-en-lampliacio-del-reial-club-de-polo-de-barcelona\/\" \/>\n<meta property=\"og:site_name\" content=\"GARCIA FAURA\" \/>\n<meta property=\"article:published_time\" content=\"2023-10-09T11:01:12+00:00\" \/>\n<meta property=\"article:modified_time\" content=\"2023-10-09T11:08:20+00:00\" \/>\n<meta property=\"og:image\" content=\"https:\/\/www.garciafaura.com\/wp-content\/uploads\/2023\/08\/Club-Polo-02.jpg\" \/>\n\t<meta property=\"og:image:width\" content=\"1200\" \/>\n\t<meta property=\"og:image:height\" content=\"628\" \/>\n\t<meta property=\"og:image:type\" content=\"image\/jpeg\" \/>\n<meta name=\"author\" content=\"David Achell\" \/>\n<meta name=\"twitter:card\" content=\"summary_large_image\" \/>\n<meta name=\"twitter:label1\" content=\"\u00c9crit par\" \/>\n\t<meta name=\"twitter:data1\" content=\"David Achell\" \/>\n\t<meta name=\"twitter:label2\" content=\"Dur\u00e9e de lecture estim\u00e9e\" \/>\n\t<meta name=\"twitter:data2\" content=\"2 minutes\" \/>\n<script type=\"application\/ld+json\" class=\"yoast-schema-graph\">{\"@context\":\"https:\/\/schema.org\",\"@graph\":[{\"@type\":\"Article\",\"@id\":\"https:\/\/www.garciafaura.com\/fr\/garcia-faura-interve-en-lampliacio-del-reial-club-de-polo-de-barcelona\/#article\",\"isPartOf\":{\"@id\":\"https:\/\/www.garciafaura.com\/fr\/garcia-faura-interve-en-lampliacio-del-reial-club-de-polo-de-barcelona\/\"},\"author\":{\"name\":\"David Achell\",\"@id\":\"https:\/\/www.garciafaura.com\/fr\/#\/schema\/person\/b4b75e69b33fac3446071909bec106b0\"},\"headline\":\"GARCIA FAURA a particip\u00e9 \u00e0 l&rsquo;agrandissement du Reial Club de Polo de Barcelone\",\"datePublished\":\"2023-10-09T11:01:12+00:00\",\"dateModified\":\"2023-10-09T11:08:20+00:00\",\"mainEntityOfPage\":{\"@id\":\"https:\/\/www.garciafaura.com\/fr\/garcia-faura-interve-en-lampliacio-del-reial-club-de-polo-de-barcelona\/\"},\"wordCount\":233,\"publisher\":{\"@id\":\"https:\/\/www.garciafaura.com\/fr\/#organization\"},\"image\":{\"@id\":\"https:\/\/www.garciafaura.com\/fr\/garcia-faura-interve-en-lampliacio-del-reial-club-de-polo-de-barcelona\/#primaryimage\"},\"thumbnailUrl\":\"https:\/\/www.garciafaura.com\/wp-content\/uploads\/2023\/08\/Club-Polo-02.jpg\",\"articleSection\":[\"Actualit\u00e9\"],\"inLanguage\":\"fr-FR\"},{\"@type\":\"WebPage\",\"@id\":\"https:\/\/www.garciafaura.com\/fr\/garcia-faura-interve-en-lampliacio-del-reial-club-de-polo-de-barcelona\/\",\"url\":\"https:\/\/www.garciafaura.com\/fr\/garcia-faura-interve-en-lampliacio-del-reial-club-de-polo-de-barcelona\/\",\"name\":\"GARCIA FAURA a particip\u00e9 \u00e0 l'agrandissement du Reial Club de Polo de Barcelone - GARCIA FAURA\",\"isPartOf\":{\"@id\":\"https:\/\/www.garciafaura.com\/fr\/#website\"},\"primaryImageOfPage\":{\"@id\":\"https:\/\/www.garciafaura.com\/fr\/garcia-faura-interve-en-lampliacio-del-reial-club-de-polo-de-barcelona\/#primaryimage\"},\"image\":{\"@id\":\"https:\/\/www.garciafaura.com\/fr\/garcia-faura-interve-en-lampliacio-del-reial-club-de-polo-de-barcelona\/#primaryimage\"},\"thumbnailUrl\":\"https:\/\/www.garciafaura.com\/wp-content\/uploads\/2023\/08\/Club-Polo-02.jpg\",\"datePublished\":\"2023-10-09T11:01:12+00:00\",\"dateModified\":\"2023-10-09T11:08:20+00:00\",\"description\":\"Arquitectura en Alumini, Inox, Ferro i Vidre\",\"breadcrumb\":{\"@id\":\"https:\/\/www.garciafaura.com\/fr\/garcia-faura-interve-en-lampliacio-del-reial-club-de-polo-de-barcelona\/#breadcrumb\"},\"inLanguage\":\"fr-FR\",\"potentialAction\":[{\"@type\":\"ReadAction\",\"target\":[\"https:\/\/www.garciafaura.com\/fr\/garcia-faura-interve-en-lampliacio-del-reial-club-de-polo-de-barcelona\/\"]}]},{\"@type\":\"ImageObject\",\"inLanguage\":\"fr-FR\",\"@id\":\"https:\/\/www.garciafaura.com\/fr\/garcia-faura-interve-en-lampliacio-del-reial-club-de-polo-de-barcelona\/#primaryimage\",\"url\":\"https:\/\/www.garciafaura.com\/wp-content\/uploads\/2023\/08\/Club-Polo-02.jpg\",\"contentUrl\":\"https:\/\/www.garciafaura.com\/wp-content\/uploads\/2023\/08\/Club-Polo-02.jpg\",\"width\":1200,\"height\":628},{\"@type\":\"BreadcrumbList\",\"@id\":\"https:\/\/www.garciafaura.com\/fr\/garcia-faura-interve-en-lampliacio-del-reial-club-de-polo-de-barcelona\/#breadcrumb\",\"itemListElement\":[{\"@type\":\"ListItem\",\"position\":1,\"name\":\"Inici\",\"item\":\"https:\/\/www.garciafaura.com\/fr\/\"},{\"@type\":\"ListItem\",\"position\":2,\"name\":\"GARCIA FAURA a particip\u00e9 \u00e0 l&#8217;agrandissement du Reial Club de Polo de Barcelone\"}]},{\"@type\":\"WebSite\",\"@id\":\"https:\/\/www.garciafaura.com\/fr\/#website\",\"url\":\"https:\/\/www.garciafaura.com\/fr\/\",\"name\":\"GARCIA FAURA\",\"description\":\"Arquitectura en Alumini, Inox, Ferro i Vidre\",\"publisher\":{\"@id\":\"https:\/\/www.garciafaura.com\/fr\/#organization\"},\"potentialAction\":[{\"@type\":\"SearchAction\",\"target\":{\"@type\":\"EntryPoint\",\"urlTemplate\":\"https:\/\/www.garciafaura.com\/fr\/?s={search_term_string}\"},\"query-input\":{\"@type\":\"PropertyValueSpecification\",\"valueRequired\":true,\"valueName\":\"search_term_string\"}}],\"inLanguage\":\"fr-FR\"},{\"@type\":\"Organization\",\"@id\":\"https:\/\/www.garciafaura.com\/fr\/#organization\",\"name\":\"GARCIA FAURA\",\"url\":\"https:\/\/www.garciafaura.com\/fr\/\",\"logo\":{\"@type\":\"ImageObject\",\"inLanguage\":\"fr-FR\",\"@id\":\"https:\/\/www.garciafaura.com\/fr\/#\/schema\/logo\/image\/\",\"url\":\"https:\/\/www.garciafaura.com\/wp-content\/uploads\/2018\/09\/Garcia-Faura.png\",\"contentUrl\":\"https:\/\/www.garciafaura.com\/wp-content\/uploads\/2018\/09\/Garcia-Faura.png\",\"width\":512,\"height\":512,\"caption\":\"GARCIA FAURA\"},\"image\":{\"@id\":\"https:\/\/www.garciafaura.com\/fr\/#\/schema\/logo\/image\/\"},\"sameAs\":[\"https:\/\/www.youtube.com\/user\/GARCIAFAURA\"]},{\"@type\":\"Person\",\"@id\":\"https:\/\/www.garciafaura.com\/fr\/#\/schema\/person\/b4b75e69b33fac3446071909bec106b0\",\"name\":\"David Achell\",\"image\":{\"@type\":\"ImageObject\",\"inLanguage\":\"fr-FR\",\"@id\":\"https:\/\/www.garciafaura.com\/fr\/#\/schema\/person\/image\/\",\"url\":\"https:\/\/secure.gravatar.com\/avatar\/03900210afc1f61bce737bcb4a79c02e2c997f171e3eca839b5a4cbe03846c90?s=96&d=blank&r=g\",\"contentUrl\":\"https:\/\/secure.gravatar.com\/avatar\/03900210afc1f61bce737bcb4a79c02e2c997f171e3eca839b5a4cbe03846c90?s=96&d=blank&r=g\",\"caption\":\"David Achell\"}}]}<\/script>\n<!-- \/ Yoast SEO plugin. -->","yoast_head_json":{"title":"GARCIA FAURA a particip\u00e9 \u00e0 l'agrandissement du Reial Club de Polo de Barcelone - GARCIA FAURA","description":"Arquitectura en Alumini, Inox, Ferro i Vidre","robots":{"index":"index","follow":"follow","max-snippet":"max-snippet:-1","max-image-preview":"max-image-preview:large","max-video-preview":"max-video-preview:-1"},"canonical":"https:\/\/www.garciafaura.com\/fr\/garcia-faura-interve-en-lampliacio-del-reial-club-de-polo-de-barcelona\/","og_locale":"fr_FR","og_type":"article","og_title":"GARCIA FAURA a particip\u00e9 \u00e0 l'agrandissement du Reial Club de Polo de Barcelone - GARCIA FAURA","og_description":"Arquitectura en Alumini, Inox, Ferro i Vidre","og_url":"https:\/\/www.garciafaura.com\/fr\/garcia-faura-interve-en-lampliacio-del-reial-club-de-polo-de-barcelona\/","og_site_name":"GARCIA FAURA","article_published_time":"2023-10-09T11:01:12+00:00","article_modified_time":"2023-10-09T11:08:20+00:00","og_image":[{"width":1200,"height":628,"url":"https:\/\/www.garciafaura.com\/wp-content\/uploads\/2023\/08\/Club-Polo-02.jpg","type":"image\/jpeg"}],"author":"David Achell","twitter_card":"summary_large_image","twitter_misc":{"\u00c9crit par":"David Achell","Dur\u00e9e de lecture estim\u00e9e":"2 minutes"},"schema":{"@context":"https:\/\/schema.org","@graph":[{"@type":"Article","@id":"https:\/\/www.garciafaura.com\/fr\/garcia-faura-interve-en-lampliacio-del-reial-club-de-polo-de-barcelona\/#article","isPartOf":{"@id":"https:\/\/www.garciafaura.com\/fr\/garcia-faura-interve-en-lampliacio-del-reial-club-de-polo-de-barcelona\/"},"author":{"name":"David Achell","@id":"https:\/\/www.garciafaura.com\/fr\/#\/schema\/person\/b4b75e69b33fac3446071909bec106b0"},"headline":"GARCIA FAURA a particip\u00e9 \u00e0 l&rsquo;agrandissement du Reial Club de Polo de Barcelone","datePublished":"2023-10-09T11:01:12+00:00","dateModified":"2023-10-09T11:08:20+00:00","mainEntityOfPage":{"@id":"https:\/\/www.garciafaura.com\/fr\/garcia-faura-interve-en-lampliacio-del-reial-club-de-polo-de-barcelona\/"},"wordCount":233,"publisher":{"@id":"https:\/\/www.garciafaura.com\/fr\/#organization"},"image":{"@id":"https:\/\/www.garciafaura.com\/fr\/garcia-faura-interve-en-lampliacio-del-reial-club-de-polo-de-barcelona\/#primaryimage"},"thumbnailUrl":"https:\/\/www.garciafaura.com\/wp-content\/uploads\/2023\/08\/Club-Polo-02.jpg","articleSection":["Actualit\u00e9"],"inLanguage":"fr-FR"},{"@type":"WebPage","@id":"https:\/\/www.garciafaura.com\/fr\/garcia-faura-interve-en-lampliacio-del-reial-club-de-polo-de-barcelona\/","url":"https:\/\/www.garciafaura.com\/fr\/garcia-faura-interve-en-lampliacio-del-reial-club-de-polo-de-barcelona\/","name":"GARCIA FAURA a particip\u00e9 \u00e0 l'agrandissement du Reial Club de Polo de Barcelone - GARCIA FAURA","isPartOf":{"@id":"https:\/\/www.garciafaura.com\/fr\/#website"},"primaryImageOfPage":{"@id":"https:\/\/www.garciafaura.com\/fr\/garcia-faura-interve-en-lampliacio-del-reial-club-de-polo-de-barcelona\/#primaryimage"},"image":{"@id":"https:\/\/www.garciafaura.com\/fr\/garcia-faura-interve-en-lampliacio-del-reial-club-de-polo-de-barcelona\/#primaryimage"},"thumbnailUrl":"https:\/\/www.garciafaura.com\/wp-content\/uploads\/2023\/08\/Club-Polo-02.jpg","datePublished":"2023-10-09T11:01:12+00:00","dateModified":"2023-10-09T11:08:20+00:00","description":"Arquitectura en Alumini, Inox, Ferro i Vidre","breadcrumb":{"@id":"https:\/\/www.garciafaura.com\/fr\/garcia-faura-interve-en-lampliacio-del-reial-club-de-polo-de-barcelona\/#breadcrumb"},"inLanguage":"fr-FR","potentialAction":[{"@type":"ReadAction","target":["https:\/\/www.garciafaura.com\/fr\/garcia-faura-interve-en-lampliacio-del-reial-club-de-polo-de-barcelona\/"]}]},{"@type":"ImageObject","inLanguage":"fr-FR","@id":"https:\/\/www.garciafaura.com\/fr\/garcia-faura-interve-en-lampliacio-del-reial-club-de-polo-de-barcelona\/#primaryimage","url":"https:\/\/www.garciafaura.com\/wp-content\/uploads\/2023\/08\/Club-Polo-02.jpg","contentUrl":"https:\/\/www.garciafaura.com\/wp-content\/uploads\/2023\/08\/Club-Polo-02.jpg","width":1200,"height":628},{"@type":"BreadcrumbList","@id":"https:\/\/www.garciafaura.com\/fr\/garcia-faura-interve-en-lampliacio-del-reial-club-de-polo-de-barcelona\/#breadcrumb","itemListElement":[{"@type":"ListItem","position":1,"name":"Inici","item":"https:\/\/www.garciafaura.com\/fr\/"},{"@type":"ListItem","position":2,"name":"GARCIA FAURA a particip\u00e9 \u00e0 l&#8217;agrandissement du Reial Club de Polo de Barcelone"}]},{"@type":"WebSite","@id":"https:\/\/www.garciafaura.com\/fr\/#website","url":"https:\/\/www.garciafaura.com\/fr\/","name":"GARCIA FAURA","description":"Arquitectura en Alumini, Inox, Ferro i Vidre","publisher":{"@id":"https:\/\/www.garciafaura.com\/fr\/#organization"},"potentialAction":[{"@type":"SearchAction","target":{"@type":"EntryPoint","urlTemplate":"https:\/\/www.garciafaura.com\/fr\/?s={search_term_string}"},"query-input":{"@type":"PropertyValueSpecification","valueRequired":true,"valueName":"search_term_string"}}],"inLanguage":"fr-FR"},{"@type":"Organization","@id":"https:\/\/www.garciafaura.com\/fr\/#organization","name":"GARCIA FAURA","url":"https:\/\/www.garciafaura.com\/fr\/","logo":{"@type":"ImageObject","inLanguage":"fr-FR","@id":"https:\/\/www.garciafaura.com\/fr\/#\/schema\/logo\/image\/","url":"https:\/\/www.garciafaura.com\/wp-content\/uploads\/2018\/09\/Garcia-Faura.png","contentUrl":"https:\/\/www.garciafaura.com\/wp-content\/uploads\/2018\/09\/Garcia-Faura.png","width":512,"height":512,"caption":"GARCIA FAURA"},"image":{"@id":"https:\/\/www.garciafaura.com\/fr\/#\/schema\/logo\/image\/"},"sameAs":["https:\/\/www.youtube.com\/user\/GARCIAFAURA"]},{"@type":"Person","@id":"https:\/\/www.garciafaura.com\/fr\/#\/schema\/person\/b4b75e69b33fac3446071909bec106b0","name":"David Achell","image":{"@type":"ImageObject","inLanguage":"fr-FR","@id":"https:\/\/www.garciafaura.com\/fr\/#\/schema\/person\/image\/","url":"https:\/\/secure.gravatar.com\/avatar\/03900210afc1f61bce737bcb4a79c02e2c997f171e3eca839b5a4cbe03846c90?s=96&d=blank&r=g","contentUrl":"https:\/\/secure.gravatar.com\/avatar\/03900210afc1f61bce737bcb4a79c02e2c997f171e3eca839b5a4cbe03846c90?s=96&d=blank&r=g","caption":"David Achell"}}]}},"_links":{"self":[{"href":"https:\/\/www.garciafaura.com\/fr\/wp-json\/wp\/v2\/posts\/33424","targetHints":{"allow":["GET"]}}],"collection":[{"href":"https:\/\/www.garciafaura.com\/fr\/wp-json\/wp\/v2\/posts"}],"about":[{"href":"https:\/\/www.garciafaura.com\/fr\/wp-json\/wp\/v2\/types\/post"}],"author":[{"embeddable":true,"href":"https:\/\/www.garciafaura.com\/fr\/wp-json\/wp\/v2\/users\/3"}],"replies":[{"embeddable":true,"href":"https:\/\/www.garciafaura.com\/fr\/wp-json\/wp\/v2\/comments?post=33424"}],"version-history":[{"count":2,"href":"https:\/\/www.garciafaura.com\/fr\/wp-json\/wp\/v2\/posts\/33424\/revisions"}],"predecessor-version":[{"id":33429,"href":"https:\/\/www.garciafaura.com\/fr\/wp-json\/wp\/v2\/posts\/33424\/revisions\/33429"}],"wp:featuredmedia":[{"embeddable":true,"href":"https:\/\/www.garciafaura.com\/fr\/wp-json\/wp\/v2\/media\/32462"}],"wp:attachment":[{"href":"https:\/\/www.garciafaura.com\/fr\/wp-json\/wp\/v2\/media?parent=33424"}],"wp:term":[{"taxonomy":"category","embeddable":true,"href":"https:\/\/www.garciafaura.com\/fr\/wp-json\/wp\/v2\/categories?post=33424"},{"taxonomy":"post_tag","embeddable":true,"href":"https:\/\/www.garciafaura.com\/fr\/wp-json\/wp\/v2\/tags?post=33424"},{"taxonomy":"post_series","embeddable":true,"href":"https:\/\/www.garciafaura.com\/fr\/wp-json\/wp\/v2\/post_series?post=33424"}],"curies":[{"name":"wp","href":"https:\/\/api.w.org\/{rel}","templated":true}]}}