{"id":32538,"date":"2023-09-04T15:09:07","date_gmt":"2023-09-04T13:09:07","guid":{"rendered":"https:\/\/www.garciafaura.com\/facana-de-garcia-faura-per-a-la-nova-seu-del-sem-a-lhospitalet-de-llobregat\/"},"modified":"2023-09-04T15:19:00","modified_gmt":"2023-09-04T13:19:00","slug":"facana-de-garcia-faura-per-a-la-nova-seu-del-sem-a-lhospitalet-de-llobregat","status":"publish","type":"post","link":"https:\/\/www.garciafaura.com\/fr\/facana-de-garcia-faura-per-a-la-nova-seu-del-sem-a-lhospitalet-de-llobregat\/","title":{"rendered":"Fa\u00e7ade de GARCIA FAURA pour le nouveau si\u00e8ge de SEM \u00e0 L&rsquo;Hospitalet de Llobregat (Barcelone)"},"content":{"rendered":"<h3 style=\"text-align: justify;\"><strong>GARCIA FAURA installera plus de 7.000 m\u00e8tres carr\u00e9s de murs-rideaux dans le nouveau si\u00e8ge du Service M\u00e9dical d&rsquo;Urgence (SEM), en construction \u00e0 c\u00f4t\u00e9 du complexe hospitalier Duran i Reynals, \u00e0 L\u2019Hospitalet de Llobregat (Barcelone).<\/strong><\/h3>\n<p style=\"text-align: justify;\">Le Service M\u00e9dical d&rsquo;Urgence de Catalogne aura un nouveau si\u00e8ge \u00e0 l&rsquo;entr\u00e9e sud de Barcelone. Il s&rsquo;agit d&rsquo;un b\u00e2timent d&rsquo;environ 21.000 m\u00e8tres carr\u00e9s con\u00e7u de mani\u00e8re \u00e0 faciliter son int\u00e9gration au campus de l&rsquo;Institut Catalan d&rsquo;Oncologie de mani\u00e8re naturelle et \u00e9quilibr\u00e9e, tout en respectant les espaces d&rsquo;autres installations du campus telles que l&rsquo;H\u00f4pital Duran i Reynals ou le Centre Sociosanitaire Hestia.<\/p>\n<p style=\"text-align: justify;\">Le nouveau b\u00e2timent aura une structure int\u00e9rieure plate et diaphane, sans piliers, ce qui permettra un haut degr\u00e9 d&rsquo;adaptabilit\u00e9 et de flexibilit\u00e9, en plus d&rsquo;un bon \u00e9clairage naturel et d&rsquo;une parfaite relation entre les utilisateurs et les espaces paysagers de l&rsquo;ext\u00e9rieur.<\/p>\n<p style=\"text-align: justify;\">La <strong>fa\u00e7ade<\/strong> d\u00e9velopp\u00e9e par <strong>GARCIA FAURA<\/strong> deviendra un \u00e9l\u00e9ment cl\u00e9 pour contribuer \u00e0 ce confort. Il y aura 7.100 m\u00e8tres carr\u00e9s de <strong>mur-rideau traditionnel<\/strong>, avec vitrage \u00e0 haute performance acoustique, compl\u00e9t\u00e9s par 800 m\u00e8tres carr\u00e9s de <strong>brise-soleil ext\u00e9rieur<\/strong> compos\u00e9 d&rsquo;une sous-structure en <strong>aluminium<\/strong> avec de bardage type m\u00e9tal d\u00e9ploy\u00e9.<\/p>\n","protected":false},"excerpt":{"rendered":"<p>GARCIA FAURA installera plus de 7.000 m\u00e8tres carr\u00e9s de murs-rideaux dans le nouveau si\u00e8ge du Service M\u00e9dical d&rsquo;Urgence (SEM), en construction \u00e0 c\u00f4t\u00e9 du complexe hospitalier Duran i Reynals, \u00e0 L\u2019Hospitalet de Llobregat (Barcelone). Le Service M\u00e9dical d&rsquo;Urgence de Catalogne&hellip;<\/p>\n","protected":false},"author":3,"featured_media":32249,"comment_status":"closed","ping_status":"open","sticky":false,"template":"","format":"gallery","meta":{"footnotes":""},"categories":[2],"tags":[],"post_series":[],"class_list":["post-32538","post","type-post","status-publish","format-gallery","has-post-thumbnail","hentry","category-actualite","post_format-post-format-gallery","entry","has-media"],"yoast_head":"<!-- This site is optimized with the Yoast SEO plugin v26.7 - https:\/\/yoast.com\/wordpress\/plugins\/seo\/ -->\n<title>Fa\u00e7ade de GARCIA FAURA pour le nouveau si\u00e8ge de SEM \u00e0 L&#039;Hospitalet de Llobregat (Barcelone) - GARCIA FAURA<\/title>\n<meta name=\"description\" content=\"Arquitectura en Alumini, Inox, Ferro i Vidre\" \/>\n<meta name=\"robots\" content=\"index, follow, max-snippet:-1, max-image-preview:large, max-video-preview:-1\" \/>\n<link rel=\"canonical\" href=\"https:\/\/www.garciafaura.com\/fr\/facana-de-garcia-faura-per-a-la-nova-seu-del-sem-a-lhospitalet-de-llobregat\/\" \/>\n<meta property=\"og:locale\" content=\"fr_FR\" \/>\n<meta property=\"og:type\" content=\"article\" \/>\n<meta property=\"og:title\" content=\"Fa\u00e7ade de GARCIA FAURA pour le nouveau si\u00e8ge de SEM \u00e0 L&#039;Hospitalet de Llobregat (Barcelone) - GARCIA FAURA\" \/>\n<meta property=\"og:description\" content=\"Arquitectura en Alumini, Inox, Ferro i Vidre\" \/>\n<meta property=\"og:url\" content=\"https:\/\/www.garciafaura.com\/fr\/facana-de-garcia-faura-per-a-la-nova-seu-del-sem-a-lhospitalet-de-llobregat\/\" \/>\n<meta property=\"og:site_name\" content=\"GARCIA FAURA\" \/>\n<meta property=\"article:published_time\" content=\"2023-09-04T13:09:07+00:00\" \/>\n<meta property=\"article:modified_time\" content=\"2023-09-04T13:19:00+00:00\" \/>\n<meta property=\"og:image\" content=\"https:\/\/www.garciafaura.com\/wp-content\/uploads\/2023\/07\/Nova-seu-SEM-03.jpg\" \/>\n\t<meta property=\"og:image:width\" content=\"1200\" \/>\n\t<meta property=\"og:image:height\" content=\"628\" \/>\n\t<meta property=\"og:image:type\" content=\"image\/jpeg\" \/>\n<meta name=\"author\" content=\"David Achell\" \/>\n<meta name=\"twitter:card\" content=\"summary_large_image\" \/>\n<meta name=\"twitter:label1\" content=\"\u00c9crit par\" \/>\n\t<meta name=\"twitter:data1\" content=\"David Achell\" \/>\n\t<meta name=\"twitter:label2\" content=\"Dur\u00e9e de lecture estim\u00e9e\" \/>\n\t<meta name=\"twitter:data2\" content=\"2 minutes\" \/>\n<script type=\"application\/ld+json\" class=\"yoast-schema-graph\">{\"@context\":\"https:\/\/schema.org\",\"@graph\":[{\"@type\":\"Article\",\"@id\":\"https:\/\/www.garciafaura.com\/fr\/facana-de-garcia-faura-per-a-la-nova-seu-del-sem-a-lhospitalet-de-llobregat\/#article\",\"isPartOf\":{\"@id\":\"https:\/\/www.garciafaura.com\/fr\/facana-de-garcia-faura-per-a-la-nova-seu-del-sem-a-lhospitalet-de-llobregat\/\"},\"author\":{\"name\":\"David Achell\",\"@id\":\"https:\/\/www.garciafaura.com\/fr\/#\/schema\/person\/b4b75e69b33fac3446071909bec106b0\"},\"headline\":\"Fa\u00e7ade de GARCIA FAURA pour le nouveau si\u00e8ge de SEM \u00e0 L&rsquo;Hospitalet de Llobregat (Barcelone)\",\"datePublished\":\"2023-09-04T13:09:07+00:00\",\"dateModified\":\"2023-09-04T13:19:00+00:00\",\"mainEntityOfPage\":{\"@id\":\"https:\/\/www.garciafaura.com\/fr\/facana-de-garcia-faura-per-a-la-nova-seu-del-sem-a-lhospitalet-de-llobregat\/\"},\"wordCount\":241,\"publisher\":{\"@id\":\"https:\/\/www.garciafaura.com\/fr\/#organization\"},\"image\":{\"@id\":\"https:\/\/www.garciafaura.com\/fr\/facana-de-garcia-faura-per-a-la-nova-seu-del-sem-a-lhospitalet-de-llobregat\/#primaryimage\"},\"thumbnailUrl\":\"https:\/\/www.garciafaura.com\/wp-content\/uploads\/2023\/07\/Nova-seu-SEM-03.jpg\",\"articleSection\":[\"Actualit\u00e9\"],\"inLanguage\":\"fr-FR\"},{\"@type\":\"WebPage\",\"@id\":\"https:\/\/www.garciafaura.com\/fr\/facana-de-garcia-faura-per-a-la-nova-seu-del-sem-a-lhospitalet-de-llobregat\/\",\"url\":\"https:\/\/www.garciafaura.com\/fr\/facana-de-garcia-faura-per-a-la-nova-seu-del-sem-a-lhospitalet-de-llobregat\/\",\"name\":\"Fa\u00e7ade de GARCIA FAURA pour le nouveau si\u00e8ge de SEM \u00e0 L'Hospitalet de Llobregat (Barcelone) - GARCIA FAURA\",\"isPartOf\":{\"@id\":\"https:\/\/www.garciafaura.com\/fr\/#website\"},\"primaryImageOfPage\":{\"@id\":\"https:\/\/www.garciafaura.com\/fr\/facana-de-garcia-faura-per-a-la-nova-seu-del-sem-a-lhospitalet-de-llobregat\/#primaryimage\"},\"image\":{\"@id\":\"https:\/\/www.garciafaura.com\/fr\/facana-de-garcia-faura-per-a-la-nova-seu-del-sem-a-lhospitalet-de-llobregat\/#primaryimage\"},\"thumbnailUrl\":\"https:\/\/www.garciafaura.com\/wp-content\/uploads\/2023\/07\/Nova-seu-SEM-03.jpg\",\"datePublished\":\"2023-09-04T13:09:07+00:00\",\"dateModified\":\"2023-09-04T13:19:00+00:00\",\"description\":\"Arquitectura en Alumini, Inox, Ferro i Vidre\",\"breadcrumb\":{\"@id\":\"https:\/\/www.garciafaura.com\/fr\/facana-de-garcia-faura-per-a-la-nova-seu-del-sem-a-lhospitalet-de-llobregat\/#breadcrumb\"},\"inLanguage\":\"fr-FR\",\"potentialAction\":[{\"@type\":\"ReadAction\",\"target\":[\"https:\/\/www.garciafaura.com\/fr\/facana-de-garcia-faura-per-a-la-nova-seu-del-sem-a-lhospitalet-de-llobregat\/\"]}]},{\"@type\":\"ImageObject\",\"inLanguage\":\"fr-FR\",\"@id\":\"https:\/\/www.garciafaura.com\/fr\/facana-de-garcia-faura-per-a-la-nova-seu-del-sem-a-lhospitalet-de-llobregat\/#primaryimage\",\"url\":\"https:\/\/www.garciafaura.com\/wp-content\/uploads\/2023\/07\/Nova-seu-SEM-03.jpg\",\"contentUrl\":\"https:\/\/www.garciafaura.com\/wp-content\/uploads\/2023\/07\/Nova-seu-SEM-03.jpg\",\"width\":1200,\"height\":628},{\"@type\":\"BreadcrumbList\",\"@id\":\"https:\/\/www.garciafaura.com\/fr\/facana-de-garcia-faura-per-a-la-nova-seu-del-sem-a-lhospitalet-de-llobregat\/#breadcrumb\",\"itemListElement\":[{\"@type\":\"ListItem\",\"position\":1,\"name\":\"Inici\",\"item\":\"https:\/\/www.garciafaura.com\/fr\/\"},{\"@type\":\"ListItem\",\"position\":2,\"name\":\"Fa\u00e7ade de GARCIA FAURA pour le nouveau si\u00e8ge de SEM \u00e0 L&#8217;Hospitalet de Llobregat (Barcelone)\"}]},{\"@type\":\"WebSite\",\"@id\":\"https:\/\/www.garciafaura.com\/fr\/#website\",\"url\":\"https:\/\/www.garciafaura.com\/fr\/\",\"name\":\"GARCIA FAURA\",\"description\":\"Arquitectura en Alumini, Inox, Ferro i Vidre\",\"publisher\":{\"@id\":\"https:\/\/www.garciafaura.com\/fr\/#organization\"},\"potentialAction\":[{\"@type\":\"SearchAction\",\"target\":{\"@type\":\"EntryPoint\",\"urlTemplate\":\"https:\/\/www.garciafaura.com\/fr\/?s={search_term_string}\"},\"query-input\":{\"@type\":\"PropertyValueSpecification\",\"valueRequired\":true,\"valueName\":\"search_term_string\"}}],\"inLanguage\":\"fr-FR\"},{\"@type\":\"Organization\",\"@id\":\"https:\/\/www.garciafaura.com\/fr\/#organization\",\"name\":\"GARCIA FAURA\",\"url\":\"https:\/\/www.garciafaura.com\/fr\/\",\"logo\":{\"@type\":\"ImageObject\",\"inLanguage\":\"fr-FR\",\"@id\":\"https:\/\/www.garciafaura.com\/fr\/#\/schema\/logo\/image\/\",\"url\":\"https:\/\/www.garciafaura.com\/wp-content\/uploads\/2018\/09\/Garcia-Faura.png\",\"contentUrl\":\"https:\/\/www.garciafaura.com\/wp-content\/uploads\/2018\/09\/Garcia-Faura.png\",\"width\":512,\"height\":512,\"caption\":\"GARCIA FAURA\"},\"image\":{\"@id\":\"https:\/\/www.garciafaura.com\/fr\/#\/schema\/logo\/image\/\"},\"sameAs\":[\"https:\/\/www.youtube.com\/user\/GARCIAFAURA\"]},{\"@type\":\"Person\",\"@id\":\"https:\/\/www.garciafaura.com\/fr\/#\/schema\/person\/b4b75e69b33fac3446071909bec106b0\",\"name\":\"David Achell\",\"image\":{\"@type\":\"ImageObject\",\"inLanguage\":\"fr-FR\",\"@id\":\"https:\/\/www.garciafaura.com\/fr\/#\/schema\/person\/image\/\",\"url\":\"https:\/\/secure.gravatar.com\/avatar\/03900210afc1f61bce737bcb4a79c02e2c997f171e3eca839b5a4cbe03846c90?s=96&d=blank&r=g\",\"contentUrl\":\"https:\/\/secure.gravatar.com\/avatar\/03900210afc1f61bce737bcb4a79c02e2c997f171e3eca839b5a4cbe03846c90?s=96&d=blank&r=g\",\"caption\":\"David Achell\"}}]}<\/script>\n<!-- \/ Yoast SEO plugin. -->","yoast_head_json":{"title":"Fa\u00e7ade de GARCIA FAURA pour le nouveau si\u00e8ge de SEM \u00e0 L'Hospitalet de Llobregat (Barcelone) - GARCIA FAURA","description":"Arquitectura en Alumini, Inox, Ferro i Vidre","robots":{"index":"index","follow":"follow","max-snippet":"max-snippet:-1","max-image-preview":"max-image-preview:large","max-video-preview":"max-video-preview:-1"},"canonical":"https:\/\/www.garciafaura.com\/fr\/facana-de-garcia-faura-per-a-la-nova-seu-del-sem-a-lhospitalet-de-llobregat\/","og_locale":"fr_FR","og_type":"article","og_title":"Fa\u00e7ade de GARCIA FAURA pour le nouveau si\u00e8ge de SEM \u00e0 L'Hospitalet de Llobregat (Barcelone) - GARCIA FAURA","og_description":"Arquitectura en Alumini, Inox, Ferro i Vidre","og_url":"https:\/\/www.garciafaura.com\/fr\/facana-de-garcia-faura-per-a-la-nova-seu-del-sem-a-lhospitalet-de-llobregat\/","og_site_name":"GARCIA FAURA","article_published_time":"2023-09-04T13:09:07+00:00","article_modified_time":"2023-09-04T13:19:00+00:00","og_image":[{"width":1200,"height":628,"url":"https:\/\/www.garciafaura.com\/wp-content\/uploads\/2023\/07\/Nova-seu-SEM-03.jpg","type":"image\/jpeg"}],"author":"David Achell","twitter_card":"summary_large_image","twitter_misc":{"\u00c9crit par":"David Achell","Dur\u00e9e de lecture estim\u00e9e":"2 minutes"},"schema":{"@context":"https:\/\/schema.org","@graph":[{"@type":"Article","@id":"https:\/\/www.garciafaura.com\/fr\/facana-de-garcia-faura-per-a-la-nova-seu-del-sem-a-lhospitalet-de-llobregat\/#article","isPartOf":{"@id":"https:\/\/www.garciafaura.com\/fr\/facana-de-garcia-faura-per-a-la-nova-seu-del-sem-a-lhospitalet-de-llobregat\/"},"author":{"name":"David Achell","@id":"https:\/\/www.garciafaura.com\/fr\/#\/schema\/person\/b4b75e69b33fac3446071909bec106b0"},"headline":"Fa\u00e7ade de GARCIA FAURA pour le nouveau si\u00e8ge de SEM \u00e0 L&rsquo;Hospitalet de Llobregat (Barcelone)","datePublished":"2023-09-04T13:09:07+00:00","dateModified":"2023-09-04T13:19:00+00:00","mainEntityOfPage":{"@id":"https:\/\/www.garciafaura.com\/fr\/facana-de-garcia-faura-per-a-la-nova-seu-del-sem-a-lhospitalet-de-llobregat\/"},"wordCount":241,"publisher":{"@id":"https:\/\/www.garciafaura.com\/fr\/#organization"},"image":{"@id":"https:\/\/www.garciafaura.com\/fr\/facana-de-garcia-faura-per-a-la-nova-seu-del-sem-a-lhospitalet-de-llobregat\/#primaryimage"},"thumbnailUrl":"https:\/\/www.garciafaura.com\/wp-content\/uploads\/2023\/07\/Nova-seu-SEM-03.jpg","articleSection":["Actualit\u00e9"],"inLanguage":"fr-FR"},{"@type":"WebPage","@id":"https:\/\/www.garciafaura.com\/fr\/facana-de-garcia-faura-per-a-la-nova-seu-del-sem-a-lhospitalet-de-llobregat\/","url":"https:\/\/www.garciafaura.com\/fr\/facana-de-garcia-faura-per-a-la-nova-seu-del-sem-a-lhospitalet-de-llobregat\/","name":"Fa\u00e7ade de GARCIA FAURA pour le nouveau si\u00e8ge de SEM \u00e0 L'Hospitalet de Llobregat (Barcelone) - GARCIA FAURA","isPartOf":{"@id":"https:\/\/www.garciafaura.com\/fr\/#website"},"primaryImageOfPage":{"@id":"https:\/\/www.garciafaura.com\/fr\/facana-de-garcia-faura-per-a-la-nova-seu-del-sem-a-lhospitalet-de-llobregat\/#primaryimage"},"image":{"@id":"https:\/\/www.garciafaura.com\/fr\/facana-de-garcia-faura-per-a-la-nova-seu-del-sem-a-lhospitalet-de-llobregat\/#primaryimage"},"thumbnailUrl":"https:\/\/www.garciafaura.com\/wp-content\/uploads\/2023\/07\/Nova-seu-SEM-03.jpg","datePublished":"2023-09-04T13:09:07+00:00","dateModified":"2023-09-04T13:19:00+00:00","description":"Arquitectura en Alumini, Inox, Ferro i Vidre","breadcrumb":{"@id":"https:\/\/www.garciafaura.com\/fr\/facana-de-garcia-faura-per-a-la-nova-seu-del-sem-a-lhospitalet-de-llobregat\/#breadcrumb"},"inLanguage":"fr-FR","potentialAction":[{"@type":"ReadAction","target":["https:\/\/www.garciafaura.com\/fr\/facana-de-garcia-faura-per-a-la-nova-seu-del-sem-a-lhospitalet-de-llobregat\/"]}]},{"@type":"ImageObject","inLanguage":"fr-FR","@id":"https:\/\/www.garciafaura.com\/fr\/facana-de-garcia-faura-per-a-la-nova-seu-del-sem-a-lhospitalet-de-llobregat\/#primaryimage","url":"https:\/\/www.garciafaura.com\/wp-content\/uploads\/2023\/07\/Nova-seu-SEM-03.jpg","contentUrl":"https:\/\/www.garciafaura.com\/wp-content\/uploads\/2023\/07\/Nova-seu-SEM-03.jpg","width":1200,"height":628},{"@type":"BreadcrumbList","@id":"https:\/\/www.garciafaura.com\/fr\/facana-de-garcia-faura-per-a-la-nova-seu-del-sem-a-lhospitalet-de-llobregat\/#breadcrumb","itemListElement":[{"@type":"ListItem","position":1,"name":"Inici","item":"https:\/\/www.garciafaura.com\/fr\/"},{"@type":"ListItem","position":2,"name":"Fa\u00e7ade de GARCIA FAURA pour le nouveau si\u00e8ge de SEM \u00e0 L&#8217;Hospitalet de Llobregat (Barcelone)"}]},{"@type":"WebSite","@id":"https:\/\/www.garciafaura.com\/fr\/#website","url":"https:\/\/www.garciafaura.com\/fr\/","name":"GARCIA FAURA","description":"Arquitectura en Alumini, Inox, Ferro i Vidre","publisher":{"@id":"https:\/\/www.garciafaura.com\/fr\/#organization"},"potentialAction":[{"@type":"SearchAction","target":{"@type":"EntryPoint","urlTemplate":"https:\/\/www.garciafaura.com\/fr\/?s={search_term_string}"},"query-input":{"@type":"PropertyValueSpecification","valueRequired":true,"valueName":"search_term_string"}}],"inLanguage":"fr-FR"},{"@type":"Organization","@id":"https:\/\/www.garciafaura.com\/fr\/#organization","name":"GARCIA FAURA","url":"https:\/\/www.garciafaura.com\/fr\/","logo":{"@type":"ImageObject","inLanguage":"fr-FR","@id":"https:\/\/www.garciafaura.com\/fr\/#\/schema\/logo\/image\/","url":"https:\/\/www.garciafaura.com\/wp-content\/uploads\/2018\/09\/Garcia-Faura.png","contentUrl":"https:\/\/www.garciafaura.com\/wp-content\/uploads\/2018\/09\/Garcia-Faura.png","width":512,"height":512,"caption":"GARCIA FAURA"},"image":{"@id":"https:\/\/www.garciafaura.com\/fr\/#\/schema\/logo\/image\/"},"sameAs":["https:\/\/www.youtube.com\/user\/GARCIAFAURA"]},{"@type":"Person","@id":"https:\/\/www.garciafaura.com\/fr\/#\/schema\/person\/b4b75e69b33fac3446071909bec106b0","name":"David Achell","image":{"@type":"ImageObject","inLanguage":"fr-FR","@id":"https:\/\/www.garciafaura.com\/fr\/#\/schema\/person\/image\/","url":"https:\/\/secure.gravatar.com\/avatar\/03900210afc1f61bce737bcb4a79c02e2c997f171e3eca839b5a4cbe03846c90?s=96&d=blank&r=g","contentUrl":"https:\/\/secure.gravatar.com\/avatar\/03900210afc1f61bce737bcb4a79c02e2c997f171e3eca839b5a4cbe03846c90?s=96&d=blank&r=g","caption":"David Achell"}}]}},"_links":{"self":[{"href":"https:\/\/www.garciafaura.com\/fr\/wp-json\/wp\/v2\/posts\/32538","targetHints":{"allow":["GET"]}}],"collection":[{"href":"https:\/\/www.garciafaura.com\/fr\/wp-json\/wp\/v2\/posts"}],"about":[{"href":"https:\/\/www.garciafaura.com\/fr\/wp-json\/wp\/v2\/types\/post"}],"author":[{"embeddable":true,"href":"https:\/\/www.garciafaura.com\/fr\/wp-json\/wp\/v2\/users\/3"}],"replies":[{"embeddable":true,"href":"https:\/\/www.garciafaura.com\/fr\/wp-json\/wp\/v2\/comments?post=32538"}],"version-history":[{"count":3,"href":"https:\/\/www.garciafaura.com\/fr\/wp-json\/wp\/v2\/posts\/32538\/revisions"}],"predecessor-version":[{"id":32546,"href":"https:\/\/www.garciafaura.com\/fr\/wp-json\/wp\/v2\/posts\/32538\/revisions\/32546"}],"wp:featuredmedia":[{"embeddable":true,"href":"https:\/\/www.garciafaura.com\/fr\/wp-json\/wp\/v2\/media\/32249"}],"wp:attachment":[{"href":"https:\/\/www.garciafaura.com\/fr\/wp-json\/wp\/v2\/media?parent=32538"}],"wp:term":[{"taxonomy":"category","embeddable":true,"href":"https:\/\/www.garciafaura.com\/fr\/wp-json\/wp\/v2\/categories?post=32538"},{"taxonomy":"post_tag","embeddable":true,"href":"https:\/\/www.garciafaura.com\/fr\/wp-json\/wp\/v2\/tags?post=32538"},{"taxonomy":"post_series","embeddable":true,"href":"https:\/\/www.garciafaura.com\/fr\/wp-json\/wp\/v2\/post_series?post=32538"}],"curies":[{"name":"wp","href":"https:\/\/api.w.org\/{rel}","templated":true}]}}