{"id":32442,"date":"2023-07-31T10:44:51","date_gmt":"2023-07-31T08:44:51","guid":{"rendered":"https:\/\/www.garciafaura.com\/tancaments-de-garcia-faura-per-a-la-rehabilitacio-de-tres-naus-del-vapor-cortes-a-terrassa\/"},"modified":"2023-07-31T10:53:31","modified_gmt":"2023-07-31T08:53:31","slug":"tancaments-de-garcia-faura-per-a-la-rehabilitacio-de-tres-naus-del-vapor-cortes-a-terrassa","status":"publish","type":"post","link":"https:\/\/www.garciafaura.com\/fr\/tancaments-de-garcia-faura-per-a-la-rehabilitacio-de-tres-naus-del-vapor-cortes-a-terrassa\/","title":{"rendered":"Menuiseries de GARCIA FAURA pour la r\u00e9habilitation de trois entrep\u00f4ts du Vapor Cort\u00e8s dans la ville de Terrassa"},"content":{"rendered":"<h3 style=\"text-align: justify;\"><strong>GARCIA FAURA fabrique et installe les menuiseries du futur atelier professionnel et du Centre d&rsquo;infirmit\u00e9 motrice c\u00e9r\u00e9brale que la Fondation Prodiscapacitats (Prodis) r\u00e9alise dans trois entrep\u00f4ts de l&rsquo;ancien complexe industriel Vapor Cort\u00e8s, \u00e0 Terrassa.<\/strong><\/h3>\n<p style=\"text-align: justify;\">Les origines de <strong>Vapor Cort\u00e8s<\/strong> remontent \u00e0 la fin des ann\u00e9es 1920, lorsqu&rsquo;elles ont \u00e9t\u00e9 install\u00e9es dans une zone d\u00e9j\u00e0 industrielle du quartier Ca n&rsquo;Aurell \u00e0 Terrassa. La r\u00e9gion a prosp\u00e9r\u00e9 jusqu&rsquo;aux ann\u00e9es 1990, date \u00e0 laquelle elle a commenc\u00e9 \u00e0 d\u00e9cliner irr\u00e9m\u00e9diablement.<\/p>\n<p style=\"text-align: justify;\"><strong>Prodis<\/strong>, une organisation \u00e0 but non lucratif qui travaille avec des adultes ayant une d\u00e9ficience intellectuelle, une maladie mentale ou une paralysie c\u00e9r\u00e9brale, \u00e9quipera 4.942 m\u00e8tres carr\u00e9s de ce complexe avec des \u00e9quipements dont le projet architectural est due aux architectes, H Arquitectes.<\/p>\n<p style=\"text-align: justify;\">Le projet pr\u00e9voit le maintien d&rsquo;une partie de la structure de l&rsquo;ancien complexe industriel, pour lequel <strong>GARCIA FAURA<\/strong> fabrique et installe une centaine de menuiseries en acier et en vitrage \u00e0 haute performance acoustique.<\/p>\n<p style=\"text-align: justify;\">Les menuiseries seront de diff\u00e9rents types: fixes, ensembles de portes-fen\u00eatres et fen\u00eatres avec diff\u00e9rents types d&rsquo;ouverture. Il comprend \u00e9galement une s\u00e9rie de menuiseries pliantes et motoris\u00e9es<\/p>\n<p style=\"text-align: justify;\"><strong>GARCIA FAURA<\/strong> a choisi un syst\u00e8me de profil\u00e9s en acier \u00e0 isolation thermique, \u00e0 haute r\u00e9sistance et avec un composant \u00e0 haute durabilit\u00e9, 100% recyclable car ils ne contiennent pas de mat\u00e9riaux isolants synth\u00e9tiques suppl\u00e9mentaires.<\/p>\n<p style=\"text-align: justify;\">Les menuiseries combinent les derni\u00e8res technologies, l&rsquo;efficacit\u00e9 \u00e9nerg\u00e9tique, la conception et l&rsquo;utilisation \u00e9cologique des mat\u00e9riaux pour contribuer \u00e0 une construction durable et responsable.<\/p>\n","protected":false},"excerpt":{"rendered":"<p>GARCIA FAURA fabrique et installe les menuiseries du futur atelier professionnel et du Centre d&rsquo;infirmit\u00e9 motrice c\u00e9r\u00e9brale que la Fondation Prodiscapacitats (Prodis) r\u00e9alise dans trois entrep\u00f4ts de l&rsquo;ancien complexe industriel Vapor Cort\u00e8s, \u00e0 Terrassa. Les origines de Vapor Cort\u00e8s remontent&hellip;<\/p>\n","protected":false},"author":3,"featured_media":32325,"comment_status":"closed","ping_status":"open","sticky":false,"template":"","format":"gallery","meta":{"footnotes":""},"categories":[2],"tags":[],"post_series":[],"class_list":["post-32442","post","type-post","status-publish","format-gallery","has-post-thumbnail","hentry","category-actualite","post_format-post-format-gallery","entry","has-media"],"yoast_head":"<!-- This site is optimized with the Yoast SEO plugin v26.7 - https:\/\/yoast.com\/wordpress\/plugins\/seo\/ -->\n<title>Menuiseries de GARCIA FAURA pour la r\u00e9habilitation de trois entrep\u00f4ts du Vapor Cort\u00e8s dans la ville de Terrassa - GARCIA FAURA<\/title>\n<meta name=\"description\" content=\"Arquitectura en Alumini, Inox, Ferro i Vidre\" \/>\n<meta name=\"robots\" content=\"index, follow, max-snippet:-1, max-image-preview:large, max-video-preview:-1\" \/>\n<link rel=\"canonical\" href=\"https:\/\/www.garciafaura.com\/fr\/tancaments-de-garcia-faura-per-a-la-rehabilitacio-de-tres-naus-del-vapor-cortes-a-terrassa\/\" \/>\n<meta property=\"og:locale\" content=\"fr_FR\" \/>\n<meta property=\"og:type\" content=\"article\" \/>\n<meta property=\"og:title\" content=\"Menuiseries de GARCIA FAURA pour la r\u00e9habilitation de trois entrep\u00f4ts du Vapor Cort\u00e8s dans la ville de Terrassa - GARCIA FAURA\" \/>\n<meta property=\"og:description\" content=\"Arquitectura en Alumini, Inox, Ferro i Vidre\" \/>\n<meta property=\"og:url\" content=\"https:\/\/www.garciafaura.com\/fr\/tancaments-de-garcia-faura-per-a-la-rehabilitacio-de-tres-naus-del-vapor-cortes-a-terrassa\/\" \/>\n<meta property=\"og:site_name\" content=\"GARCIA FAURA\" \/>\n<meta property=\"article:published_time\" content=\"2023-07-31T08:44:51+00:00\" \/>\n<meta property=\"article:modified_time\" content=\"2023-07-31T08:53:31+00:00\" \/>\n<meta property=\"og:image\" content=\"https:\/\/www.garciafaura.com\/wp-content\/uploads\/2023\/07\/Vapor-Terrassa-03.jpg\" \/>\n\t<meta property=\"og:image:width\" content=\"1200\" \/>\n\t<meta property=\"og:image:height\" content=\"628\" \/>\n\t<meta property=\"og:image:type\" content=\"image\/jpeg\" \/>\n<meta name=\"author\" content=\"David Achell\" \/>\n<meta name=\"twitter:card\" content=\"summary_large_image\" \/>\n<meta name=\"twitter:label1\" content=\"\u00c9crit par\" \/>\n\t<meta name=\"twitter:data1\" content=\"David Achell\" \/>\n\t<meta name=\"twitter:label2\" content=\"Dur\u00e9e de lecture estim\u00e9e\" \/>\n\t<meta name=\"twitter:data2\" content=\"2 minutes\" \/>\n<script type=\"application\/ld+json\" class=\"yoast-schema-graph\">{\"@context\":\"https:\/\/schema.org\",\"@graph\":[{\"@type\":\"Article\",\"@id\":\"https:\/\/www.garciafaura.com\/fr\/tancaments-de-garcia-faura-per-a-la-rehabilitacio-de-tres-naus-del-vapor-cortes-a-terrassa\/#article\",\"isPartOf\":{\"@id\":\"https:\/\/www.garciafaura.com\/fr\/tancaments-de-garcia-faura-per-a-la-rehabilitacio-de-tres-naus-del-vapor-cortes-a-terrassa\/\"},\"author\":{\"name\":\"David Achell\",\"@id\":\"https:\/\/www.garciafaura.com\/fr\/#\/schema\/person\/b4b75e69b33fac3446071909bec106b0\"},\"headline\":\"Menuiseries de GARCIA FAURA pour la r\u00e9habilitation de trois entrep\u00f4ts du Vapor Cort\u00e8s dans la ville de Terrassa\",\"datePublished\":\"2023-07-31T08:44:51+00:00\",\"dateModified\":\"2023-07-31T08:53:31+00:00\",\"mainEntityOfPage\":{\"@id\":\"https:\/\/www.garciafaura.com\/fr\/tancaments-de-garcia-faura-per-a-la-rehabilitacio-de-tres-naus-del-vapor-cortes-a-terrassa\/\"},\"wordCount\":290,\"publisher\":{\"@id\":\"https:\/\/www.garciafaura.com\/fr\/#organization\"},\"image\":{\"@id\":\"https:\/\/www.garciafaura.com\/fr\/tancaments-de-garcia-faura-per-a-la-rehabilitacio-de-tres-naus-del-vapor-cortes-a-terrassa\/#primaryimage\"},\"thumbnailUrl\":\"https:\/\/www.garciafaura.com\/wp-content\/uploads\/2023\/07\/Vapor-Terrassa-03.jpg\",\"articleSection\":[\"Actualit\u00e9\"],\"inLanguage\":\"fr-FR\"},{\"@type\":\"WebPage\",\"@id\":\"https:\/\/www.garciafaura.com\/fr\/tancaments-de-garcia-faura-per-a-la-rehabilitacio-de-tres-naus-del-vapor-cortes-a-terrassa\/\",\"url\":\"https:\/\/www.garciafaura.com\/fr\/tancaments-de-garcia-faura-per-a-la-rehabilitacio-de-tres-naus-del-vapor-cortes-a-terrassa\/\",\"name\":\"Menuiseries de GARCIA FAURA pour la r\u00e9habilitation de trois entrep\u00f4ts du Vapor Cort\u00e8s dans la ville de Terrassa - GARCIA FAURA\",\"isPartOf\":{\"@id\":\"https:\/\/www.garciafaura.com\/fr\/#website\"},\"primaryImageOfPage\":{\"@id\":\"https:\/\/www.garciafaura.com\/fr\/tancaments-de-garcia-faura-per-a-la-rehabilitacio-de-tres-naus-del-vapor-cortes-a-terrassa\/#primaryimage\"},\"image\":{\"@id\":\"https:\/\/www.garciafaura.com\/fr\/tancaments-de-garcia-faura-per-a-la-rehabilitacio-de-tres-naus-del-vapor-cortes-a-terrassa\/#primaryimage\"},\"thumbnailUrl\":\"https:\/\/www.garciafaura.com\/wp-content\/uploads\/2023\/07\/Vapor-Terrassa-03.jpg\",\"datePublished\":\"2023-07-31T08:44:51+00:00\",\"dateModified\":\"2023-07-31T08:53:31+00:00\",\"description\":\"Arquitectura en Alumini, Inox, Ferro i Vidre\",\"breadcrumb\":{\"@id\":\"https:\/\/www.garciafaura.com\/fr\/tancaments-de-garcia-faura-per-a-la-rehabilitacio-de-tres-naus-del-vapor-cortes-a-terrassa\/#breadcrumb\"},\"inLanguage\":\"fr-FR\",\"potentialAction\":[{\"@type\":\"ReadAction\",\"target\":[\"https:\/\/www.garciafaura.com\/fr\/tancaments-de-garcia-faura-per-a-la-rehabilitacio-de-tres-naus-del-vapor-cortes-a-terrassa\/\"]}]},{\"@type\":\"ImageObject\",\"inLanguage\":\"fr-FR\",\"@id\":\"https:\/\/www.garciafaura.com\/fr\/tancaments-de-garcia-faura-per-a-la-rehabilitacio-de-tres-naus-del-vapor-cortes-a-terrassa\/#primaryimage\",\"url\":\"https:\/\/www.garciafaura.com\/wp-content\/uploads\/2023\/07\/Vapor-Terrassa-03.jpg\",\"contentUrl\":\"https:\/\/www.garciafaura.com\/wp-content\/uploads\/2023\/07\/Vapor-Terrassa-03.jpg\",\"width\":1200,\"height\":628},{\"@type\":\"BreadcrumbList\",\"@id\":\"https:\/\/www.garciafaura.com\/fr\/tancaments-de-garcia-faura-per-a-la-rehabilitacio-de-tres-naus-del-vapor-cortes-a-terrassa\/#breadcrumb\",\"itemListElement\":[{\"@type\":\"ListItem\",\"position\":1,\"name\":\"Inici\",\"item\":\"https:\/\/www.garciafaura.com\/fr\/\"},{\"@type\":\"ListItem\",\"position\":2,\"name\":\"Menuiseries de GARCIA FAURA pour la r\u00e9habilitation de trois entrep\u00f4ts du Vapor Cort\u00e8s dans la ville de Terrassa\"}]},{\"@type\":\"WebSite\",\"@id\":\"https:\/\/www.garciafaura.com\/fr\/#website\",\"url\":\"https:\/\/www.garciafaura.com\/fr\/\",\"name\":\"GARCIA FAURA\",\"description\":\"Arquitectura en Alumini, Inox, Ferro i Vidre\",\"publisher\":{\"@id\":\"https:\/\/www.garciafaura.com\/fr\/#organization\"},\"potentialAction\":[{\"@type\":\"SearchAction\",\"target\":{\"@type\":\"EntryPoint\",\"urlTemplate\":\"https:\/\/www.garciafaura.com\/fr\/?s={search_term_string}\"},\"query-input\":{\"@type\":\"PropertyValueSpecification\",\"valueRequired\":true,\"valueName\":\"search_term_string\"}}],\"inLanguage\":\"fr-FR\"},{\"@type\":\"Organization\",\"@id\":\"https:\/\/www.garciafaura.com\/fr\/#organization\",\"name\":\"GARCIA FAURA\",\"url\":\"https:\/\/www.garciafaura.com\/fr\/\",\"logo\":{\"@type\":\"ImageObject\",\"inLanguage\":\"fr-FR\",\"@id\":\"https:\/\/www.garciafaura.com\/fr\/#\/schema\/logo\/image\/\",\"url\":\"https:\/\/www.garciafaura.com\/wp-content\/uploads\/2018\/09\/Garcia-Faura.png\",\"contentUrl\":\"https:\/\/www.garciafaura.com\/wp-content\/uploads\/2018\/09\/Garcia-Faura.png\",\"width\":512,\"height\":512,\"caption\":\"GARCIA FAURA\"},\"image\":{\"@id\":\"https:\/\/www.garciafaura.com\/fr\/#\/schema\/logo\/image\/\"},\"sameAs\":[\"https:\/\/www.youtube.com\/user\/GARCIAFAURA\"]},{\"@type\":\"Person\",\"@id\":\"https:\/\/www.garciafaura.com\/fr\/#\/schema\/person\/b4b75e69b33fac3446071909bec106b0\",\"name\":\"David Achell\",\"image\":{\"@type\":\"ImageObject\",\"inLanguage\":\"fr-FR\",\"@id\":\"https:\/\/www.garciafaura.com\/fr\/#\/schema\/person\/image\/\",\"url\":\"https:\/\/secure.gravatar.com\/avatar\/03900210afc1f61bce737bcb4a79c02e2c997f171e3eca839b5a4cbe03846c90?s=96&d=blank&r=g\",\"contentUrl\":\"https:\/\/secure.gravatar.com\/avatar\/03900210afc1f61bce737bcb4a79c02e2c997f171e3eca839b5a4cbe03846c90?s=96&d=blank&r=g\",\"caption\":\"David Achell\"}}]}<\/script>\n<!-- \/ Yoast SEO plugin. -->","yoast_head_json":{"title":"Menuiseries de GARCIA FAURA pour la r\u00e9habilitation de trois entrep\u00f4ts du Vapor Cort\u00e8s dans la ville de Terrassa - GARCIA FAURA","description":"Arquitectura en Alumini, Inox, Ferro i Vidre","robots":{"index":"index","follow":"follow","max-snippet":"max-snippet:-1","max-image-preview":"max-image-preview:large","max-video-preview":"max-video-preview:-1"},"canonical":"https:\/\/www.garciafaura.com\/fr\/tancaments-de-garcia-faura-per-a-la-rehabilitacio-de-tres-naus-del-vapor-cortes-a-terrassa\/","og_locale":"fr_FR","og_type":"article","og_title":"Menuiseries de GARCIA FAURA pour la r\u00e9habilitation de trois entrep\u00f4ts du Vapor Cort\u00e8s dans la ville de Terrassa - GARCIA FAURA","og_description":"Arquitectura en Alumini, Inox, Ferro i Vidre","og_url":"https:\/\/www.garciafaura.com\/fr\/tancaments-de-garcia-faura-per-a-la-rehabilitacio-de-tres-naus-del-vapor-cortes-a-terrassa\/","og_site_name":"GARCIA FAURA","article_published_time":"2023-07-31T08:44:51+00:00","article_modified_time":"2023-07-31T08:53:31+00:00","og_image":[{"width":1200,"height":628,"url":"https:\/\/www.garciafaura.com\/wp-content\/uploads\/2023\/07\/Vapor-Terrassa-03.jpg","type":"image\/jpeg"}],"author":"David Achell","twitter_card":"summary_large_image","twitter_misc":{"\u00c9crit par":"David Achell","Dur\u00e9e de lecture estim\u00e9e":"2 minutes"},"schema":{"@context":"https:\/\/schema.org","@graph":[{"@type":"Article","@id":"https:\/\/www.garciafaura.com\/fr\/tancaments-de-garcia-faura-per-a-la-rehabilitacio-de-tres-naus-del-vapor-cortes-a-terrassa\/#article","isPartOf":{"@id":"https:\/\/www.garciafaura.com\/fr\/tancaments-de-garcia-faura-per-a-la-rehabilitacio-de-tres-naus-del-vapor-cortes-a-terrassa\/"},"author":{"name":"David Achell","@id":"https:\/\/www.garciafaura.com\/fr\/#\/schema\/person\/b4b75e69b33fac3446071909bec106b0"},"headline":"Menuiseries de GARCIA FAURA pour la r\u00e9habilitation de trois entrep\u00f4ts du Vapor Cort\u00e8s dans la ville de Terrassa","datePublished":"2023-07-31T08:44:51+00:00","dateModified":"2023-07-31T08:53:31+00:00","mainEntityOfPage":{"@id":"https:\/\/www.garciafaura.com\/fr\/tancaments-de-garcia-faura-per-a-la-rehabilitacio-de-tres-naus-del-vapor-cortes-a-terrassa\/"},"wordCount":290,"publisher":{"@id":"https:\/\/www.garciafaura.com\/fr\/#organization"},"image":{"@id":"https:\/\/www.garciafaura.com\/fr\/tancaments-de-garcia-faura-per-a-la-rehabilitacio-de-tres-naus-del-vapor-cortes-a-terrassa\/#primaryimage"},"thumbnailUrl":"https:\/\/www.garciafaura.com\/wp-content\/uploads\/2023\/07\/Vapor-Terrassa-03.jpg","articleSection":["Actualit\u00e9"],"inLanguage":"fr-FR"},{"@type":"WebPage","@id":"https:\/\/www.garciafaura.com\/fr\/tancaments-de-garcia-faura-per-a-la-rehabilitacio-de-tres-naus-del-vapor-cortes-a-terrassa\/","url":"https:\/\/www.garciafaura.com\/fr\/tancaments-de-garcia-faura-per-a-la-rehabilitacio-de-tres-naus-del-vapor-cortes-a-terrassa\/","name":"Menuiseries de GARCIA FAURA pour la r\u00e9habilitation de trois entrep\u00f4ts du Vapor Cort\u00e8s dans la ville de Terrassa - GARCIA FAURA","isPartOf":{"@id":"https:\/\/www.garciafaura.com\/fr\/#website"},"primaryImageOfPage":{"@id":"https:\/\/www.garciafaura.com\/fr\/tancaments-de-garcia-faura-per-a-la-rehabilitacio-de-tres-naus-del-vapor-cortes-a-terrassa\/#primaryimage"},"image":{"@id":"https:\/\/www.garciafaura.com\/fr\/tancaments-de-garcia-faura-per-a-la-rehabilitacio-de-tres-naus-del-vapor-cortes-a-terrassa\/#primaryimage"},"thumbnailUrl":"https:\/\/www.garciafaura.com\/wp-content\/uploads\/2023\/07\/Vapor-Terrassa-03.jpg","datePublished":"2023-07-31T08:44:51+00:00","dateModified":"2023-07-31T08:53:31+00:00","description":"Arquitectura en Alumini, Inox, Ferro i Vidre","breadcrumb":{"@id":"https:\/\/www.garciafaura.com\/fr\/tancaments-de-garcia-faura-per-a-la-rehabilitacio-de-tres-naus-del-vapor-cortes-a-terrassa\/#breadcrumb"},"inLanguage":"fr-FR","potentialAction":[{"@type":"ReadAction","target":["https:\/\/www.garciafaura.com\/fr\/tancaments-de-garcia-faura-per-a-la-rehabilitacio-de-tres-naus-del-vapor-cortes-a-terrassa\/"]}]},{"@type":"ImageObject","inLanguage":"fr-FR","@id":"https:\/\/www.garciafaura.com\/fr\/tancaments-de-garcia-faura-per-a-la-rehabilitacio-de-tres-naus-del-vapor-cortes-a-terrassa\/#primaryimage","url":"https:\/\/www.garciafaura.com\/wp-content\/uploads\/2023\/07\/Vapor-Terrassa-03.jpg","contentUrl":"https:\/\/www.garciafaura.com\/wp-content\/uploads\/2023\/07\/Vapor-Terrassa-03.jpg","width":1200,"height":628},{"@type":"BreadcrumbList","@id":"https:\/\/www.garciafaura.com\/fr\/tancaments-de-garcia-faura-per-a-la-rehabilitacio-de-tres-naus-del-vapor-cortes-a-terrassa\/#breadcrumb","itemListElement":[{"@type":"ListItem","position":1,"name":"Inici","item":"https:\/\/www.garciafaura.com\/fr\/"},{"@type":"ListItem","position":2,"name":"Menuiseries de GARCIA FAURA pour la r\u00e9habilitation de trois entrep\u00f4ts du Vapor Cort\u00e8s dans la ville de Terrassa"}]},{"@type":"WebSite","@id":"https:\/\/www.garciafaura.com\/fr\/#website","url":"https:\/\/www.garciafaura.com\/fr\/","name":"GARCIA FAURA","description":"Arquitectura en Alumini, Inox, Ferro i Vidre","publisher":{"@id":"https:\/\/www.garciafaura.com\/fr\/#organization"},"potentialAction":[{"@type":"SearchAction","target":{"@type":"EntryPoint","urlTemplate":"https:\/\/www.garciafaura.com\/fr\/?s={search_term_string}"},"query-input":{"@type":"PropertyValueSpecification","valueRequired":true,"valueName":"search_term_string"}}],"inLanguage":"fr-FR"},{"@type":"Organization","@id":"https:\/\/www.garciafaura.com\/fr\/#organization","name":"GARCIA FAURA","url":"https:\/\/www.garciafaura.com\/fr\/","logo":{"@type":"ImageObject","inLanguage":"fr-FR","@id":"https:\/\/www.garciafaura.com\/fr\/#\/schema\/logo\/image\/","url":"https:\/\/www.garciafaura.com\/wp-content\/uploads\/2018\/09\/Garcia-Faura.png","contentUrl":"https:\/\/www.garciafaura.com\/wp-content\/uploads\/2018\/09\/Garcia-Faura.png","width":512,"height":512,"caption":"GARCIA FAURA"},"image":{"@id":"https:\/\/www.garciafaura.com\/fr\/#\/schema\/logo\/image\/"},"sameAs":["https:\/\/www.youtube.com\/user\/GARCIAFAURA"]},{"@type":"Person","@id":"https:\/\/www.garciafaura.com\/fr\/#\/schema\/person\/b4b75e69b33fac3446071909bec106b0","name":"David Achell","image":{"@type":"ImageObject","inLanguage":"fr-FR","@id":"https:\/\/www.garciafaura.com\/fr\/#\/schema\/person\/image\/","url":"https:\/\/secure.gravatar.com\/avatar\/03900210afc1f61bce737bcb4a79c02e2c997f171e3eca839b5a4cbe03846c90?s=96&d=blank&r=g","contentUrl":"https:\/\/secure.gravatar.com\/avatar\/03900210afc1f61bce737bcb4a79c02e2c997f171e3eca839b5a4cbe03846c90?s=96&d=blank&r=g","caption":"David Achell"}}]}},"_links":{"self":[{"href":"https:\/\/www.garciafaura.com\/fr\/wp-json\/wp\/v2\/posts\/32442","targetHints":{"allow":["GET"]}}],"collection":[{"href":"https:\/\/www.garciafaura.com\/fr\/wp-json\/wp\/v2\/posts"}],"about":[{"href":"https:\/\/www.garciafaura.com\/fr\/wp-json\/wp\/v2\/types\/post"}],"author":[{"embeddable":true,"href":"https:\/\/www.garciafaura.com\/fr\/wp-json\/wp\/v2\/users\/3"}],"replies":[{"embeddable":true,"href":"https:\/\/www.garciafaura.com\/fr\/wp-json\/wp\/v2\/comments?post=32442"}],"version-history":[{"count":3,"href":"https:\/\/www.garciafaura.com\/fr\/wp-json\/wp\/v2\/posts\/32442\/revisions"}],"predecessor-version":[{"id":32450,"href":"https:\/\/www.garciafaura.com\/fr\/wp-json\/wp\/v2\/posts\/32442\/revisions\/32450"}],"wp:featuredmedia":[{"embeddable":true,"href":"https:\/\/www.garciafaura.com\/fr\/wp-json\/wp\/v2\/media\/32325"}],"wp:attachment":[{"href":"https:\/\/www.garciafaura.com\/fr\/wp-json\/wp\/v2\/media?parent=32442"}],"wp:term":[{"taxonomy":"category","embeddable":true,"href":"https:\/\/www.garciafaura.com\/fr\/wp-json\/wp\/v2\/categories?post=32442"},{"taxonomy":"post_tag","embeddable":true,"href":"https:\/\/www.garciafaura.com\/fr\/wp-json\/wp\/v2\/tags?post=32442"},{"taxonomy":"post_series","embeddable":true,"href":"https:\/\/www.garciafaura.com\/fr\/wp-json\/wp\/v2\/post_series?post=32442"}],"curies":[{"name":"wp","href":"https:\/\/api.w.org\/{rel}","templated":true}]}}