{"id":32226,"date":"2023-07-10T12:25:32","date_gmt":"2023-07-10T10:25:32","guid":{"rendered":"https:\/\/www.garciafaura.com\/garcia-faura-participa-en-la-rehabilitacio-del-dic-de-recer-del-port-olimpic-de-barcelona\/"},"modified":"2023-07-10T12:31:29","modified_gmt":"2023-07-10T10:31:29","slug":"garcia-faura-participa-en-la-rehabilitacio-del-dic-de-recer-del-port-olimpic-de-barcelona","status":"publish","type":"post","link":"https:\/\/www.garciafaura.com\/fr\/garcia-faura-participa-en-la-rehabilitacio-del-dic-de-recer-del-port-olimpic-de-barcelona\/","title":{"rendered":"GARCIA FAURA participe \u00e0 la r\u00e9habilitation de la digue du Port Olympique de Barcelone"},"content":{"rendered":"<h3><strong>Le Port Olympique de Barcelone a entam\u00e9 la transformation de ses espaces pour devenir un p\u00f4le d&rsquo;attraction de l&rsquo;\u00e9conomie bleue (li\u00e9e \u00e0 la mer, non polluante et bas\u00e9e sur des mod\u00e8les de production et de consommation durables). GARCIA FAURA participe \u00e0 la r\u00e9habilitation des locaux commerciaux et des digues sur la digue.<\/strong><\/h3>\n<p>Avec cette transformation, l&rsquo;objectif est que le Port Olympique s&rsquo;int\u00e8gre \u00e0 la vie de Barcelone, tout en devenant un espace plus convivial pour les citoyens de la capitale catalane, avec la voile populaire, le sport et la proximit\u00e9 comme centres d&rsquo;activit\u00e9s, en plus d&rsquo;offrir de nouveaux domaines li\u00e9s \u00e0 la promotion \u00e9conomique et \u00e0 la promotion de l&rsquo;\u00e9conomie bleue.<\/p>\n<p>Pour atteindre ces objectifs, des travaux sont en cours sur la r\u00e9habilitation des jet\u00e9es Mestral et Marina, en plus de la digue. Ce dernier a une superficie d&rsquo;environ 2.500 m\u00e8tres carr\u00e9s et, une fois les travaux termin\u00e9s, proposera diff\u00e9rentes activit\u00e9s nautiques et services d&rsquo;\u00e9conomie bleue.<\/p>\n<p>Sous la digue, <strong>GARCIA FAURA<\/strong> intervient dans 31 locaux d&rsquo;activit\u00e9 et dans 70 parcelles, qui serviront \u00e0 allouer 2.638 m\u00e8tres carr\u00e9s \u00e0 l&rsquo;\u00e9conomie bleue. Cette intervention se traduira par l&rsquo;installation de plus de mille m\u00e8tres carr\u00e9s de mur-rideau avec profil\u00e9 en aluminium.<\/p>\n<p>Environ 80 menuiseries en aluminium et verre seront \u00e9galement plac\u00e9es, entre portes ext\u00e9rieures et portes-fen\u00eatres battantes int\u00e9gr\u00e9es au mur-rideau, et plus de 2.000 m\u00e8tres carr\u00e9s de bardage type microcomposite sur une superstructure en acier inoxydable.<\/p>\n<p>Une fois les travaux des locaux commerciaux soient termin\u00e9s, la digue sera urbanis\u00e9e pour devenir une promenade, enti\u00e8rement accessible depuis le port et depuis la ville, qui laissera place \u00e0 un belv\u00e9d\u00e8re d&rsquo;environ 500 m\u00e8tres de longueur reli\u00e9 aux quais inf\u00e9rieurs par deux escaliers.<\/p>\n","protected":false},"excerpt":{"rendered":"<p>Le Port Olympique de Barcelone a entam\u00e9 la transformation de ses espaces pour devenir un p\u00f4le d&rsquo;attraction de l&rsquo;\u00e9conomie bleue (li\u00e9e \u00e0 la mer, non polluante et bas\u00e9e sur des mod\u00e8les de production et de consommation durables). GARCIA FAURA participe&hellip;<\/p>\n","protected":false},"author":3,"featured_media":32127,"comment_status":"closed","ping_status":"open","sticky":false,"template":"","format":"gallery","meta":{"footnotes":""},"categories":[2],"tags":[],"post_series":[],"class_list":["post-32226","post","type-post","status-publish","format-gallery","has-post-thumbnail","hentry","category-actualite","post_format-post-format-gallery","entry","has-media"],"yoast_head":"<!-- This site is optimized with the Yoast SEO plugin v26.7 - https:\/\/yoast.com\/wordpress\/plugins\/seo\/ -->\n<title>GARCIA FAURA participe \u00e0 la r\u00e9habilitation de la digue du Port Olympique de Barcelone - GARCIA FAURA<\/title>\n<meta name=\"description\" content=\"Arquitectura en Alumini, Inox, Ferro i Vidre\" \/>\n<meta name=\"robots\" content=\"index, follow, max-snippet:-1, max-image-preview:large, max-video-preview:-1\" \/>\n<link rel=\"canonical\" href=\"https:\/\/www.garciafaura.com\/fr\/garcia-faura-participa-en-la-rehabilitacio-del-dic-de-recer-del-port-olimpic-de-barcelona\/\" \/>\n<meta property=\"og:locale\" content=\"fr_FR\" \/>\n<meta property=\"og:type\" content=\"article\" \/>\n<meta property=\"og:title\" content=\"GARCIA FAURA participe \u00e0 la r\u00e9habilitation de la digue du Port Olympique de Barcelone - GARCIA FAURA\" \/>\n<meta property=\"og:description\" content=\"Arquitectura en Alumini, Inox, Ferro i Vidre\" \/>\n<meta property=\"og:url\" content=\"https:\/\/www.garciafaura.com\/fr\/garcia-faura-participa-en-la-rehabilitacio-del-dic-de-recer-del-port-olimpic-de-barcelona\/\" \/>\n<meta property=\"og:site_name\" content=\"GARCIA FAURA\" \/>\n<meta property=\"article:published_time\" content=\"2023-07-10T10:25:32+00:00\" \/>\n<meta property=\"article:modified_time\" content=\"2023-07-10T10:31:29+00:00\" \/>\n<meta property=\"og:image\" content=\"https:\/\/www.garciafaura.com\/wp-content\/uploads\/2023\/06\/DicRecer02-bona.jpg\" \/>\n\t<meta property=\"og:image:width\" content=\"1200\" \/>\n\t<meta property=\"og:image:height\" content=\"628\" \/>\n\t<meta property=\"og:image:type\" content=\"image\/jpeg\" \/>\n<meta name=\"author\" content=\"David Achell\" \/>\n<meta name=\"twitter:card\" content=\"summary_large_image\" \/>\n<meta name=\"twitter:label1\" content=\"\u00c9crit par\" \/>\n\t<meta name=\"twitter:data1\" content=\"David Achell\" \/>\n\t<meta name=\"twitter:label2\" content=\"Dur\u00e9e de lecture estim\u00e9e\" \/>\n\t<meta name=\"twitter:data2\" content=\"2 minutes\" \/>\n<script type=\"application\/ld+json\" class=\"yoast-schema-graph\">{\"@context\":\"https:\/\/schema.org\",\"@graph\":[{\"@type\":\"Article\",\"@id\":\"https:\/\/www.garciafaura.com\/fr\/garcia-faura-participa-en-la-rehabilitacio-del-dic-de-recer-del-port-olimpic-de-barcelona\/#article\",\"isPartOf\":{\"@id\":\"https:\/\/www.garciafaura.com\/fr\/garcia-faura-participa-en-la-rehabilitacio-del-dic-de-recer-del-port-olimpic-de-barcelona\/\"},\"author\":{\"name\":\"David Achell\",\"@id\":\"https:\/\/www.garciafaura.com\/fr\/#\/schema\/person\/b4b75e69b33fac3446071909bec106b0\"},\"headline\":\"GARCIA FAURA participe \u00e0 la r\u00e9habilitation de la digue du Port Olympique de Barcelone\",\"datePublished\":\"2023-07-10T10:25:32+00:00\",\"dateModified\":\"2023-07-10T10:31:29+00:00\",\"mainEntityOfPage\":{\"@id\":\"https:\/\/www.garciafaura.com\/fr\/garcia-faura-participa-en-la-rehabilitacio-del-dic-de-recer-del-port-olimpic-de-barcelona\/\"},\"wordCount\":322,\"publisher\":{\"@id\":\"https:\/\/www.garciafaura.com\/fr\/#organization\"},\"image\":{\"@id\":\"https:\/\/www.garciafaura.com\/fr\/garcia-faura-participa-en-la-rehabilitacio-del-dic-de-recer-del-port-olimpic-de-barcelona\/#primaryimage\"},\"thumbnailUrl\":\"https:\/\/www.garciafaura.com\/wp-content\/uploads\/2023\/06\/DicRecer02-bona.jpg\",\"articleSection\":[\"Actualit\u00e9\"],\"inLanguage\":\"fr-FR\"},{\"@type\":\"WebPage\",\"@id\":\"https:\/\/www.garciafaura.com\/fr\/garcia-faura-participa-en-la-rehabilitacio-del-dic-de-recer-del-port-olimpic-de-barcelona\/\",\"url\":\"https:\/\/www.garciafaura.com\/fr\/garcia-faura-participa-en-la-rehabilitacio-del-dic-de-recer-del-port-olimpic-de-barcelona\/\",\"name\":\"GARCIA FAURA participe \u00e0 la r\u00e9habilitation de la digue du Port Olympique de Barcelone - GARCIA FAURA\",\"isPartOf\":{\"@id\":\"https:\/\/www.garciafaura.com\/fr\/#website\"},\"primaryImageOfPage\":{\"@id\":\"https:\/\/www.garciafaura.com\/fr\/garcia-faura-participa-en-la-rehabilitacio-del-dic-de-recer-del-port-olimpic-de-barcelona\/#primaryimage\"},\"image\":{\"@id\":\"https:\/\/www.garciafaura.com\/fr\/garcia-faura-participa-en-la-rehabilitacio-del-dic-de-recer-del-port-olimpic-de-barcelona\/#primaryimage\"},\"thumbnailUrl\":\"https:\/\/www.garciafaura.com\/wp-content\/uploads\/2023\/06\/DicRecer02-bona.jpg\",\"datePublished\":\"2023-07-10T10:25:32+00:00\",\"dateModified\":\"2023-07-10T10:31:29+00:00\",\"description\":\"Arquitectura en Alumini, Inox, Ferro i Vidre\",\"breadcrumb\":{\"@id\":\"https:\/\/www.garciafaura.com\/fr\/garcia-faura-participa-en-la-rehabilitacio-del-dic-de-recer-del-port-olimpic-de-barcelona\/#breadcrumb\"},\"inLanguage\":\"fr-FR\",\"potentialAction\":[{\"@type\":\"ReadAction\",\"target\":[\"https:\/\/www.garciafaura.com\/fr\/garcia-faura-participa-en-la-rehabilitacio-del-dic-de-recer-del-port-olimpic-de-barcelona\/\"]}]},{\"@type\":\"ImageObject\",\"inLanguage\":\"fr-FR\",\"@id\":\"https:\/\/www.garciafaura.com\/fr\/garcia-faura-participa-en-la-rehabilitacio-del-dic-de-recer-del-port-olimpic-de-barcelona\/#primaryimage\",\"url\":\"https:\/\/www.garciafaura.com\/wp-content\/uploads\/2023\/06\/DicRecer02-bona.jpg\",\"contentUrl\":\"https:\/\/www.garciafaura.com\/wp-content\/uploads\/2023\/06\/DicRecer02-bona.jpg\",\"width\":1200,\"height\":628},{\"@type\":\"BreadcrumbList\",\"@id\":\"https:\/\/www.garciafaura.com\/fr\/garcia-faura-participa-en-la-rehabilitacio-del-dic-de-recer-del-port-olimpic-de-barcelona\/#breadcrumb\",\"itemListElement\":[{\"@type\":\"ListItem\",\"position\":1,\"name\":\"Inici\",\"item\":\"https:\/\/www.garciafaura.com\/fr\/\"},{\"@type\":\"ListItem\",\"position\":2,\"name\":\"GARCIA FAURA participe \u00e0 la r\u00e9habilitation de la digue du Port Olympique de Barcelone\"}]},{\"@type\":\"WebSite\",\"@id\":\"https:\/\/www.garciafaura.com\/fr\/#website\",\"url\":\"https:\/\/www.garciafaura.com\/fr\/\",\"name\":\"GARCIA FAURA\",\"description\":\"Arquitectura en Alumini, Inox, Ferro i Vidre\",\"publisher\":{\"@id\":\"https:\/\/www.garciafaura.com\/fr\/#organization\"},\"potentialAction\":[{\"@type\":\"SearchAction\",\"target\":{\"@type\":\"EntryPoint\",\"urlTemplate\":\"https:\/\/www.garciafaura.com\/fr\/?s={search_term_string}\"},\"query-input\":{\"@type\":\"PropertyValueSpecification\",\"valueRequired\":true,\"valueName\":\"search_term_string\"}}],\"inLanguage\":\"fr-FR\"},{\"@type\":\"Organization\",\"@id\":\"https:\/\/www.garciafaura.com\/fr\/#organization\",\"name\":\"GARCIA FAURA\",\"url\":\"https:\/\/www.garciafaura.com\/fr\/\",\"logo\":{\"@type\":\"ImageObject\",\"inLanguage\":\"fr-FR\",\"@id\":\"https:\/\/www.garciafaura.com\/fr\/#\/schema\/logo\/image\/\",\"url\":\"https:\/\/www.garciafaura.com\/wp-content\/uploads\/2018\/09\/Garcia-Faura.png\",\"contentUrl\":\"https:\/\/www.garciafaura.com\/wp-content\/uploads\/2018\/09\/Garcia-Faura.png\",\"width\":512,\"height\":512,\"caption\":\"GARCIA FAURA\"},\"image\":{\"@id\":\"https:\/\/www.garciafaura.com\/fr\/#\/schema\/logo\/image\/\"},\"sameAs\":[\"https:\/\/www.youtube.com\/user\/GARCIAFAURA\"]},{\"@type\":\"Person\",\"@id\":\"https:\/\/www.garciafaura.com\/fr\/#\/schema\/person\/b4b75e69b33fac3446071909bec106b0\",\"name\":\"David Achell\",\"image\":{\"@type\":\"ImageObject\",\"inLanguage\":\"fr-FR\",\"@id\":\"https:\/\/www.garciafaura.com\/fr\/#\/schema\/person\/image\/\",\"url\":\"https:\/\/secure.gravatar.com\/avatar\/03900210afc1f61bce737bcb4a79c02e2c997f171e3eca839b5a4cbe03846c90?s=96&d=blank&r=g\",\"contentUrl\":\"https:\/\/secure.gravatar.com\/avatar\/03900210afc1f61bce737bcb4a79c02e2c997f171e3eca839b5a4cbe03846c90?s=96&d=blank&r=g\",\"caption\":\"David Achell\"}}]}<\/script>\n<!-- \/ Yoast SEO plugin. -->","yoast_head_json":{"title":"GARCIA FAURA participe \u00e0 la r\u00e9habilitation de la digue du Port Olympique de Barcelone - GARCIA FAURA","description":"Arquitectura en Alumini, Inox, Ferro i Vidre","robots":{"index":"index","follow":"follow","max-snippet":"max-snippet:-1","max-image-preview":"max-image-preview:large","max-video-preview":"max-video-preview:-1"},"canonical":"https:\/\/www.garciafaura.com\/fr\/garcia-faura-participa-en-la-rehabilitacio-del-dic-de-recer-del-port-olimpic-de-barcelona\/","og_locale":"fr_FR","og_type":"article","og_title":"GARCIA FAURA participe \u00e0 la r\u00e9habilitation de la digue du Port Olympique de Barcelone - GARCIA FAURA","og_description":"Arquitectura en Alumini, Inox, Ferro i Vidre","og_url":"https:\/\/www.garciafaura.com\/fr\/garcia-faura-participa-en-la-rehabilitacio-del-dic-de-recer-del-port-olimpic-de-barcelona\/","og_site_name":"GARCIA FAURA","article_published_time":"2023-07-10T10:25:32+00:00","article_modified_time":"2023-07-10T10:31:29+00:00","og_image":[{"width":1200,"height":628,"url":"https:\/\/www.garciafaura.com\/wp-content\/uploads\/2023\/06\/DicRecer02-bona.jpg","type":"image\/jpeg"}],"author":"David Achell","twitter_card":"summary_large_image","twitter_misc":{"\u00c9crit par":"David Achell","Dur\u00e9e de lecture estim\u00e9e":"2 minutes"},"schema":{"@context":"https:\/\/schema.org","@graph":[{"@type":"Article","@id":"https:\/\/www.garciafaura.com\/fr\/garcia-faura-participa-en-la-rehabilitacio-del-dic-de-recer-del-port-olimpic-de-barcelona\/#article","isPartOf":{"@id":"https:\/\/www.garciafaura.com\/fr\/garcia-faura-participa-en-la-rehabilitacio-del-dic-de-recer-del-port-olimpic-de-barcelona\/"},"author":{"name":"David Achell","@id":"https:\/\/www.garciafaura.com\/fr\/#\/schema\/person\/b4b75e69b33fac3446071909bec106b0"},"headline":"GARCIA FAURA participe \u00e0 la r\u00e9habilitation de la digue du Port Olympique de Barcelone","datePublished":"2023-07-10T10:25:32+00:00","dateModified":"2023-07-10T10:31:29+00:00","mainEntityOfPage":{"@id":"https:\/\/www.garciafaura.com\/fr\/garcia-faura-participa-en-la-rehabilitacio-del-dic-de-recer-del-port-olimpic-de-barcelona\/"},"wordCount":322,"publisher":{"@id":"https:\/\/www.garciafaura.com\/fr\/#organization"},"image":{"@id":"https:\/\/www.garciafaura.com\/fr\/garcia-faura-participa-en-la-rehabilitacio-del-dic-de-recer-del-port-olimpic-de-barcelona\/#primaryimage"},"thumbnailUrl":"https:\/\/www.garciafaura.com\/wp-content\/uploads\/2023\/06\/DicRecer02-bona.jpg","articleSection":["Actualit\u00e9"],"inLanguage":"fr-FR"},{"@type":"WebPage","@id":"https:\/\/www.garciafaura.com\/fr\/garcia-faura-participa-en-la-rehabilitacio-del-dic-de-recer-del-port-olimpic-de-barcelona\/","url":"https:\/\/www.garciafaura.com\/fr\/garcia-faura-participa-en-la-rehabilitacio-del-dic-de-recer-del-port-olimpic-de-barcelona\/","name":"GARCIA FAURA participe \u00e0 la r\u00e9habilitation de la digue du Port Olympique de Barcelone - GARCIA FAURA","isPartOf":{"@id":"https:\/\/www.garciafaura.com\/fr\/#website"},"primaryImageOfPage":{"@id":"https:\/\/www.garciafaura.com\/fr\/garcia-faura-participa-en-la-rehabilitacio-del-dic-de-recer-del-port-olimpic-de-barcelona\/#primaryimage"},"image":{"@id":"https:\/\/www.garciafaura.com\/fr\/garcia-faura-participa-en-la-rehabilitacio-del-dic-de-recer-del-port-olimpic-de-barcelona\/#primaryimage"},"thumbnailUrl":"https:\/\/www.garciafaura.com\/wp-content\/uploads\/2023\/06\/DicRecer02-bona.jpg","datePublished":"2023-07-10T10:25:32+00:00","dateModified":"2023-07-10T10:31:29+00:00","description":"Arquitectura en Alumini, Inox, Ferro i Vidre","breadcrumb":{"@id":"https:\/\/www.garciafaura.com\/fr\/garcia-faura-participa-en-la-rehabilitacio-del-dic-de-recer-del-port-olimpic-de-barcelona\/#breadcrumb"},"inLanguage":"fr-FR","potentialAction":[{"@type":"ReadAction","target":["https:\/\/www.garciafaura.com\/fr\/garcia-faura-participa-en-la-rehabilitacio-del-dic-de-recer-del-port-olimpic-de-barcelona\/"]}]},{"@type":"ImageObject","inLanguage":"fr-FR","@id":"https:\/\/www.garciafaura.com\/fr\/garcia-faura-participa-en-la-rehabilitacio-del-dic-de-recer-del-port-olimpic-de-barcelona\/#primaryimage","url":"https:\/\/www.garciafaura.com\/wp-content\/uploads\/2023\/06\/DicRecer02-bona.jpg","contentUrl":"https:\/\/www.garciafaura.com\/wp-content\/uploads\/2023\/06\/DicRecer02-bona.jpg","width":1200,"height":628},{"@type":"BreadcrumbList","@id":"https:\/\/www.garciafaura.com\/fr\/garcia-faura-participa-en-la-rehabilitacio-del-dic-de-recer-del-port-olimpic-de-barcelona\/#breadcrumb","itemListElement":[{"@type":"ListItem","position":1,"name":"Inici","item":"https:\/\/www.garciafaura.com\/fr\/"},{"@type":"ListItem","position":2,"name":"GARCIA FAURA participe \u00e0 la r\u00e9habilitation de la digue du Port Olympique de Barcelone"}]},{"@type":"WebSite","@id":"https:\/\/www.garciafaura.com\/fr\/#website","url":"https:\/\/www.garciafaura.com\/fr\/","name":"GARCIA FAURA","description":"Arquitectura en Alumini, Inox, Ferro i Vidre","publisher":{"@id":"https:\/\/www.garciafaura.com\/fr\/#organization"},"potentialAction":[{"@type":"SearchAction","target":{"@type":"EntryPoint","urlTemplate":"https:\/\/www.garciafaura.com\/fr\/?s={search_term_string}"},"query-input":{"@type":"PropertyValueSpecification","valueRequired":true,"valueName":"search_term_string"}}],"inLanguage":"fr-FR"},{"@type":"Organization","@id":"https:\/\/www.garciafaura.com\/fr\/#organization","name":"GARCIA FAURA","url":"https:\/\/www.garciafaura.com\/fr\/","logo":{"@type":"ImageObject","inLanguage":"fr-FR","@id":"https:\/\/www.garciafaura.com\/fr\/#\/schema\/logo\/image\/","url":"https:\/\/www.garciafaura.com\/wp-content\/uploads\/2018\/09\/Garcia-Faura.png","contentUrl":"https:\/\/www.garciafaura.com\/wp-content\/uploads\/2018\/09\/Garcia-Faura.png","width":512,"height":512,"caption":"GARCIA FAURA"},"image":{"@id":"https:\/\/www.garciafaura.com\/fr\/#\/schema\/logo\/image\/"},"sameAs":["https:\/\/www.youtube.com\/user\/GARCIAFAURA"]},{"@type":"Person","@id":"https:\/\/www.garciafaura.com\/fr\/#\/schema\/person\/b4b75e69b33fac3446071909bec106b0","name":"David Achell","image":{"@type":"ImageObject","inLanguage":"fr-FR","@id":"https:\/\/www.garciafaura.com\/fr\/#\/schema\/person\/image\/","url":"https:\/\/secure.gravatar.com\/avatar\/03900210afc1f61bce737bcb4a79c02e2c997f171e3eca839b5a4cbe03846c90?s=96&d=blank&r=g","contentUrl":"https:\/\/secure.gravatar.com\/avatar\/03900210afc1f61bce737bcb4a79c02e2c997f171e3eca839b5a4cbe03846c90?s=96&d=blank&r=g","caption":"David Achell"}}]}},"_links":{"self":[{"href":"https:\/\/www.garciafaura.com\/fr\/wp-json\/wp\/v2\/posts\/32226","targetHints":{"allow":["GET"]}}],"collection":[{"href":"https:\/\/www.garciafaura.com\/fr\/wp-json\/wp\/v2\/posts"}],"about":[{"href":"https:\/\/www.garciafaura.com\/fr\/wp-json\/wp\/v2\/types\/post"}],"author":[{"embeddable":true,"href":"https:\/\/www.garciafaura.com\/fr\/wp-json\/wp\/v2\/users\/3"}],"replies":[{"embeddable":true,"href":"https:\/\/www.garciafaura.com\/fr\/wp-json\/wp\/v2\/comments?post=32226"}],"version-history":[{"count":2,"href":"https:\/\/www.garciafaura.com\/fr\/wp-json\/wp\/v2\/posts\/32226\/revisions"}],"predecessor-version":[{"id":32233,"href":"https:\/\/www.garciafaura.com\/fr\/wp-json\/wp\/v2\/posts\/32226\/revisions\/32233"}],"wp:featuredmedia":[{"embeddable":true,"href":"https:\/\/www.garciafaura.com\/fr\/wp-json\/wp\/v2\/media\/32127"}],"wp:attachment":[{"href":"https:\/\/www.garciafaura.com\/fr\/wp-json\/wp\/v2\/media?parent=32226"}],"wp:term":[{"taxonomy":"category","embeddable":true,"href":"https:\/\/www.garciafaura.com\/fr\/wp-json\/wp\/v2\/categories?post=32226"},{"taxonomy":"post_tag","embeddable":true,"href":"https:\/\/www.garciafaura.com\/fr\/wp-json\/wp\/v2\/tags?post=32226"},{"taxonomy":"post_series","embeddable":true,"href":"https:\/\/www.garciafaura.com\/fr\/wp-json\/wp\/v2\/post_series?post=32226"}],"curies":[{"name":"wp","href":"https:\/\/api.w.org\/{rel}","templated":true}]}}