{"id":32213,"date":"2023-06-26T11:42:20","date_gmt":"2023-06-26T09:42:20","guid":{"rendered":"https:\/\/www.garciafaura.com\/tancaments-daltes-prestacions-per-a-la-reforma-de-dos-centres-educatius-de-barcelona\/"},"modified":"2023-06-26T11:48:56","modified_gmt":"2023-06-26T09:48:56","slug":"tancaments-daltes-prestacions-per-a-la-reforma-de-dos-centres-educatius-de-barcelona","status":"publish","type":"post","link":"https:\/\/www.garciafaura.com\/fr\/tancaments-daltes-prestacions-per-a-la-reforma-de-dos-centres-educatius-de-barcelona\/","title":{"rendered":"Menuiseries de hautes prestations pour la reforme de deux centres \u00e9ducatifs \u00e0 Barcelone"},"content":{"rendered":"<h3 style=\"text-align: justify;\"><strong>GARCIA FAURA a commenc\u00e9 \u00e0 remplacer les menuiseries ext\u00e9rieures de deux \u00e9coles secondaires \u00e0 Barcelone. L&rsquo;objectif est d&rsquo;am\u00e9liorer les performances thermiques et acoustiques des deux \u00e9quipements et d&rsquo;offrir un plus grand confort aux personnes qui les utilisent.<\/strong><\/h3>\n<p style=\"text-align: justify;\">Profitant de la fin de l&rsquo;ann\u00e9e scolaire, <strong>GARCIA FAURA<\/strong> a commenc\u00e9 \u00e0 travailler dans les lyc\u00e9es Ferran Tallada et Rambla Prim \u00e0 Barcelone. Ce sont deux interventions promues par le Barcelona Education Consortium, une organisation qui promeut la r\u00e9habilitation et l&rsquo;am\u00e9lioration des centres \u00e9ducatifs de la capitale catalane.<\/p>\n<p style=\"text-align: justify;\">Dans le cas de l&rsquo;IES Ferran Tallada, situ\u00e9 au num\u00e9ro 54 de la rue Gran Vista, dans le quartier Horta-Guinard\u00f3, <strong>GARCIA FAURA<\/strong> ex\u00e9cute une soixantaine de <strong>menuiseries individuelles et conjointes, avec des fen\u00eatres coulissantes, basculantes et fixes, avec des profil\u00e9s en aluminium \u00e0 rupture de pont thermique et vitrage haute performance<\/strong>.<\/p>\n<p style=\"text-align: justify;\">En ce qui concerne l&rsquo;IES Rambla Prim, situ\u00e9 au num\u00e9ro 223 de la rue Crist\u00f3bal de Moura, dans le quartier de Sant Mart\u00ed, <strong>GARCIA FAURA<\/strong> change 125 <strong>menuiseries, fixes, coulissantes et battantes, avec des profil\u00e9s en aluminium \u00e0 rupture de pont thermique et lame cach\u00e9e<\/strong>. L&rsquo;esth\u00e9tique des nouvelles <strong>menuiseries<\/strong> maximisera la surface vitr\u00e9e et favorisera ainsi l&rsquo;entr\u00e9e de la lumi\u00e8re naturelle dans les salles de classe.<\/p>\n<p style=\"text-align: justify;\">Dans les deux cas, les nouvelles <strong>menuiseries<\/strong> recherchent des performances thermiques et acoustiques maximales pour garantir des b\u00e2timents plus performants et un plus grand confort pour les \u00e9tudiants et les enseignants.<\/p>\n","protected":false},"excerpt":{"rendered":"<p>GARCIA FAURA a commenc\u00e9 \u00e0 remplacer les menuiseries ext\u00e9rieures de deux \u00e9coles secondaires \u00e0 Barcelone. L&rsquo;objectif est d&rsquo;am\u00e9liorer les performances thermiques et acoustiques des deux \u00e9quipements et d&rsquo;offrir un plus grand confort aux personnes qui les utilisent. Profitant de la&hellip;<\/p>\n","protected":false},"author":3,"featured_media":32209,"comment_status":"closed","ping_status":"open","sticky":false,"template":"","format":"gallery","meta":{"footnotes":""},"categories":[2],"tags":[],"post_series":[],"class_list":["post-32213","post","type-post","status-publish","format-gallery","has-post-thumbnail","hentry","category-actualite","post_format-post-format-gallery","entry","has-media"],"yoast_head":"<!-- This site is optimized with the Yoast SEO plugin v26.7 - https:\/\/yoast.com\/wordpress\/plugins\/seo\/ -->\n<title>Menuiseries de hautes prestations pour la reforme de deux centres \u00e9ducatifs \u00e0 Barcelone - GARCIA FAURA<\/title>\n<meta name=\"description\" content=\"Arquitectura en Alumini, Inox, Ferro i Vidre\" \/>\n<meta name=\"robots\" content=\"index, follow, max-snippet:-1, max-image-preview:large, max-video-preview:-1\" \/>\n<link rel=\"canonical\" href=\"https:\/\/www.garciafaura.com\/fr\/tancaments-daltes-prestacions-per-a-la-reforma-de-dos-centres-educatius-de-barcelona\/\" \/>\n<meta property=\"og:locale\" content=\"fr_FR\" \/>\n<meta property=\"og:type\" content=\"article\" \/>\n<meta property=\"og:title\" content=\"Menuiseries de hautes prestations pour la reforme de deux centres \u00e9ducatifs \u00e0 Barcelone - GARCIA FAURA\" \/>\n<meta property=\"og:description\" content=\"Arquitectura en Alumini, Inox, Ferro i Vidre\" \/>\n<meta property=\"og:url\" content=\"https:\/\/www.garciafaura.com\/fr\/tancaments-daltes-prestacions-per-a-la-reforma-de-dos-centres-educatius-de-barcelona\/\" \/>\n<meta property=\"og:site_name\" content=\"GARCIA FAURA\" \/>\n<meta property=\"article:published_time\" content=\"2023-06-26T09:42:20+00:00\" \/>\n<meta property=\"article:modified_time\" content=\"2023-06-26T09:48:56+00:00\" \/>\n<meta property=\"og:image\" content=\"https:\/\/www.garciafaura.com\/wp-content\/uploads\/2023\/06\/InstitutRamblaPrim_FotoAjuntamentBarcelona.jpeg\" \/>\n\t<meta property=\"og:image:width\" content=\"1600\" \/>\n\t<meta property=\"og:image:height\" content=\"900\" \/>\n\t<meta property=\"og:image:type\" content=\"image\/jpeg\" \/>\n<meta name=\"author\" content=\"David Achell\" \/>\n<meta name=\"twitter:card\" content=\"summary_large_image\" \/>\n<meta name=\"twitter:label1\" content=\"\u00c9crit par\" \/>\n\t<meta name=\"twitter:data1\" content=\"David Achell\" \/>\n\t<meta name=\"twitter:label2\" content=\"Dur\u00e9e de lecture estim\u00e9e\" \/>\n\t<meta name=\"twitter:data2\" content=\"2 minutes\" \/>\n<script type=\"application\/ld+json\" class=\"yoast-schema-graph\">{\"@context\":\"https:\/\/schema.org\",\"@graph\":[{\"@type\":\"Article\",\"@id\":\"https:\/\/www.garciafaura.com\/fr\/tancaments-daltes-prestacions-per-a-la-reforma-de-dos-centres-educatius-de-barcelona\/#article\",\"isPartOf\":{\"@id\":\"https:\/\/www.garciafaura.com\/fr\/tancaments-daltes-prestacions-per-a-la-reforma-de-dos-centres-educatius-de-barcelona\/\"},\"author\":{\"name\":\"David Achell\",\"@id\":\"https:\/\/www.garciafaura.com\/fr\/#\/schema\/person\/b4b75e69b33fac3446071909bec106b0\"},\"headline\":\"Menuiseries de hautes prestations pour la reforme de deux centres \u00e9ducatifs \u00e0 Barcelone\",\"datePublished\":\"2023-06-26T09:42:20+00:00\",\"dateModified\":\"2023-06-26T09:48:56+00:00\",\"mainEntityOfPage\":{\"@id\":\"https:\/\/www.garciafaura.com\/fr\/tancaments-daltes-prestacions-per-a-la-reforma-de-dos-centres-educatius-de-barcelona\/\"},\"wordCount\":264,\"publisher\":{\"@id\":\"https:\/\/www.garciafaura.com\/fr\/#organization\"},\"image\":{\"@id\":\"https:\/\/www.garciafaura.com\/fr\/tancaments-daltes-prestacions-per-a-la-reforma-de-dos-centres-educatius-de-barcelona\/#primaryimage\"},\"thumbnailUrl\":\"https:\/\/www.garciafaura.com\/wp-content\/uploads\/2023\/06\/InstitutRamblaPrim_FotoAjuntamentBarcelona.jpeg\",\"articleSection\":[\"Actualit\u00e9\"],\"inLanguage\":\"fr-FR\"},{\"@type\":\"WebPage\",\"@id\":\"https:\/\/www.garciafaura.com\/fr\/tancaments-daltes-prestacions-per-a-la-reforma-de-dos-centres-educatius-de-barcelona\/\",\"url\":\"https:\/\/www.garciafaura.com\/fr\/tancaments-daltes-prestacions-per-a-la-reforma-de-dos-centres-educatius-de-barcelona\/\",\"name\":\"Menuiseries de hautes prestations pour la reforme de deux centres \u00e9ducatifs \u00e0 Barcelone - GARCIA FAURA\",\"isPartOf\":{\"@id\":\"https:\/\/www.garciafaura.com\/fr\/#website\"},\"primaryImageOfPage\":{\"@id\":\"https:\/\/www.garciafaura.com\/fr\/tancaments-daltes-prestacions-per-a-la-reforma-de-dos-centres-educatius-de-barcelona\/#primaryimage\"},\"image\":{\"@id\":\"https:\/\/www.garciafaura.com\/fr\/tancaments-daltes-prestacions-per-a-la-reforma-de-dos-centres-educatius-de-barcelona\/#primaryimage\"},\"thumbnailUrl\":\"https:\/\/www.garciafaura.com\/wp-content\/uploads\/2023\/06\/InstitutRamblaPrim_FotoAjuntamentBarcelona.jpeg\",\"datePublished\":\"2023-06-26T09:42:20+00:00\",\"dateModified\":\"2023-06-26T09:48:56+00:00\",\"description\":\"Arquitectura en Alumini, Inox, Ferro i Vidre\",\"breadcrumb\":{\"@id\":\"https:\/\/www.garciafaura.com\/fr\/tancaments-daltes-prestacions-per-a-la-reforma-de-dos-centres-educatius-de-barcelona\/#breadcrumb\"},\"inLanguage\":\"fr-FR\",\"potentialAction\":[{\"@type\":\"ReadAction\",\"target\":[\"https:\/\/www.garciafaura.com\/fr\/tancaments-daltes-prestacions-per-a-la-reforma-de-dos-centres-educatius-de-barcelona\/\"]}]},{\"@type\":\"ImageObject\",\"inLanguage\":\"fr-FR\",\"@id\":\"https:\/\/www.garciafaura.com\/fr\/tancaments-daltes-prestacions-per-a-la-reforma-de-dos-centres-educatius-de-barcelona\/#primaryimage\",\"url\":\"https:\/\/www.garciafaura.com\/wp-content\/uploads\/2023\/06\/InstitutRamblaPrim_FotoAjuntamentBarcelona.jpeg\",\"contentUrl\":\"https:\/\/www.garciafaura.com\/wp-content\/uploads\/2023\/06\/InstitutRamblaPrim_FotoAjuntamentBarcelona.jpeg\",\"width\":1600,\"height\":900},{\"@type\":\"BreadcrumbList\",\"@id\":\"https:\/\/www.garciafaura.com\/fr\/tancaments-daltes-prestacions-per-a-la-reforma-de-dos-centres-educatius-de-barcelona\/#breadcrumb\",\"itemListElement\":[{\"@type\":\"ListItem\",\"position\":1,\"name\":\"Inici\",\"item\":\"https:\/\/www.garciafaura.com\/fr\/\"},{\"@type\":\"ListItem\",\"position\":2,\"name\":\"Menuiseries de hautes prestations pour la reforme de deux centres \u00e9ducatifs \u00e0 Barcelone\"}]},{\"@type\":\"WebSite\",\"@id\":\"https:\/\/www.garciafaura.com\/fr\/#website\",\"url\":\"https:\/\/www.garciafaura.com\/fr\/\",\"name\":\"GARCIA FAURA\",\"description\":\"Arquitectura en Alumini, Inox, Ferro i Vidre\",\"publisher\":{\"@id\":\"https:\/\/www.garciafaura.com\/fr\/#organization\"},\"potentialAction\":[{\"@type\":\"SearchAction\",\"target\":{\"@type\":\"EntryPoint\",\"urlTemplate\":\"https:\/\/www.garciafaura.com\/fr\/?s={search_term_string}\"},\"query-input\":{\"@type\":\"PropertyValueSpecification\",\"valueRequired\":true,\"valueName\":\"search_term_string\"}}],\"inLanguage\":\"fr-FR\"},{\"@type\":\"Organization\",\"@id\":\"https:\/\/www.garciafaura.com\/fr\/#organization\",\"name\":\"GARCIA FAURA\",\"url\":\"https:\/\/www.garciafaura.com\/fr\/\",\"logo\":{\"@type\":\"ImageObject\",\"inLanguage\":\"fr-FR\",\"@id\":\"https:\/\/www.garciafaura.com\/fr\/#\/schema\/logo\/image\/\",\"url\":\"https:\/\/www.garciafaura.com\/wp-content\/uploads\/2018\/09\/Garcia-Faura.png\",\"contentUrl\":\"https:\/\/www.garciafaura.com\/wp-content\/uploads\/2018\/09\/Garcia-Faura.png\",\"width\":512,\"height\":512,\"caption\":\"GARCIA FAURA\"},\"image\":{\"@id\":\"https:\/\/www.garciafaura.com\/fr\/#\/schema\/logo\/image\/\"},\"sameAs\":[\"https:\/\/www.youtube.com\/user\/GARCIAFAURA\"]},{\"@type\":\"Person\",\"@id\":\"https:\/\/www.garciafaura.com\/fr\/#\/schema\/person\/b4b75e69b33fac3446071909bec106b0\",\"name\":\"David Achell\",\"image\":{\"@type\":\"ImageObject\",\"inLanguage\":\"fr-FR\",\"@id\":\"https:\/\/www.garciafaura.com\/fr\/#\/schema\/person\/image\/\",\"url\":\"https:\/\/secure.gravatar.com\/avatar\/03900210afc1f61bce737bcb4a79c02e2c997f171e3eca839b5a4cbe03846c90?s=96&d=blank&r=g\",\"contentUrl\":\"https:\/\/secure.gravatar.com\/avatar\/03900210afc1f61bce737bcb4a79c02e2c997f171e3eca839b5a4cbe03846c90?s=96&d=blank&r=g\",\"caption\":\"David Achell\"}}]}<\/script>\n<!-- \/ Yoast SEO plugin. -->","yoast_head_json":{"title":"Menuiseries de hautes prestations pour la reforme de deux centres \u00e9ducatifs \u00e0 Barcelone - GARCIA FAURA","description":"Arquitectura en Alumini, Inox, Ferro i Vidre","robots":{"index":"index","follow":"follow","max-snippet":"max-snippet:-1","max-image-preview":"max-image-preview:large","max-video-preview":"max-video-preview:-1"},"canonical":"https:\/\/www.garciafaura.com\/fr\/tancaments-daltes-prestacions-per-a-la-reforma-de-dos-centres-educatius-de-barcelona\/","og_locale":"fr_FR","og_type":"article","og_title":"Menuiseries de hautes prestations pour la reforme de deux centres \u00e9ducatifs \u00e0 Barcelone - GARCIA FAURA","og_description":"Arquitectura en Alumini, Inox, Ferro i Vidre","og_url":"https:\/\/www.garciafaura.com\/fr\/tancaments-daltes-prestacions-per-a-la-reforma-de-dos-centres-educatius-de-barcelona\/","og_site_name":"GARCIA FAURA","article_published_time":"2023-06-26T09:42:20+00:00","article_modified_time":"2023-06-26T09:48:56+00:00","og_image":[{"width":1600,"height":900,"url":"https:\/\/www.garciafaura.com\/wp-content\/uploads\/2023\/06\/InstitutRamblaPrim_FotoAjuntamentBarcelona.jpeg","type":"image\/jpeg"}],"author":"David Achell","twitter_card":"summary_large_image","twitter_misc":{"\u00c9crit par":"David Achell","Dur\u00e9e de lecture estim\u00e9e":"2 minutes"},"schema":{"@context":"https:\/\/schema.org","@graph":[{"@type":"Article","@id":"https:\/\/www.garciafaura.com\/fr\/tancaments-daltes-prestacions-per-a-la-reforma-de-dos-centres-educatius-de-barcelona\/#article","isPartOf":{"@id":"https:\/\/www.garciafaura.com\/fr\/tancaments-daltes-prestacions-per-a-la-reforma-de-dos-centres-educatius-de-barcelona\/"},"author":{"name":"David Achell","@id":"https:\/\/www.garciafaura.com\/fr\/#\/schema\/person\/b4b75e69b33fac3446071909bec106b0"},"headline":"Menuiseries de hautes prestations pour la reforme de deux centres \u00e9ducatifs \u00e0 Barcelone","datePublished":"2023-06-26T09:42:20+00:00","dateModified":"2023-06-26T09:48:56+00:00","mainEntityOfPage":{"@id":"https:\/\/www.garciafaura.com\/fr\/tancaments-daltes-prestacions-per-a-la-reforma-de-dos-centres-educatius-de-barcelona\/"},"wordCount":264,"publisher":{"@id":"https:\/\/www.garciafaura.com\/fr\/#organization"},"image":{"@id":"https:\/\/www.garciafaura.com\/fr\/tancaments-daltes-prestacions-per-a-la-reforma-de-dos-centres-educatius-de-barcelona\/#primaryimage"},"thumbnailUrl":"https:\/\/www.garciafaura.com\/wp-content\/uploads\/2023\/06\/InstitutRamblaPrim_FotoAjuntamentBarcelona.jpeg","articleSection":["Actualit\u00e9"],"inLanguage":"fr-FR"},{"@type":"WebPage","@id":"https:\/\/www.garciafaura.com\/fr\/tancaments-daltes-prestacions-per-a-la-reforma-de-dos-centres-educatius-de-barcelona\/","url":"https:\/\/www.garciafaura.com\/fr\/tancaments-daltes-prestacions-per-a-la-reforma-de-dos-centres-educatius-de-barcelona\/","name":"Menuiseries de hautes prestations pour la reforme de deux centres \u00e9ducatifs \u00e0 Barcelone - GARCIA FAURA","isPartOf":{"@id":"https:\/\/www.garciafaura.com\/fr\/#website"},"primaryImageOfPage":{"@id":"https:\/\/www.garciafaura.com\/fr\/tancaments-daltes-prestacions-per-a-la-reforma-de-dos-centres-educatius-de-barcelona\/#primaryimage"},"image":{"@id":"https:\/\/www.garciafaura.com\/fr\/tancaments-daltes-prestacions-per-a-la-reforma-de-dos-centres-educatius-de-barcelona\/#primaryimage"},"thumbnailUrl":"https:\/\/www.garciafaura.com\/wp-content\/uploads\/2023\/06\/InstitutRamblaPrim_FotoAjuntamentBarcelona.jpeg","datePublished":"2023-06-26T09:42:20+00:00","dateModified":"2023-06-26T09:48:56+00:00","description":"Arquitectura en Alumini, Inox, Ferro i Vidre","breadcrumb":{"@id":"https:\/\/www.garciafaura.com\/fr\/tancaments-daltes-prestacions-per-a-la-reforma-de-dos-centres-educatius-de-barcelona\/#breadcrumb"},"inLanguage":"fr-FR","potentialAction":[{"@type":"ReadAction","target":["https:\/\/www.garciafaura.com\/fr\/tancaments-daltes-prestacions-per-a-la-reforma-de-dos-centres-educatius-de-barcelona\/"]}]},{"@type":"ImageObject","inLanguage":"fr-FR","@id":"https:\/\/www.garciafaura.com\/fr\/tancaments-daltes-prestacions-per-a-la-reforma-de-dos-centres-educatius-de-barcelona\/#primaryimage","url":"https:\/\/www.garciafaura.com\/wp-content\/uploads\/2023\/06\/InstitutRamblaPrim_FotoAjuntamentBarcelona.jpeg","contentUrl":"https:\/\/www.garciafaura.com\/wp-content\/uploads\/2023\/06\/InstitutRamblaPrim_FotoAjuntamentBarcelona.jpeg","width":1600,"height":900},{"@type":"BreadcrumbList","@id":"https:\/\/www.garciafaura.com\/fr\/tancaments-daltes-prestacions-per-a-la-reforma-de-dos-centres-educatius-de-barcelona\/#breadcrumb","itemListElement":[{"@type":"ListItem","position":1,"name":"Inici","item":"https:\/\/www.garciafaura.com\/fr\/"},{"@type":"ListItem","position":2,"name":"Menuiseries de hautes prestations pour la reforme de deux centres \u00e9ducatifs \u00e0 Barcelone"}]},{"@type":"WebSite","@id":"https:\/\/www.garciafaura.com\/fr\/#website","url":"https:\/\/www.garciafaura.com\/fr\/","name":"GARCIA FAURA","description":"Arquitectura en Alumini, Inox, Ferro i Vidre","publisher":{"@id":"https:\/\/www.garciafaura.com\/fr\/#organization"},"potentialAction":[{"@type":"SearchAction","target":{"@type":"EntryPoint","urlTemplate":"https:\/\/www.garciafaura.com\/fr\/?s={search_term_string}"},"query-input":{"@type":"PropertyValueSpecification","valueRequired":true,"valueName":"search_term_string"}}],"inLanguage":"fr-FR"},{"@type":"Organization","@id":"https:\/\/www.garciafaura.com\/fr\/#organization","name":"GARCIA FAURA","url":"https:\/\/www.garciafaura.com\/fr\/","logo":{"@type":"ImageObject","inLanguage":"fr-FR","@id":"https:\/\/www.garciafaura.com\/fr\/#\/schema\/logo\/image\/","url":"https:\/\/www.garciafaura.com\/wp-content\/uploads\/2018\/09\/Garcia-Faura.png","contentUrl":"https:\/\/www.garciafaura.com\/wp-content\/uploads\/2018\/09\/Garcia-Faura.png","width":512,"height":512,"caption":"GARCIA FAURA"},"image":{"@id":"https:\/\/www.garciafaura.com\/fr\/#\/schema\/logo\/image\/"},"sameAs":["https:\/\/www.youtube.com\/user\/GARCIAFAURA"]},{"@type":"Person","@id":"https:\/\/www.garciafaura.com\/fr\/#\/schema\/person\/b4b75e69b33fac3446071909bec106b0","name":"David Achell","image":{"@type":"ImageObject","inLanguage":"fr-FR","@id":"https:\/\/www.garciafaura.com\/fr\/#\/schema\/person\/image\/","url":"https:\/\/secure.gravatar.com\/avatar\/03900210afc1f61bce737bcb4a79c02e2c997f171e3eca839b5a4cbe03846c90?s=96&d=blank&r=g","contentUrl":"https:\/\/secure.gravatar.com\/avatar\/03900210afc1f61bce737bcb4a79c02e2c997f171e3eca839b5a4cbe03846c90?s=96&d=blank&r=g","caption":"David Achell"}}]}},"_links":{"self":[{"href":"https:\/\/www.garciafaura.com\/fr\/wp-json\/wp\/v2\/posts\/32213","targetHints":{"allow":["GET"]}}],"collection":[{"href":"https:\/\/www.garciafaura.com\/fr\/wp-json\/wp\/v2\/posts"}],"about":[{"href":"https:\/\/www.garciafaura.com\/fr\/wp-json\/wp\/v2\/types\/post"}],"author":[{"embeddable":true,"href":"https:\/\/www.garciafaura.com\/fr\/wp-json\/wp\/v2\/users\/3"}],"replies":[{"embeddable":true,"href":"https:\/\/www.garciafaura.com\/fr\/wp-json\/wp\/v2\/comments?post=32213"}],"version-history":[{"count":2,"href":"https:\/\/www.garciafaura.com\/fr\/wp-json\/wp\/v2\/posts\/32213\/revisions"}],"predecessor-version":[{"id":32218,"href":"https:\/\/www.garciafaura.com\/fr\/wp-json\/wp\/v2\/posts\/32213\/revisions\/32218"}],"wp:featuredmedia":[{"embeddable":true,"href":"https:\/\/www.garciafaura.com\/fr\/wp-json\/wp\/v2\/media\/32209"}],"wp:attachment":[{"href":"https:\/\/www.garciafaura.com\/fr\/wp-json\/wp\/v2\/media?parent=32213"}],"wp:term":[{"taxonomy":"category","embeddable":true,"href":"https:\/\/www.garciafaura.com\/fr\/wp-json\/wp\/v2\/categories?post=32213"},{"taxonomy":"post_tag","embeddable":true,"href":"https:\/\/www.garciafaura.com\/fr\/wp-json\/wp\/v2\/tags?post=32213"},{"taxonomy":"post_series","embeddable":true,"href":"https:\/\/www.garciafaura.com\/fr\/wp-json\/wp\/v2\/post_series?post=32213"}],"curies":[{"name":"wp","href":"https:\/\/api.w.org\/{rel}","templated":true}]}}