{"id":32176,"date":"2023-06-16T11:16:46","date_gmt":"2023-06-16T09:16:46","guid":{"rendered":"https:\/\/www.garciafaura.com\/?p=32176"},"modified":"2023-06-16T11:25:32","modified_gmt":"2023-06-16T09:25:32","slug":"garcia-faura-obte-el-segell-de-pime-innovadora-del-ministeri-dindustria","status":"publish","type":"post","link":"https:\/\/www.garciafaura.com\/fr\/garcia-faura-obte-el-segell-de-pime-innovadora-del-ministeri-dindustria\/","title":{"rendered":"GARCIA FAURA obtient le label PME Innovante du Minist\u00e8re de l\u2019Industrie"},"content":{"rendered":"<h3 style=\"text-align: justify;\"><strong>GARCIA FAURA poss\u00e8de d\u00e9j\u00e0 le label PME innovante d\u00e9cern\u00e9 par le minist\u00e8re de l\u2019Industrie, du Commerce et du Tourisme aux entreprises ayant une grande activit\u00e9 en R+D+I. Un processus qui, dans le cas de l&rsquo;entreprise sp\u00e9cialis\u00e9e dans l&rsquo;am\u00e9nagement de fa\u00e7ades et des menuiseries, est transversal \u00e0 tous les d\u00e9partements.<\/strong><\/h3>\n<p style=\"text-align: justify;\">Le Minist\u00e8re de l&rsquo;Industrie, du Commerce et du Tourisme a approuv\u00e9, \u00e0 travers le <strong>sceau Pime Innovadora<\/strong>, l&rsquo;orientation de <strong>GARCIA FAURA<\/strong> vers une organisation bas\u00e9e sur la recherche et l&rsquo;innovation. Une orientation qui na\u00eet de la premi\u00e8re des phases, l&rsquo;action commerciale, \u00e0 la derni\u00e8re des services rendus au client.<\/p>\n<p style=\"text-align: justify;\">Le flux de travail comprend des plates-formes d&rsquo;interconnexion de la cha\u00eene de valeur de l&rsquo;entreprise, des solutions pour le traitement avanc\u00e9 des donn\u00e9es et l&rsquo;intelligence artificielle, et la simulation industrielle.<\/p>\n<p style=\"text-align: justify;\">L&rsquo;ensemble du processus repose sur un flux continu d&rsquo;informations, depuis l&rsquo;\u00e9tude, la pr\u00e9paration de l\u2019offre, les achats, les ordres de travail ou le planning. Dans cette phase, le Bureau Technique, le D\u00e9partement Commercial et Achats, entre autres, travaillent ensemble. Gr\u00e2ce au flux informatique, les plans de projet sont \u00e9labor\u00e9s et les ordres de fabrication et d&rsquo;assemblage sont g\u00e9n\u00e9r\u00e9s.<\/p>\n<p style=\"text-align: justify;\">Les processus de num\u00e9risation et de d\u00e9veloppement englobent \u00e9galement les domaines administratifs et de service, des relations avec les fournisseurs \u00e0 la comptabilit\u00e9 et la facturation.<\/p>\n<p style=\"text-align: justify;\">Et, \u00e9videmment, avec un r\u00f4le particulier dans la phase de production: d\u00e8s le premier moment o\u00f9 les produits qui seront fabriqu\u00e9s et install\u00e9s sont con\u00e7us, \u00e0 travers tous leurs processus de production: pr\u00e9paration, marquage, d\u00e9coupe et per\u00e7age, soudage, per\u00e7age, accouplement\u2026<\/p>\n<p style=\"text-align: justify;\">Dans cette phase, les ordres de fabrication \u00e9mis par le service technique sont suivis jusqu&rsquo;\u00e0 ce que les produits fabriqu\u00e9s parviennent au service logistique. De l&rsquo;entrep\u00f4t, les produits sont achemin\u00e9s vers les diff\u00e9rents chantiers en cours pour y \u00eatre install\u00e9s.<\/p>\n<p style=\"text-align: justify;\">Tout ce flux d&rsquo;informations circule \u00e0 travers diff\u00e9rents logiciels informatiques auxquels peuvent \u00e9galement acc\u00e9der des services tels que les Ressources Humaines ou la Communication. L&rsquo;objectif est que toute l&rsquo;entreprise soit interconnect\u00e9e et que tout projet puisse \u00eatre suivi minute par minute depuis n&rsquo;importe quel poste strat\u00e9gique de l&rsquo;entreprise.<\/p>\n","protected":false},"excerpt":{"rendered":"<p>GARCIA FAURA poss\u00e8de d\u00e9j\u00e0 le label PME innovante d\u00e9cern\u00e9 par le minist\u00e8re de l\u2019Industrie, du Commerce et du Tourisme aux entreprises ayant une grande activit\u00e9 en R+D+I. Un processus qui, dans le cas de l&rsquo;entreprise sp\u00e9cialis\u00e9e dans l&rsquo;am\u00e9nagement de fa\u00e7ades&hellip;<\/p>\n","protected":false},"author":3,"featured_media":32169,"comment_status":"closed","ping_status":"open","sticky":false,"template":"","format":"standard","meta":{"footnotes":""},"categories":[2],"tags":[],"post_series":[],"class_list":["post-32176","post","type-post","status-publish","format-standard","has-post-thumbnail","hentry","category-actualite","entry","has-media"],"yoast_head":"<!-- This site is optimized with the Yoast SEO plugin v26.7 - https:\/\/yoast.com\/wordpress\/plugins\/seo\/ -->\n<title>GARCIA FAURA obtient le label PME Innovante du Minist\u00e8re de l\u2019Industrie - GARCIA FAURA<\/title>\n<meta name=\"description\" content=\"Arquitectura en Alumini, Inox, Ferro i Vidre\" \/>\n<meta name=\"robots\" content=\"index, follow, max-snippet:-1, max-image-preview:large, max-video-preview:-1\" \/>\n<link rel=\"canonical\" href=\"https:\/\/www.garciafaura.com\/fr\/garcia-faura-obte-el-segell-de-pime-innovadora-del-ministeri-dindustria\/\" \/>\n<meta property=\"og:locale\" content=\"fr_FR\" \/>\n<meta property=\"og:type\" content=\"article\" \/>\n<meta property=\"og:title\" content=\"GARCIA FAURA obtient le label PME Innovante du Minist\u00e8re de l\u2019Industrie - GARCIA FAURA\" \/>\n<meta property=\"og:description\" content=\"Arquitectura en Alumini, Inox, Ferro i Vidre\" \/>\n<meta property=\"og:url\" content=\"https:\/\/www.garciafaura.com\/fr\/garcia-faura-obte-el-segell-de-pime-innovadora-del-ministeri-dindustria\/\" \/>\n<meta property=\"og:site_name\" content=\"GARCIA FAURA\" \/>\n<meta property=\"article:published_time\" content=\"2023-06-16T09:16:46+00:00\" \/>\n<meta property=\"article:modified_time\" content=\"2023-06-16T09:25:32+00:00\" \/>\n<meta property=\"og:image\" content=\"https:\/\/www.garciafaura.com\/wp-content\/uploads\/2023\/06\/20200113_104458.jpg\" \/>\n\t<meta property=\"og:image:width\" content=\"2560\" \/>\n\t<meta property=\"og:image:height\" content=\"1440\" \/>\n\t<meta property=\"og:image:type\" content=\"image\/jpeg\" \/>\n<meta name=\"author\" content=\"David Achell\" \/>\n<meta name=\"twitter:card\" content=\"summary_large_image\" \/>\n<meta name=\"twitter:label1\" content=\"\u00c9crit par\" \/>\n\t<meta name=\"twitter:data1\" content=\"David Achell\" \/>\n\t<meta name=\"twitter:label2\" content=\"Dur\u00e9e de lecture estim\u00e9e\" \/>\n\t<meta name=\"twitter:data2\" content=\"2 minutes\" \/>\n<script type=\"application\/ld+json\" class=\"yoast-schema-graph\">{\"@context\":\"https:\/\/schema.org\",\"@graph\":[{\"@type\":\"Article\",\"@id\":\"https:\/\/www.garciafaura.com\/fr\/garcia-faura-obte-el-segell-de-pime-innovadora-del-ministeri-dindustria\/#article\",\"isPartOf\":{\"@id\":\"https:\/\/www.garciafaura.com\/fr\/garcia-faura-obte-el-segell-de-pime-innovadora-del-ministeri-dindustria\/\"},\"author\":{\"name\":\"David Achell\",\"@id\":\"https:\/\/www.garciafaura.com\/fr\/#\/schema\/person\/b4b75e69b33fac3446071909bec106b0\"},\"headline\":\"GARCIA FAURA obtient le label PME Innovante du Minist\u00e8re de l\u2019Industrie\",\"datePublished\":\"2023-06-16T09:16:46+00:00\",\"dateModified\":\"2023-06-16T09:25:32+00:00\",\"mainEntityOfPage\":{\"@id\":\"https:\/\/www.garciafaura.com\/fr\/garcia-faura-obte-el-segell-de-pime-innovadora-del-ministeri-dindustria\/\"},\"wordCount\":413,\"publisher\":{\"@id\":\"https:\/\/www.garciafaura.com\/fr\/#organization\"},\"image\":{\"@id\":\"https:\/\/www.garciafaura.com\/fr\/garcia-faura-obte-el-segell-de-pime-innovadora-del-ministeri-dindustria\/#primaryimage\"},\"thumbnailUrl\":\"https:\/\/www.garciafaura.com\/wp-content\/uploads\/2023\/06\/20200113_104458.jpg\",\"articleSection\":[\"Actualit\u00e9\"],\"inLanguage\":\"fr-FR\"},{\"@type\":\"WebPage\",\"@id\":\"https:\/\/www.garciafaura.com\/fr\/garcia-faura-obte-el-segell-de-pime-innovadora-del-ministeri-dindustria\/\",\"url\":\"https:\/\/www.garciafaura.com\/fr\/garcia-faura-obte-el-segell-de-pime-innovadora-del-ministeri-dindustria\/\",\"name\":\"GARCIA FAURA obtient le label PME Innovante du Minist\u00e8re de l\u2019Industrie - GARCIA FAURA\",\"isPartOf\":{\"@id\":\"https:\/\/www.garciafaura.com\/fr\/#website\"},\"primaryImageOfPage\":{\"@id\":\"https:\/\/www.garciafaura.com\/fr\/garcia-faura-obte-el-segell-de-pime-innovadora-del-ministeri-dindustria\/#primaryimage\"},\"image\":{\"@id\":\"https:\/\/www.garciafaura.com\/fr\/garcia-faura-obte-el-segell-de-pime-innovadora-del-ministeri-dindustria\/#primaryimage\"},\"thumbnailUrl\":\"https:\/\/www.garciafaura.com\/wp-content\/uploads\/2023\/06\/20200113_104458.jpg\",\"datePublished\":\"2023-06-16T09:16:46+00:00\",\"dateModified\":\"2023-06-16T09:25:32+00:00\",\"description\":\"Arquitectura en Alumini, Inox, Ferro i Vidre\",\"breadcrumb\":{\"@id\":\"https:\/\/www.garciafaura.com\/fr\/garcia-faura-obte-el-segell-de-pime-innovadora-del-ministeri-dindustria\/#breadcrumb\"},\"inLanguage\":\"fr-FR\",\"potentialAction\":[{\"@type\":\"ReadAction\",\"target\":[\"https:\/\/www.garciafaura.com\/fr\/garcia-faura-obte-el-segell-de-pime-innovadora-del-ministeri-dindustria\/\"]}]},{\"@type\":\"ImageObject\",\"inLanguage\":\"fr-FR\",\"@id\":\"https:\/\/www.garciafaura.com\/fr\/garcia-faura-obte-el-segell-de-pime-innovadora-del-ministeri-dindustria\/#primaryimage\",\"url\":\"https:\/\/www.garciafaura.com\/wp-content\/uploads\/2023\/06\/20200113_104458.jpg\",\"contentUrl\":\"https:\/\/www.garciafaura.com\/wp-content\/uploads\/2023\/06\/20200113_104458.jpg\",\"width\":2560,\"height\":1440},{\"@type\":\"BreadcrumbList\",\"@id\":\"https:\/\/www.garciafaura.com\/fr\/garcia-faura-obte-el-segell-de-pime-innovadora-del-ministeri-dindustria\/#breadcrumb\",\"itemListElement\":[{\"@type\":\"ListItem\",\"position\":1,\"name\":\"Inici\",\"item\":\"https:\/\/www.garciafaura.com\/fr\/\"},{\"@type\":\"ListItem\",\"position\":2,\"name\":\"GARCIA FAURA obtient le label PME Innovante du Minist\u00e8re de l\u2019Industrie\"}]},{\"@type\":\"WebSite\",\"@id\":\"https:\/\/www.garciafaura.com\/fr\/#website\",\"url\":\"https:\/\/www.garciafaura.com\/fr\/\",\"name\":\"GARCIA FAURA\",\"description\":\"Arquitectura en Alumini, Inox, Ferro i Vidre\",\"publisher\":{\"@id\":\"https:\/\/www.garciafaura.com\/fr\/#organization\"},\"potentialAction\":[{\"@type\":\"SearchAction\",\"target\":{\"@type\":\"EntryPoint\",\"urlTemplate\":\"https:\/\/www.garciafaura.com\/fr\/?s={search_term_string}\"},\"query-input\":{\"@type\":\"PropertyValueSpecification\",\"valueRequired\":true,\"valueName\":\"search_term_string\"}}],\"inLanguage\":\"fr-FR\"},{\"@type\":\"Organization\",\"@id\":\"https:\/\/www.garciafaura.com\/fr\/#organization\",\"name\":\"GARCIA FAURA\",\"url\":\"https:\/\/www.garciafaura.com\/fr\/\",\"logo\":{\"@type\":\"ImageObject\",\"inLanguage\":\"fr-FR\",\"@id\":\"https:\/\/www.garciafaura.com\/fr\/#\/schema\/logo\/image\/\",\"url\":\"https:\/\/www.garciafaura.com\/wp-content\/uploads\/2018\/09\/Garcia-Faura.png\",\"contentUrl\":\"https:\/\/www.garciafaura.com\/wp-content\/uploads\/2018\/09\/Garcia-Faura.png\",\"width\":512,\"height\":512,\"caption\":\"GARCIA FAURA\"},\"image\":{\"@id\":\"https:\/\/www.garciafaura.com\/fr\/#\/schema\/logo\/image\/\"},\"sameAs\":[\"https:\/\/www.youtube.com\/user\/GARCIAFAURA\"]},{\"@type\":\"Person\",\"@id\":\"https:\/\/www.garciafaura.com\/fr\/#\/schema\/person\/b4b75e69b33fac3446071909bec106b0\",\"name\":\"David Achell\",\"image\":{\"@type\":\"ImageObject\",\"inLanguage\":\"fr-FR\",\"@id\":\"https:\/\/www.garciafaura.com\/fr\/#\/schema\/person\/image\/\",\"url\":\"https:\/\/secure.gravatar.com\/avatar\/03900210afc1f61bce737bcb4a79c02e2c997f171e3eca839b5a4cbe03846c90?s=96&d=blank&r=g\",\"contentUrl\":\"https:\/\/secure.gravatar.com\/avatar\/03900210afc1f61bce737bcb4a79c02e2c997f171e3eca839b5a4cbe03846c90?s=96&d=blank&r=g\",\"caption\":\"David Achell\"}}]}<\/script>\n<!-- \/ Yoast SEO plugin. -->","yoast_head_json":{"title":"GARCIA FAURA obtient le label PME Innovante du Minist\u00e8re de l\u2019Industrie - GARCIA FAURA","description":"Arquitectura en Alumini, Inox, Ferro i Vidre","robots":{"index":"index","follow":"follow","max-snippet":"max-snippet:-1","max-image-preview":"max-image-preview:large","max-video-preview":"max-video-preview:-1"},"canonical":"https:\/\/www.garciafaura.com\/fr\/garcia-faura-obte-el-segell-de-pime-innovadora-del-ministeri-dindustria\/","og_locale":"fr_FR","og_type":"article","og_title":"GARCIA FAURA obtient le label PME Innovante du Minist\u00e8re de l\u2019Industrie - GARCIA FAURA","og_description":"Arquitectura en Alumini, Inox, Ferro i Vidre","og_url":"https:\/\/www.garciafaura.com\/fr\/garcia-faura-obte-el-segell-de-pime-innovadora-del-ministeri-dindustria\/","og_site_name":"GARCIA FAURA","article_published_time":"2023-06-16T09:16:46+00:00","article_modified_time":"2023-06-16T09:25:32+00:00","og_image":[{"width":2560,"height":1440,"url":"https:\/\/www.garciafaura.com\/wp-content\/uploads\/2023\/06\/20200113_104458.jpg","type":"image\/jpeg"}],"author":"David Achell","twitter_card":"summary_large_image","twitter_misc":{"\u00c9crit par":"David Achell","Dur\u00e9e de lecture estim\u00e9e":"2 minutes"},"schema":{"@context":"https:\/\/schema.org","@graph":[{"@type":"Article","@id":"https:\/\/www.garciafaura.com\/fr\/garcia-faura-obte-el-segell-de-pime-innovadora-del-ministeri-dindustria\/#article","isPartOf":{"@id":"https:\/\/www.garciafaura.com\/fr\/garcia-faura-obte-el-segell-de-pime-innovadora-del-ministeri-dindustria\/"},"author":{"name":"David Achell","@id":"https:\/\/www.garciafaura.com\/fr\/#\/schema\/person\/b4b75e69b33fac3446071909bec106b0"},"headline":"GARCIA FAURA obtient le label PME Innovante du Minist\u00e8re de l\u2019Industrie","datePublished":"2023-06-16T09:16:46+00:00","dateModified":"2023-06-16T09:25:32+00:00","mainEntityOfPage":{"@id":"https:\/\/www.garciafaura.com\/fr\/garcia-faura-obte-el-segell-de-pime-innovadora-del-ministeri-dindustria\/"},"wordCount":413,"publisher":{"@id":"https:\/\/www.garciafaura.com\/fr\/#organization"},"image":{"@id":"https:\/\/www.garciafaura.com\/fr\/garcia-faura-obte-el-segell-de-pime-innovadora-del-ministeri-dindustria\/#primaryimage"},"thumbnailUrl":"https:\/\/www.garciafaura.com\/wp-content\/uploads\/2023\/06\/20200113_104458.jpg","articleSection":["Actualit\u00e9"],"inLanguage":"fr-FR"},{"@type":"WebPage","@id":"https:\/\/www.garciafaura.com\/fr\/garcia-faura-obte-el-segell-de-pime-innovadora-del-ministeri-dindustria\/","url":"https:\/\/www.garciafaura.com\/fr\/garcia-faura-obte-el-segell-de-pime-innovadora-del-ministeri-dindustria\/","name":"GARCIA FAURA obtient le label PME Innovante du Minist\u00e8re de l\u2019Industrie - GARCIA FAURA","isPartOf":{"@id":"https:\/\/www.garciafaura.com\/fr\/#website"},"primaryImageOfPage":{"@id":"https:\/\/www.garciafaura.com\/fr\/garcia-faura-obte-el-segell-de-pime-innovadora-del-ministeri-dindustria\/#primaryimage"},"image":{"@id":"https:\/\/www.garciafaura.com\/fr\/garcia-faura-obte-el-segell-de-pime-innovadora-del-ministeri-dindustria\/#primaryimage"},"thumbnailUrl":"https:\/\/www.garciafaura.com\/wp-content\/uploads\/2023\/06\/20200113_104458.jpg","datePublished":"2023-06-16T09:16:46+00:00","dateModified":"2023-06-16T09:25:32+00:00","description":"Arquitectura en Alumini, Inox, Ferro i Vidre","breadcrumb":{"@id":"https:\/\/www.garciafaura.com\/fr\/garcia-faura-obte-el-segell-de-pime-innovadora-del-ministeri-dindustria\/#breadcrumb"},"inLanguage":"fr-FR","potentialAction":[{"@type":"ReadAction","target":["https:\/\/www.garciafaura.com\/fr\/garcia-faura-obte-el-segell-de-pime-innovadora-del-ministeri-dindustria\/"]}]},{"@type":"ImageObject","inLanguage":"fr-FR","@id":"https:\/\/www.garciafaura.com\/fr\/garcia-faura-obte-el-segell-de-pime-innovadora-del-ministeri-dindustria\/#primaryimage","url":"https:\/\/www.garciafaura.com\/wp-content\/uploads\/2023\/06\/20200113_104458.jpg","contentUrl":"https:\/\/www.garciafaura.com\/wp-content\/uploads\/2023\/06\/20200113_104458.jpg","width":2560,"height":1440},{"@type":"BreadcrumbList","@id":"https:\/\/www.garciafaura.com\/fr\/garcia-faura-obte-el-segell-de-pime-innovadora-del-ministeri-dindustria\/#breadcrumb","itemListElement":[{"@type":"ListItem","position":1,"name":"Inici","item":"https:\/\/www.garciafaura.com\/fr\/"},{"@type":"ListItem","position":2,"name":"GARCIA FAURA obtient le label PME Innovante du Minist\u00e8re de l\u2019Industrie"}]},{"@type":"WebSite","@id":"https:\/\/www.garciafaura.com\/fr\/#website","url":"https:\/\/www.garciafaura.com\/fr\/","name":"GARCIA FAURA","description":"Arquitectura en Alumini, Inox, Ferro i Vidre","publisher":{"@id":"https:\/\/www.garciafaura.com\/fr\/#organization"},"potentialAction":[{"@type":"SearchAction","target":{"@type":"EntryPoint","urlTemplate":"https:\/\/www.garciafaura.com\/fr\/?s={search_term_string}"},"query-input":{"@type":"PropertyValueSpecification","valueRequired":true,"valueName":"search_term_string"}}],"inLanguage":"fr-FR"},{"@type":"Organization","@id":"https:\/\/www.garciafaura.com\/fr\/#organization","name":"GARCIA FAURA","url":"https:\/\/www.garciafaura.com\/fr\/","logo":{"@type":"ImageObject","inLanguage":"fr-FR","@id":"https:\/\/www.garciafaura.com\/fr\/#\/schema\/logo\/image\/","url":"https:\/\/www.garciafaura.com\/wp-content\/uploads\/2018\/09\/Garcia-Faura.png","contentUrl":"https:\/\/www.garciafaura.com\/wp-content\/uploads\/2018\/09\/Garcia-Faura.png","width":512,"height":512,"caption":"GARCIA FAURA"},"image":{"@id":"https:\/\/www.garciafaura.com\/fr\/#\/schema\/logo\/image\/"},"sameAs":["https:\/\/www.youtube.com\/user\/GARCIAFAURA"]},{"@type":"Person","@id":"https:\/\/www.garciafaura.com\/fr\/#\/schema\/person\/b4b75e69b33fac3446071909bec106b0","name":"David Achell","image":{"@type":"ImageObject","inLanguage":"fr-FR","@id":"https:\/\/www.garciafaura.com\/fr\/#\/schema\/person\/image\/","url":"https:\/\/secure.gravatar.com\/avatar\/03900210afc1f61bce737bcb4a79c02e2c997f171e3eca839b5a4cbe03846c90?s=96&d=blank&r=g","contentUrl":"https:\/\/secure.gravatar.com\/avatar\/03900210afc1f61bce737bcb4a79c02e2c997f171e3eca839b5a4cbe03846c90?s=96&d=blank&r=g","caption":"David Achell"}}]}},"_links":{"self":[{"href":"https:\/\/www.garciafaura.com\/fr\/wp-json\/wp\/v2\/posts\/32176","targetHints":{"allow":["GET"]}}],"collection":[{"href":"https:\/\/www.garciafaura.com\/fr\/wp-json\/wp\/v2\/posts"}],"about":[{"href":"https:\/\/www.garciafaura.com\/fr\/wp-json\/wp\/v2\/types\/post"}],"author":[{"embeddable":true,"href":"https:\/\/www.garciafaura.com\/fr\/wp-json\/wp\/v2\/users\/3"}],"replies":[{"embeddable":true,"href":"https:\/\/www.garciafaura.com\/fr\/wp-json\/wp\/v2\/comments?post=32176"}],"version-history":[{"count":6,"href":"https:\/\/www.garciafaura.com\/fr\/wp-json\/wp\/v2\/posts\/32176\/revisions"}],"predecessor-version":[{"id":32198,"href":"https:\/\/www.garciafaura.com\/fr\/wp-json\/wp\/v2\/posts\/32176\/revisions\/32198"}],"wp:featuredmedia":[{"embeddable":true,"href":"https:\/\/www.garciafaura.com\/fr\/wp-json\/wp\/v2\/media\/32169"}],"wp:attachment":[{"href":"https:\/\/www.garciafaura.com\/fr\/wp-json\/wp\/v2\/media?parent=32176"}],"wp:term":[{"taxonomy":"category","embeddable":true,"href":"https:\/\/www.garciafaura.com\/fr\/wp-json\/wp\/v2\/categories?post=32176"},{"taxonomy":"post_tag","embeddable":true,"href":"https:\/\/www.garciafaura.com\/fr\/wp-json\/wp\/v2\/tags?post=32176"},{"taxonomy":"post_series","embeddable":true,"href":"https:\/\/www.garciafaura.com\/fr\/wp-json\/wp\/v2\/post_series?post=32176"}],"curies":[{"name":"wp","href":"https:\/\/api.w.org\/{rel}","templated":true}]}}