{"id":32058,"date":"2023-05-17T09:50:38","date_gmt":"2023-05-17T07:50:38","guid":{"rendered":"https:\/\/www.garciafaura.com\/substitucio-de-la-facana-de-ledifici-monobloc-de-lhospital-del-mar-per-un-mur-cortina-daltes-prestacions-tecniques\/"},"modified":"2023-05-17T09:58:00","modified_gmt":"2023-05-17T07:58:00","slug":"substitucio-de-la-facana-de-ledifici-monobloc-de-lhospital-del-mar-per-un-mur-cortina-daltes-prestacions-tecniques","status":"publish","type":"post","link":"https:\/\/www.garciafaura.com\/fr\/substitucio-de-la-facana-de-ledifici-monobloc-de-lhospital-del-mar-per-un-mur-cortina-daltes-prestacions-tecniques\/","title":{"rendered":"Remplacement de la fa\u00e7ade du b\u00e2timent monobloc de l&rsquo;H\u00f4pital del Mar de Barcelone par un mur-rideau de haute performance technique"},"content":{"rendered":"<h3 style=\"text-align: justify;\">GARCIA FAURA finalise les travaux de r\u00e9habilitation de 425 m\u00e8tres carr\u00e9s de la fa\u00e7ade nord et ouest du b\u00e2timent monobloc de l\u2019H\u00f4pital. L&rsquo;objectif est d&rsquo;am\u00e9liorer son efficacit\u00e9 \u00e9nerg\u00e9tique et d&rsquo;offrir un plus grand confort aux usagers et aux professionnels.<\/h3>\n<p style=\"text-align: justify;\">L&rsquo;intervention, qui a dur\u00e9 environ trois mois, a consist\u00e9 en le remplacement complet de l&rsquo;ancienne <strong>fa\u00e7ade<\/strong> de l&rsquo;un des b\u00e2timents du complexe de sant\u00e9 <strong>H\u00f4pital del Mar<\/strong>, par un nouveau <strong>mur-rideau<\/strong> avec lequel les probl\u00e8mes d&rsquo;isolation thermique du b\u00e2timent sont r\u00e9solus et une meilleure protection contre les rayons du soleil est offerte.<\/p>\n<p style=\"text-align: justify;\">Sans perturber les activit\u00e9s de soin du b\u00e2timent, <strong>GARCIA FAURA<\/strong> a d\u00e9mont\u00e9 les \u00e9l\u00e9ments de l&rsquo;ancienne fa\u00e7ade et d\u00e9velopp\u00e9 et install\u00e9 le nouveau <strong>mur-rideau<\/strong>, \u00e0 hautes performances techniques, avec double vitrage \u00e0 faible \u00e9missivit\u00e9 et contr\u00f4le solaire.<\/p>\n<p style=\"text-align: justify;\">Ces caract\u00e9ristiques garantissent une grande r\u00e9duction des effets n\u00e9gatifs du rayonnement solaire \u00e0 l&rsquo;int\u00e9rieur du b\u00e2timent, en m\u00eame temps que la lumi\u00e8re du soleil est utilis\u00e9e au maximum pour l&rsquo;activit\u00e9 habituelle de cet \u00e9quipement sanitaire.<\/p>\n<p style=\"text-align: justify;\">L&rsquo;action a \u00e9t\u00e9 d\u00e9velopp\u00e9e par la <strong>Division R\u00e9habilitation et Apr\u00e8s-vente<\/strong>, sp\u00e9cialis\u00e9e dans les projets d&rsquo;\u00e9tude et d&rsquo;am\u00e9lioration des <strong>fa\u00e7ades<\/strong> et des <strong>enveloppes<\/strong> existantes. Ses \u00e9quipes techniques, d&rsquo;ing\u00e9nierie et d&rsquo;installation analysent conjointement diff\u00e9rentes possibilit\u00e9s d&rsquo;am\u00e9lioration pour faire face \u00e0 des projets de r\u00e9habilitation de b\u00e2timents r\u00e9sidentiels ou tertiaires.<\/p>\n","protected":false},"excerpt":{"rendered":"<p>GARCIA FAURA finalise les travaux de r\u00e9habilitation de 425 m\u00e8tres carr\u00e9s de la fa\u00e7ade nord et ouest du b\u00e2timent monobloc de l\u2019H\u00f4pital. L&rsquo;objectif est d&rsquo;am\u00e9liorer son efficacit\u00e9 \u00e9nerg\u00e9tique et d&rsquo;offrir un plus grand confort aux usagers et aux professionnels. L&rsquo;intervention,&hellip;<\/p>\n","protected":false},"author":3,"featured_media":32053,"comment_status":"closed","ping_status":"open","sticky":false,"template":"","format":"standard","meta":{"footnotes":""},"categories":[2],"tags":[],"post_series":[],"class_list":["post-32058","post","type-post","status-publish","format-standard","has-post-thumbnail","hentry","category-actualite","entry","has-media"],"yoast_head":"<!-- This site is optimized with the Yoast SEO plugin v26.7 - https:\/\/yoast.com\/wordpress\/plugins\/seo\/ -->\n<title>Remplacement de la fa\u00e7ade du b\u00e2timent monobloc de l&#039;H\u00f4pital del Mar de Barcelone par un mur-rideau de haute performance technique - GARCIA FAURA<\/title>\n<meta name=\"description\" content=\"Arquitectura en Alumini, Inox, Ferro i Vidre\" \/>\n<meta name=\"robots\" content=\"index, follow, max-snippet:-1, max-image-preview:large, max-video-preview:-1\" \/>\n<link rel=\"canonical\" href=\"https:\/\/www.garciafaura.com\/fr\/substitucio-de-la-facana-de-ledifici-monobloc-de-lhospital-del-mar-per-un-mur-cortina-daltes-prestacions-tecniques\/\" \/>\n<meta property=\"og:locale\" content=\"fr_FR\" \/>\n<meta property=\"og:type\" content=\"article\" \/>\n<meta property=\"og:title\" content=\"Remplacement de la fa\u00e7ade du b\u00e2timent monobloc de l&#039;H\u00f4pital del Mar de Barcelone par un mur-rideau de haute performance technique - GARCIA FAURA\" \/>\n<meta property=\"og:description\" content=\"Arquitectura en Alumini, Inox, Ferro i Vidre\" \/>\n<meta property=\"og:url\" content=\"https:\/\/www.garciafaura.com\/fr\/substitucio-de-la-facana-de-ledifici-monobloc-de-lhospital-del-mar-per-un-mur-cortina-daltes-prestacions-tecniques\/\" \/>\n<meta property=\"og:site_name\" content=\"GARCIA FAURA\" \/>\n<meta property=\"article:published_time\" content=\"2023-05-17T07:50:38+00:00\" \/>\n<meta property=\"article:modified_time\" content=\"2023-05-17T07:58:00+00:00\" \/>\n<meta property=\"og:image\" content=\"https:\/\/www.garciafaura.com\/wp-content\/uploads\/2023\/05\/Monobloc-Hospital-del-Mar-scaled.jpg\" \/>\n\t<meta property=\"og:image:width\" content=\"2560\" \/>\n\t<meta property=\"og:image:height\" content=\"1920\" \/>\n\t<meta property=\"og:image:type\" content=\"image\/jpeg\" \/>\n<meta name=\"author\" content=\"David Achell\" \/>\n<meta name=\"twitter:card\" content=\"summary_large_image\" \/>\n<meta name=\"twitter:label1\" content=\"\u00c9crit par\" \/>\n\t<meta name=\"twitter:data1\" content=\"David Achell\" \/>\n\t<meta name=\"twitter:label2\" content=\"Dur\u00e9e de lecture estim\u00e9e\" \/>\n\t<meta name=\"twitter:data2\" content=\"2 minutes\" \/>\n<script type=\"application\/ld+json\" class=\"yoast-schema-graph\">{\"@context\":\"https:\/\/schema.org\",\"@graph\":[{\"@type\":\"Article\",\"@id\":\"https:\/\/www.garciafaura.com\/fr\/substitucio-de-la-facana-de-ledifici-monobloc-de-lhospital-del-mar-per-un-mur-cortina-daltes-prestacions-tecniques\/#article\",\"isPartOf\":{\"@id\":\"https:\/\/www.garciafaura.com\/fr\/substitucio-de-la-facana-de-ledifici-monobloc-de-lhospital-del-mar-per-un-mur-cortina-daltes-prestacions-tecniques\/\"},\"author\":{\"name\":\"David Achell\",\"@id\":\"https:\/\/www.garciafaura.com\/fr\/#\/schema\/person\/b4b75e69b33fac3446071909bec106b0\"},\"headline\":\"Remplacement de la fa\u00e7ade du b\u00e2timent monobloc de l&rsquo;H\u00f4pital del Mar de Barcelone par un mur-rideau de haute performance technique\",\"datePublished\":\"2023-05-17T07:50:38+00:00\",\"dateModified\":\"2023-05-17T07:58:00+00:00\",\"mainEntityOfPage\":{\"@id\":\"https:\/\/www.garciafaura.com\/fr\/substitucio-de-la-facana-de-ledifici-monobloc-de-lhospital-del-mar-per-un-mur-cortina-daltes-prestacions-tecniques\/\"},\"wordCount\":290,\"publisher\":{\"@id\":\"https:\/\/www.garciafaura.com\/fr\/#organization\"},\"image\":{\"@id\":\"https:\/\/www.garciafaura.com\/fr\/substitucio-de-la-facana-de-ledifici-monobloc-de-lhospital-del-mar-per-un-mur-cortina-daltes-prestacions-tecniques\/#primaryimage\"},\"thumbnailUrl\":\"https:\/\/www.garciafaura.com\/wp-content\/uploads\/2023\/05\/Monobloc-Hospital-del-Mar-scaled.jpg\",\"articleSection\":[\"Actualit\u00e9\"],\"inLanguage\":\"fr-FR\"},{\"@type\":\"WebPage\",\"@id\":\"https:\/\/www.garciafaura.com\/fr\/substitucio-de-la-facana-de-ledifici-monobloc-de-lhospital-del-mar-per-un-mur-cortina-daltes-prestacions-tecniques\/\",\"url\":\"https:\/\/www.garciafaura.com\/fr\/substitucio-de-la-facana-de-ledifici-monobloc-de-lhospital-del-mar-per-un-mur-cortina-daltes-prestacions-tecniques\/\",\"name\":\"Remplacement de la fa\u00e7ade du b\u00e2timent monobloc de l'H\u00f4pital del Mar de Barcelone par un mur-rideau de haute performance technique - GARCIA FAURA\",\"isPartOf\":{\"@id\":\"https:\/\/www.garciafaura.com\/fr\/#website\"},\"primaryImageOfPage\":{\"@id\":\"https:\/\/www.garciafaura.com\/fr\/substitucio-de-la-facana-de-ledifici-monobloc-de-lhospital-del-mar-per-un-mur-cortina-daltes-prestacions-tecniques\/#primaryimage\"},\"image\":{\"@id\":\"https:\/\/www.garciafaura.com\/fr\/substitucio-de-la-facana-de-ledifici-monobloc-de-lhospital-del-mar-per-un-mur-cortina-daltes-prestacions-tecniques\/#primaryimage\"},\"thumbnailUrl\":\"https:\/\/www.garciafaura.com\/wp-content\/uploads\/2023\/05\/Monobloc-Hospital-del-Mar-scaled.jpg\",\"datePublished\":\"2023-05-17T07:50:38+00:00\",\"dateModified\":\"2023-05-17T07:58:00+00:00\",\"description\":\"Arquitectura en Alumini, Inox, Ferro i Vidre\",\"breadcrumb\":{\"@id\":\"https:\/\/www.garciafaura.com\/fr\/substitucio-de-la-facana-de-ledifici-monobloc-de-lhospital-del-mar-per-un-mur-cortina-daltes-prestacions-tecniques\/#breadcrumb\"},\"inLanguage\":\"fr-FR\",\"potentialAction\":[{\"@type\":\"ReadAction\",\"target\":[\"https:\/\/www.garciafaura.com\/fr\/substitucio-de-la-facana-de-ledifici-monobloc-de-lhospital-del-mar-per-un-mur-cortina-daltes-prestacions-tecniques\/\"]}]},{\"@type\":\"ImageObject\",\"inLanguage\":\"fr-FR\",\"@id\":\"https:\/\/www.garciafaura.com\/fr\/substitucio-de-la-facana-de-ledifici-monobloc-de-lhospital-del-mar-per-un-mur-cortina-daltes-prestacions-tecniques\/#primaryimage\",\"url\":\"https:\/\/www.garciafaura.com\/wp-content\/uploads\/2023\/05\/Monobloc-Hospital-del-Mar-scaled.jpg\",\"contentUrl\":\"https:\/\/www.garciafaura.com\/wp-content\/uploads\/2023\/05\/Monobloc-Hospital-del-Mar-scaled.jpg\",\"width\":2560,\"height\":1920},{\"@type\":\"BreadcrumbList\",\"@id\":\"https:\/\/www.garciafaura.com\/fr\/substitucio-de-la-facana-de-ledifici-monobloc-de-lhospital-del-mar-per-un-mur-cortina-daltes-prestacions-tecniques\/#breadcrumb\",\"itemListElement\":[{\"@type\":\"ListItem\",\"position\":1,\"name\":\"Inici\",\"item\":\"https:\/\/www.garciafaura.com\/fr\/\"},{\"@type\":\"ListItem\",\"position\":2,\"name\":\"Remplacement de la fa\u00e7ade du b\u00e2timent monobloc de l&#8217;H\u00f4pital del Mar de Barcelone par un mur-rideau de haute performance technique\"}]},{\"@type\":\"WebSite\",\"@id\":\"https:\/\/www.garciafaura.com\/fr\/#website\",\"url\":\"https:\/\/www.garciafaura.com\/fr\/\",\"name\":\"GARCIA FAURA\",\"description\":\"Arquitectura en Alumini, Inox, Ferro i Vidre\",\"publisher\":{\"@id\":\"https:\/\/www.garciafaura.com\/fr\/#organization\"},\"potentialAction\":[{\"@type\":\"SearchAction\",\"target\":{\"@type\":\"EntryPoint\",\"urlTemplate\":\"https:\/\/www.garciafaura.com\/fr\/?s={search_term_string}\"},\"query-input\":{\"@type\":\"PropertyValueSpecification\",\"valueRequired\":true,\"valueName\":\"search_term_string\"}}],\"inLanguage\":\"fr-FR\"},{\"@type\":\"Organization\",\"@id\":\"https:\/\/www.garciafaura.com\/fr\/#organization\",\"name\":\"GARCIA FAURA\",\"url\":\"https:\/\/www.garciafaura.com\/fr\/\",\"logo\":{\"@type\":\"ImageObject\",\"inLanguage\":\"fr-FR\",\"@id\":\"https:\/\/www.garciafaura.com\/fr\/#\/schema\/logo\/image\/\",\"url\":\"https:\/\/www.garciafaura.com\/wp-content\/uploads\/2018\/09\/Garcia-Faura.png\",\"contentUrl\":\"https:\/\/www.garciafaura.com\/wp-content\/uploads\/2018\/09\/Garcia-Faura.png\",\"width\":512,\"height\":512,\"caption\":\"GARCIA FAURA\"},\"image\":{\"@id\":\"https:\/\/www.garciafaura.com\/fr\/#\/schema\/logo\/image\/\"},\"sameAs\":[\"https:\/\/www.youtube.com\/user\/GARCIAFAURA\"]},{\"@type\":\"Person\",\"@id\":\"https:\/\/www.garciafaura.com\/fr\/#\/schema\/person\/b4b75e69b33fac3446071909bec106b0\",\"name\":\"David Achell\",\"image\":{\"@type\":\"ImageObject\",\"inLanguage\":\"fr-FR\",\"@id\":\"https:\/\/www.garciafaura.com\/fr\/#\/schema\/person\/image\/\",\"url\":\"https:\/\/secure.gravatar.com\/avatar\/03900210afc1f61bce737bcb4a79c02e2c997f171e3eca839b5a4cbe03846c90?s=96&d=blank&r=g\",\"contentUrl\":\"https:\/\/secure.gravatar.com\/avatar\/03900210afc1f61bce737bcb4a79c02e2c997f171e3eca839b5a4cbe03846c90?s=96&d=blank&r=g\",\"caption\":\"David Achell\"}}]}<\/script>\n<!-- \/ Yoast SEO plugin. -->","yoast_head_json":{"title":"Remplacement de la fa\u00e7ade du b\u00e2timent monobloc de l'H\u00f4pital del Mar de Barcelone par un mur-rideau de haute performance technique - GARCIA FAURA","description":"Arquitectura en Alumini, Inox, Ferro i Vidre","robots":{"index":"index","follow":"follow","max-snippet":"max-snippet:-1","max-image-preview":"max-image-preview:large","max-video-preview":"max-video-preview:-1"},"canonical":"https:\/\/www.garciafaura.com\/fr\/substitucio-de-la-facana-de-ledifici-monobloc-de-lhospital-del-mar-per-un-mur-cortina-daltes-prestacions-tecniques\/","og_locale":"fr_FR","og_type":"article","og_title":"Remplacement de la fa\u00e7ade du b\u00e2timent monobloc de l'H\u00f4pital del Mar de Barcelone par un mur-rideau de haute performance technique - GARCIA FAURA","og_description":"Arquitectura en Alumini, Inox, Ferro i Vidre","og_url":"https:\/\/www.garciafaura.com\/fr\/substitucio-de-la-facana-de-ledifici-monobloc-de-lhospital-del-mar-per-un-mur-cortina-daltes-prestacions-tecniques\/","og_site_name":"GARCIA FAURA","article_published_time":"2023-05-17T07:50:38+00:00","article_modified_time":"2023-05-17T07:58:00+00:00","og_image":[{"width":2560,"height":1920,"url":"https:\/\/www.garciafaura.com\/wp-content\/uploads\/2023\/05\/Monobloc-Hospital-del-Mar-scaled.jpg","type":"image\/jpeg"}],"author":"David Achell","twitter_card":"summary_large_image","twitter_misc":{"\u00c9crit par":"David Achell","Dur\u00e9e de lecture estim\u00e9e":"2 minutes"},"schema":{"@context":"https:\/\/schema.org","@graph":[{"@type":"Article","@id":"https:\/\/www.garciafaura.com\/fr\/substitucio-de-la-facana-de-ledifici-monobloc-de-lhospital-del-mar-per-un-mur-cortina-daltes-prestacions-tecniques\/#article","isPartOf":{"@id":"https:\/\/www.garciafaura.com\/fr\/substitucio-de-la-facana-de-ledifici-monobloc-de-lhospital-del-mar-per-un-mur-cortina-daltes-prestacions-tecniques\/"},"author":{"name":"David Achell","@id":"https:\/\/www.garciafaura.com\/fr\/#\/schema\/person\/b4b75e69b33fac3446071909bec106b0"},"headline":"Remplacement de la fa\u00e7ade du b\u00e2timent monobloc de l&rsquo;H\u00f4pital del Mar de Barcelone par un mur-rideau de haute performance technique","datePublished":"2023-05-17T07:50:38+00:00","dateModified":"2023-05-17T07:58:00+00:00","mainEntityOfPage":{"@id":"https:\/\/www.garciafaura.com\/fr\/substitucio-de-la-facana-de-ledifici-monobloc-de-lhospital-del-mar-per-un-mur-cortina-daltes-prestacions-tecniques\/"},"wordCount":290,"publisher":{"@id":"https:\/\/www.garciafaura.com\/fr\/#organization"},"image":{"@id":"https:\/\/www.garciafaura.com\/fr\/substitucio-de-la-facana-de-ledifici-monobloc-de-lhospital-del-mar-per-un-mur-cortina-daltes-prestacions-tecniques\/#primaryimage"},"thumbnailUrl":"https:\/\/www.garciafaura.com\/wp-content\/uploads\/2023\/05\/Monobloc-Hospital-del-Mar-scaled.jpg","articleSection":["Actualit\u00e9"],"inLanguage":"fr-FR"},{"@type":"WebPage","@id":"https:\/\/www.garciafaura.com\/fr\/substitucio-de-la-facana-de-ledifici-monobloc-de-lhospital-del-mar-per-un-mur-cortina-daltes-prestacions-tecniques\/","url":"https:\/\/www.garciafaura.com\/fr\/substitucio-de-la-facana-de-ledifici-monobloc-de-lhospital-del-mar-per-un-mur-cortina-daltes-prestacions-tecniques\/","name":"Remplacement de la fa\u00e7ade du b\u00e2timent monobloc de l'H\u00f4pital del Mar de Barcelone par un mur-rideau de haute performance technique - GARCIA FAURA","isPartOf":{"@id":"https:\/\/www.garciafaura.com\/fr\/#website"},"primaryImageOfPage":{"@id":"https:\/\/www.garciafaura.com\/fr\/substitucio-de-la-facana-de-ledifici-monobloc-de-lhospital-del-mar-per-un-mur-cortina-daltes-prestacions-tecniques\/#primaryimage"},"image":{"@id":"https:\/\/www.garciafaura.com\/fr\/substitucio-de-la-facana-de-ledifici-monobloc-de-lhospital-del-mar-per-un-mur-cortina-daltes-prestacions-tecniques\/#primaryimage"},"thumbnailUrl":"https:\/\/www.garciafaura.com\/wp-content\/uploads\/2023\/05\/Monobloc-Hospital-del-Mar-scaled.jpg","datePublished":"2023-05-17T07:50:38+00:00","dateModified":"2023-05-17T07:58:00+00:00","description":"Arquitectura en Alumini, Inox, Ferro i Vidre","breadcrumb":{"@id":"https:\/\/www.garciafaura.com\/fr\/substitucio-de-la-facana-de-ledifici-monobloc-de-lhospital-del-mar-per-un-mur-cortina-daltes-prestacions-tecniques\/#breadcrumb"},"inLanguage":"fr-FR","potentialAction":[{"@type":"ReadAction","target":["https:\/\/www.garciafaura.com\/fr\/substitucio-de-la-facana-de-ledifici-monobloc-de-lhospital-del-mar-per-un-mur-cortina-daltes-prestacions-tecniques\/"]}]},{"@type":"ImageObject","inLanguage":"fr-FR","@id":"https:\/\/www.garciafaura.com\/fr\/substitucio-de-la-facana-de-ledifici-monobloc-de-lhospital-del-mar-per-un-mur-cortina-daltes-prestacions-tecniques\/#primaryimage","url":"https:\/\/www.garciafaura.com\/wp-content\/uploads\/2023\/05\/Monobloc-Hospital-del-Mar-scaled.jpg","contentUrl":"https:\/\/www.garciafaura.com\/wp-content\/uploads\/2023\/05\/Monobloc-Hospital-del-Mar-scaled.jpg","width":2560,"height":1920},{"@type":"BreadcrumbList","@id":"https:\/\/www.garciafaura.com\/fr\/substitucio-de-la-facana-de-ledifici-monobloc-de-lhospital-del-mar-per-un-mur-cortina-daltes-prestacions-tecniques\/#breadcrumb","itemListElement":[{"@type":"ListItem","position":1,"name":"Inici","item":"https:\/\/www.garciafaura.com\/fr\/"},{"@type":"ListItem","position":2,"name":"Remplacement de la fa\u00e7ade du b\u00e2timent monobloc de l&#8217;H\u00f4pital del Mar de Barcelone par un mur-rideau de haute performance technique"}]},{"@type":"WebSite","@id":"https:\/\/www.garciafaura.com\/fr\/#website","url":"https:\/\/www.garciafaura.com\/fr\/","name":"GARCIA FAURA","description":"Arquitectura en Alumini, Inox, Ferro i Vidre","publisher":{"@id":"https:\/\/www.garciafaura.com\/fr\/#organization"},"potentialAction":[{"@type":"SearchAction","target":{"@type":"EntryPoint","urlTemplate":"https:\/\/www.garciafaura.com\/fr\/?s={search_term_string}"},"query-input":{"@type":"PropertyValueSpecification","valueRequired":true,"valueName":"search_term_string"}}],"inLanguage":"fr-FR"},{"@type":"Organization","@id":"https:\/\/www.garciafaura.com\/fr\/#organization","name":"GARCIA FAURA","url":"https:\/\/www.garciafaura.com\/fr\/","logo":{"@type":"ImageObject","inLanguage":"fr-FR","@id":"https:\/\/www.garciafaura.com\/fr\/#\/schema\/logo\/image\/","url":"https:\/\/www.garciafaura.com\/wp-content\/uploads\/2018\/09\/Garcia-Faura.png","contentUrl":"https:\/\/www.garciafaura.com\/wp-content\/uploads\/2018\/09\/Garcia-Faura.png","width":512,"height":512,"caption":"GARCIA FAURA"},"image":{"@id":"https:\/\/www.garciafaura.com\/fr\/#\/schema\/logo\/image\/"},"sameAs":["https:\/\/www.youtube.com\/user\/GARCIAFAURA"]},{"@type":"Person","@id":"https:\/\/www.garciafaura.com\/fr\/#\/schema\/person\/b4b75e69b33fac3446071909bec106b0","name":"David Achell","image":{"@type":"ImageObject","inLanguage":"fr-FR","@id":"https:\/\/www.garciafaura.com\/fr\/#\/schema\/person\/image\/","url":"https:\/\/secure.gravatar.com\/avatar\/03900210afc1f61bce737bcb4a79c02e2c997f171e3eca839b5a4cbe03846c90?s=96&d=blank&r=g","contentUrl":"https:\/\/secure.gravatar.com\/avatar\/03900210afc1f61bce737bcb4a79c02e2c997f171e3eca839b5a4cbe03846c90?s=96&d=blank&r=g","caption":"David Achell"}}]}},"_links":{"self":[{"href":"https:\/\/www.garciafaura.com\/fr\/wp-json\/wp\/v2\/posts\/32058","targetHints":{"allow":["GET"]}}],"collection":[{"href":"https:\/\/www.garciafaura.com\/fr\/wp-json\/wp\/v2\/posts"}],"about":[{"href":"https:\/\/www.garciafaura.com\/fr\/wp-json\/wp\/v2\/types\/post"}],"author":[{"embeddable":true,"href":"https:\/\/www.garciafaura.com\/fr\/wp-json\/wp\/v2\/users\/3"}],"replies":[{"embeddable":true,"href":"https:\/\/www.garciafaura.com\/fr\/wp-json\/wp\/v2\/comments?post=32058"}],"version-history":[{"count":2,"href":"https:\/\/www.garciafaura.com\/fr\/wp-json\/wp\/v2\/posts\/32058\/revisions"}],"predecessor-version":[{"id":32063,"href":"https:\/\/www.garciafaura.com\/fr\/wp-json\/wp\/v2\/posts\/32058\/revisions\/32063"}],"wp:featuredmedia":[{"embeddable":true,"href":"https:\/\/www.garciafaura.com\/fr\/wp-json\/wp\/v2\/media\/32053"}],"wp:attachment":[{"href":"https:\/\/www.garciafaura.com\/fr\/wp-json\/wp\/v2\/media?parent=32058"}],"wp:term":[{"taxonomy":"category","embeddable":true,"href":"https:\/\/www.garciafaura.com\/fr\/wp-json\/wp\/v2\/categories?post=32058"},{"taxonomy":"post_tag","embeddable":true,"href":"https:\/\/www.garciafaura.com\/fr\/wp-json\/wp\/v2\/tags?post=32058"},{"taxonomy":"post_series","embeddable":true,"href":"https:\/\/www.garciafaura.com\/fr\/wp-json\/wp\/v2\/post_series?post=32058"}],"curies":[{"name":"wp","href":"https:\/\/api.w.org\/{rel}","templated":true}]}}