{"id":32039,"date":"2023-04-21T15:38:44","date_gmt":"2023-04-21T13:38:44","guid":{"rendered":"https:\/\/www.garciafaura.com\/facana-i-tancaments-de-garcia-faura-per-a-un-edifici-doficines-del-districte-22\/"},"modified":"2023-04-21T15:45:43","modified_gmt":"2023-04-21T13:45:43","slug":"facana-i-tancaments-de-garcia-faura-per-a-un-edifici-doficines-del-districte-22","status":"publish","type":"post","link":"https:\/\/www.garciafaura.com\/fr\/facana-i-tancaments-de-garcia-faura-per-a-un-edifici-doficines-del-districte-22\/","title":{"rendered":"Fa\u00e7ade mur-rideau et menuiseries de GARCIA FAURA pour un b\u00e2timent de bureaux dans le quartier 22@"},"content":{"rendered":"<h3 style=\"text-align: justify;\"><strong>Au confluent des rues Pere IV et Pamplona, dans le quartier barcelonais du Poblenou, au c\u0153ur du quartier technologique 22@, se construit un b\u00e2timent de bureaux dont la fa\u00e7ade en mur-rideau et les menuiseries sont l&rsquo;\u0153uvre de GARCIA FAURA.<\/strong><\/h3>\n<p style=\"text-align: justify;\">Le b\u00e2timent, con\u00e7u par <strong>Elastiko Architects<\/strong> et <strong>TAG Arquitectura+Management<\/strong>, aura une superficie de 5.755 m\u00e8tres carr\u00e9s r\u00e9partis dans un volume \u00e9chelonn\u00e9 qui permet une transition entre les diff\u00e9rentes hauteurs des b\u00e2timents environnants, ce qui facilitera au b\u00e2timent une int\u00e9gration parfaite dans le tissu urbain du quartier.<\/p>\n<p style=\"text-align: justify;\">La conception de la fa\u00e7ade s&rsquo;inspire de la tradition catalane de la c\u00e9ramique appliqu\u00e9e \u00e0 l&rsquo;architecture \u00e0 travers des lames verticales de ce mat\u00e9riau, ce qui conf\u00e8re au b\u00e2timent une personnalit\u00e9 unique et distinctive en plus de g\u00e9n\u00e9rer un lien avec la tradition industrielle de la r\u00e9gion<\/p>\n<p style=\"text-align: justify;\">En ce sens, <strong>GARCIA FAURA<\/strong> d\u00e9veloppera, fabriquera et installera 1.500 m\u00e8tres carr\u00e9s de fa\u00e7ade vitr\u00e9e avec mur-rideau traditionnel, en plus de 150 m\u00e8tres carr\u00e9s de menuiseries fixes et ouvrants pour les cours int\u00e9rieures, avec des syst\u00e8mes de profil\u00e9s en aluminium \u00e0 rupture de pont thermique.<\/p>\n<p style=\"text-align: justify;\">L&rsquo;intervention de <strong>GARCIA FAURA<\/strong> sera compl\u00e9t\u00e9e par environ 70 m\u00e8tres carr\u00e9s de menuiseries fixes internes avec fonction d&rsquo;\u00e9crans de s\u00e9paration, et l&rsquo;installation de portes de maintenance et de portes-fen\u00eatres et des acc\u00e8s g\u00e9n\u00e9raux du b\u00e2timent avec des portes coulissantes automatiques.<\/p>\n<p style=\"text-align: justify;\"><strong>Haute efficacit\u00e9 \u00e9nerg\u00e9tique<\/strong><\/p>\n<p style=\"text-align: justify;\">La conception de l&rsquo;enveloppe permettra au projet d&rsquo;obtenir la certification LEED Or, ce qui fera du b\u00e2timent l&rsquo;un des plus durables du quartier 22@. Des \u00e9conomies d&rsquo;\u00e9nergie seront \u00e9galement r\u00e9alis\u00e9es avec des syst\u00e8mes tr\u00e8s efficaces tels que la connexion au r\u00e9seau Districlima.<\/p>\n","protected":false},"excerpt":{"rendered":"<p>Au confluent des rues Pere IV et Pamplona, dans le quartier barcelonais du Poblenou, au c\u0153ur du quartier technologique 22@, se construit un b\u00e2timent de bureaux dont la fa\u00e7ade en mur-rideau et les menuiseries sont l&rsquo;\u0153uvre de GARCIA FAURA. Le&hellip;<\/p>\n","protected":false},"author":3,"featured_media":31013,"comment_status":"closed","ping_status":"open","sticky":false,"template":"","format":"standard","meta":{"footnotes":""},"categories":[2],"tags":[],"post_series":[],"class_list":["post-32039","post","type-post","status-publish","format-standard","has-post-thumbnail","hentry","category-actualite","entry","has-media"],"yoast_head":"<!-- This site is optimized with the Yoast SEO plugin v26.7 - https:\/\/yoast.com\/wordpress\/plugins\/seo\/ -->\n<title>Fa\u00e7ade mur-rideau et menuiseries de GARCIA FAURA pour un b\u00e2timent de bureaux dans le quartier 22@ - GARCIA FAURA<\/title>\n<meta name=\"description\" content=\"Arquitectura en Alumini, Inox, Ferro i Vidre\" \/>\n<meta name=\"robots\" content=\"index, follow, max-snippet:-1, max-image-preview:large, max-video-preview:-1\" \/>\n<link rel=\"canonical\" href=\"https:\/\/www.garciafaura.com\/fr\/facana-i-tancaments-de-garcia-faura-per-a-un-edifici-doficines-del-districte-22\/\" \/>\n<meta property=\"og:locale\" content=\"fr_FR\" \/>\n<meta property=\"og:type\" content=\"article\" \/>\n<meta property=\"og:title\" content=\"Fa\u00e7ade mur-rideau et menuiseries de GARCIA FAURA pour un b\u00e2timent de bureaux dans le quartier 22@ - GARCIA FAURA\" \/>\n<meta property=\"og:description\" content=\"Arquitectura en Alumini, Inox, Ferro i Vidre\" \/>\n<meta property=\"og:url\" content=\"https:\/\/www.garciafaura.com\/fr\/facana-i-tancaments-de-garcia-faura-per-a-un-edifici-doficines-del-districte-22\/\" \/>\n<meta property=\"og:site_name\" content=\"GARCIA FAURA\" \/>\n<meta property=\"article:published_time\" content=\"2023-04-21T13:38:44+00:00\" \/>\n<meta property=\"article:modified_time\" content=\"2023-04-21T13:45:43+00:00\" \/>\n<meta property=\"og:image\" content=\"https:\/\/www.garciafaura.com\/wp-content\/uploads\/2022\/11\/190211_PereIV_Renderexterior.jpg\" \/>\n\t<meta property=\"og:image:width\" content=\"1200\" \/>\n\t<meta property=\"og:image:height\" content=\"628\" \/>\n\t<meta property=\"og:image:type\" content=\"image\/jpeg\" \/>\n<meta name=\"author\" content=\"David Achell\" \/>\n<meta name=\"twitter:card\" content=\"summary_large_image\" \/>\n<meta name=\"twitter:label1\" content=\"\u00c9crit par\" \/>\n\t<meta name=\"twitter:data1\" content=\"David Achell\" \/>\n\t<meta name=\"twitter:label2\" content=\"Dur\u00e9e de lecture estim\u00e9e\" \/>\n\t<meta name=\"twitter:data2\" content=\"2 minutes\" \/>\n<script type=\"application\/ld+json\" class=\"yoast-schema-graph\">{\"@context\":\"https:\/\/schema.org\",\"@graph\":[{\"@type\":\"Article\",\"@id\":\"https:\/\/www.garciafaura.com\/fr\/facana-i-tancaments-de-garcia-faura-per-a-un-edifici-doficines-del-districte-22\/#article\",\"isPartOf\":{\"@id\":\"https:\/\/www.garciafaura.com\/fr\/facana-i-tancaments-de-garcia-faura-per-a-un-edifici-doficines-del-districte-22\/\"},\"author\":{\"name\":\"David Achell\",\"@id\":\"https:\/\/www.garciafaura.com\/fr\/#\/schema\/person\/b4b75e69b33fac3446071909bec106b0\"},\"headline\":\"Fa\u00e7ade mur-rideau et menuiseries de GARCIA FAURA pour un b\u00e2timent de bureaux dans le quartier 22@\",\"datePublished\":\"2023-04-21T13:38:44+00:00\",\"dateModified\":\"2023-04-21T13:45:43+00:00\",\"mainEntityOfPage\":{\"@id\":\"https:\/\/www.garciafaura.com\/fr\/facana-i-tancaments-de-garcia-faura-per-a-un-edifici-doficines-del-districte-22\/\"},\"wordCount\":329,\"publisher\":{\"@id\":\"https:\/\/www.garciafaura.com\/fr\/#organization\"},\"image\":{\"@id\":\"https:\/\/www.garciafaura.com\/fr\/facana-i-tancaments-de-garcia-faura-per-a-un-edifici-doficines-del-districte-22\/#primaryimage\"},\"thumbnailUrl\":\"https:\/\/www.garciafaura.com\/wp-content\/uploads\/2022\/11\/190211_PereIV_Renderexterior.jpg\",\"articleSection\":[\"Actualit\u00e9\"],\"inLanguage\":\"fr-FR\"},{\"@type\":\"WebPage\",\"@id\":\"https:\/\/www.garciafaura.com\/fr\/facana-i-tancaments-de-garcia-faura-per-a-un-edifici-doficines-del-districte-22\/\",\"url\":\"https:\/\/www.garciafaura.com\/fr\/facana-i-tancaments-de-garcia-faura-per-a-un-edifici-doficines-del-districte-22\/\",\"name\":\"Fa\u00e7ade mur-rideau et menuiseries de GARCIA FAURA pour un b\u00e2timent de bureaux dans le quartier 22@ - GARCIA FAURA\",\"isPartOf\":{\"@id\":\"https:\/\/www.garciafaura.com\/fr\/#website\"},\"primaryImageOfPage\":{\"@id\":\"https:\/\/www.garciafaura.com\/fr\/facana-i-tancaments-de-garcia-faura-per-a-un-edifici-doficines-del-districte-22\/#primaryimage\"},\"image\":{\"@id\":\"https:\/\/www.garciafaura.com\/fr\/facana-i-tancaments-de-garcia-faura-per-a-un-edifici-doficines-del-districte-22\/#primaryimage\"},\"thumbnailUrl\":\"https:\/\/www.garciafaura.com\/wp-content\/uploads\/2022\/11\/190211_PereIV_Renderexterior.jpg\",\"datePublished\":\"2023-04-21T13:38:44+00:00\",\"dateModified\":\"2023-04-21T13:45:43+00:00\",\"description\":\"Arquitectura en Alumini, Inox, Ferro i Vidre\",\"breadcrumb\":{\"@id\":\"https:\/\/www.garciafaura.com\/fr\/facana-i-tancaments-de-garcia-faura-per-a-un-edifici-doficines-del-districte-22\/#breadcrumb\"},\"inLanguage\":\"fr-FR\",\"potentialAction\":[{\"@type\":\"ReadAction\",\"target\":[\"https:\/\/www.garciafaura.com\/fr\/facana-i-tancaments-de-garcia-faura-per-a-un-edifici-doficines-del-districte-22\/\"]}]},{\"@type\":\"ImageObject\",\"inLanguage\":\"fr-FR\",\"@id\":\"https:\/\/www.garciafaura.com\/fr\/facana-i-tancaments-de-garcia-faura-per-a-un-edifici-doficines-del-districte-22\/#primaryimage\",\"url\":\"https:\/\/www.garciafaura.com\/wp-content\/uploads\/2022\/11\/190211_PereIV_Renderexterior.jpg\",\"contentUrl\":\"https:\/\/www.garciafaura.com\/wp-content\/uploads\/2022\/11\/190211_PereIV_Renderexterior.jpg\",\"width\":1200,\"height\":628,\"caption\":\"Garcia Faura Pere IV\"},{\"@type\":\"BreadcrumbList\",\"@id\":\"https:\/\/www.garciafaura.com\/fr\/facana-i-tancaments-de-garcia-faura-per-a-un-edifici-doficines-del-districte-22\/#breadcrumb\",\"itemListElement\":[{\"@type\":\"ListItem\",\"position\":1,\"name\":\"Inici\",\"item\":\"https:\/\/www.garciafaura.com\/fr\/\"},{\"@type\":\"ListItem\",\"position\":2,\"name\":\"Fa\u00e7ade mur-rideau et menuiseries de GARCIA FAURA pour un b\u00e2timent de bureaux dans le quartier 22@\"}]},{\"@type\":\"WebSite\",\"@id\":\"https:\/\/www.garciafaura.com\/fr\/#website\",\"url\":\"https:\/\/www.garciafaura.com\/fr\/\",\"name\":\"GARCIA FAURA\",\"description\":\"Arquitectura en Alumini, Inox, Ferro i Vidre\",\"publisher\":{\"@id\":\"https:\/\/www.garciafaura.com\/fr\/#organization\"},\"potentialAction\":[{\"@type\":\"SearchAction\",\"target\":{\"@type\":\"EntryPoint\",\"urlTemplate\":\"https:\/\/www.garciafaura.com\/fr\/?s={search_term_string}\"},\"query-input\":{\"@type\":\"PropertyValueSpecification\",\"valueRequired\":true,\"valueName\":\"search_term_string\"}}],\"inLanguage\":\"fr-FR\"},{\"@type\":\"Organization\",\"@id\":\"https:\/\/www.garciafaura.com\/fr\/#organization\",\"name\":\"GARCIA FAURA\",\"url\":\"https:\/\/www.garciafaura.com\/fr\/\",\"logo\":{\"@type\":\"ImageObject\",\"inLanguage\":\"fr-FR\",\"@id\":\"https:\/\/www.garciafaura.com\/fr\/#\/schema\/logo\/image\/\",\"url\":\"https:\/\/www.garciafaura.com\/wp-content\/uploads\/2018\/09\/Garcia-Faura.png\",\"contentUrl\":\"https:\/\/www.garciafaura.com\/wp-content\/uploads\/2018\/09\/Garcia-Faura.png\",\"width\":512,\"height\":512,\"caption\":\"GARCIA FAURA\"},\"image\":{\"@id\":\"https:\/\/www.garciafaura.com\/fr\/#\/schema\/logo\/image\/\"},\"sameAs\":[\"https:\/\/www.youtube.com\/user\/GARCIAFAURA\"]},{\"@type\":\"Person\",\"@id\":\"https:\/\/www.garciafaura.com\/fr\/#\/schema\/person\/b4b75e69b33fac3446071909bec106b0\",\"name\":\"David Achell\",\"image\":{\"@type\":\"ImageObject\",\"inLanguage\":\"fr-FR\",\"@id\":\"https:\/\/www.garciafaura.com\/fr\/#\/schema\/person\/image\/\",\"url\":\"https:\/\/secure.gravatar.com\/avatar\/03900210afc1f61bce737bcb4a79c02e2c997f171e3eca839b5a4cbe03846c90?s=96&d=blank&r=g\",\"contentUrl\":\"https:\/\/secure.gravatar.com\/avatar\/03900210afc1f61bce737bcb4a79c02e2c997f171e3eca839b5a4cbe03846c90?s=96&d=blank&r=g\",\"caption\":\"David Achell\"}}]}<\/script>\n<!-- \/ Yoast SEO plugin. -->","yoast_head_json":{"title":"Fa\u00e7ade mur-rideau et menuiseries de GARCIA FAURA pour un b\u00e2timent de bureaux dans le quartier 22@ - GARCIA FAURA","description":"Arquitectura en Alumini, Inox, Ferro i Vidre","robots":{"index":"index","follow":"follow","max-snippet":"max-snippet:-1","max-image-preview":"max-image-preview:large","max-video-preview":"max-video-preview:-1"},"canonical":"https:\/\/www.garciafaura.com\/fr\/facana-i-tancaments-de-garcia-faura-per-a-un-edifici-doficines-del-districte-22\/","og_locale":"fr_FR","og_type":"article","og_title":"Fa\u00e7ade mur-rideau et menuiseries de GARCIA FAURA pour un b\u00e2timent de bureaux dans le quartier 22@ - GARCIA FAURA","og_description":"Arquitectura en Alumini, Inox, Ferro i Vidre","og_url":"https:\/\/www.garciafaura.com\/fr\/facana-i-tancaments-de-garcia-faura-per-a-un-edifici-doficines-del-districte-22\/","og_site_name":"GARCIA FAURA","article_published_time":"2023-04-21T13:38:44+00:00","article_modified_time":"2023-04-21T13:45:43+00:00","og_image":[{"width":1200,"height":628,"url":"https:\/\/www.garciafaura.com\/wp-content\/uploads\/2022\/11\/190211_PereIV_Renderexterior.jpg","type":"image\/jpeg"}],"author":"David Achell","twitter_card":"summary_large_image","twitter_misc":{"\u00c9crit par":"David Achell","Dur\u00e9e de lecture estim\u00e9e":"2 minutes"},"schema":{"@context":"https:\/\/schema.org","@graph":[{"@type":"Article","@id":"https:\/\/www.garciafaura.com\/fr\/facana-i-tancaments-de-garcia-faura-per-a-un-edifici-doficines-del-districte-22\/#article","isPartOf":{"@id":"https:\/\/www.garciafaura.com\/fr\/facana-i-tancaments-de-garcia-faura-per-a-un-edifici-doficines-del-districte-22\/"},"author":{"name":"David Achell","@id":"https:\/\/www.garciafaura.com\/fr\/#\/schema\/person\/b4b75e69b33fac3446071909bec106b0"},"headline":"Fa\u00e7ade mur-rideau et menuiseries de GARCIA FAURA pour un b\u00e2timent de bureaux dans le quartier 22@","datePublished":"2023-04-21T13:38:44+00:00","dateModified":"2023-04-21T13:45:43+00:00","mainEntityOfPage":{"@id":"https:\/\/www.garciafaura.com\/fr\/facana-i-tancaments-de-garcia-faura-per-a-un-edifici-doficines-del-districte-22\/"},"wordCount":329,"publisher":{"@id":"https:\/\/www.garciafaura.com\/fr\/#organization"},"image":{"@id":"https:\/\/www.garciafaura.com\/fr\/facana-i-tancaments-de-garcia-faura-per-a-un-edifici-doficines-del-districte-22\/#primaryimage"},"thumbnailUrl":"https:\/\/www.garciafaura.com\/wp-content\/uploads\/2022\/11\/190211_PereIV_Renderexterior.jpg","articleSection":["Actualit\u00e9"],"inLanguage":"fr-FR"},{"@type":"WebPage","@id":"https:\/\/www.garciafaura.com\/fr\/facana-i-tancaments-de-garcia-faura-per-a-un-edifici-doficines-del-districte-22\/","url":"https:\/\/www.garciafaura.com\/fr\/facana-i-tancaments-de-garcia-faura-per-a-un-edifici-doficines-del-districte-22\/","name":"Fa\u00e7ade mur-rideau et menuiseries de GARCIA FAURA pour un b\u00e2timent de bureaux dans le quartier 22@ - GARCIA FAURA","isPartOf":{"@id":"https:\/\/www.garciafaura.com\/fr\/#website"},"primaryImageOfPage":{"@id":"https:\/\/www.garciafaura.com\/fr\/facana-i-tancaments-de-garcia-faura-per-a-un-edifici-doficines-del-districte-22\/#primaryimage"},"image":{"@id":"https:\/\/www.garciafaura.com\/fr\/facana-i-tancaments-de-garcia-faura-per-a-un-edifici-doficines-del-districte-22\/#primaryimage"},"thumbnailUrl":"https:\/\/www.garciafaura.com\/wp-content\/uploads\/2022\/11\/190211_PereIV_Renderexterior.jpg","datePublished":"2023-04-21T13:38:44+00:00","dateModified":"2023-04-21T13:45:43+00:00","description":"Arquitectura en Alumini, Inox, Ferro i Vidre","breadcrumb":{"@id":"https:\/\/www.garciafaura.com\/fr\/facana-i-tancaments-de-garcia-faura-per-a-un-edifici-doficines-del-districte-22\/#breadcrumb"},"inLanguage":"fr-FR","potentialAction":[{"@type":"ReadAction","target":["https:\/\/www.garciafaura.com\/fr\/facana-i-tancaments-de-garcia-faura-per-a-un-edifici-doficines-del-districte-22\/"]}]},{"@type":"ImageObject","inLanguage":"fr-FR","@id":"https:\/\/www.garciafaura.com\/fr\/facana-i-tancaments-de-garcia-faura-per-a-un-edifici-doficines-del-districte-22\/#primaryimage","url":"https:\/\/www.garciafaura.com\/wp-content\/uploads\/2022\/11\/190211_PereIV_Renderexterior.jpg","contentUrl":"https:\/\/www.garciafaura.com\/wp-content\/uploads\/2022\/11\/190211_PereIV_Renderexterior.jpg","width":1200,"height":628,"caption":"Garcia Faura Pere IV"},{"@type":"BreadcrumbList","@id":"https:\/\/www.garciafaura.com\/fr\/facana-i-tancaments-de-garcia-faura-per-a-un-edifici-doficines-del-districte-22\/#breadcrumb","itemListElement":[{"@type":"ListItem","position":1,"name":"Inici","item":"https:\/\/www.garciafaura.com\/fr\/"},{"@type":"ListItem","position":2,"name":"Fa\u00e7ade mur-rideau et menuiseries de GARCIA FAURA pour un b\u00e2timent de bureaux dans le quartier 22@"}]},{"@type":"WebSite","@id":"https:\/\/www.garciafaura.com\/fr\/#website","url":"https:\/\/www.garciafaura.com\/fr\/","name":"GARCIA FAURA","description":"Arquitectura en Alumini, Inox, Ferro i Vidre","publisher":{"@id":"https:\/\/www.garciafaura.com\/fr\/#organization"},"potentialAction":[{"@type":"SearchAction","target":{"@type":"EntryPoint","urlTemplate":"https:\/\/www.garciafaura.com\/fr\/?s={search_term_string}"},"query-input":{"@type":"PropertyValueSpecification","valueRequired":true,"valueName":"search_term_string"}}],"inLanguage":"fr-FR"},{"@type":"Organization","@id":"https:\/\/www.garciafaura.com\/fr\/#organization","name":"GARCIA FAURA","url":"https:\/\/www.garciafaura.com\/fr\/","logo":{"@type":"ImageObject","inLanguage":"fr-FR","@id":"https:\/\/www.garciafaura.com\/fr\/#\/schema\/logo\/image\/","url":"https:\/\/www.garciafaura.com\/wp-content\/uploads\/2018\/09\/Garcia-Faura.png","contentUrl":"https:\/\/www.garciafaura.com\/wp-content\/uploads\/2018\/09\/Garcia-Faura.png","width":512,"height":512,"caption":"GARCIA FAURA"},"image":{"@id":"https:\/\/www.garciafaura.com\/fr\/#\/schema\/logo\/image\/"},"sameAs":["https:\/\/www.youtube.com\/user\/GARCIAFAURA"]},{"@type":"Person","@id":"https:\/\/www.garciafaura.com\/fr\/#\/schema\/person\/b4b75e69b33fac3446071909bec106b0","name":"David Achell","image":{"@type":"ImageObject","inLanguage":"fr-FR","@id":"https:\/\/www.garciafaura.com\/fr\/#\/schema\/person\/image\/","url":"https:\/\/secure.gravatar.com\/avatar\/03900210afc1f61bce737bcb4a79c02e2c997f171e3eca839b5a4cbe03846c90?s=96&d=blank&r=g","contentUrl":"https:\/\/secure.gravatar.com\/avatar\/03900210afc1f61bce737bcb4a79c02e2c997f171e3eca839b5a4cbe03846c90?s=96&d=blank&r=g","caption":"David Achell"}}]}},"_links":{"self":[{"href":"https:\/\/www.garciafaura.com\/fr\/wp-json\/wp\/v2\/posts\/32039","targetHints":{"allow":["GET"]}}],"collection":[{"href":"https:\/\/www.garciafaura.com\/fr\/wp-json\/wp\/v2\/posts"}],"about":[{"href":"https:\/\/www.garciafaura.com\/fr\/wp-json\/wp\/v2\/types\/post"}],"author":[{"embeddable":true,"href":"https:\/\/www.garciafaura.com\/fr\/wp-json\/wp\/v2\/users\/3"}],"replies":[{"embeddable":true,"href":"https:\/\/www.garciafaura.com\/fr\/wp-json\/wp\/v2\/comments?post=32039"}],"version-history":[{"count":2,"href":"https:\/\/www.garciafaura.com\/fr\/wp-json\/wp\/v2\/posts\/32039\/revisions"}],"predecessor-version":[{"id":32044,"href":"https:\/\/www.garciafaura.com\/fr\/wp-json\/wp\/v2\/posts\/32039\/revisions\/32044"}],"wp:featuredmedia":[{"embeddable":true,"href":"https:\/\/www.garciafaura.com\/fr\/wp-json\/wp\/v2\/media\/31013"}],"wp:attachment":[{"href":"https:\/\/www.garciafaura.com\/fr\/wp-json\/wp\/v2\/media?parent=32039"}],"wp:term":[{"taxonomy":"category","embeddable":true,"href":"https:\/\/www.garciafaura.com\/fr\/wp-json\/wp\/v2\/categories?post=32039"},{"taxonomy":"post_tag","embeddable":true,"href":"https:\/\/www.garciafaura.com\/fr\/wp-json\/wp\/v2\/tags?post=32039"},{"taxonomy":"post_series","embeddable":true,"href":"https:\/\/www.garciafaura.com\/fr\/wp-json\/wp\/v2\/post_series?post=32039"}],"curies":[{"name":"wp","href":"https:\/\/api.w.org\/{rel}","templated":true}]}}