{"id":32005,"date":"2023-04-04T09:00:12","date_gmt":"2023-04-04T07:00:12","guid":{"rendered":"https:\/\/www.garciafaura.com\/?p=32005"},"modified":"2023-04-04T12:58:45","modified_gmt":"2023-04-04T10:58:45","slug":"garcia-faura-executa-les-facanes-de-la-nova-seu-de-medicalmix","status":"publish","type":"post","link":"https:\/\/www.garciafaura.com\/fr\/garcia-faura-executa-les-facanes-de-la-nova-seu-de-medicalmix\/","title":{"rendered":"GARCIA FAURA ex\u00e9cute les fa\u00e7ades du nouveau si\u00e8ge de MedicalMix"},"content":{"rendered":"<h3 style=\"text-align: justify;\"><strong>Le groupe MedicalMix, qui fournit des produits d&rsquo;ophtalmologie pour les blocs op\u00e9ratoires de toute l&rsquo;Espagne, construit un nouveau si\u00e8ge \u00e0 Sant Cugat del Vall\u00e8s (Barcelone), \u00e0 \u200b\u200bseulement 300 m\u00e8tres de l&rsquo;actuel b\u00e2timent de l&rsquo;entreprise.<\/strong><\/h3>\n<p style=\"text-align: justify;\">Le nouveau si\u00e8ge aura une superficie totale construite de 12.940,92 m\u00e8tres carr\u00e9s divis\u00e9s en trois \u00e9tages o\u00f9 se trouveront des bureaux, des salles de r\u00e9union et polyvalentes, un auditorium, des archives et d&rsquo;autres services et entrep\u00f4ts.<\/p>\n<p style=\"text-align: justify;\">Le b\u00e2timent sera structur\u00e9 autour d&rsquo;un atrium, un espace de grande hauteur libre situ\u00e9 \u00e0 l&rsquo;entr\u00e9e du b\u00e2timent, qui reliera tous les \u00e9tages par l&rsquo;escalier principal et reli\u00e9 \u00e0 un espace jardin.<\/p>\n<p style=\"text-align: justify;\">Pour ce projet, <strong>GARCIA FAURA<\/strong> d\u00e9veloppe et ex\u00e9cute 1 150 m\u00e8tres carr\u00e9s de <strong>mur-rideau<\/strong> sans profils verticaux, qui donneront au b\u00e2timent une vue panoramique qui d\u00e9finira son esth\u00e9tique ext\u00e9rieure et sa vision int\u00e9rieure.<\/p>\n<p style=\"text-align: justify;\">La fa\u00e7ade int\u00e9grera \u00e9galement un jeu de lames m\u00e9talliques comme protection solaire entre piliers, avec pr\u00e8s de 700 m\u00e8tres carr\u00e9s de lames horizontales, qui associeront mat\u00e9riaux et finitions en utilisant la peau ext\u00e9rieure.<\/p>\n<p style=\"text-align: justify;\">Les travaux seront compl\u00e9t\u00e9s par l&rsquo;installation de 500 m\u00e8tres carr\u00e9s de carreaux de c\u00e9ramique. Tout cela favorisera l&rsquo;efficacit\u00e9 \u00e9nerg\u00e9tique et la r\u00e9duction des co\u00fbts \u00e9nerg\u00e9tiques (en plus de l&rsquo;entretien ult\u00e9rieur) que la conception architecturale du b\u00e2timent recherche.<\/p>\n","protected":false},"excerpt":{"rendered":"<p>Le groupe MedicalMix, qui fournit des produits d&rsquo;ophtalmologie pour les blocs op\u00e9ratoires de toute l&rsquo;Espagne, construit un nouveau si\u00e8ge \u00e0 Sant Cugat del Vall\u00e8s (Barcelone), \u00e0 \u200b\u200bseulement 300 m\u00e8tres de l&rsquo;actuel b\u00e2timent de l&rsquo;entreprise. Le nouveau si\u00e8ge aura une superficie&hellip;<\/p>\n","protected":false},"author":3,"featured_media":31460,"comment_status":"closed","ping_status":"open","sticky":false,"template":"","format":"standard","meta":{"footnotes":""},"categories":[2],"tags":[],"post_series":[],"class_list":["post-32005","post","type-post","status-publish","format-standard","has-post-thumbnail","hentry","category-actualite","entry","has-media"],"yoast_head":"<!-- This site is optimized with the Yoast SEO plugin v26.7 - https:\/\/yoast.com\/wordpress\/plugins\/seo\/ -->\n<title>GARCIA FAURA ex\u00e9cute les fa\u00e7ades du nouveau si\u00e8ge de MedicalMix - GARCIA FAURA<\/title>\n<meta name=\"description\" content=\"Arquitectura en Alumini, Inox, Ferro i Vidre\" \/>\n<meta name=\"robots\" content=\"index, follow, max-snippet:-1, max-image-preview:large, max-video-preview:-1\" \/>\n<link rel=\"canonical\" href=\"https:\/\/www.garciafaura.com\/fr\/garcia-faura-executa-les-facanes-de-la-nova-seu-de-medicalmix\/\" \/>\n<meta property=\"og:locale\" content=\"fr_FR\" \/>\n<meta property=\"og:type\" content=\"article\" \/>\n<meta property=\"og:title\" content=\"GARCIA FAURA ex\u00e9cute les fa\u00e7ades du nouveau si\u00e8ge de MedicalMix - GARCIA FAURA\" \/>\n<meta property=\"og:description\" content=\"Arquitectura en Alumini, Inox, Ferro i Vidre\" \/>\n<meta property=\"og:url\" content=\"https:\/\/www.garciafaura.com\/fr\/garcia-faura-executa-les-facanes-de-la-nova-seu-de-medicalmix\/\" \/>\n<meta property=\"og:site_name\" content=\"GARCIA FAURA\" \/>\n<meta property=\"article:published_time\" content=\"2023-04-04T07:00:12+00:00\" \/>\n<meta property=\"article:modified_time\" content=\"2023-04-04T10:58:45+00:00\" \/>\n<meta property=\"og:image\" content=\"https:\/\/www.garciafaura.com\/wp-content\/uploads\/2023\/02\/Medicalmix.jpg\" \/>\n\t<meta property=\"og:image:width\" content=\"1200\" \/>\n\t<meta property=\"og:image:height\" content=\"628\" \/>\n\t<meta property=\"og:image:type\" content=\"image\/jpeg\" \/>\n<meta name=\"author\" content=\"David Achell\" \/>\n<meta name=\"twitter:card\" content=\"summary_large_image\" \/>\n<meta name=\"twitter:label1\" content=\"\u00c9crit par\" \/>\n\t<meta name=\"twitter:data1\" content=\"David Achell\" \/>\n\t<meta name=\"twitter:label2\" content=\"Dur\u00e9e de lecture estim\u00e9e\" \/>\n\t<meta name=\"twitter:data2\" content=\"2 minutes\" \/>\n<script type=\"application\/ld+json\" class=\"yoast-schema-graph\">{\"@context\":\"https:\/\/schema.org\",\"@graph\":[{\"@type\":\"Article\",\"@id\":\"https:\/\/www.garciafaura.com\/fr\/garcia-faura-executa-les-facanes-de-la-nova-seu-de-medicalmix\/#article\",\"isPartOf\":{\"@id\":\"https:\/\/www.garciafaura.com\/fr\/garcia-faura-executa-les-facanes-de-la-nova-seu-de-medicalmix\/\"},\"author\":{\"name\":\"David Achell\",\"@id\":\"https:\/\/www.garciafaura.com\/fr\/#\/schema\/person\/b4b75e69b33fac3446071909bec106b0\"},\"headline\":\"GARCIA FAURA ex\u00e9cute les fa\u00e7ades du nouveau si\u00e8ge de MedicalMix\",\"datePublished\":\"2023-04-04T07:00:12+00:00\",\"dateModified\":\"2023-04-04T10:58:45+00:00\",\"mainEntityOfPage\":{\"@id\":\"https:\/\/www.garciafaura.com\/fr\/garcia-faura-executa-les-facanes-de-la-nova-seu-de-medicalmix\/\"},\"wordCount\":261,\"publisher\":{\"@id\":\"https:\/\/www.garciafaura.com\/fr\/#organization\"},\"image\":{\"@id\":\"https:\/\/www.garciafaura.com\/fr\/garcia-faura-executa-les-facanes-de-la-nova-seu-de-medicalmix\/#primaryimage\"},\"thumbnailUrl\":\"https:\/\/www.garciafaura.com\/wp-content\/uploads\/2023\/02\/Medicalmix.jpg\",\"articleSection\":[\"Actualit\u00e9\"],\"inLanguage\":\"fr-FR\"},{\"@type\":\"WebPage\",\"@id\":\"https:\/\/www.garciafaura.com\/fr\/garcia-faura-executa-les-facanes-de-la-nova-seu-de-medicalmix\/\",\"url\":\"https:\/\/www.garciafaura.com\/fr\/garcia-faura-executa-les-facanes-de-la-nova-seu-de-medicalmix\/\",\"name\":\"GARCIA FAURA ex\u00e9cute les fa\u00e7ades du nouveau si\u00e8ge de MedicalMix - GARCIA FAURA\",\"isPartOf\":{\"@id\":\"https:\/\/www.garciafaura.com\/fr\/#website\"},\"primaryImageOfPage\":{\"@id\":\"https:\/\/www.garciafaura.com\/fr\/garcia-faura-executa-les-facanes-de-la-nova-seu-de-medicalmix\/#primaryimage\"},\"image\":{\"@id\":\"https:\/\/www.garciafaura.com\/fr\/garcia-faura-executa-les-facanes-de-la-nova-seu-de-medicalmix\/#primaryimage\"},\"thumbnailUrl\":\"https:\/\/www.garciafaura.com\/wp-content\/uploads\/2023\/02\/Medicalmix.jpg\",\"datePublished\":\"2023-04-04T07:00:12+00:00\",\"dateModified\":\"2023-04-04T10:58:45+00:00\",\"description\":\"Arquitectura en Alumini, Inox, Ferro i Vidre\",\"breadcrumb\":{\"@id\":\"https:\/\/www.garciafaura.com\/fr\/garcia-faura-executa-les-facanes-de-la-nova-seu-de-medicalmix\/#breadcrumb\"},\"inLanguage\":\"fr-FR\",\"potentialAction\":[{\"@type\":\"ReadAction\",\"target\":[\"https:\/\/www.garciafaura.com\/fr\/garcia-faura-executa-les-facanes-de-la-nova-seu-de-medicalmix\/\"]}]},{\"@type\":\"ImageObject\",\"inLanguage\":\"fr-FR\",\"@id\":\"https:\/\/www.garciafaura.com\/fr\/garcia-faura-executa-les-facanes-de-la-nova-seu-de-medicalmix\/#primaryimage\",\"url\":\"https:\/\/www.garciafaura.com\/wp-content\/uploads\/2023\/02\/Medicalmix.jpg\",\"contentUrl\":\"https:\/\/www.garciafaura.com\/wp-content\/uploads\/2023\/02\/Medicalmix.jpg\",\"width\":1200,\"height\":628},{\"@type\":\"BreadcrumbList\",\"@id\":\"https:\/\/www.garciafaura.com\/fr\/garcia-faura-executa-les-facanes-de-la-nova-seu-de-medicalmix\/#breadcrumb\",\"itemListElement\":[{\"@type\":\"ListItem\",\"position\":1,\"name\":\"Inici\",\"item\":\"https:\/\/www.garciafaura.com\/fr\/\"},{\"@type\":\"ListItem\",\"position\":2,\"name\":\"GARCIA FAURA ex\u00e9cute les fa\u00e7ades du nouveau si\u00e8ge de MedicalMix\"}]},{\"@type\":\"WebSite\",\"@id\":\"https:\/\/www.garciafaura.com\/fr\/#website\",\"url\":\"https:\/\/www.garciafaura.com\/fr\/\",\"name\":\"GARCIA FAURA\",\"description\":\"Arquitectura en Alumini, Inox, Ferro i Vidre\",\"publisher\":{\"@id\":\"https:\/\/www.garciafaura.com\/fr\/#organization\"},\"potentialAction\":[{\"@type\":\"SearchAction\",\"target\":{\"@type\":\"EntryPoint\",\"urlTemplate\":\"https:\/\/www.garciafaura.com\/fr\/?s={search_term_string}\"},\"query-input\":{\"@type\":\"PropertyValueSpecification\",\"valueRequired\":true,\"valueName\":\"search_term_string\"}}],\"inLanguage\":\"fr-FR\"},{\"@type\":\"Organization\",\"@id\":\"https:\/\/www.garciafaura.com\/fr\/#organization\",\"name\":\"GARCIA FAURA\",\"url\":\"https:\/\/www.garciafaura.com\/fr\/\",\"logo\":{\"@type\":\"ImageObject\",\"inLanguage\":\"fr-FR\",\"@id\":\"https:\/\/www.garciafaura.com\/fr\/#\/schema\/logo\/image\/\",\"url\":\"https:\/\/www.garciafaura.com\/wp-content\/uploads\/2018\/09\/Garcia-Faura.png\",\"contentUrl\":\"https:\/\/www.garciafaura.com\/wp-content\/uploads\/2018\/09\/Garcia-Faura.png\",\"width\":512,\"height\":512,\"caption\":\"GARCIA FAURA\"},\"image\":{\"@id\":\"https:\/\/www.garciafaura.com\/fr\/#\/schema\/logo\/image\/\"},\"sameAs\":[\"https:\/\/www.youtube.com\/user\/GARCIAFAURA\"]},{\"@type\":\"Person\",\"@id\":\"https:\/\/www.garciafaura.com\/fr\/#\/schema\/person\/b4b75e69b33fac3446071909bec106b0\",\"name\":\"David Achell\",\"image\":{\"@type\":\"ImageObject\",\"inLanguage\":\"fr-FR\",\"@id\":\"https:\/\/www.garciafaura.com\/fr\/#\/schema\/person\/image\/\",\"url\":\"https:\/\/secure.gravatar.com\/avatar\/03900210afc1f61bce737bcb4a79c02e2c997f171e3eca839b5a4cbe03846c90?s=96&d=blank&r=g\",\"contentUrl\":\"https:\/\/secure.gravatar.com\/avatar\/03900210afc1f61bce737bcb4a79c02e2c997f171e3eca839b5a4cbe03846c90?s=96&d=blank&r=g\",\"caption\":\"David Achell\"}}]}<\/script>\n<!-- \/ Yoast SEO plugin. -->","yoast_head_json":{"title":"GARCIA FAURA ex\u00e9cute les fa\u00e7ades du nouveau si\u00e8ge de MedicalMix - GARCIA FAURA","description":"Arquitectura en Alumini, Inox, Ferro i Vidre","robots":{"index":"index","follow":"follow","max-snippet":"max-snippet:-1","max-image-preview":"max-image-preview:large","max-video-preview":"max-video-preview:-1"},"canonical":"https:\/\/www.garciafaura.com\/fr\/garcia-faura-executa-les-facanes-de-la-nova-seu-de-medicalmix\/","og_locale":"fr_FR","og_type":"article","og_title":"GARCIA FAURA ex\u00e9cute les fa\u00e7ades du nouveau si\u00e8ge de MedicalMix - GARCIA FAURA","og_description":"Arquitectura en Alumini, Inox, Ferro i Vidre","og_url":"https:\/\/www.garciafaura.com\/fr\/garcia-faura-executa-les-facanes-de-la-nova-seu-de-medicalmix\/","og_site_name":"GARCIA FAURA","article_published_time":"2023-04-04T07:00:12+00:00","article_modified_time":"2023-04-04T10:58:45+00:00","og_image":[{"width":1200,"height":628,"url":"https:\/\/www.garciafaura.com\/wp-content\/uploads\/2023\/02\/Medicalmix.jpg","type":"image\/jpeg"}],"author":"David Achell","twitter_card":"summary_large_image","twitter_misc":{"\u00c9crit par":"David Achell","Dur\u00e9e de lecture estim\u00e9e":"2 minutes"},"schema":{"@context":"https:\/\/schema.org","@graph":[{"@type":"Article","@id":"https:\/\/www.garciafaura.com\/fr\/garcia-faura-executa-les-facanes-de-la-nova-seu-de-medicalmix\/#article","isPartOf":{"@id":"https:\/\/www.garciafaura.com\/fr\/garcia-faura-executa-les-facanes-de-la-nova-seu-de-medicalmix\/"},"author":{"name":"David Achell","@id":"https:\/\/www.garciafaura.com\/fr\/#\/schema\/person\/b4b75e69b33fac3446071909bec106b0"},"headline":"GARCIA FAURA ex\u00e9cute les fa\u00e7ades du nouveau si\u00e8ge de MedicalMix","datePublished":"2023-04-04T07:00:12+00:00","dateModified":"2023-04-04T10:58:45+00:00","mainEntityOfPage":{"@id":"https:\/\/www.garciafaura.com\/fr\/garcia-faura-executa-les-facanes-de-la-nova-seu-de-medicalmix\/"},"wordCount":261,"publisher":{"@id":"https:\/\/www.garciafaura.com\/fr\/#organization"},"image":{"@id":"https:\/\/www.garciafaura.com\/fr\/garcia-faura-executa-les-facanes-de-la-nova-seu-de-medicalmix\/#primaryimage"},"thumbnailUrl":"https:\/\/www.garciafaura.com\/wp-content\/uploads\/2023\/02\/Medicalmix.jpg","articleSection":["Actualit\u00e9"],"inLanguage":"fr-FR"},{"@type":"WebPage","@id":"https:\/\/www.garciafaura.com\/fr\/garcia-faura-executa-les-facanes-de-la-nova-seu-de-medicalmix\/","url":"https:\/\/www.garciafaura.com\/fr\/garcia-faura-executa-les-facanes-de-la-nova-seu-de-medicalmix\/","name":"GARCIA FAURA ex\u00e9cute les fa\u00e7ades du nouveau si\u00e8ge de MedicalMix - GARCIA FAURA","isPartOf":{"@id":"https:\/\/www.garciafaura.com\/fr\/#website"},"primaryImageOfPage":{"@id":"https:\/\/www.garciafaura.com\/fr\/garcia-faura-executa-les-facanes-de-la-nova-seu-de-medicalmix\/#primaryimage"},"image":{"@id":"https:\/\/www.garciafaura.com\/fr\/garcia-faura-executa-les-facanes-de-la-nova-seu-de-medicalmix\/#primaryimage"},"thumbnailUrl":"https:\/\/www.garciafaura.com\/wp-content\/uploads\/2023\/02\/Medicalmix.jpg","datePublished":"2023-04-04T07:00:12+00:00","dateModified":"2023-04-04T10:58:45+00:00","description":"Arquitectura en Alumini, Inox, Ferro i Vidre","breadcrumb":{"@id":"https:\/\/www.garciafaura.com\/fr\/garcia-faura-executa-les-facanes-de-la-nova-seu-de-medicalmix\/#breadcrumb"},"inLanguage":"fr-FR","potentialAction":[{"@type":"ReadAction","target":["https:\/\/www.garciafaura.com\/fr\/garcia-faura-executa-les-facanes-de-la-nova-seu-de-medicalmix\/"]}]},{"@type":"ImageObject","inLanguage":"fr-FR","@id":"https:\/\/www.garciafaura.com\/fr\/garcia-faura-executa-les-facanes-de-la-nova-seu-de-medicalmix\/#primaryimage","url":"https:\/\/www.garciafaura.com\/wp-content\/uploads\/2023\/02\/Medicalmix.jpg","contentUrl":"https:\/\/www.garciafaura.com\/wp-content\/uploads\/2023\/02\/Medicalmix.jpg","width":1200,"height":628},{"@type":"BreadcrumbList","@id":"https:\/\/www.garciafaura.com\/fr\/garcia-faura-executa-les-facanes-de-la-nova-seu-de-medicalmix\/#breadcrumb","itemListElement":[{"@type":"ListItem","position":1,"name":"Inici","item":"https:\/\/www.garciafaura.com\/fr\/"},{"@type":"ListItem","position":2,"name":"GARCIA FAURA ex\u00e9cute les fa\u00e7ades du nouveau si\u00e8ge de MedicalMix"}]},{"@type":"WebSite","@id":"https:\/\/www.garciafaura.com\/fr\/#website","url":"https:\/\/www.garciafaura.com\/fr\/","name":"GARCIA FAURA","description":"Arquitectura en Alumini, Inox, Ferro i Vidre","publisher":{"@id":"https:\/\/www.garciafaura.com\/fr\/#organization"},"potentialAction":[{"@type":"SearchAction","target":{"@type":"EntryPoint","urlTemplate":"https:\/\/www.garciafaura.com\/fr\/?s={search_term_string}"},"query-input":{"@type":"PropertyValueSpecification","valueRequired":true,"valueName":"search_term_string"}}],"inLanguage":"fr-FR"},{"@type":"Organization","@id":"https:\/\/www.garciafaura.com\/fr\/#organization","name":"GARCIA FAURA","url":"https:\/\/www.garciafaura.com\/fr\/","logo":{"@type":"ImageObject","inLanguage":"fr-FR","@id":"https:\/\/www.garciafaura.com\/fr\/#\/schema\/logo\/image\/","url":"https:\/\/www.garciafaura.com\/wp-content\/uploads\/2018\/09\/Garcia-Faura.png","contentUrl":"https:\/\/www.garciafaura.com\/wp-content\/uploads\/2018\/09\/Garcia-Faura.png","width":512,"height":512,"caption":"GARCIA FAURA"},"image":{"@id":"https:\/\/www.garciafaura.com\/fr\/#\/schema\/logo\/image\/"},"sameAs":["https:\/\/www.youtube.com\/user\/GARCIAFAURA"]},{"@type":"Person","@id":"https:\/\/www.garciafaura.com\/fr\/#\/schema\/person\/b4b75e69b33fac3446071909bec106b0","name":"David Achell","image":{"@type":"ImageObject","inLanguage":"fr-FR","@id":"https:\/\/www.garciafaura.com\/fr\/#\/schema\/person\/image\/","url":"https:\/\/secure.gravatar.com\/avatar\/03900210afc1f61bce737bcb4a79c02e2c997f171e3eca839b5a4cbe03846c90?s=96&d=blank&r=g","contentUrl":"https:\/\/secure.gravatar.com\/avatar\/03900210afc1f61bce737bcb4a79c02e2c997f171e3eca839b5a4cbe03846c90?s=96&d=blank&r=g","caption":"David Achell"}}]}},"_links":{"self":[{"href":"https:\/\/www.garciafaura.com\/fr\/wp-json\/wp\/v2\/posts\/32005","targetHints":{"allow":["GET"]}}],"collection":[{"href":"https:\/\/www.garciafaura.com\/fr\/wp-json\/wp\/v2\/posts"}],"about":[{"href":"https:\/\/www.garciafaura.com\/fr\/wp-json\/wp\/v2\/types\/post"}],"author":[{"embeddable":true,"href":"https:\/\/www.garciafaura.com\/fr\/wp-json\/wp\/v2\/users\/3"}],"replies":[{"embeddable":true,"href":"https:\/\/www.garciafaura.com\/fr\/wp-json\/wp\/v2\/comments?post=32005"}],"version-history":[{"count":1,"href":"https:\/\/www.garciafaura.com\/fr\/wp-json\/wp\/v2\/posts\/32005\/revisions"}],"predecessor-version":[{"id":32013,"href":"https:\/\/www.garciafaura.com\/fr\/wp-json\/wp\/v2\/posts\/32005\/revisions\/32013"}],"wp:featuredmedia":[{"embeddable":true,"href":"https:\/\/www.garciafaura.com\/fr\/wp-json\/wp\/v2\/media\/31460"}],"wp:attachment":[{"href":"https:\/\/www.garciafaura.com\/fr\/wp-json\/wp\/v2\/media?parent=32005"}],"wp:term":[{"taxonomy":"category","embeddable":true,"href":"https:\/\/www.garciafaura.com\/fr\/wp-json\/wp\/v2\/categories?post=32005"},{"taxonomy":"post_tag","embeddable":true,"href":"https:\/\/www.garciafaura.com\/fr\/wp-json\/wp\/v2\/tags?post=32005"},{"taxonomy":"post_series","embeddable":true,"href":"https:\/\/www.garciafaura.com\/fr\/wp-json\/wp\/v2\/post_series?post=32005"}],"curies":[{"name":"wp","href":"https:\/\/api.w.org\/{rel}","templated":true}]}}