{"id":31453,"date":"2023-02-17T12:05:31","date_gmt":"2023-02-17T10:05:31","guid":{"rendered":"https:\/\/www.garciafaura.com\/garcia-faura-fabrica-i-installa-tancaments-i-facana-per-al-nou-hotel-sb-de-sant-feliu-de-llobregat\/"},"modified":"2023-02-21T12:31:04","modified_gmt":"2023-02-21T10:31:04","slug":"garcia-faura-fabrica-i-installa-tancaments-i-facana-per-al-nou-hotel-sb-de-sant-feliu-de-llobregat","status":"publish","type":"post","link":"https:\/\/www.garciafaura.com\/fr\/garcia-faura-fabrica-i-installa-tancaments-i-facana-per-al-nou-hotel-sb-de-sant-feliu-de-llobregat\/","title":{"rendered":"GARCIA FAURA fabrique et installe les menuiseries et la fa\u00e7ade du nouvel h\u00f4tel SB \u00e0 Sant Feliu de Llobregat (Barcelone)"},"content":{"rendered":"<h3 style=\"text-align: justify;\"><strong>GARCIA FAURA collabore \u00e0 nouveau avec le groupe SB Hotels, pour lequel il a d\u00e9j\u00e0 r\u00e9alis\u00e9 des installations comme celles de l&rsquo;Hospitalet de Llobregat ou de Castelldefels. Celui de Sant Feliu de Llobregat sera le dixi\u00e8me \u00e9tablissement de la cha\u00eene h\u00f4teli\u00e8re, devenant ainsi l&rsquo;une des entreprises avec le plus de chambres disponibles dans la zone m\u00e9tropolitaine de Barcelone.<\/strong><\/h3>\n<p style=\"text-align: justify;\">L&rsquo;h\u00f4tel SB de Sant Feliu de Llobregat sera situ\u00e9 en face de la cit\u00e9 sportive Joan Gamper, du club de football de Barcelone. Il sera quatre \u00e9toiles sup\u00e9rieur et disposera de 160 chambres r\u00e9parties sur plus de 9.000 m\u00e8tres carr\u00e9s de surface, cet h\u00f4tel aura une classe \u00e9nerg\u00e9tique A.<\/p>\n<p style=\"text-align: justify;\">Pour l&rsquo;h\u00f4tel, GARCIA FAURA fabriquera et installera 110 modules, qui constituent des \u00e9l\u00e9ments saillants de la fa\u00e7ade en forme d&rsquo;angle avec un c\u00f4t\u00e9 rectangulaire et l&rsquo;autre trap\u00e9zo\u00efdal, form\u00e9s par une ossature m\u00e9tallique en acier galvanis\u00e9 et doubl\u00e9e d&rsquo;un panneau composite sur lequel sont fix\u00e9es les menuiseries fixes en profil\u00e9 d&rsquo;aluminium qui donneront un caract\u00e8re unique \u00e0 la fa\u00e7ade de l&rsquo;h\u00f4tel.<\/p>\n<p style=\"text-align: justify;\">Ces modules seront install\u00e9s de l&rsquo;int\u00e9rieur du b\u00e2timent, ce qui permettra un travail simultan\u00e9 de l&rsquo;int\u00e9rieur et de l&rsquo;ext\u00e9rieur du b\u00e2timent. De plus, 90 fen\u00eatres oscillo-battantes en aluminium \u00e0 hautes performances thermiques et acoustiques seront \u00e9galement install\u00e9es, ainsi que plusieurs modules de murs-rideaux au rez-de-chauss\u00e9e.<\/p>\n<p style=\"text-align: justify;\">Des portes vitr\u00e9es seront int\u00e9gr\u00e9es \u00e0 ces modules de murs-rideaux et, dans tout l&rsquo;h\u00f4tel, en total une douzaine d&rsquo;entr\u00e9es, ainsi que des verri\u00e8res. Les vitrages qui seront utilis\u00e9s dans ce travail ont des performances acoustiques et thermiques \u00e9lev\u00e9es en incorporant des couches s\u00e9lectives ou des cam\u00e9ras \u00e0 l&rsquo;argon, entre autres caract\u00e9ristiques.<\/p>\n","protected":false},"excerpt":{"rendered":"<p>GARCIA FAURA collabore \u00e0 nouveau avec le groupe SB Hotels, pour lequel il a d\u00e9j\u00e0 r\u00e9alis\u00e9 des installations comme celles de l&rsquo;Hospitalet de Llobregat ou de Castelldefels. Celui de Sant Feliu de Llobregat sera le dixi\u00e8me \u00e9tablissement de la cha\u00eene&hellip;<\/p>\n","protected":false},"author":3,"featured_media":31238,"comment_status":"closed","ping_status":"open","sticky":false,"template":"","format":"gallery","meta":{"footnotes":""},"categories":[2],"tags":[],"post_series":[],"class_list":["post-31453","post","type-post","status-publish","format-gallery","has-post-thumbnail","hentry","category-actualite","post_format-post-format-gallery","entry","has-media"],"yoast_head":"<!-- This site is optimized with the Yoast SEO plugin v26.7 - https:\/\/yoast.com\/wordpress\/plugins\/seo\/ -->\n<title>GARCIA FAURA fabrique et installe les menuiseries et la fa\u00e7ade du nouvel h\u00f4tel SB \u00e0 Sant Feliu de Llobregat (Barcelone) - GARCIA FAURA<\/title>\n<meta name=\"description\" content=\"Arquitectura en Alumini, Inox, Ferro i Vidre\" \/>\n<meta name=\"robots\" content=\"index, follow, max-snippet:-1, max-image-preview:large, max-video-preview:-1\" \/>\n<link rel=\"canonical\" href=\"https:\/\/www.garciafaura.com\/fr\/garcia-faura-fabrica-i-installa-tancaments-i-facana-per-al-nou-hotel-sb-de-sant-feliu-de-llobregat\/\" \/>\n<meta property=\"og:locale\" content=\"fr_FR\" \/>\n<meta property=\"og:type\" content=\"article\" \/>\n<meta property=\"og:title\" content=\"GARCIA FAURA fabrique et installe les menuiseries et la fa\u00e7ade du nouvel h\u00f4tel SB \u00e0 Sant Feliu de Llobregat (Barcelone) - GARCIA FAURA\" \/>\n<meta property=\"og:description\" content=\"Arquitectura en Alumini, Inox, Ferro i Vidre\" \/>\n<meta property=\"og:url\" content=\"https:\/\/www.garciafaura.com\/fr\/garcia-faura-fabrica-i-installa-tancaments-i-facana-per-al-nou-hotel-sb-de-sant-feliu-de-llobregat\/\" \/>\n<meta property=\"og:site_name\" content=\"GARCIA FAURA\" \/>\n<meta property=\"article:published_time\" content=\"2023-02-17T10:05:31+00:00\" \/>\n<meta property=\"article:modified_time\" content=\"2023-02-21T10:31:04+00:00\" \/>\n<meta property=\"og:image\" content=\"https:\/\/www.garciafaura.com\/wp-content\/uploads\/2023\/02\/SBHotelSantFeliu01.jpg\" \/>\n\t<meta property=\"og:image:width\" content=\"1200\" \/>\n\t<meta property=\"og:image:height\" content=\"628\" \/>\n\t<meta property=\"og:image:type\" content=\"image\/jpeg\" \/>\n<meta name=\"author\" content=\"David Achell\" \/>\n<meta name=\"twitter:card\" content=\"summary_large_image\" \/>\n<meta name=\"twitter:label1\" content=\"\u00c9crit par\" \/>\n\t<meta name=\"twitter:data1\" content=\"David Achell\" \/>\n\t<meta name=\"twitter:label2\" content=\"Dur\u00e9e de lecture estim\u00e9e\" \/>\n\t<meta name=\"twitter:data2\" content=\"2 minutes\" \/>\n<script type=\"application\/ld+json\" class=\"yoast-schema-graph\">{\"@context\":\"https:\/\/schema.org\",\"@graph\":[{\"@type\":\"Article\",\"@id\":\"https:\/\/www.garciafaura.com\/fr\/garcia-faura-fabrica-i-installa-tancaments-i-facana-per-al-nou-hotel-sb-de-sant-feliu-de-llobregat\/#article\",\"isPartOf\":{\"@id\":\"https:\/\/www.garciafaura.com\/fr\/garcia-faura-fabrica-i-installa-tancaments-i-facana-per-al-nou-hotel-sb-de-sant-feliu-de-llobregat\/\"},\"author\":{\"name\":\"David Achell\",\"@id\":\"https:\/\/www.garciafaura.com\/fr\/#\/schema\/person\/b4b75e69b33fac3446071909bec106b0\"},\"headline\":\"GARCIA FAURA fabrique et installe les menuiseries et la fa\u00e7ade du nouvel h\u00f4tel SB \u00e0 Sant Feliu de Llobregat (Barcelone)\",\"datePublished\":\"2023-02-17T10:05:31+00:00\",\"dateModified\":\"2023-02-21T10:31:04+00:00\",\"mainEntityOfPage\":{\"@id\":\"https:\/\/www.garciafaura.com\/fr\/garcia-faura-fabrica-i-installa-tancaments-i-facana-per-al-nou-hotel-sb-de-sant-feliu-de-llobregat\/\"},\"wordCount\":337,\"publisher\":{\"@id\":\"https:\/\/www.garciafaura.com\/fr\/#organization\"},\"image\":{\"@id\":\"https:\/\/www.garciafaura.com\/fr\/garcia-faura-fabrica-i-installa-tancaments-i-facana-per-al-nou-hotel-sb-de-sant-feliu-de-llobregat\/#primaryimage\"},\"thumbnailUrl\":\"https:\/\/www.garciafaura.com\/wp-content\/uploads\/2023\/02\/SBHotelSantFeliu01.jpg\",\"articleSection\":[\"Actualit\u00e9\"],\"inLanguage\":\"fr-FR\"},{\"@type\":\"WebPage\",\"@id\":\"https:\/\/www.garciafaura.com\/fr\/garcia-faura-fabrica-i-installa-tancaments-i-facana-per-al-nou-hotel-sb-de-sant-feliu-de-llobregat\/\",\"url\":\"https:\/\/www.garciafaura.com\/fr\/garcia-faura-fabrica-i-installa-tancaments-i-facana-per-al-nou-hotel-sb-de-sant-feliu-de-llobregat\/\",\"name\":\"GARCIA FAURA fabrique et installe les menuiseries et la fa\u00e7ade du nouvel h\u00f4tel SB \u00e0 Sant Feliu de Llobregat (Barcelone) - GARCIA FAURA\",\"isPartOf\":{\"@id\":\"https:\/\/www.garciafaura.com\/fr\/#website\"},\"primaryImageOfPage\":{\"@id\":\"https:\/\/www.garciafaura.com\/fr\/garcia-faura-fabrica-i-installa-tancaments-i-facana-per-al-nou-hotel-sb-de-sant-feliu-de-llobregat\/#primaryimage\"},\"image\":{\"@id\":\"https:\/\/www.garciafaura.com\/fr\/garcia-faura-fabrica-i-installa-tancaments-i-facana-per-al-nou-hotel-sb-de-sant-feliu-de-llobregat\/#primaryimage\"},\"thumbnailUrl\":\"https:\/\/www.garciafaura.com\/wp-content\/uploads\/2023\/02\/SBHotelSantFeliu01.jpg\",\"datePublished\":\"2023-02-17T10:05:31+00:00\",\"dateModified\":\"2023-02-21T10:31:04+00:00\",\"description\":\"Arquitectura en Alumini, Inox, Ferro i Vidre\",\"breadcrumb\":{\"@id\":\"https:\/\/www.garciafaura.com\/fr\/garcia-faura-fabrica-i-installa-tancaments-i-facana-per-al-nou-hotel-sb-de-sant-feliu-de-llobregat\/#breadcrumb\"},\"inLanguage\":\"fr-FR\",\"potentialAction\":[{\"@type\":\"ReadAction\",\"target\":[\"https:\/\/www.garciafaura.com\/fr\/garcia-faura-fabrica-i-installa-tancaments-i-facana-per-al-nou-hotel-sb-de-sant-feliu-de-llobregat\/\"]}]},{\"@type\":\"ImageObject\",\"inLanguage\":\"fr-FR\",\"@id\":\"https:\/\/www.garciafaura.com\/fr\/garcia-faura-fabrica-i-installa-tancaments-i-facana-per-al-nou-hotel-sb-de-sant-feliu-de-llobregat\/#primaryimage\",\"url\":\"https:\/\/www.garciafaura.com\/wp-content\/uploads\/2023\/02\/SBHotelSantFeliu01.jpg\",\"contentUrl\":\"https:\/\/www.garciafaura.com\/wp-content\/uploads\/2023\/02\/SBHotelSantFeliu01.jpg\",\"width\":1200,\"height\":628,\"caption\":\"Garcia Faura\"},{\"@type\":\"BreadcrumbList\",\"@id\":\"https:\/\/www.garciafaura.com\/fr\/garcia-faura-fabrica-i-installa-tancaments-i-facana-per-al-nou-hotel-sb-de-sant-feliu-de-llobregat\/#breadcrumb\",\"itemListElement\":[{\"@type\":\"ListItem\",\"position\":1,\"name\":\"Inici\",\"item\":\"https:\/\/www.garciafaura.com\/fr\/\"},{\"@type\":\"ListItem\",\"position\":2,\"name\":\"GARCIA FAURA fabrique et installe les menuiseries et la fa\u00e7ade du nouvel h\u00f4tel SB \u00e0 Sant Feliu de Llobregat (Barcelone)\"}]},{\"@type\":\"WebSite\",\"@id\":\"https:\/\/www.garciafaura.com\/fr\/#website\",\"url\":\"https:\/\/www.garciafaura.com\/fr\/\",\"name\":\"GARCIA FAURA\",\"description\":\"Arquitectura en Alumini, Inox, Ferro i Vidre\",\"publisher\":{\"@id\":\"https:\/\/www.garciafaura.com\/fr\/#organization\"},\"potentialAction\":[{\"@type\":\"SearchAction\",\"target\":{\"@type\":\"EntryPoint\",\"urlTemplate\":\"https:\/\/www.garciafaura.com\/fr\/?s={search_term_string}\"},\"query-input\":{\"@type\":\"PropertyValueSpecification\",\"valueRequired\":true,\"valueName\":\"search_term_string\"}}],\"inLanguage\":\"fr-FR\"},{\"@type\":\"Organization\",\"@id\":\"https:\/\/www.garciafaura.com\/fr\/#organization\",\"name\":\"GARCIA FAURA\",\"url\":\"https:\/\/www.garciafaura.com\/fr\/\",\"logo\":{\"@type\":\"ImageObject\",\"inLanguage\":\"fr-FR\",\"@id\":\"https:\/\/www.garciafaura.com\/fr\/#\/schema\/logo\/image\/\",\"url\":\"https:\/\/www.garciafaura.com\/wp-content\/uploads\/2018\/09\/Garcia-Faura.png\",\"contentUrl\":\"https:\/\/www.garciafaura.com\/wp-content\/uploads\/2018\/09\/Garcia-Faura.png\",\"width\":512,\"height\":512,\"caption\":\"GARCIA FAURA\"},\"image\":{\"@id\":\"https:\/\/www.garciafaura.com\/fr\/#\/schema\/logo\/image\/\"},\"sameAs\":[\"https:\/\/www.youtube.com\/user\/GARCIAFAURA\"]},{\"@type\":\"Person\",\"@id\":\"https:\/\/www.garciafaura.com\/fr\/#\/schema\/person\/b4b75e69b33fac3446071909bec106b0\",\"name\":\"David Achell\",\"image\":{\"@type\":\"ImageObject\",\"inLanguage\":\"fr-FR\",\"@id\":\"https:\/\/www.garciafaura.com\/fr\/#\/schema\/person\/image\/\",\"url\":\"https:\/\/secure.gravatar.com\/avatar\/03900210afc1f61bce737bcb4a79c02e2c997f171e3eca839b5a4cbe03846c90?s=96&d=blank&r=g\",\"contentUrl\":\"https:\/\/secure.gravatar.com\/avatar\/03900210afc1f61bce737bcb4a79c02e2c997f171e3eca839b5a4cbe03846c90?s=96&d=blank&r=g\",\"caption\":\"David Achell\"}}]}<\/script>\n<!-- \/ Yoast SEO plugin. -->","yoast_head_json":{"title":"GARCIA FAURA fabrique et installe les menuiseries et la fa\u00e7ade du nouvel h\u00f4tel SB \u00e0 Sant Feliu de Llobregat (Barcelone) - GARCIA FAURA","description":"Arquitectura en Alumini, Inox, Ferro i Vidre","robots":{"index":"index","follow":"follow","max-snippet":"max-snippet:-1","max-image-preview":"max-image-preview:large","max-video-preview":"max-video-preview:-1"},"canonical":"https:\/\/www.garciafaura.com\/fr\/garcia-faura-fabrica-i-installa-tancaments-i-facana-per-al-nou-hotel-sb-de-sant-feliu-de-llobregat\/","og_locale":"fr_FR","og_type":"article","og_title":"GARCIA FAURA fabrique et installe les menuiseries et la fa\u00e7ade du nouvel h\u00f4tel SB \u00e0 Sant Feliu de Llobregat (Barcelone) - GARCIA FAURA","og_description":"Arquitectura en Alumini, Inox, Ferro i Vidre","og_url":"https:\/\/www.garciafaura.com\/fr\/garcia-faura-fabrica-i-installa-tancaments-i-facana-per-al-nou-hotel-sb-de-sant-feliu-de-llobregat\/","og_site_name":"GARCIA FAURA","article_published_time":"2023-02-17T10:05:31+00:00","article_modified_time":"2023-02-21T10:31:04+00:00","og_image":[{"width":1200,"height":628,"url":"https:\/\/www.garciafaura.com\/wp-content\/uploads\/2023\/02\/SBHotelSantFeliu01.jpg","type":"image\/jpeg"}],"author":"David Achell","twitter_card":"summary_large_image","twitter_misc":{"\u00c9crit par":"David Achell","Dur\u00e9e de lecture estim\u00e9e":"2 minutes"},"schema":{"@context":"https:\/\/schema.org","@graph":[{"@type":"Article","@id":"https:\/\/www.garciafaura.com\/fr\/garcia-faura-fabrica-i-installa-tancaments-i-facana-per-al-nou-hotel-sb-de-sant-feliu-de-llobregat\/#article","isPartOf":{"@id":"https:\/\/www.garciafaura.com\/fr\/garcia-faura-fabrica-i-installa-tancaments-i-facana-per-al-nou-hotel-sb-de-sant-feliu-de-llobregat\/"},"author":{"name":"David Achell","@id":"https:\/\/www.garciafaura.com\/fr\/#\/schema\/person\/b4b75e69b33fac3446071909bec106b0"},"headline":"GARCIA FAURA fabrique et installe les menuiseries et la fa\u00e7ade du nouvel h\u00f4tel SB \u00e0 Sant Feliu de Llobregat (Barcelone)","datePublished":"2023-02-17T10:05:31+00:00","dateModified":"2023-02-21T10:31:04+00:00","mainEntityOfPage":{"@id":"https:\/\/www.garciafaura.com\/fr\/garcia-faura-fabrica-i-installa-tancaments-i-facana-per-al-nou-hotel-sb-de-sant-feliu-de-llobregat\/"},"wordCount":337,"publisher":{"@id":"https:\/\/www.garciafaura.com\/fr\/#organization"},"image":{"@id":"https:\/\/www.garciafaura.com\/fr\/garcia-faura-fabrica-i-installa-tancaments-i-facana-per-al-nou-hotel-sb-de-sant-feliu-de-llobregat\/#primaryimage"},"thumbnailUrl":"https:\/\/www.garciafaura.com\/wp-content\/uploads\/2023\/02\/SBHotelSantFeliu01.jpg","articleSection":["Actualit\u00e9"],"inLanguage":"fr-FR"},{"@type":"WebPage","@id":"https:\/\/www.garciafaura.com\/fr\/garcia-faura-fabrica-i-installa-tancaments-i-facana-per-al-nou-hotel-sb-de-sant-feliu-de-llobregat\/","url":"https:\/\/www.garciafaura.com\/fr\/garcia-faura-fabrica-i-installa-tancaments-i-facana-per-al-nou-hotel-sb-de-sant-feliu-de-llobregat\/","name":"GARCIA FAURA fabrique et installe les menuiseries et la fa\u00e7ade du nouvel h\u00f4tel SB \u00e0 Sant Feliu de Llobregat (Barcelone) - GARCIA FAURA","isPartOf":{"@id":"https:\/\/www.garciafaura.com\/fr\/#website"},"primaryImageOfPage":{"@id":"https:\/\/www.garciafaura.com\/fr\/garcia-faura-fabrica-i-installa-tancaments-i-facana-per-al-nou-hotel-sb-de-sant-feliu-de-llobregat\/#primaryimage"},"image":{"@id":"https:\/\/www.garciafaura.com\/fr\/garcia-faura-fabrica-i-installa-tancaments-i-facana-per-al-nou-hotel-sb-de-sant-feliu-de-llobregat\/#primaryimage"},"thumbnailUrl":"https:\/\/www.garciafaura.com\/wp-content\/uploads\/2023\/02\/SBHotelSantFeliu01.jpg","datePublished":"2023-02-17T10:05:31+00:00","dateModified":"2023-02-21T10:31:04+00:00","description":"Arquitectura en Alumini, Inox, Ferro i Vidre","breadcrumb":{"@id":"https:\/\/www.garciafaura.com\/fr\/garcia-faura-fabrica-i-installa-tancaments-i-facana-per-al-nou-hotel-sb-de-sant-feliu-de-llobregat\/#breadcrumb"},"inLanguage":"fr-FR","potentialAction":[{"@type":"ReadAction","target":["https:\/\/www.garciafaura.com\/fr\/garcia-faura-fabrica-i-installa-tancaments-i-facana-per-al-nou-hotel-sb-de-sant-feliu-de-llobregat\/"]}]},{"@type":"ImageObject","inLanguage":"fr-FR","@id":"https:\/\/www.garciafaura.com\/fr\/garcia-faura-fabrica-i-installa-tancaments-i-facana-per-al-nou-hotel-sb-de-sant-feliu-de-llobregat\/#primaryimage","url":"https:\/\/www.garciafaura.com\/wp-content\/uploads\/2023\/02\/SBHotelSantFeliu01.jpg","contentUrl":"https:\/\/www.garciafaura.com\/wp-content\/uploads\/2023\/02\/SBHotelSantFeliu01.jpg","width":1200,"height":628,"caption":"Garcia Faura"},{"@type":"BreadcrumbList","@id":"https:\/\/www.garciafaura.com\/fr\/garcia-faura-fabrica-i-installa-tancaments-i-facana-per-al-nou-hotel-sb-de-sant-feliu-de-llobregat\/#breadcrumb","itemListElement":[{"@type":"ListItem","position":1,"name":"Inici","item":"https:\/\/www.garciafaura.com\/fr\/"},{"@type":"ListItem","position":2,"name":"GARCIA FAURA fabrique et installe les menuiseries et la fa\u00e7ade du nouvel h\u00f4tel SB \u00e0 Sant Feliu de Llobregat (Barcelone)"}]},{"@type":"WebSite","@id":"https:\/\/www.garciafaura.com\/fr\/#website","url":"https:\/\/www.garciafaura.com\/fr\/","name":"GARCIA FAURA","description":"Arquitectura en Alumini, Inox, Ferro i Vidre","publisher":{"@id":"https:\/\/www.garciafaura.com\/fr\/#organization"},"potentialAction":[{"@type":"SearchAction","target":{"@type":"EntryPoint","urlTemplate":"https:\/\/www.garciafaura.com\/fr\/?s={search_term_string}"},"query-input":{"@type":"PropertyValueSpecification","valueRequired":true,"valueName":"search_term_string"}}],"inLanguage":"fr-FR"},{"@type":"Organization","@id":"https:\/\/www.garciafaura.com\/fr\/#organization","name":"GARCIA FAURA","url":"https:\/\/www.garciafaura.com\/fr\/","logo":{"@type":"ImageObject","inLanguage":"fr-FR","@id":"https:\/\/www.garciafaura.com\/fr\/#\/schema\/logo\/image\/","url":"https:\/\/www.garciafaura.com\/wp-content\/uploads\/2018\/09\/Garcia-Faura.png","contentUrl":"https:\/\/www.garciafaura.com\/wp-content\/uploads\/2018\/09\/Garcia-Faura.png","width":512,"height":512,"caption":"GARCIA FAURA"},"image":{"@id":"https:\/\/www.garciafaura.com\/fr\/#\/schema\/logo\/image\/"},"sameAs":["https:\/\/www.youtube.com\/user\/GARCIAFAURA"]},{"@type":"Person","@id":"https:\/\/www.garciafaura.com\/fr\/#\/schema\/person\/b4b75e69b33fac3446071909bec106b0","name":"David Achell","image":{"@type":"ImageObject","inLanguage":"fr-FR","@id":"https:\/\/www.garciafaura.com\/fr\/#\/schema\/person\/image\/","url":"https:\/\/secure.gravatar.com\/avatar\/03900210afc1f61bce737bcb4a79c02e2c997f171e3eca839b5a4cbe03846c90?s=96&d=blank&r=g","contentUrl":"https:\/\/secure.gravatar.com\/avatar\/03900210afc1f61bce737bcb4a79c02e2c997f171e3eca839b5a4cbe03846c90?s=96&d=blank&r=g","caption":"David Achell"}}]}},"_links":{"self":[{"href":"https:\/\/www.garciafaura.com\/fr\/wp-json\/wp\/v2\/posts\/31453","targetHints":{"allow":["GET"]}}],"collection":[{"href":"https:\/\/www.garciafaura.com\/fr\/wp-json\/wp\/v2\/posts"}],"about":[{"href":"https:\/\/www.garciafaura.com\/fr\/wp-json\/wp\/v2\/types\/post"}],"author":[{"embeddable":true,"href":"https:\/\/www.garciafaura.com\/fr\/wp-json\/wp\/v2\/users\/3"}],"replies":[{"embeddable":true,"href":"https:\/\/www.garciafaura.com\/fr\/wp-json\/wp\/v2\/comments?post=31453"}],"version-history":[{"count":2,"href":"https:\/\/www.garciafaura.com\/fr\/wp-json\/wp\/v2\/posts\/31453\/revisions"}],"predecessor-version":[{"id":31455,"href":"https:\/\/www.garciafaura.com\/fr\/wp-json\/wp\/v2\/posts\/31453\/revisions\/31455"}],"wp:featuredmedia":[{"embeddable":true,"href":"https:\/\/www.garciafaura.com\/fr\/wp-json\/wp\/v2\/media\/31238"}],"wp:attachment":[{"href":"https:\/\/www.garciafaura.com\/fr\/wp-json\/wp\/v2\/media?parent=31453"}],"wp:term":[{"taxonomy":"category","embeddable":true,"href":"https:\/\/www.garciafaura.com\/fr\/wp-json\/wp\/v2\/categories?post=31453"},{"taxonomy":"post_tag","embeddable":true,"href":"https:\/\/www.garciafaura.com\/fr\/wp-json\/wp\/v2\/tags?post=31453"},{"taxonomy":"post_series","embeddable":true,"href":"https:\/\/www.garciafaura.com\/fr\/wp-json\/wp\/v2\/post_series?post=31453"}],"curies":[{"name":"wp","href":"https:\/\/api.w.org\/{rel}","templated":true}]}}