{"id":31189,"date":"2023-01-27T09:00:07","date_gmt":"2023-01-27T07:00:07","guid":{"rendered":"https:\/\/www.garciafaura.com\/?p=31189"},"modified":"2023-01-30T11:04:01","modified_gmt":"2023-01-30T09:04:01","slug":"garcia-faura-participara-en-la-renovacio-de-les-facanes-de-lhotel-calderon-de-barcelona","status":"publish","type":"post","link":"https:\/\/www.garciafaura.com\/fr\/garcia-faura-participara-en-la-renovacio-de-les-facanes-de-lhotel-calderon-de-barcelona\/","title":{"rendered":"GARCIA FAURA participera \u00e0 la r\u00e9novation des fa\u00e7ades de l&rsquo;H\u00f4tel Calder\u00f3n \u00e0 Barcelone"},"content":{"rendered":"<h3 style=\"text-align: justify;\"><strong>GARCIA FAURA participera au remodelage de la fa\u00e7ade de l&rsquo;H\u00f4tel Calder\u00f3n, \u00e0 Barcelone. Concr\u00e8tement, l&rsquo;entreprise interviendra avec la fabrication et l&rsquo;installation d&rsquo;un mur-rideau d\u00e9velopp\u00e9 sp\u00e9cialement pour le projet.<\/strong><\/h3>\n<p style=\"text-align: justify;\">Situ\u00e9 au num\u00e9ro 26 de la Rambla de Catalunya dans la capitale catalane, l&rsquo;<strong>h\u00f4tel Calder\u00f3n<\/strong> est un b\u00e2timent au volume complexe construit en 1973. Au cours de ces cinquante ann\u00e9es, le b\u00e2timent s&rsquo;est adapt\u00e9 aux normes de qualit\u00e9, mais c&rsquo;est maintenant qu&rsquo;il fait face la grande r\u00e9forme des fa\u00e7ades ext\u00e9rieures.<\/p>\n<p style=\"text-align: justify;\">Dans la r\u00e9habilitation des <strong>fa\u00e7ades<\/strong>, con\u00e7ue par le cabinet <strong>Ferr\u00e9s Arquitectos<\/strong>, l&rsquo;objectif est d&rsquo;am\u00e9liorer les performances thermiques et acoustiques de l&rsquo;h\u00f4tel, la protection contre les incendies et le confort des h\u00f4tes. Et tout cela, en intervenant de l&rsquo;ext\u00e9rieur. Autrement dit, maintenir au maximum l&rsquo;activit\u00e9 de l&rsquo;\u00e9tablissement.<\/p>\n<p style=\"text-align: justify;\">Cet objectif sera atteint avec le syst\u00e8me dit de sur-bardage, qui permet de d\u00e9velopper le travail ext\u00e9rieur avec l&rsquo;activit\u00e9 habituelle \u00e0 l&rsquo;int\u00e9rieur de l&rsquo;h\u00f4tel tout en r\u00e9duisant au maximum le volume ajout\u00e9 \u00e0 la <strong>fa\u00e7ade<\/strong> et en minimisant l&rsquo;impact ext\u00e9rieur.<\/p>\n<p style=\"text-align: justify;\">Pour ce projet, <strong>GARCIA FAURA<\/strong> d\u00e9veloppera, fabriquera et installera un <strong>mur-rideau<\/strong> d&rsquo;environ 2.075 m\u00e8tres carr\u00e9s, avec environ 500 m\u00e8tres carr\u00e9s de <strong>menuiseries<\/strong> avec ouvrant \u00e0 la fran\u00e7aise incorpor\u00e9e. Il s&rsquo;agit d&rsquo;un syst\u00e8me de <strong>mur-rideau<\/strong> avec capot, d\u00e9velopp\u00e9 express\u00e9ment pour le projet, sur la base de la conception initiale de l&rsquo;architecte.<\/p>\n<p style=\"text-align: justify;\">L&rsquo;entreprise ex\u00e9cutera \u00e9galement un <strong>mur-rideau<\/strong> aux \u00e9tages inf\u00e9rieurs, sous la forme d&rsquo;un socle, d&rsquo;environ 510 m\u00e8tres carr\u00e9s, avec l&rsquo;incorporation de <strong>menuiseries<\/strong> d\u2019ouverture \u00e0 la fran\u00e7aise et oscillo-parall\u00e8les. Et une intervention sur la <strong>fa\u00e7ade<\/strong> arri\u00e8re afin d&rsquo;adapter l&rsquo;esth\u00e9tique ext\u00e9rieure de la <strong>menuiserie<\/strong> existante aux besoins actuels de l&rsquo;h\u00f4tel.<\/p>\n<p>Le projet de r\u00e9novation est r\u00e9alis\u00e9 conjointement avec l&rsquo;entreprise de construction <strong>Villa Reyes<\/strong>, signe de la volont\u00e9 des deux entreprises de travailler en collaboration lorsqu&rsquo;il s&rsquo;agit d&rsquo;aborder des travaux sp\u00e9cialis\u00e9s dans le domaine de la r\u00e9habilitation \u00e0 valeur ajout\u00e9e.<\/p>\n","protected":false},"excerpt":{"rendered":"<p>GARCIA FAURA participera au remodelage de la fa\u00e7ade de l&rsquo;H\u00f4tel Calder\u00f3n, \u00e0 Barcelone. Concr\u00e8tement, l&rsquo;entreprise interviendra avec la fabrication et l&rsquo;installation d&rsquo;un mur-rideau d\u00e9velopp\u00e9 sp\u00e9cialement pour le projet. Situ\u00e9 au num\u00e9ro 26 de la Rambla de Catalunya dans la capitale&hellip;<\/p>\n","protected":false},"author":3,"featured_media":31186,"comment_status":"closed","ping_status":"open","sticky":false,"template":"","format":"standard","meta":{"footnotes":""},"categories":[2],"tags":[],"post_series":[],"class_list":["post-31189","post","type-post","status-publish","format-standard","has-post-thumbnail","hentry","category-actualite","entry","has-media"],"yoast_head":"<!-- This site is optimized with the Yoast SEO plugin v26.7 - https:\/\/yoast.com\/wordpress\/plugins\/seo\/ -->\n<title>GARCIA FAURA participera \u00e0 la r\u00e9novation des fa\u00e7ades de l&#039;H\u00f4tel Calder\u00f3n \u00e0 Barcelone - GARCIA FAURA<\/title>\n<meta name=\"description\" content=\"Arquitectura en Alumini, Inox, Ferro i Vidre\" \/>\n<meta name=\"robots\" content=\"index, follow, max-snippet:-1, max-image-preview:large, max-video-preview:-1\" \/>\n<link rel=\"canonical\" href=\"https:\/\/www.garciafaura.com\/fr\/garcia-faura-participara-en-la-renovacio-de-les-facanes-de-lhotel-calderon-de-barcelona\/\" \/>\n<meta property=\"og:locale\" content=\"fr_FR\" \/>\n<meta property=\"og:type\" content=\"article\" \/>\n<meta property=\"og:title\" content=\"GARCIA FAURA participera \u00e0 la r\u00e9novation des fa\u00e7ades de l&#039;H\u00f4tel Calder\u00f3n \u00e0 Barcelone - GARCIA FAURA\" \/>\n<meta property=\"og:description\" content=\"Arquitectura en Alumini, Inox, Ferro i Vidre\" \/>\n<meta property=\"og:url\" content=\"https:\/\/www.garciafaura.com\/fr\/garcia-faura-participara-en-la-renovacio-de-les-facanes-de-lhotel-calderon-de-barcelona\/\" \/>\n<meta property=\"og:site_name\" content=\"GARCIA FAURA\" \/>\n<meta property=\"article:published_time\" content=\"2023-01-27T07:00:07+00:00\" \/>\n<meta property=\"article:modified_time\" content=\"2023-01-30T09:04:01+00:00\" \/>\n<meta property=\"og:image\" content=\"https:\/\/www.garciafaura.com\/wp-content\/uploads\/2023\/01\/Hotel-Caldero\u0301n.png\" \/>\n\t<meta property=\"og:image:width\" content=\"928\" \/>\n\t<meta property=\"og:image:height\" content=\"954\" \/>\n\t<meta property=\"og:image:type\" content=\"image\/png\" \/>\n<meta name=\"author\" content=\"David Achell\" \/>\n<meta name=\"twitter:card\" content=\"summary_large_image\" \/>\n<meta name=\"twitter:label1\" content=\"\u00c9crit par\" \/>\n\t<meta name=\"twitter:data1\" content=\"David Achell\" \/>\n\t<meta name=\"twitter:label2\" content=\"Dur\u00e9e de lecture estim\u00e9e\" \/>\n\t<meta name=\"twitter:data2\" content=\"2 minutes\" \/>\n<script type=\"application\/ld+json\" class=\"yoast-schema-graph\">{\"@context\":\"https:\/\/schema.org\",\"@graph\":[{\"@type\":\"Article\",\"@id\":\"https:\/\/www.garciafaura.com\/fr\/garcia-faura-participara-en-la-renovacio-de-les-facanes-de-lhotel-calderon-de-barcelona\/#article\",\"isPartOf\":{\"@id\":\"https:\/\/www.garciafaura.com\/fr\/garcia-faura-participara-en-la-renovacio-de-les-facanes-de-lhotel-calderon-de-barcelona\/\"},\"author\":{\"name\":\"David Achell\",\"@id\":\"https:\/\/www.garciafaura.com\/fr\/#\/schema\/person\/b4b75e69b33fac3446071909bec106b0\"},\"headline\":\"GARCIA FAURA participera \u00e0 la r\u00e9novation des fa\u00e7ades de l&rsquo;H\u00f4tel Calder\u00f3n \u00e0 Barcelone\",\"datePublished\":\"2023-01-27T07:00:07+00:00\",\"dateModified\":\"2023-01-30T09:04:01+00:00\",\"mainEntityOfPage\":{\"@id\":\"https:\/\/www.garciafaura.com\/fr\/garcia-faura-participara-en-la-renovacio-de-les-facanes-de-lhotel-calderon-de-barcelona\/\"},\"wordCount\":397,\"publisher\":{\"@id\":\"https:\/\/www.garciafaura.com\/fr\/#organization\"},\"image\":{\"@id\":\"https:\/\/www.garciafaura.com\/fr\/garcia-faura-participara-en-la-renovacio-de-les-facanes-de-lhotel-calderon-de-barcelona\/#primaryimage\"},\"thumbnailUrl\":\"https:\/\/www.garciafaura.com\/wp-content\/uploads\/2023\/01\/Hotel-Caldero\u0301n.png\",\"articleSection\":[\"Actualit\u00e9\"],\"inLanguage\":\"fr-FR\"},{\"@type\":\"WebPage\",\"@id\":\"https:\/\/www.garciafaura.com\/fr\/garcia-faura-participara-en-la-renovacio-de-les-facanes-de-lhotel-calderon-de-barcelona\/\",\"url\":\"https:\/\/www.garciafaura.com\/fr\/garcia-faura-participara-en-la-renovacio-de-les-facanes-de-lhotel-calderon-de-barcelona\/\",\"name\":\"GARCIA FAURA participera \u00e0 la r\u00e9novation des fa\u00e7ades de l'H\u00f4tel Calder\u00f3n \u00e0 Barcelone - GARCIA FAURA\",\"isPartOf\":{\"@id\":\"https:\/\/www.garciafaura.com\/fr\/#website\"},\"primaryImageOfPage\":{\"@id\":\"https:\/\/www.garciafaura.com\/fr\/garcia-faura-participara-en-la-renovacio-de-les-facanes-de-lhotel-calderon-de-barcelona\/#primaryimage\"},\"image\":{\"@id\":\"https:\/\/www.garciafaura.com\/fr\/garcia-faura-participara-en-la-renovacio-de-les-facanes-de-lhotel-calderon-de-barcelona\/#primaryimage\"},\"thumbnailUrl\":\"https:\/\/www.garciafaura.com\/wp-content\/uploads\/2023\/01\/Hotel-Caldero\u0301n.png\",\"datePublished\":\"2023-01-27T07:00:07+00:00\",\"dateModified\":\"2023-01-30T09:04:01+00:00\",\"description\":\"Arquitectura en Alumini, Inox, Ferro i Vidre\",\"breadcrumb\":{\"@id\":\"https:\/\/www.garciafaura.com\/fr\/garcia-faura-participara-en-la-renovacio-de-les-facanes-de-lhotel-calderon-de-barcelona\/#breadcrumb\"},\"inLanguage\":\"fr-FR\",\"potentialAction\":[{\"@type\":\"ReadAction\",\"target\":[\"https:\/\/www.garciafaura.com\/fr\/garcia-faura-participara-en-la-renovacio-de-les-facanes-de-lhotel-calderon-de-barcelona\/\"]}]},{\"@type\":\"ImageObject\",\"inLanguage\":\"fr-FR\",\"@id\":\"https:\/\/www.garciafaura.com\/fr\/garcia-faura-participara-en-la-renovacio-de-les-facanes-de-lhotel-calderon-de-barcelona\/#primaryimage\",\"url\":\"https:\/\/www.garciafaura.com\/wp-content\/uploads\/2023\/01\/Hotel-Caldero\u0301n.png\",\"contentUrl\":\"https:\/\/www.garciafaura.com\/wp-content\/uploads\/2023\/01\/Hotel-Caldero\u0301n.png\",\"width\":928,\"height\":954},{\"@type\":\"BreadcrumbList\",\"@id\":\"https:\/\/www.garciafaura.com\/fr\/garcia-faura-participara-en-la-renovacio-de-les-facanes-de-lhotel-calderon-de-barcelona\/#breadcrumb\",\"itemListElement\":[{\"@type\":\"ListItem\",\"position\":1,\"name\":\"Inici\",\"item\":\"https:\/\/www.garciafaura.com\/fr\/\"},{\"@type\":\"ListItem\",\"position\":2,\"name\":\"GARCIA FAURA participera \u00e0 la r\u00e9novation des fa\u00e7ades de l&#8217;H\u00f4tel Calder\u00f3n \u00e0 Barcelone\"}]},{\"@type\":\"WebSite\",\"@id\":\"https:\/\/www.garciafaura.com\/fr\/#website\",\"url\":\"https:\/\/www.garciafaura.com\/fr\/\",\"name\":\"GARCIA FAURA\",\"description\":\"Arquitectura en Alumini, Inox, Ferro i Vidre\",\"publisher\":{\"@id\":\"https:\/\/www.garciafaura.com\/fr\/#organization\"},\"potentialAction\":[{\"@type\":\"SearchAction\",\"target\":{\"@type\":\"EntryPoint\",\"urlTemplate\":\"https:\/\/www.garciafaura.com\/fr\/?s={search_term_string}\"},\"query-input\":{\"@type\":\"PropertyValueSpecification\",\"valueRequired\":true,\"valueName\":\"search_term_string\"}}],\"inLanguage\":\"fr-FR\"},{\"@type\":\"Organization\",\"@id\":\"https:\/\/www.garciafaura.com\/fr\/#organization\",\"name\":\"GARCIA FAURA\",\"url\":\"https:\/\/www.garciafaura.com\/fr\/\",\"logo\":{\"@type\":\"ImageObject\",\"inLanguage\":\"fr-FR\",\"@id\":\"https:\/\/www.garciafaura.com\/fr\/#\/schema\/logo\/image\/\",\"url\":\"https:\/\/www.garciafaura.com\/wp-content\/uploads\/2018\/09\/Garcia-Faura.png\",\"contentUrl\":\"https:\/\/www.garciafaura.com\/wp-content\/uploads\/2018\/09\/Garcia-Faura.png\",\"width\":512,\"height\":512,\"caption\":\"GARCIA FAURA\"},\"image\":{\"@id\":\"https:\/\/www.garciafaura.com\/fr\/#\/schema\/logo\/image\/\"},\"sameAs\":[\"https:\/\/www.youtube.com\/user\/GARCIAFAURA\"]},{\"@type\":\"Person\",\"@id\":\"https:\/\/www.garciafaura.com\/fr\/#\/schema\/person\/b4b75e69b33fac3446071909bec106b0\",\"name\":\"David Achell\",\"image\":{\"@type\":\"ImageObject\",\"inLanguage\":\"fr-FR\",\"@id\":\"https:\/\/www.garciafaura.com\/fr\/#\/schema\/person\/image\/\",\"url\":\"https:\/\/secure.gravatar.com\/avatar\/03900210afc1f61bce737bcb4a79c02e2c997f171e3eca839b5a4cbe03846c90?s=96&d=blank&r=g\",\"contentUrl\":\"https:\/\/secure.gravatar.com\/avatar\/03900210afc1f61bce737bcb4a79c02e2c997f171e3eca839b5a4cbe03846c90?s=96&d=blank&r=g\",\"caption\":\"David Achell\"}}]}<\/script>\n<!-- \/ Yoast SEO plugin. -->","yoast_head_json":{"title":"GARCIA FAURA participera \u00e0 la r\u00e9novation des fa\u00e7ades de l'H\u00f4tel Calder\u00f3n \u00e0 Barcelone - GARCIA FAURA","description":"Arquitectura en Alumini, Inox, Ferro i Vidre","robots":{"index":"index","follow":"follow","max-snippet":"max-snippet:-1","max-image-preview":"max-image-preview:large","max-video-preview":"max-video-preview:-1"},"canonical":"https:\/\/www.garciafaura.com\/fr\/garcia-faura-participara-en-la-renovacio-de-les-facanes-de-lhotel-calderon-de-barcelona\/","og_locale":"fr_FR","og_type":"article","og_title":"GARCIA FAURA participera \u00e0 la r\u00e9novation des fa\u00e7ades de l'H\u00f4tel Calder\u00f3n \u00e0 Barcelone - GARCIA FAURA","og_description":"Arquitectura en Alumini, Inox, Ferro i Vidre","og_url":"https:\/\/www.garciafaura.com\/fr\/garcia-faura-participara-en-la-renovacio-de-les-facanes-de-lhotel-calderon-de-barcelona\/","og_site_name":"GARCIA FAURA","article_published_time":"2023-01-27T07:00:07+00:00","article_modified_time":"2023-01-30T09:04:01+00:00","og_image":[{"width":928,"height":954,"url":"https:\/\/www.garciafaura.com\/wp-content\/uploads\/2023\/01\/Hotel-Caldero\u0301n.png","type":"image\/png"}],"author":"David Achell","twitter_card":"summary_large_image","twitter_misc":{"\u00c9crit par":"David Achell","Dur\u00e9e de lecture estim\u00e9e":"2 minutes"},"schema":{"@context":"https:\/\/schema.org","@graph":[{"@type":"Article","@id":"https:\/\/www.garciafaura.com\/fr\/garcia-faura-participara-en-la-renovacio-de-les-facanes-de-lhotel-calderon-de-barcelona\/#article","isPartOf":{"@id":"https:\/\/www.garciafaura.com\/fr\/garcia-faura-participara-en-la-renovacio-de-les-facanes-de-lhotel-calderon-de-barcelona\/"},"author":{"name":"David Achell","@id":"https:\/\/www.garciafaura.com\/fr\/#\/schema\/person\/b4b75e69b33fac3446071909bec106b0"},"headline":"GARCIA FAURA participera \u00e0 la r\u00e9novation des fa\u00e7ades de l&rsquo;H\u00f4tel Calder\u00f3n \u00e0 Barcelone","datePublished":"2023-01-27T07:00:07+00:00","dateModified":"2023-01-30T09:04:01+00:00","mainEntityOfPage":{"@id":"https:\/\/www.garciafaura.com\/fr\/garcia-faura-participara-en-la-renovacio-de-les-facanes-de-lhotel-calderon-de-barcelona\/"},"wordCount":397,"publisher":{"@id":"https:\/\/www.garciafaura.com\/fr\/#organization"},"image":{"@id":"https:\/\/www.garciafaura.com\/fr\/garcia-faura-participara-en-la-renovacio-de-les-facanes-de-lhotel-calderon-de-barcelona\/#primaryimage"},"thumbnailUrl":"https:\/\/www.garciafaura.com\/wp-content\/uploads\/2023\/01\/Hotel-Caldero\u0301n.png","articleSection":["Actualit\u00e9"],"inLanguage":"fr-FR"},{"@type":"WebPage","@id":"https:\/\/www.garciafaura.com\/fr\/garcia-faura-participara-en-la-renovacio-de-les-facanes-de-lhotel-calderon-de-barcelona\/","url":"https:\/\/www.garciafaura.com\/fr\/garcia-faura-participara-en-la-renovacio-de-les-facanes-de-lhotel-calderon-de-barcelona\/","name":"GARCIA FAURA participera \u00e0 la r\u00e9novation des fa\u00e7ades de l'H\u00f4tel Calder\u00f3n \u00e0 Barcelone - GARCIA FAURA","isPartOf":{"@id":"https:\/\/www.garciafaura.com\/fr\/#website"},"primaryImageOfPage":{"@id":"https:\/\/www.garciafaura.com\/fr\/garcia-faura-participara-en-la-renovacio-de-les-facanes-de-lhotel-calderon-de-barcelona\/#primaryimage"},"image":{"@id":"https:\/\/www.garciafaura.com\/fr\/garcia-faura-participara-en-la-renovacio-de-les-facanes-de-lhotel-calderon-de-barcelona\/#primaryimage"},"thumbnailUrl":"https:\/\/www.garciafaura.com\/wp-content\/uploads\/2023\/01\/Hotel-Caldero\u0301n.png","datePublished":"2023-01-27T07:00:07+00:00","dateModified":"2023-01-30T09:04:01+00:00","description":"Arquitectura en Alumini, Inox, Ferro i Vidre","breadcrumb":{"@id":"https:\/\/www.garciafaura.com\/fr\/garcia-faura-participara-en-la-renovacio-de-les-facanes-de-lhotel-calderon-de-barcelona\/#breadcrumb"},"inLanguage":"fr-FR","potentialAction":[{"@type":"ReadAction","target":["https:\/\/www.garciafaura.com\/fr\/garcia-faura-participara-en-la-renovacio-de-les-facanes-de-lhotel-calderon-de-barcelona\/"]}]},{"@type":"ImageObject","inLanguage":"fr-FR","@id":"https:\/\/www.garciafaura.com\/fr\/garcia-faura-participara-en-la-renovacio-de-les-facanes-de-lhotel-calderon-de-barcelona\/#primaryimage","url":"https:\/\/www.garciafaura.com\/wp-content\/uploads\/2023\/01\/Hotel-Caldero\u0301n.png","contentUrl":"https:\/\/www.garciafaura.com\/wp-content\/uploads\/2023\/01\/Hotel-Caldero\u0301n.png","width":928,"height":954},{"@type":"BreadcrumbList","@id":"https:\/\/www.garciafaura.com\/fr\/garcia-faura-participara-en-la-renovacio-de-les-facanes-de-lhotel-calderon-de-barcelona\/#breadcrumb","itemListElement":[{"@type":"ListItem","position":1,"name":"Inici","item":"https:\/\/www.garciafaura.com\/fr\/"},{"@type":"ListItem","position":2,"name":"GARCIA FAURA participera \u00e0 la r\u00e9novation des fa\u00e7ades de l&#8217;H\u00f4tel Calder\u00f3n \u00e0 Barcelone"}]},{"@type":"WebSite","@id":"https:\/\/www.garciafaura.com\/fr\/#website","url":"https:\/\/www.garciafaura.com\/fr\/","name":"GARCIA FAURA","description":"Arquitectura en Alumini, Inox, Ferro i Vidre","publisher":{"@id":"https:\/\/www.garciafaura.com\/fr\/#organization"},"potentialAction":[{"@type":"SearchAction","target":{"@type":"EntryPoint","urlTemplate":"https:\/\/www.garciafaura.com\/fr\/?s={search_term_string}"},"query-input":{"@type":"PropertyValueSpecification","valueRequired":true,"valueName":"search_term_string"}}],"inLanguage":"fr-FR"},{"@type":"Organization","@id":"https:\/\/www.garciafaura.com\/fr\/#organization","name":"GARCIA FAURA","url":"https:\/\/www.garciafaura.com\/fr\/","logo":{"@type":"ImageObject","inLanguage":"fr-FR","@id":"https:\/\/www.garciafaura.com\/fr\/#\/schema\/logo\/image\/","url":"https:\/\/www.garciafaura.com\/wp-content\/uploads\/2018\/09\/Garcia-Faura.png","contentUrl":"https:\/\/www.garciafaura.com\/wp-content\/uploads\/2018\/09\/Garcia-Faura.png","width":512,"height":512,"caption":"GARCIA FAURA"},"image":{"@id":"https:\/\/www.garciafaura.com\/fr\/#\/schema\/logo\/image\/"},"sameAs":["https:\/\/www.youtube.com\/user\/GARCIAFAURA"]},{"@type":"Person","@id":"https:\/\/www.garciafaura.com\/fr\/#\/schema\/person\/b4b75e69b33fac3446071909bec106b0","name":"David Achell","image":{"@type":"ImageObject","inLanguage":"fr-FR","@id":"https:\/\/www.garciafaura.com\/fr\/#\/schema\/person\/image\/","url":"https:\/\/secure.gravatar.com\/avatar\/03900210afc1f61bce737bcb4a79c02e2c997f171e3eca839b5a4cbe03846c90?s=96&d=blank&r=g","contentUrl":"https:\/\/secure.gravatar.com\/avatar\/03900210afc1f61bce737bcb4a79c02e2c997f171e3eca839b5a4cbe03846c90?s=96&d=blank&r=g","caption":"David Achell"}}]}},"_links":{"self":[{"href":"https:\/\/www.garciafaura.com\/fr\/wp-json\/wp\/v2\/posts\/31189","targetHints":{"allow":["GET"]}}],"collection":[{"href":"https:\/\/www.garciafaura.com\/fr\/wp-json\/wp\/v2\/posts"}],"about":[{"href":"https:\/\/www.garciafaura.com\/fr\/wp-json\/wp\/v2\/types\/post"}],"author":[{"embeddable":true,"href":"https:\/\/www.garciafaura.com\/fr\/wp-json\/wp\/v2\/users\/3"}],"replies":[{"embeddable":true,"href":"https:\/\/www.garciafaura.com\/fr\/wp-json\/wp\/v2\/comments?post=31189"}],"version-history":[{"count":5,"href":"https:\/\/www.garciafaura.com\/fr\/wp-json\/wp\/v2\/posts\/31189\/revisions"}],"predecessor-version":[{"id":31205,"href":"https:\/\/www.garciafaura.com\/fr\/wp-json\/wp\/v2\/posts\/31189\/revisions\/31205"}],"wp:featuredmedia":[{"embeddable":true,"href":"https:\/\/www.garciafaura.com\/fr\/wp-json\/wp\/v2\/media\/31186"}],"wp:attachment":[{"href":"https:\/\/www.garciafaura.com\/fr\/wp-json\/wp\/v2\/media?parent=31189"}],"wp:term":[{"taxonomy":"category","embeddable":true,"href":"https:\/\/www.garciafaura.com\/fr\/wp-json\/wp\/v2\/categories?post=31189"},{"taxonomy":"post_tag","embeddable":true,"href":"https:\/\/www.garciafaura.com\/fr\/wp-json\/wp\/v2\/tags?post=31189"},{"taxonomy":"post_series","embeddable":true,"href":"https:\/\/www.garciafaura.com\/fr\/wp-json\/wp\/v2\/post_series?post=31189"}],"curies":[{"name":"wp","href":"https:\/\/api.w.org\/{rel}","templated":true}]}}