{"id":31170,"date":"2023-01-10T10:19:55","date_gmt":"2023-01-10T08:19:55","guid":{"rendered":"https:\/\/www.garciafaura.com\/garcia-faura-amplia-el-seu-parc-de-maquinaria-amb-nous-centres-de-tall-i-mecanitzat\/"},"modified":"2023-01-10T10:33:20","modified_gmt":"2023-01-10T08:33:20","slug":"garcia-faura-amplia-el-seu-parc-de-maquinaria-amb-nous-centres-de-tall-i-mecanitzat","status":"publish","type":"post","link":"https:\/\/www.garciafaura.com\/fr\/garcia-faura-amplia-el-seu-parc-de-maquinaria-amb-nous-centres-de-tall-i-mecanitzat\/","title":{"rendered":"GARCIA FAURA agrandit son parc de machines avec de nouveaux centres de coupe et d&rsquo;usinage"},"content":{"rendered":"<p style=\"text-align: justify;\"><strong>De cette mani\u00e8re, l&rsquo;entreprise fait face au volume de production attendu pour ce 2023, dans le cadre de son plan annuel d&rsquo;investissement et d&rsquo;automatisation de ses centres de production.<\/strong><\/p>\n<p style=\"text-align: justify;\"><strong>GARCIA FAURA<\/strong> ouvre l&rsquo;ann\u00e9e 2023 avec l&rsquo;ajout de nouvelles machines \u00e0 ses usines dans le cadre de son plan d&rsquo;investissement annuel. D&rsquo;une part, un nouveau centre de d\u00e9coupe et d&rsquo;usinage de profil\u00e9s en aluminium mod\u00e8le <strong>Emmegi Quadra L2<\/strong> a \u00e9t\u00e9 acquis. Il s&rsquo;agit d&rsquo;un centre de travail \u00e0 18 axes avec commande num\u00e9rique par ordinateur, qui effectue des fonctions de fraisage, de per\u00e7age et de coupe. La machine dispose d&rsquo;un entrep\u00f4t automatis\u00e9 et d&rsquo;un syst\u00e8me d&rsquo;alimentation pour les barres jusqu&rsquo;\u00e0 7,5 m\u00e8tres. Le corps central comporte un module de fraisage et deux modules de coupe. Sa disposition permet de travailler le contour de la pi\u00e8ce dans n&rsquo;importe quelle orientation. L&rsquo;unit\u00e9 d&rsquo;usinage int\u00e8gre un syst\u00e8me exclusif de base rotative.<\/p>\n<p style=\"text-align: justify;\">En parall\u00e8le, <strong>GARCIA FAURA<\/strong> a \u00e9galement acquis un nouveau centre d&rsquo;usinage pour panneaux, mod\u00e8le <strong>Biesse Rover Plast B FT<\/strong>. Une machine qui vous permettra d&rsquo;augmenter le volume de travail dans les panneaux composites et qui se distingue par sa grande pr\u00e9cision et sa flexibilit\u00e9. Il s&rsquo;agit d&rsquo;un centre d&rsquo;usinage \u00e0 commande num\u00e9rique qui s&rsquo;ajoute au vaste parc de machines de l&rsquo;entreprise pour la d\u00e9coupe et l&rsquo;usinage de profil\u00e9s et de panneaux.<\/p>\n<p style=\"text-align: justify;\">Avec ces investissements, l&rsquo;entreprise continue de miser sur ses centres de production et leur permet de faire face au volume de production attendu pour cette ann\u00e9e 2023, avec des projets en cours et des contrats sign\u00e9s \u00e0 Barcelone, Madrid, la France, le Luxembourg, la Colombie et les nouveaux march\u00e9s \u00e0 l\u2019Afrique, march\u00e9s sur lesquels l&rsquo;entreprise a d\u00e9j\u00e0 commenc\u00e9 \u00e0 travailler.<\/p>\n","protected":false},"excerpt":{"rendered":"<p>De cette mani\u00e8re, l&rsquo;entreprise fait face au volume de production attendu pour ce 2023, dans le cadre de son plan annuel d&rsquo;investissement et d&rsquo;automatisation de ses centres de production. GARCIA FAURA ouvre l&rsquo;ann\u00e9e 2023 avec l&rsquo;ajout de nouvelles machines \u00e0&hellip;<\/p>\n","protected":false},"author":3,"featured_media":31165,"comment_status":"closed","ping_status":"open","sticky":false,"template":"","format":"gallery","meta":{"footnotes":""},"categories":[2],"tags":[],"post_series":[],"class_list":["post-31170","post","type-post","status-publish","format-gallery","has-post-thumbnail","hentry","category-actualite","post_format-post-format-gallery","entry","has-media"],"yoast_head":"<!-- This site is optimized with the Yoast SEO plugin v26.7 - https:\/\/yoast.com\/wordpress\/plugins\/seo\/ -->\n<title>GARCIA FAURA agrandit son parc de machines avec de nouveaux centres de coupe et d&#039;usinage - GARCIA FAURA<\/title>\n<meta name=\"description\" content=\"Arquitectura en Alumini, Inox, Ferro i Vidre\" \/>\n<meta name=\"robots\" content=\"index, follow, max-snippet:-1, max-image-preview:large, max-video-preview:-1\" \/>\n<link rel=\"canonical\" href=\"https:\/\/www.garciafaura.com\/fr\/garcia-faura-amplia-el-seu-parc-de-maquinaria-amb-nous-centres-de-tall-i-mecanitzat\/\" \/>\n<meta property=\"og:locale\" content=\"fr_FR\" \/>\n<meta property=\"og:type\" content=\"article\" \/>\n<meta property=\"og:title\" content=\"GARCIA FAURA agrandit son parc de machines avec de nouveaux centres de coupe et d&#039;usinage - GARCIA FAURA\" \/>\n<meta property=\"og:description\" content=\"Arquitectura en Alumini, Inox, Ferro i Vidre\" \/>\n<meta property=\"og:url\" content=\"https:\/\/www.garciafaura.com\/fr\/garcia-faura-amplia-el-seu-parc-de-maquinaria-amb-nous-centres-de-tall-i-mecanitzat\/\" \/>\n<meta property=\"og:site_name\" content=\"GARCIA FAURA\" \/>\n<meta property=\"article:published_time\" content=\"2023-01-10T08:19:55+00:00\" \/>\n<meta property=\"article:modified_time\" content=\"2023-01-10T08:33:20+00:00\" \/>\n<meta property=\"og:image\" content=\"https:\/\/www.garciafaura.com\/wp-content\/uploads\/2023\/01\/20230102_125019-scaled.jpg\" \/>\n\t<meta property=\"og:image:width\" content=\"2560\" \/>\n\t<meta property=\"og:image:height\" content=\"1440\" \/>\n\t<meta property=\"og:image:type\" content=\"image\/jpeg\" \/>\n<meta name=\"author\" content=\"David Achell\" \/>\n<meta name=\"twitter:card\" content=\"summary_large_image\" \/>\n<meta name=\"twitter:label1\" content=\"\u00c9crit par\" \/>\n\t<meta name=\"twitter:data1\" content=\"David Achell\" \/>\n\t<meta name=\"twitter:label2\" content=\"Dur\u00e9e de lecture estim\u00e9e\" \/>\n\t<meta name=\"twitter:data2\" content=\"2 minutes\" \/>\n<script type=\"application\/ld+json\" class=\"yoast-schema-graph\">{\"@context\":\"https:\/\/schema.org\",\"@graph\":[{\"@type\":\"Article\",\"@id\":\"https:\/\/www.garciafaura.com\/fr\/garcia-faura-amplia-el-seu-parc-de-maquinaria-amb-nous-centres-de-tall-i-mecanitzat\/#article\",\"isPartOf\":{\"@id\":\"https:\/\/www.garciafaura.com\/fr\/garcia-faura-amplia-el-seu-parc-de-maquinaria-amb-nous-centres-de-tall-i-mecanitzat\/\"},\"author\":{\"name\":\"David Achell\",\"@id\":\"https:\/\/www.garciafaura.com\/fr\/#\/schema\/person\/b4b75e69b33fac3446071909bec106b0\"},\"headline\":\"GARCIA FAURA agrandit son parc de machines avec de nouveaux centres de coupe et d&rsquo;usinage\",\"datePublished\":\"2023-01-10T08:19:55+00:00\",\"dateModified\":\"2023-01-10T08:33:20+00:00\",\"mainEntityOfPage\":{\"@id\":\"https:\/\/www.garciafaura.com\/fr\/garcia-faura-amplia-el-seu-parc-de-maquinaria-amb-nous-centres-de-tall-i-mecanitzat\/\"},\"wordCount\":334,\"publisher\":{\"@id\":\"https:\/\/www.garciafaura.com\/fr\/#organization\"},\"image\":{\"@id\":\"https:\/\/www.garciafaura.com\/fr\/garcia-faura-amplia-el-seu-parc-de-maquinaria-amb-nous-centres-de-tall-i-mecanitzat\/#primaryimage\"},\"thumbnailUrl\":\"https:\/\/www.garciafaura.com\/wp-content\/uploads\/2023\/01\/20230102_125019-scaled.jpg\",\"articleSection\":[\"Actualit\u00e9\"],\"inLanguage\":\"fr-FR\"},{\"@type\":\"WebPage\",\"@id\":\"https:\/\/www.garciafaura.com\/fr\/garcia-faura-amplia-el-seu-parc-de-maquinaria-amb-nous-centres-de-tall-i-mecanitzat\/\",\"url\":\"https:\/\/www.garciafaura.com\/fr\/garcia-faura-amplia-el-seu-parc-de-maquinaria-amb-nous-centres-de-tall-i-mecanitzat\/\",\"name\":\"GARCIA FAURA agrandit son parc de machines avec de nouveaux centres de coupe et d'usinage - GARCIA FAURA\",\"isPartOf\":{\"@id\":\"https:\/\/www.garciafaura.com\/fr\/#website\"},\"primaryImageOfPage\":{\"@id\":\"https:\/\/www.garciafaura.com\/fr\/garcia-faura-amplia-el-seu-parc-de-maquinaria-amb-nous-centres-de-tall-i-mecanitzat\/#primaryimage\"},\"image\":{\"@id\":\"https:\/\/www.garciafaura.com\/fr\/garcia-faura-amplia-el-seu-parc-de-maquinaria-amb-nous-centres-de-tall-i-mecanitzat\/#primaryimage\"},\"thumbnailUrl\":\"https:\/\/www.garciafaura.com\/wp-content\/uploads\/2023\/01\/20230102_125019-scaled.jpg\",\"datePublished\":\"2023-01-10T08:19:55+00:00\",\"dateModified\":\"2023-01-10T08:33:20+00:00\",\"description\":\"Arquitectura en Alumini, Inox, Ferro i Vidre\",\"breadcrumb\":{\"@id\":\"https:\/\/www.garciafaura.com\/fr\/garcia-faura-amplia-el-seu-parc-de-maquinaria-amb-nous-centres-de-tall-i-mecanitzat\/#breadcrumb\"},\"inLanguage\":\"fr-FR\",\"potentialAction\":[{\"@type\":\"ReadAction\",\"target\":[\"https:\/\/www.garciafaura.com\/fr\/garcia-faura-amplia-el-seu-parc-de-maquinaria-amb-nous-centres-de-tall-i-mecanitzat\/\"]}]},{\"@type\":\"ImageObject\",\"inLanguage\":\"fr-FR\",\"@id\":\"https:\/\/www.garciafaura.com\/fr\/garcia-faura-amplia-el-seu-parc-de-maquinaria-amb-nous-centres-de-tall-i-mecanitzat\/#primaryimage\",\"url\":\"https:\/\/www.garciafaura.com\/wp-content\/uploads\/2023\/01\/20230102_125019-scaled.jpg\",\"contentUrl\":\"https:\/\/www.garciafaura.com\/wp-content\/uploads\/2023\/01\/20230102_125019-scaled.jpg\",\"width\":2560,\"height\":1440},{\"@type\":\"BreadcrumbList\",\"@id\":\"https:\/\/www.garciafaura.com\/fr\/garcia-faura-amplia-el-seu-parc-de-maquinaria-amb-nous-centres-de-tall-i-mecanitzat\/#breadcrumb\",\"itemListElement\":[{\"@type\":\"ListItem\",\"position\":1,\"name\":\"Inici\",\"item\":\"https:\/\/www.garciafaura.com\/fr\/\"},{\"@type\":\"ListItem\",\"position\":2,\"name\":\"GARCIA FAURA agrandit son parc de machines avec de nouveaux centres de coupe et d&#8217;usinage\"}]},{\"@type\":\"WebSite\",\"@id\":\"https:\/\/www.garciafaura.com\/fr\/#website\",\"url\":\"https:\/\/www.garciafaura.com\/fr\/\",\"name\":\"GARCIA FAURA\",\"description\":\"Arquitectura en Alumini, Inox, Ferro i Vidre\",\"publisher\":{\"@id\":\"https:\/\/www.garciafaura.com\/fr\/#organization\"},\"potentialAction\":[{\"@type\":\"SearchAction\",\"target\":{\"@type\":\"EntryPoint\",\"urlTemplate\":\"https:\/\/www.garciafaura.com\/fr\/?s={search_term_string}\"},\"query-input\":{\"@type\":\"PropertyValueSpecification\",\"valueRequired\":true,\"valueName\":\"search_term_string\"}}],\"inLanguage\":\"fr-FR\"},{\"@type\":\"Organization\",\"@id\":\"https:\/\/www.garciafaura.com\/fr\/#organization\",\"name\":\"GARCIA FAURA\",\"url\":\"https:\/\/www.garciafaura.com\/fr\/\",\"logo\":{\"@type\":\"ImageObject\",\"inLanguage\":\"fr-FR\",\"@id\":\"https:\/\/www.garciafaura.com\/fr\/#\/schema\/logo\/image\/\",\"url\":\"https:\/\/www.garciafaura.com\/wp-content\/uploads\/2018\/09\/Garcia-Faura.png\",\"contentUrl\":\"https:\/\/www.garciafaura.com\/wp-content\/uploads\/2018\/09\/Garcia-Faura.png\",\"width\":512,\"height\":512,\"caption\":\"GARCIA FAURA\"},\"image\":{\"@id\":\"https:\/\/www.garciafaura.com\/fr\/#\/schema\/logo\/image\/\"},\"sameAs\":[\"https:\/\/www.youtube.com\/user\/GARCIAFAURA\"]},{\"@type\":\"Person\",\"@id\":\"https:\/\/www.garciafaura.com\/fr\/#\/schema\/person\/b4b75e69b33fac3446071909bec106b0\",\"name\":\"David Achell\",\"image\":{\"@type\":\"ImageObject\",\"inLanguage\":\"fr-FR\",\"@id\":\"https:\/\/www.garciafaura.com\/fr\/#\/schema\/person\/image\/\",\"url\":\"https:\/\/secure.gravatar.com\/avatar\/03900210afc1f61bce737bcb4a79c02e2c997f171e3eca839b5a4cbe03846c90?s=96&d=blank&r=g\",\"contentUrl\":\"https:\/\/secure.gravatar.com\/avatar\/03900210afc1f61bce737bcb4a79c02e2c997f171e3eca839b5a4cbe03846c90?s=96&d=blank&r=g\",\"caption\":\"David Achell\"}}]}<\/script>\n<!-- \/ Yoast SEO plugin. -->","yoast_head_json":{"title":"GARCIA FAURA agrandit son parc de machines avec de nouveaux centres de coupe et d'usinage - GARCIA FAURA","description":"Arquitectura en Alumini, Inox, Ferro i Vidre","robots":{"index":"index","follow":"follow","max-snippet":"max-snippet:-1","max-image-preview":"max-image-preview:large","max-video-preview":"max-video-preview:-1"},"canonical":"https:\/\/www.garciafaura.com\/fr\/garcia-faura-amplia-el-seu-parc-de-maquinaria-amb-nous-centres-de-tall-i-mecanitzat\/","og_locale":"fr_FR","og_type":"article","og_title":"GARCIA FAURA agrandit son parc de machines avec de nouveaux centres de coupe et d'usinage - GARCIA FAURA","og_description":"Arquitectura en Alumini, Inox, Ferro i Vidre","og_url":"https:\/\/www.garciafaura.com\/fr\/garcia-faura-amplia-el-seu-parc-de-maquinaria-amb-nous-centres-de-tall-i-mecanitzat\/","og_site_name":"GARCIA FAURA","article_published_time":"2023-01-10T08:19:55+00:00","article_modified_time":"2023-01-10T08:33:20+00:00","og_image":[{"width":2560,"height":1440,"url":"https:\/\/www.garciafaura.com\/wp-content\/uploads\/2023\/01\/20230102_125019-scaled.jpg","type":"image\/jpeg"}],"author":"David Achell","twitter_card":"summary_large_image","twitter_misc":{"\u00c9crit par":"David Achell","Dur\u00e9e de lecture estim\u00e9e":"2 minutes"},"schema":{"@context":"https:\/\/schema.org","@graph":[{"@type":"Article","@id":"https:\/\/www.garciafaura.com\/fr\/garcia-faura-amplia-el-seu-parc-de-maquinaria-amb-nous-centres-de-tall-i-mecanitzat\/#article","isPartOf":{"@id":"https:\/\/www.garciafaura.com\/fr\/garcia-faura-amplia-el-seu-parc-de-maquinaria-amb-nous-centres-de-tall-i-mecanitzat\/"},"author":{"name":"David Achell","@id":"https:\/\/www.garciafaura.com\/fr\/#\/schema\/person\/b4b75e69b33fac3446071909bec106b0"},"headline":"GARCIA FAURA agrandit son parc de machines avec de nouveaux centres de coupe et d&rsquo;usinage","datePublished":"2023-01-10T08:19:55+00:00","dateModified":"2023-01-10T08:33:20+00:00","mainEntityOfPage":{"@id":"https:\/\/www.garciafaura.com\/fr\/garcia-faura-amplia-el-seu-parc-de-maquinaria-amb-nous-centres-de-tall-i-mecanitzat\/"},"wordCount":334,"publisher":{"@id":"https:\/\/www.garciafaura.com\/fr\/#organization"},"image":{"@id":"https:\/\/www.garciafaura.com\/fr\/garcia-faura-amplia-el-seu-parc-de-maquinaria-amb-nous-centres-de-tall-i-mecanitzat\/#primaryimage"},"thumbnailUrl":"https:\/\/www.garciafaura.com\/wp-content\/uploads\/2023\/01\/20230102_125019-scaled.jpg","articleSection":["Actualit\u00e9"],"inLanguage":"fr-FR"},{"@type":"WebPage","@id":"https:\/\/www.garciafaura.com\/fr\/garcia-faura-amplia-el-seu-parc-de-maquinaria-amb-nous-centres-de-tall-i-mecanitzat\/","url":"https:\/\/www.garciafaura.com\/fr\/garcia-faura-amplia-el-seu-parc-de-maquinaria-amb-nous-centres-de-tall-i-mecanitzat\/","name":"GARCIA FAURA agrandit son parc de machines avec de nouveaux centres de coupe et d'usinage - GARCIA FAURA","isPartOf":{"@id":"https:\/\/www.garciafaura.com\/fr\/#website"},"primaryImageOfPage":{"@id":"https:\/\/www.garciafaura.com\/fr\/garcia-faura-amplia-el-seu-parc-de-maquinaria-amb-nous-centres-de-tall-i-mecanitzat\/#primaryimage"},"image":{"@id":"https:\/\/www.garciafaura.com\/fr\/garcia-faura-amplia-el-seu-parc-de-maquinaria-amb-nous-centres-de-tall-i-mecanitzat\/#primaryimage"},"thumbnailUrl":"https:\/\/www.garciafaura.com\/wp-content\/uploads\/2023\/01\/20230102_125019-scaled.jpg","datePublished":"2023-01-10T08:19:55+00:00","dateModified":"2023-01-10T08:33:20+00:00","description":"Arquitectura en Alumini, Inox, Ferro i Vidre","breadcrumb":{"@id":"https:\/\/www.garciafaura.com\/fr\/garcia-faura-amplia-el-seu-parc-de-maquinaria-amb-nous-centres-de-tall-i-mecanitzat\/#breadcrumb"},"inLanguage":"fr-FR","potentialAction":[{"@type":"ReadAction","target":["https:\/\/www.garciafaura.com\/fr\/garcia-faura-amplia-el-seu-parc-de-maquinaria-amb-nous-centres-de-tall-i-mecanitzat\/"]}]},{"@type":"ImageObject","inLanguage":"fr-FR","@id":"https:\/\/www.garciafaura.com\/fr\/garcia-faura-amplia-el-seu-parc-de-maquinaria-amb-nous-centres-de-tall-i-mecanitzat\/#primaryimage","url":"https:\/\/www.garciafaura.com\/wp-content\/uploads\/2023\/01\/20230102_125019-scaled.jpg","contentUrl":"https:\/\/www.garciafaura.com\/wp-content\/uploads\/2023\/01\/20230102_125019-scaled.jpg","width":2560,"height":1440},{"@type":"BreadcrumbList","@id":"https:\/\/www.garciafaura.com\/fr\/garcia-faura-amplia-el-seu-parc-de-maquinaria-amb-nous-centres-de-tall-i-mecanitzat\/#breadcrumb","itemListElement":[{"@type":"ListItem","position":1,"name":"Inici","item":"https:\/\/www.garciafaura.com\/fr\/"},{"@type":"ListItem","position":2,"name":"GARCIA FAURA agrandit son parc de machines avec de nouveaux centres de coupe et d&#8217;usinage"}]},{"@type":"WebSite","@id":"https:\/\/www.garciafaura.com\/fr\/#website","url":"https:\/\/www.garciafaura.com\/fr\/","name":"GARCIA FAURA","description":"Arquitectura en Alumini, Inox, Ferro i Vidre","publisher":{"@id":"https:\/\/www.garciafaura.com\/fr\/#organization"},"potentialAction":[{"@type":"SearchAction","target":{"@type":"EntryPoint","urlTemplate":"https:\/\/www.garciafaura.com\/fr\/?s={search_term_string}"},"query-input":{"@type":"PropertyValueSpecification","valueRequired":true,"valueName":"search_term_string"}}],"inLanguage":"fr-FR"},{"@type":"Organization","@id":"https:\/\/www.garciafaura.com\/fr\/#organization","name":"GARCIA FAURA","url":"https:\/\/www.garciafaura.com\/fr\/","logo":{"@type":"ImageObject","inLanguage":"fr-FR","@id":"https:\/\/www.garciafaura.com\/fr\/#\/schema\/logo\/image\/","url":"https:\/\/www.garciafaura.com\/wp-content\/uploads\/2018\/09\/Garcia-Faura.png","contentUrl":"https:\/\/www.garciafaura.com\/wp-content\/uploads\/2018\/09\/Garcia-Faura.png","width":512,"height":512,"caption":"GARCIA FAURA"},"image":{"@id":"https:\/\/www.garciafaura.com\/fr\/#\/schema\/logo\/image\/"},"sameAs":["https:\/\/www.youtube.com\/user\/GARCIAFAURA"]},{"@type":"Person","@id":"https:\/\/www.garciafaura.com\/fr\/#\/schema\/person\/b4b75e69b33fac3446071909bec106b0","name":"David Achell","image":{"@type":"ImageObject","inLanguage":"fr-FR","@id":"https:\/\/www.garciafaura.com\/fr\/#\/schema\/person\/image\/","url":"https:\/\/secure.gravatar.com\/avatar\/03900210afc1f61bce737bcb4a79c02e2c997f171e3eca839b5a4cbe03846c90?s=96&d=blank&r=g","contentUrl":"https:\/\/secure.gravatar.com\/avatar\/03900210afc1f61bce737bcb4a79c02e2c997f171e3eca839b5a4cbe03846c90?s=96&d=blank&r=g","caption":"David Achell"}}]}},"_links":{"self":[{"href":"https:\/\/www.garciafaura.com\/fr\/wp-json\/wp\/v2\/posts\/31170","targetHints":{"allow":["GET"]}}],"collection":[{"href":"https:\/\/www.garciafaura.com\/fr\/wp-json\/wp\/v2\/posts"}],"about":[{"href":"https:\/\/www.garciafaura.com\/fr\/wp-json\/wp\/v2\/types\/post"}],"author":[{"embeddable":true,"href":"https:\/\/www.garciafaura.com\/fr\/wp-json\/wp\/v2\/users\/3"}],"replies":[{"embeddable":true,"href":"https:\/\/www.garciafaura.com\/fr\/wp-json\/wp\/v2\/comments?post=31170"}],"version-history":[{"count":2,"href":"https:\/\/www.garciafaura.com\/fr\/wp-json\/wp\/v2\/posts\/31170\/revisions"}],"predecessor-version":[{"id":31175,"href":"https:\/\/www.garciafaura.com\/fr\/wp-json\/wp\/v2\/posts\/31170\/revisions\/31175"}],"wp:featuredmedia":[{"embeddable":true,"href":"https:\/\/www.garciafaura.com\/fr\/wp-json\/wp\/v2\/media\/31165"}],"wp:attachment":[{"href":"https:\/\/www.garciafaura.com\/fr\/wp-json\/wp\/v2\/media?parent=31170"}],"wp:term":[{"taxonomy":"category","embeddable":true,"href":"https:\/\/www.garciafaura.com\/fr\/wp-json\/wp\/v2\/categories?post=31170"},{"taxonomy":"post_tag","embeddable":true,"href":"https:\/\/www.garciafaura.com\/fr\/wp-json\/wp\/v2\/tags?post=31170"},{"taxonomy":"post_series","embeddable":true,"href":"https:\/\/www.garciafaura.com\/fr\/wp-json\/wp\/v2\/post_series?post=31170"}],"curies":[{"name":"wp","href":"https:\/\/api.w.org\/{rel}","templated":true}]}}